{"id":10095,"date":"2022-02-25T14:45:03","date_gmt":"2022-02-25T14:45:03","guid":{"rendered":"https:\/\/velezylozano.com\/?p=10095"},"modified":"2022-02-25T14:45:57","modified_gmt":"2022-02-25T14:45:57","slug":"periodontitis-can-be-cured","status":"publish","type":"post","link":"https:\/\/velezylozano.com\/en\/periodontitis-can-be-cured\/","title":{"rendered":"Is there a cure for periodontitis?"},"content":{"rendered":"<p>As health care professionals, from time to time we have to give some unpleasant answers to our patients, and as a periodontitis dentist in the UK, we have to be able to offer some unpleasant answers to our patients. <a href=\"https:\/\/velezylozano.com\/en\/\">dental clinic V\u00e9lez y Lozano<\/a>I am more than used to hearing in the cabinet from the people affected by the <strong>periodontal disease<\/strong> seek and ask for a definitive solution to their problem, but unfortunately this is something that science is currently unable to offer. Like so many other diseases, this is a chronic condition that will be with sufferers for life. However, there is no reason for pessimism, as, like many chronic conditions, with control and monitoring, we can keep it 'at bay' and minimise its impact on our oral health.<\/p>\n<p>But before we get into all this, as they say, let's start at the beginning:<\/p>\n<h2>What is periodontitis?<\/h2>\n<p>In reality, although people tend to confuse the two, the <strong>periodontitis<\/strong> is the most advanced stage of periodontal disease, which tends to appear mostly due to poor oral hygiene, although many factors also play a role, including smoking, genetic inheritance and systemic diseases such as diabetes.<\/p>\n<p>The first stage of periodontal disease is the <strong>gingivitis<\/strong>which is characterised by inflammation and bleeding of the gums. It is caused by the accumulation of bacterial plaque which, if not eliminated correctly, will eventually turn into tartar or dental calculus. However, in this first initial phase of the disease, the patient is still in time to be 'cured', since, if properly treated in the dental office and kept at bay both by cleaning at home and attending regular check-ups, the gums will return to a healthy state and there will be no sequelae.<\/p>\n<p><img data-recalc-dims=\"1\" fetchpriority=\"high\" decoding=\"async\" class=\"alignnone size-medium wp-image-10098\" src=\"https:\/\/i0.wp.com\/velezylozano.com\/wp-content\/uploads\/2022\/02\/Diseosinttulo1.jpeg?resize=300%2C200&#038;ssl=1\" alt=\"\" width=\"300\" height=\"200\" srcset=\"https:\/\/i0.wp.com\/velezylozano.com\/wp-content\/uploads\/2022\/02\/Diseosinttulo1.jpeg?resize=300%2C200&amp;ssl=1 300w, https:\/\/i0.wp.com\/velezylozano.com\/wp-content\/uploads\/2022\/02\/Diseosinttulo1.jpeg?resize=768%2C512&amp;ssl=1 768w, https:\/\/i0.wp.com\/velezylozano.com\/wp-content\/uploads\/2022\/02\/Diseosinttulo1.jpeg?w=900&amp;ssl=1 900w\" sizes=\"(max-width: 300px) 100vw, 300px\" \/><\/p>\n<p>However, if the patient continues with bad habits, such as smoking and poor oral hygiene, or chooses not to attend regular check-ups, gingivitis will inevitably progress to periodontitis.<\/p>\n<p>Periodontitis is a mostly serious and irreversible condition. According to data from the<a href=\"https:\/\/www.who.int\/es\/news-room\/fact-sheets\/detail\/oral-health\"> World Health Organisation (WHO)<\/a> affects a <strong>10% of the world population<\/strong>The typical patient is an adult between the ages of <em>35 and 44 years old<\/em>. It is the main reason for tooth loss in adults because it causes the progressive destruction of the tissues that support the teeth (gums, periodontal ligament and bone), which ultimately causes them to fall out.<\/p>\n<h2>So... no cure?<\/h2>\n<p>No, unfortunately there is no cure for periodontitis as such, but that does not mean that a periodontal patient is hopelessly doomed to lose teeth at an early age. Not at all. Periodontal patients must have regular check-ups and maintenance to prevent the disease from reactivating, but they can keep it under control as long as they follow the guidelines given to them by the professional in the dentist's office.<\/p>\n<p>With regard to treatment in the dental clinic, the most basic phase consists of carrying out what is known as scaling. A <strong>scraping<\/strong> consists of cleaning and disinfecting the deepest parts of the gum, which requires the application of local anaesthesia, so that the patient does not feel any sensitivity or pain.<\/p>\n<p>A more advanced stage of periodontitis will require specific surgery in the area. These surgeries, despite what it may seem, are not very invasive despite operating directly on soft tissue and allow, through direct vision, repair and regeneration of the areas most affected by this pathology.<\/p>\n<p>For this reason, emphasis is placed on prevention and personal care of oral health through daily brushing and the use of auxiliary tools such as a toothbrush. <strong>dental floss<\/strong>. The best way to fight against future periodontitis is not to give rise to the gingivitis that generates it, and to do this we must be scrupulous with our daily cleaning and attend regular maintenance and check-ups.<\/p>\n<p>We therefore invite you to come to the clinic at the first sign of periodontal disease, because prevention is more effective than cure.<\/p>","protected":false},"excerpt":{"rendered":"<p>As health professionals, from time to time we have to offer some unpleasant answers to our patients, and as an expert dentist in periodontitis at the V\u00e9lez y Lozano dental clinic, I am more than used to hearing in the office those affected by periodontal disease looking for and asking for a definitive solution to their problem, but because of [...]<\/p>","protected":false},"author":12,"featured_media":10096,"comment_status":"open","ping_status":"open","sticky":false,"template":"","format":"standard","meta":{"_jetpack_memberships_contains_paid_content":false,"footnotes":""},"categories":[32],"tags":[59,60],"class_list":["post-10095","post","type-post","status-publish","format-standard","has-post-thumbnail","hentry","category-32","tag-periodoncia","tag-salud-gingival"],"yoast_head":"<!-- This site is optimized with the Yoast SEO plugin v27.4 - https:\/\/yoast.com\/product\/yoast-seo-wordpress\/ -->\n<title>\u00bfTiene cura la periodontitis? - V\u00e9lez &amp; Lozano<\/title>\n<meta name=\"description\" content=\"Hoy hablamos de lo uno de los temas que m\u00e1s afecta a los pacientes a lo largo y ancho del mundo: la enfermedad periodontal.\" \/>\n<meta name=\"robots\" content=\"index, follow, max-snippet:-1, max-image-preview:large, max-video-preview:-1\" \/>\n<link rel=\"canonical\" href=\"https:\/\/velezylozano.com\/en\/periodontitis-can-be-cured\/\" \/>\n<meta property=\"og:locale\" content=\"en_GB\" \/>\n<meta property=\"og:type\" content=\"article\" \/>\n<meta property=\"og:title\" content=\"\u00bfTiene cura la periodontitis? - V\u00e9lez &amp; Lozano\" \/>\n<meta property=\"og:description\" content=\"Hoy hablamos de lo uno de los temas que m\u00e1s afecta a los pacientes a lo largo y ancho del mundo: la enfermedad periodontal.\" \/>\n<meta property=\"og:url\" content=\"https:\/\/velezylozano.com\/en\/periodontitis-can-be-cured\/\" \/>\n<meta property=\"og:site_name\" content=\"V\u00e9lez &amp; Lozano\" \/>\n<meta property=\"article:published_time\" content=\"2022-02-25T14:45:03+00:00\" \/>\n<meta property=\"article:modified_time\" content=\"2022-02-25T14:45:57+00:00\" \/>\n<meta property=\"og:image\" content=\"https:\/\/i0.wp.com\/velezylozano.com\/wp-content\/uploads\/2022\/02\/CinfaSalud-periodontitis-600.jpeg?fit=600%2C400&ssl=1\" \/>\n\t<meta property=\"og:image:width\" content=\"600\" \/>\n\t<meta property=\"og:image:height\" content=\"400\" \/>\n\t<meta property=\"og:image:type\" content=\"image\/jpeg\" \/>\n<meta name=\"author\" content=\"Francisco S\u00e1nchez-Alcaraz Mart\u00ednez\" \/>\n<meta name=\"twitter:card\" content=\"summary_large_image\" \/>\n<meta name=\"twitter:label1\" content=\"Written by\" \/>\n\t<meta name=\"twitter:data1\" content=\"Francisco S\u00e1nchez-Alcaraz Mart\u00ednez\" \/>\n\t<meta name=\"twitter:label2\" content=\"Estimated reading time\" \/>\n\t<meta name=\"twitter:data2\" content=\"4 minutes\" \/>\n<script type=\"application\/ld+json\" class=\"yoast-schema-graph\">{\"@context\":\"https:\\\/\\\/schema.org\",\"@graph\":[{\"@type\":\"Article\",\"@id\":\"https:\\\/\\\/velezylozano.com\\\/tiene-cura-la-periodontitis\\\/#article\",\"isPartOf\":{\"@id\":\"https:\\\/\\\/velezylozano.com\\\/tiene-cura-la-periodontitis\\\/\"},\"author\":{\"name\":\"Francisco S\u00e1nchez-Alcaraz Mart\u00ednez\",\"@id\":\"https:\\\/\\\/velezylozano.com\\\/#\\\/schema\\\/person\\\/9834ff71917aaaafa3409f494875ed64\"},\"headline\":\"\u00bfTiene cura la periodontitis?\",\"datePublished\":\"2022-02-25T14:45:03+00:00\",\"dateModified\":\"2022-02-25T14:45:57+00:00\",\"mainEntityOfPage\":{\"@id\":\"https:\\\/\\\/velezylozano.com\\\/tiene-cura-la-periodontitis\\\/\"},\"wordCount\":723,\"commentCount\":0,\"publisher\":{\"@id\":\"https:\\\/\\\/velezylozano.com\\\/#organization\"},\"image\":{\"@id\":\"https:\\\/\\\/velezylozano.com\\\/tiene-cura-la-periodontitis\\\/#primaryimage\"},\"thumbnailUrl\":\"https:\\\/\\\/i0.wp.com\\\/velezylozano.com\\\/wp-content\\\/uploads\\\/2022\\\/02\\\/CinfaSalud-periodontitis-600.jpeg?fit=600%2C400&ssl=1\",\"keywords\":[\"periodoncia\",\"salud gingival\"],\"articleSection\":[\"2022\"],\"inLanguage\":\"en-GB\",\"potentialAction\":[{\"@type\":\"CommentAction\",\"name\":\"Comment\",\"target\":[\"https:\\\/\\\/velezylozano.com\\\/tiene-cura-la-periodontitis\\\/#respond\"]}]},{\"@type\":\"WebPage\",\"@id\":\"https:\\\/\\\/velezylozano.com\\\/tiene-cura-la-periodontitis\\\/\",\"url\":\"https:\\\/\\\/velezylozano.com\\\/tiene-cura-la-periodontitis\\\/\",\"name\":\"\u00bfTiene cura la periodontitis? - V\u00e9lez &amp; Lozano\",\"isPartOf\":{\"@id\":\"https:\\\/\\\/velezylozano.com\\\/#website\"},\"primaryImageOfPage\":{\"@id\":\"https:\\\/\\\/velezylozano.com\\\/tiene-cura-la-periodontitis\\\/#primaryimage\"},\"image\":{\"@id\":\"https:\\\/\\\/velezylozano.com\\\/tiene-cura-la-periodontitis\\\/#primaryimage\"},\"thumbnailUrl\":\"https:\\\/\\\/i0.wp.com\\\/velezylozano.com\\\/wp-content\\\/uploads\\\/2022\\\/02\\\/CinfaSalud-periodontitis-600.jpeg?fit=600%2C400&ssl=1\",\"datePublished\":\"2022-02-25T14:45:03+00:00\",\"dateModified\":\"2022-02-25T14:45:57+00:00\",\"description\":\"Hoy hablamos de lo uno de los temas que m\u00e1s afecta a los pacientes a lo largo y ancho del mundo: la enfermedad periodontal.\",\"breadcrumb\":{\"@id\":\"https:\\\/\\\/velezylozano.com\\\/tiene-cura-la-periodontitis\\\/#breadcrumb\"},\"inLanguage\":\"en-GB\",\"potentialAction\":[{\"@type\":\"ReadAction\",\"target\":[\"https:\\\/\\\/velezylozano.com\\\/tiene-cura-la-periodontitis\\\/\"]}]},{\"@type\":\"ImageObject\",\"inLanguage\":\"en-GB\",\"@id\":\"https:\\\/\\\/velezylozano.com\\\/tiene-cura-la-periodontitis\\\/#primaryimage\",\"url\":\"https:\\\/\\\/i0.wp.com\\\/velezylozano.com\\\/wp-content\\\/uploads\\\/2022\\\/02\\\/CinfaSalud-periodontitis-600.jpeg?fit=600%2C400&ssl=1\",\"contentUrl\":\"https:\\\/\\\/i0.wp.com\\\/velezylozano.com\\\/wp-content\\\/uploads\\\/2022\\\/02\\\/CinfaSalud-periodontitis-600.jpeg?fit=600%2C400&ssl=1\",\"width\":600,\"height\":400},{\"@type\":\"BreadcrumbList\",\"@id\":\"https:\\\/\\\/velezylozano.com\\\/tiene-cura-la-periodontitis\\\/#breadcrumb\",\"itemListElement\":[{\"@type\":\"ListItem\",\"position\":1,\"name\":\"Home\",\"item\":\"https:\\\/\\\/velezylozano.com\\\/\"},{\"@type\":\"ListItem\",\"position\":2,\"name\":\"\u00bfTiene cura la periodontitis?\"}]},{\"@type\":\"WebSite\",\"@id\":\"https:\\\/\\\/velezylozano.com\\\/#website\",\"url\":\"https:\\\/\\\/velezylozano.com\\\/\",\"name\":\"V\u00e9lez &amp; Lozano\",\"description\":\"Cl\u00ednica dental en Murcia desde 2008\",\"publisher\":{\"@id\":\"https:\\\/\\\/velezylozano.com\\\/#organization\"},\"potentialAction\":[{\"@type\":\"SearchAction\",\"target\":{\"@type\":\"EntryPoint\",\"urlTemplate\":\"https:\\\/\\\/velezylozano.com\\\/?s={search_term_string}\"},\"query-input\":{\"@type\":\"PropertyValueSpecification\",\"valueRequired\":true,\"valueName\":\"search_term_string\"}}],\"inLanguage\":\"en-GB\"},{\"@type\":\"Organization\",\"@id\":\"https:\\\/\\\/velezylozano.com\\\/#organization\",\"name\":\"V\u00e9lez &amp; Lozano\",\"url\":\"https:\\\/\\\/velezylozano.com\\\/\",\"logo\":{\"@type\":\"ImageObject\",\"inLanguage\":\"en-GB\",\"@id\":\"https:\\\/\\\/velezylozano.com\\\/#\\\/schema\\\/logo\\\/image\\\/\",\"url\":\"https:\\\/\\\/velezylozano.com\\\/wp-content\\\/uploads\\\/2021\\\/12\\\/velezlozanologo.svg\",\"contentUrl\":\"https:\\\/\\\/velezylozano.com\\\/wp-content\\\/uploads\\\/2021\\\/12\\\/velezlozanologo.svg\",\"width\":322,\"height\":33,\"caption\":\"V\u00e9lez &amp; Lozano\"},\"image\":{\"@id\":\"https:\\\/\\\/velezylozano.com\\\/#\\\/schema\\\/logo\\\/image\\\/\"}},{\"@type\":\"Person\",\"@id\":\"https:\\\/\\\/velezylozano.com\\\/#\\\/schema\\\/person\\\/9834ff71917aaaafa3409f494875ed64\",\"name\":\"Francisco S\u00e1nchez-Alcaraz Mart\u00ednez\",\"image\":{\"@type\":\"ImageObject\",\"inLanguage\":\"en-GB\",\"@id\":\"https:\\\/\\\/secure.gravatar.com\\\/avatar\\\/4f18cd0754c46328ee77cd00c277892c200fa65a4b2311a5ff9cf0ec48507a4a?s=96&d=mm&r=g\",\"url\":\"https:\\\/\\\/secure.gravatar.com\\\/avatar\\\/4f18cd0754c46328ee77cd00c277892c200fa65a4b2311a5ff9cf0ec48507a4a?s=96&d=mm&r=g\",\"contentUrl\":\"https:\\\/\\\/secure.gravatar.com\\\/avatar\\\/4f18cd0754c46328ee77cd00c277892c200fa65a4b2311a5ff9cf0ec48507a4a?s=96&d=mm&r=g\",\"caption\":\"Francisco S\u00e1nchez-Alcaraz Mart\u00ednez\"},\"url\":\"https:\\\/\\\/velezylozano.com\\\/en\\\/author\\\/francisco-sanchez-alcaraz-martinez\\\/\"}]}<\/script>\n<!-- \/ Yoast SEO plugin. -->","yoast_head_json":{"title":"Is there a cure for periodontitis? - Velez &amp; Lozano","description":"Today we talk about one of the issues that most affects patients around the world: periodontal disease.","robots":{"index":"index","follow":"follow","max-snippet":"max-snippet:-1","max-image-preview":"max-image-preview:large","max-video-preview":"max-video-preview:-1"},"canonical":"https:\/\/velezylozano.com\/en\/periodontitis-can-be-cured\/","og_locale":"en_GB","og_type":"article","og_title":"\u00bfTiene cura la periodontitis? - V\u00e9lez &amp; Lozano","og_description":"Hoy hablamos de lo uno de los temas que m\u00e1s afecta a los pacientes a lo largo y ancho del mundo: la enfermedad periodontal.","og_url":"https:\/\/velezylozano.com\/en\/periodontitis-can-be-cured\/","og_site_name":"V\u00e9lez &amp; Lozano","article_published_time":"2022-02-25T14:45:03+00:00","article_modified_time":"2022-02-25T14:45:57+00:00","og_image":[{"width":600,"height":400,"url":"https:\/\/i0.wp.com\/velezylozano.com\/wp-content\/uploads\/2022\/02\/CinfaSalud-periodontitis-600.jpeg?fit=600%2C400&ssl=1","type":"image\/jpeg"}],"author":"Francisco S\u00e1nchez-Alcaraz Mart\u00ednez","twitter_card":"summary_large_image","twitter_misc":{"Written by":"Francisco S\u00e1nchez-Alcaraz Mart\u00ednez","Estimated reading time":"4 minutes"},"schema":{"@context":"https:\/\/schema.org","@graph":[{"@type":"Article","@id":"https:\/\/velezylozano.com\/tiene-cura-la-periodontitis\/#article","isPartOf":{"@id":"https:\/\/velezylozano.com\/tiene-cura-la-periodontitis\/"},"author":{"name":"Francisco S\u00e1nchez-Alcaraz Mart\u00ednez","@id":"https:\/\/velezylozano.com\/#\/schema\/person\/9834ff71917aaaafa3409f494875ed64"},"headline":"\u00bfTiene cura la periodontitis?","datePublished":"2022-02-25T14:45:03+00:00","dateModified":"2022-02-25T14:45:57+00:00","mainEntityOfPage":{"@id":"https:\/\/velezylozano.com\/tiene-cura-la-periodontitis\/"},"wordCount":723,"commentCount":0,"publisher":{"@id":"https:\/\/velezylozano.com\/#organization"},"image":{"@id":"https:\/\/velezylozano.com\/tiene-cura-la-periodontitis\/#primaryimage"},"thumbnailUrl":"https:\/\/i0.wp.com\/velezylozano.com\/wp-content\/uploads\/2022\/02\/CinfaSalud-periodontitis-600.jpeg?fit=600%2C400&ssl=1","keywords":["periodoncia","salud gingival"],"articleSection":["2022"],"inLanguage":"en-GB","potentialAction":[{"@type":"CommentAction","name":"Comment","target":["https:\/\/velezylozano.com\/tiene-cura-la-periodontitis\/#respond"]}]},{"@type":"WebPage","@id":"https:\/\/velezylozano.com\/tiene-cura-la-periodontitis\/","url":"https:\/\/velezylozano.com\/tiene-cura-la-periodontitis\/","name":"Is there a cure for periodontitis? - Velez &amp; Lozano","isPartOf":{"@id":"https:\/\/velezylozano.com\/#website"},"primaryImageOfPage":{"@id":"https:\/\/velezylozano.com\/tiene-cura-la-periodontitis\/#primaryimage"},"image":{"@id":"https:\/\/velezylozano.com\/tiene-cura-la-periodontitis\/#primaryimage"},"thumbnailUrl":"https:\/\/i0.wp.com\/velezylozano.com\/wp-content\/uploads\/2022\/02\/CinfaSalud-periodontitis-600.jpeg?fit=600%2C400&ssl=1","datePublished":"2022-02-25T14:45:03+00:00","dateModified":"2022-02-25T14:45:57+00:00","description":"Today we talk about one of the issues that most affects patients around the world: periodontal disease.","breadcrumb":{"@id":"https:\/\/velezylozano.com\/tiene-cura-la-periodontitis\/#breadcrumb"},"inLanguage":"en-GB","potentialAction":[{"@type":"ReadAction","target":["https:\/\/velezylozano.com\/tiene-cura-la-periodontitis\/"]}]},{"@type":"ImageObject","inLanguage":"en-GB","@id":"https:\/\/velezylozano.com\/tiene-cura-la-periodontitis\/#primaryimage","url":"https:\/\/i0.wp.com\/velezylozano.com\/wp-content\/uploads\/2022\/02\/CinfaSalud-periodontitis-600.jpeg?fit=600%2C400&ssl=1","contentUrl":"https:\/\/i0.wp.com\/velezylozano.com\/wp-content\/uploads\/2022\/02\/CinfaSalud-periodontitis-600.jpeg?fit=600%2C400&ssl=1","width":600,"height":400},{"@type":"BreadcrumbList","@id":"https:\/\/velezylozano.com\/tiene-cura-la-periodontitis\/#breadcrumb","itemListElement":[{"@type":"ListItem","position":1,"name":"Home","item":"https:\/\/velezylozano.com\/"},{"@type":"ListItem","position":2,"name":"\u00bfTiene cura la periodontitis?"}]},{"@type":"WebSite","@id":"https:\/\/velezylozano.com\/#website","url":"https:\/\/velezylozano.com\/","name":"Velez &amp; Lozano","description":"Dental clinic in Murcia since 2008","publisher":{"@id":"https:\/\/velezylozano.com\/#organization"},"potentialAction":[{"@type":"SearchAction","target":{"@type":"EntryPoint","urlTemplate":"https:\/\/velezylozano.com\/?s={search_term_string}"},"query-input":{"@type":"PropertyValueSpecification","valueRequired":true,"valueName":"search_term_string"}}],"inLanguage":"en-GB"},{"@type":"Organization","@id":"https:\/\/velezylozano.com\/#organization","name":"Velez &amp; Lozano","url":"https:\/\/velezylozano.com\/","logo":{"@type":"ImageObject","inLanguage":"en-GB","@id":"https:\/\/velezylozano.com\/#\/schema\/logo\/image\/","url":"https:\/\/velezylozano.com\/wp-content\/uploads\/2021\/12\/velezlozanologo.svg","contentUrl":"https:\/\/velezylozano.com\/wp-content\/uploads\/2021\/12\/velezlozanologo.svg","width":322,"height":33,"caption":"V\u00e9lez &amp; Lozano"},"image":{"@id":"https:\/\/velezylozano.com\/#\/schema\/logo\/image\/"}},{"@type":"Person","@id":"https:\/\/velezylozano.com\/#\/schema\/person\/9834ff71917aaaafa3409f494875ed64","name":"Francisco S\u00e1nchez-Alcaraz Mart\u00ednez","image":{"@type":"ImageObject","inLanguage":"en-GB","@id":"https:\/\/secure.gravatar.com\/avatar\/4f18cd0754c46328ee77cd00c277892c200fa65a4b2311a5ff9cf0ec48507a4a?s=96&d=mm&r=g","url":"https:\/\/secure.gravatar.com\/avatar\/4f18cd0754c46328ee77cd00c277892c200fa65a4b2311a5ff9cf0ec48507a4a?s=96&d=mm&r=g","contentUrl":"https:\/\/secure.gravatar.com\/avatar\/4f18cd0754c46328ee77cd00c277892c200fa65a4b2311a5ff9cf0ec48507a4a?s=96&d=mm&r=g","caption":"Francisco S\u00e1nchez-Alcaraz Mart\u00ednez"},"url":"https:\/\/velezylozano.com\/en\/author\/francisco-sanchez-alcaraz-martinez\/"}]}},"jetpack_featured_media_url":"https:\/\/i0.wp.com\/velezylozano.com\/wp-content\/uploads\/2022\/02\/CinfaSalud-periodontitis-600.jpeg?fit=600%2C400&ssl=1","jetpack-related-posts":[{"id":8402,"url":"https:\/\/velezylozano.com\/en\/how-to-treat-periodontitis\/","url_meta":{"origin":10095,"position":0},"title":"How to treat periodontitis?","author":"Comunicaci\u00f3n V&amp;L","date":"27 de July de 2020","format":false,"excerpt":"En el art\u00edculo anterior explicamos qu\u00e9 es la enfermedad periodontal, las causas, s\u00edntomas y complicaciones m\u00e1s frecuentes de esta patolog\u00eda tan com\u00fan en nuestros pacientes. Esta vez, hablaremos de soluciones: qu\u00e9 tratamiento podemos realizar y c\u00f3mo podemos prevenir su aparici\u00f3n. Tratamiento: El tratamiento puede variar en funci\u00f3n de la gravedad\u2026","rel":"","context":"In &quot;2021&quot;","block_context":{"text":"2021","link":"https:\/\/velezylozano.com\/en\/category\/2021\/"},"img":{"alt_text":"","src":"https:\/\/i0.wp.com\/velezylozano.com\/wp-content\/uploads\/2022\/01\/perio_art_vl.jpg?fit=1080%2C607&ssl=1&resize=350%2C200","width":350,"height":200,"srcset":"https:\/\/i0.wp.com\/velezylozano.com\/wp-content\/uploads\/2022\/01\/perio_art_vl.jpg?fit=1080%2C607&ssl=1&resize=350%2C200 1x, https:\/\/i0.wp.com\/velezylozano.com\/wp-content\/uploads\/2022\/01\/perio_art_vl.jpg?fit=1080%2C607&ssl=1&resize=525%2C300 1.5x, https:\/\/i0.wp.com\/velezylozano.com\/wp-content\/uploads\/2022\/01\/perio_art_vl.jpg?fit=1080%2C607&ssl=1&resize=700%2C400 2x, https:\/\/i0.wp.com\/velezylozano.com\/wp-content\/uploads\/2022\/01\/perio_art_vl.jpg?fit=1080%2C607&ssl=1&resize=1050%2C600 3x"},"classes":[]},{"id":11271,"url":"https:\/\/velezylozano.com\/en\/periodontal-disease-doesnt-just-affect-the-mouth\/","url_meta":{"origin":10095,"position":1},"title":"Periodontal disease does not only affect the mouth.","author":"Francisco S\u00e1nchez-Alcaraz Mart\u00ednez","date":"9 de December de 2022","format":false,"excerpt":"Hemos hablado largo y tendido acerca de la enfermedad periodontal en este blog, pero casi siempre nos hemos limitado a tratar sus consecuencias a nivel sist\u00e9mico en el \u00e1mbito que m\u00e1s nos ata\u00f1e u ocupa, es decir, el oral. Sin embargo, desde diversas comunidades cient\u00edficas de peso tales como la\u2026","rel":"","context":"In &quot;2022&quot;","block_context":{"text":"2022","link":"https:\/\/velezylozano.com\/en\/category\/2022\/"},"img":{"alt_text":"","src":"https:\/\/i0.wp.com\/velezylozano.com\/wp-content\/uploads\/2022\/12\/Clinica-dental-BocaBoca-Malaga-salud-bucal.jpeg?fit=720%2C666&ssl=1&resize=350%2C200","width":350,"height":200,"srcset":"https:\/\/i0.wp.com\/velezylozano.com\/wp-content\/uploads\/2022\/12\/Clinica-dental-BocaBoca-Malaga-salud-bucal.jpeg?fit=720%2C666&ssl=1&resize=350%2C200 1x, https:\/\/i0.wp.com\/velezylozano.com\/wp-content\/uploads\/2022\/12\/Clinica-dental-BocaBoca-Malaga-salud-bucal.jpeg?fit=720%2C666&ssl=1&resize=525%2C300 1.5x, https:\/\/i0.wp.com\/velezylozano.com\/wp-content\/uploads\/2022\/12\/Clinica-dental-BocaBoca-Malaga-salud-bucal.jpeg?fit=720%2C666&ssl=1&resize=700%2C400 2x"},"classes":[]},{"id":13002,"url":"https:\/\/velezylozano.com\/en\/this-valentines-day-care-for-your-heart-through-your-mouth\/","url_meta":{"origin":10095,"position":2},"title":"This Valentine's Day care for your heart through your mouth","author":"Francisco J.","date":"14 de February de 2025","format":false,"excerpt":"Hoy 14 de febrero se celebra el amor, el d\u00eda de San Valent\u00edn, como bien sabemos todos, pero aprovechando lo ligada que est\u00e1 esta fecha al coraz\u00f3n, nuestro motor vital, \u00bfsab\u00edas que tambi\u00e9n se conmemora el d\u00eda de las Cardiopat\u00edas Cong\u00e9nitas? \u00bfY sab\u00edas que la salud bucodental puede llegar a\u2026","rel":"","context":"In &quot;2025&quot;","block_context":{"text":"2025","link":"https:\/\/velezylozano.com\/en\/category\/2025\/"},"img":{"alt_text":"","src":"https:\/\/i0.wp.com\/velezylozano.com\/wp-content\/uploads\/2025\/02\/san-valentin-dental.jpg?fit=724%2C483&ssl=1&resize=350%2C200","width":350,"height":200,"srcset":"https:\/\/i0.wp.com\/velezylozano.com\/wp-content\/uploads\/2025\/02\/san-valentin-dental.jpg?fit=724%2C483&ssl=1&resize=350%2C200 1x, https:\/\/i0.wp.com\/velezylozano.com\/wp-content\/uploads\/2025\/02\/san-valentin-dental.jpg?fit=724%2C483&ssl=1&resize=525%2C300 1.5x, https:\/\/i0.wp.com\/velezylozano.com\/wp-content\/uploads\/2025\/02\/san-valentin-dental.jpg?fit=724%2C483&ssl=1&resize=700%2C400 2x"},"classes":[]},{"id":8400,"url":"https:\/\/velezylozano.com\/en\/your-gums-bleed-you-feel-mobility-in-some-of-your-teeth-your-teeth-seem-longer\/","url_meta":{"origin":10095,"position":3},"title":"DO YOUR GUMS BLEED, DO YOU FEEL MOBILITY IN ANY OF YOUR TEETH, DO YOUR TEETH SEEM LONGER?","author":"Comunicaci\u00f3n V&amp;L","date":"27 de July de 2020","format":false,"excerpt":"Soy Fran S\u00e1nchez-Alcaraz, periodoncista de V\u00e9lez y Lozano. Si tu respuesta es afirmativa a alguna de estas preguntas, este art\u00edculo te interesar\u00e1, porque repasaremos en qu\u00e9 consiste, y cu\u00e1les son sus manifestaciones m\u00e1s frecuentes. \u00bfQu\u00e9 es la enfermedad periodontal? La enfermedad periodontal es el t\u00e9rmino m\u00e9dico para referirse a la\u2026","rel":"","context":"Similar post","block_context":{"text":"Similar post","link":""},"img":{"alt_text":"","src":"https:\/\/i0.wp.com\/velezylozano.com\/wp-content\/uploads\/2022\/01\/pawel-czerwinski-DNC3cXM0lMU-unsplash-scaled-1.jpg?fit=1200%2C800&ssl=1&resize=350%2C200","width":350,"height":200,"srcset":"https:\/\/i0.wp.com\/velezylozano.com\/wp-content\/uploads\/2022\/01\/pawel-czerwinski-DNC3cXM0lMU-unsplash-scaled-1.jpg?fit=1200%2C800&ssl=1&resize=350%2C200 1x, https:\/\/i0.wp.com\/velezylozano.com\/wp-content\/uploads\/2022\/01\/pawel-czerwinski-DNC3cXM0lMU-unsplash-scaled-1.jpg?fit=1200%2C800&ssl=1&resize=525%2C300 1.5x, https:\/\/i0.wp.com\/velezylozano.com\/wp-content\/uploads\/2022\/01\/pawel-czerwinski-DNC3cXM0lMU-unsplash-scaled-1.jpg?fit=1200%2C800&ssl=1&resize=700%2C400 2x, https:\/\/i0.wp.com\/velezylozano.com\/wp-content\/uploads\/2022\/01\/pawel-czerwinski-DNC3cXM0lMU-unsplash-scaled-1.jpg?fit=1200%2C800&ssl=1&resize=1050%2C600 3x"},"classes":[]},{"id":12694,"url":"https:\/\/velezylozano.com\/en\/how-to-care-for-your-gums-a-few-basic-tips\/","url_meta":{"origin":10095,"position":4},"title":"How to look after your gums: a few basic tips","author":"Francisco J.","date":"28 de June de 2024","format":false,"excerpt":"Las enc\u00edas no solo sostienen nuestros dientes, sino que tambi\u00e9n juegan un papel crucial en nuestra salud bucal y general. Unas enc\u00edas sanas son fundamentales para prevenir problemas como la gingivitis y la periodontitis, que pueden llevar a la p\u00e9rdida de dientes y a otros problemas de salud m\u00e1s serios.\u2026","rel":"","context":"In &quot;2024&quot;","block_context":{"text":"2024","link":"https:\/\/velezylozano.com\/en\/category\/2024\/"},"img":{"alt_text":"","src":"https:\/\/i0.wp.com\/velezylozano.com\/wp-content\/uploads\/2024\/06\/encias-sanas-consejos.jpg?fit=1000%2C457&ssl=1&resize=350%2C200","width":350,"height":200,"srcset":"https:\/\/i0.wp.com\/velezylozano.com\/wp-content\/uploads\/2024\/06\/encias-sanas-consejos.jpg?fit=1000%2C457&ssl=1&resize=350%2C200 1x, https:\/\/i0.wp.com\/velezylozano.com\/wp-content\/uploads\/2024\/06\/encias-sanas-consejos.jpg?fit=1000%2C457&ssl=1&resize=525%2C300 1.5x, https:\/\/i0.wp.com\/velezylozano.com\/wp-content\/uploads\/2024\/06\/encias-sanas-consejos.jpg?fit=1000%2C457&ssl=1&resize=700%2C400 2x"},"classes":[]},{"id":12993,"url":"https:\/\/velezylozano.com\/en\/there-is-a-link-between-dental-health-and-obesity\/","url_meta":{"origin":10095,"position":5},"title":"Is there a link between dental health and obesity?","author":"Francisco J.","date":"7 de February de 2025","format":false,"excerpt":"Como ya hemos mencionado en diferentes ocasiones en este blog, el cuerpo humano es un todo compuesto por diferentes sistemas que no son totalmente independientes entre s\u00ed, es decir, que los cambios que afectan a uno de ellos, influyen en el resto. Por eso, la relaci\u00f3n entre la obesidad y\u2026","rel":"","context":"In &quot;2025&quot;","block_context":{"text":"2025","link":"https:\/\/velezylozano.com\/en\/category\/2025\/"},"img":{"alt_text":"obesidad y salud dental","src":"https:\/\/i0.wp.com\/velezylozano.com\/wp-content\/uploads\/2025\/02\/obesidad-salud-dental.jpg?fit=818%2C385&ssl=1&resize=350%2C200","width":350,"height":200,"srcset":"https:\/\/i0.wp.com\/velezylozano.com\/wp-content\/uploads\/2025\/02\/obesidad-salud-dental.jpg?fit=818%2C385&ssl=1&resize=350%2C200 1x, https:\/\/i0.wp.com\/velezylozano.com\/wp-content\/uploads\/2025\/02\/obesidad-salud-dental.jpg?fit=818%2C385&ssl=1&resize=525%2C300 1.5x, https:\/\/i0.wp.com\/velezylozano.com\/wp-content\/uploads\/2025\/02\/obesidad-salud-dental.jpg?fit=818%2C385&ssl=1&resize=700%2C400 2x"},"classes":[]}],"jetpack_sharing_enabled":true,"_links":{"self":[{"href":"https:\/\/velezylozano.com\/en\/wp-json\/wp\/v2\/posts\/10095","targetHints":{"allow":["GET"]}}],"collection":[{"href":"https:\/\/velezylozano.com\/en\/wp-json\/wp\/v2\/posts"}],"about":[{"href":"https:\/\/velezylozano.com\/en\/wp-json\/wp\/v2\/types\/post"}],"author":[{"embeddable":true,"href":"https:\/\/velezylozano.com\/en\/wp-json\/wp\/v2\/users\/12"}],"replies":[{"embeddable":true,"href":"https:\/\/velezylozano.com\/en\/wp-json\/wp\/v2\/comments?post=10095"}],"version-history":[{"count":1,"href":"https:\/\/velezylozano.com\/en\/wp-json\/wp\/v2\/posts\/10095\/revisions"}],"predecessor-version":[{"id":10100,"href":"https:\/\/velezylozano.com\/en\/wp-json\/wp\/v2\/posts\/10095\/revisions\/10100"}],"wp:featuredmedia":[{"embeddable":true,"href":"https:\/\/velezylozano.com\/en\/wp-json\/wp\/v2\/media\/10096"}],"wp:attachment":[{"href":"https:\/\/velezylozano.com\/en\/wp-json\/wp\/v2\/media?parent=10095"}],"wp:term":[{"taxonomy":"category","embeddable":true,"href":"https:\/\/velezylozano.com\/en\/wp-json\/wp\/v2\/categories?post=10095"},{"taxonomy":"post_tag","embeddable":true,"href":"https:\/\/velezylozano.com\/en\/wp-json\/wp\/v2\/tags?post=10095"}],"curies":[{"name":"wp","href":"https:\/\/api.w.org\/{rel}","templated":true}]}}