{"id":10855,"date":"2022-09-29T15:00:32","date_gmt":"2022-09-29T15:00:32","guid":{"rendered":"https:\/\/velezylozano.com\/?p=10855"},"modified":"2023-09-13T13:06:52","modified_gmt":"2023-09-13T12:06:52","slug":"frequently-asked-questions-about-dental-veneers","status":"publish","type":"post","link":"https:\/\/velezylozano.com\/en\/frequently-asked-questions-about-dental-veneers\/","title":{"rendered":"Frequently asked questions about dental veneers"},"content":{"rendered":"<p>When it comes to aesthetic treatment, patients always ask me the same questions, both in the salon and well before the treatment, so I have decided to compile them all in one blog article.<\/p>\n<p>Let's start at the beginning. Someone sees a smile on Instagram, on TV or film or maybe even in one of our before and afters, points to it and says, \"I want that, how do I get it?\". Sometimes it's a friend of mine. And I always reply, \"That's expensive\". So then comes the first question:<\/p>\n<h2>What is a veneer?<\/h2>\n<p>A veneer is a sheet of ceramic that we bond to the front of your teeth to improve their appearance, whether it is the shape, size or colour. Usually it is all three.<\/p>\n<p><img data-recalc-dims=\"1\" fetchpriority=\"high\" decoding=\"async\" src=\"https:\/\/i0.wp.com\/velezylozano.com\/wp-content\/uploads\/2022\/09\/IMG_1422-1-scaled-e1664523472806-300x175.jpg?resize=300%2C175&#038;ssl=1\" alt=\"\" width=\"300\" height=\"175\" \/><img data-recalc-dims=\"1\" decoding=\"async\" src=\"https:\/\/i0.wp.com\/velezylozano.com\/wp-content\/uploads\/2022\/09\/IMG_0579-scaled-e1664523505844-300x189.jpeg?resize=300%2C189&#038;ssl=1\" alt=\"\" width=\"300\" height=\"189\" \/><\/p>\n<h2>How is a veneer fitted?<\/h2>\n<p>The process of placing a dental veneer is enough for a blog article in itself, so I will try to summarise it as much as possible. If you want more details about the process, you can check this article I wrote not long ago about the provisional mock-up. Basically, what you should know is that it is a painless and minimally invasive process that basically consists of 'gluing' that thin film I was talking about onto the front surface of your teeth.<\/p>\n<p>Patients eat the rest of the day's meals naturally, to give you an idea.<\/p>\n<h2>Does the tooth have to be ground down to place a veneer?<\/h2>\n<p>The golden question. Perhaps you have seen videos on the Internet of people who have undergone aggressive grinding and you think it is essential for the placement of veneers, but this excessive grinding is what used to be done in Spain to make a crown, in which the enamel was removed from the entire tooth, all the way around until it reached the gum, but it is a reality that is long gone here.<\/p>\n<p>Depending on the tooth on which the veneer is to be placed, little or no carving is done. We barely smooth out the shapes so that there are no right angles, peaks or areas that protrude excessively. In fact, many of my veneer patients I don't even place a temporary and they tell me afterwards that no one has noticed that we have done anything to their tooth.<\/p>\n<p>I'll show you with a photo:<\/p>\n<p><img data-recalc-dims=\"1\" decoding=\"async\" src=\"https:\/\/i0.wp.com\/velezylozano.com\/wp-content\/uploads\/2022\/09\/Captura-de-Pantalla-2022-09-30-a-las-9.35.13.png?resize=300%2C168&#038;ssl=1\" alt=\"\" width=\"300\" height=\"168\" \/><\/p>\n<h2>How long do veneers last?<\/h2>\n<p>It has been scientifically proven that porcelain veneers are the treatment that lasts the longest of all those that we dentists carry out. This is due to the fact that in most cases they are done on healthy, intact teeth in which the enamel is preserved. The veneer is nothing more than a ceramic that adheres to this enamel, so if basic care is followed, they will remain that way for years.<\/p>\n<h2>Can I eat anything with veneers?<\/h2>\n<p>Absolutely yes. With veneers you can and should do the same as you would have done before with your teeth and eat as normal. And, of course, you should avoid doing the same things you do now, such as using them as tools. But you, dear reader, don't do that, do you?<\/p>\n<h2>I have heard that I need an unloading splint after veneers, is this true?<\/h2>\n<p>Absolutely right. Let me explain why. The main reason for tooth wear is nocturnal clenching or bruxism, even more so than daily use. Therefore, for veneers to last the years I have mentioned, we must avoid their damaging effects. An unloading splint is placed between the upper and lower teeth, preventing wear and tear, as well as fractures in the veneers and premature ageing of the veneers.<\/p>\n<p>You may be thinking: \"But Diego, I don't clench my teeth when I sleep\". Many people who bruxate don't even know it, because it doesn't cause muscle pain or headaches, but most of the treatments we carry out in a dental clinic, including veneers, last between 2 and 4 times longer if the patient wears an unloading splint, according to studies.<\/p>\n<p>Furthermore, and forgive me for being so blunt, as I usually tell my patients in consultation, wearing veneers and not using an unloading splint seems to me like buying a Ferrari and letting it sleep in the street.<\/p>\n<p><img data-recalc-dims=\"1\" loading=\"lazy\" decoding=\"async\" src=\"https:\/\/i0.wp.com\/velezylozano.com\/wp-content\/uploads\/2022\/09\/Screenshot_20190731-164528_Instagram.jpeg?resize=300%2C164&#038;ssl=1\" alt=\"\" width=\"300\" height=\"164\" \/><\/p>\n<h2>Is orthodontics mandatory before veneers?<\/h2>\n<p>If your teeth are well aligned, no, it is not necessary, but from time to time we come across patients who have altered the position and therefore the function of their front teeth. Veneers are aesthetics and orthodontics are function. If this function is not correct, we will have excessive and irregular contacts in the anterior teeth and the veneers will not work. In addition, when the teeth are not well aligned, we will not be able to respect what I said before about not grinding the teeth, since the teeth that are more vestibularised (outwards) will have to be ground down a lot to level them with the rest.<\/p>\n<h2>Can a tooth with a veneer be whitened?<\/h2>\n<p>Ideally we whiten teeth before a veneer treatment, to restore the natural colour of the tooth. Once the veneers are in place, we can repeat the whitening, this will be much more effective on the rest of the teeth without veneers, but the whitening will also \"soak through\" the veneers and whiten the tooth underneath, resulting in a renewed and natural effect.<\/p>\n<h2>And... how many veneers?<\/h2>\n<p>For many of our patients we recommend 4 veneers, when all the teeth look nice but the incisors have suffered some trauma, or you have defects in shape or colour. Others wish to \"fill in\" their smile more, and we can do up to 10 or even 12 veneers to achieve this. This can be seen in the following photo:<\/p>\n<p><img data-recalc-dims=\"1\" loading=\"lazy\" decoding=\"async\" src=\"https:\/\/i0.wp.com\/velezylozano.com\/wp-content\/uploads\/2022\/09\/Casos-Clinicos.001-copia.jpeg?resize=300%2C169&#038;ssl=1\" alt=\"\" width=\"300\" height=\"169\" \/><\/p>\n<p>These are just the most frequently asked questions, or the ones I get asked the most, at least, but I know there are many more.<\/p>\n<p>That is why I urge you to write to us through the clinic's networks, where I will be happy to help you. And, of course, I will be happy to receive you if you would like an assessment consultation.<\/p>","protected":false},"excerpt":{"rendered":"<p>When it comes to aesthetic treatment, patients always ask me the same questions, both in the salon and well before the treatment, so I have decided to compile them all in one blog article. Let's start at the beginning. Someone sees a smile on Instagram, on TV or [...]<\/p>","protected":false},"author":7,"featured_media":10878,"comment_status":"open","ping_status":"open","sticky":false,"template":"","format":"standard","meta":{"_jetpack_memberships_contains_paid_content":false,"footnotes":""},"categories":[32],"tags":[22,34],"class_list":["post-10855","post","type-post","status-publish","format-standard","has-post-thumbnail","hentry","category-32","tag-estetica-dental-2","tag-odontologia"],"yoast_head":"<!-- This site is optimized with the Yoast SEO plugin v27.5 - https:\/\/yoast.com\/product\/yoast-seo-wordpress\/ -->\n<title>Preguntas frecuentes sobre carillas dentales - V\u00e9lez &amp; Lozano<\/title>\n<meta name=\"description\" content=\"En esta entrada respondemos algunas de las dudas que los pacientes m\u00e1s plantean en gabinete a nuestro equipo de est\u00e9tica.\" \/>\n<meta name=\"robots\" content=\"index, follow, max-snippet:-1, max-image-preview:large, max-video-preview:-1\" \/>\n<link rel=\"canonical\" href=\"https:\/\/velezylozano.com\/en\/frequently-asked-questions-about-dental-veneers\/\" \/>\n<meta property=\"og:locale\" content=\"en_GB\" \/>\n<meta property=\"og:type\" content=\"article\" \/>\n<meta property=\"og:title\" content=\"Preguntas frecuentes sobre carillas dentales - V\u00e9lez &amp; Lozano\" \/>\n<meta property=\"og:description\" content=\"En esta entrada respondemos algunas de las dudas que los pacientes m\u00e1s plantean en gabinete a nuestro equipo de est\u00e9tica.\" \/>\n<meta property=\"og:url\" content=\"https:\/\/velezylozano.com\/en\/frequently-asked-questions-about-dental-veneers\/\" \/>\n<meta property=\"og:site_name\" content=\"V\u00e9lez &amp; Lozano\" \/>\n<meta property=\"article:published_time\" content=\"2022-09-29T15:00:32+00:00\" \/>\n<meta property=\"article:modified_time\" content=\"2023-09-13T12:06:52+00:00\" \/>\n<meta property=\"og:image\" content=\"https:\/\/velezylozano.com\/wp-content\/uploads\/2022\/09\/diego-velez-y-lozano-clinica-dental-murcia-endodoncia-ortodoncia-3-scaled.jpg\" \/>\n\t<meta property=\"og:image:width\" content=\"2048\" \/>\n\t<meta property=\"og:image:height\" content=\"2560\" \/>\n\t<meta property=\"og:image:type\" content=\"image\/jpeg\" \/>\n<meta name=\"author\" content=\"Diego Saura Mi\u00f1ano\" \/>\n<meta name=\"twitter:card\" content=\"summary_large_image\" \/>\n<meta name=\"twitter:label1\" content=\"Written by\" \/>\n\t<meta name=\"twitter:data1\" content=\"Diego Saura Mi\u00f1ano\" \/>\n\t<meta name=\"twitter:label2\" content=\"Estimated reading time\" \/>\n\t<meta name=\"twitter:data2\" content=\"6 minutes\" \/>\n<script type=\"application\/ld+json\" class=\"yoast-schema-graph\">{\"@context\":\"https:\\\/\\\/schema.org\",\"@graph\":[{\"@type\":\"Article\",\"@id\":\"https:\\\/\\\/velezylozano.com\\\/preguntas-frecuentes-sobre-carillas-dentales\\\/#article\",\"isPartOf\":{\"@id\":\"https:\\\/\\\/velezylozano.com\\\/preguntas-frecuentes-sobre-carillas-dentales\\\/\"},\"author\":{\"name\":\"Diego Saura Mi\u00f1ano\",\"@id\":\"https:\\\/\\\/velezylozano.com\\\/#\\\/schema\\\/person\\\/624587507a71480b00e56b7121472e19\"},\"headline\":\"Preguntas frecuentes sobre carillas dentales\",\"datePublished\":\"2022-09-29T15:00:32+00:00\",\"dateModified\":\"2023-09-13T12:06:52+00:00\",\"mainEntityOfPage\":{\"@id\":\"https:\\\/\\\/velezylozano.com\\\/preguntas-frecuentes-sobre-carillas-dentales\\\/\"},\"wordCount\":1081,\"commentCount\":0,\"publisher\":{\"@id\":\"https:\\\/\\\/velezylozano.com\\\/#organization\"},\"image\":{\"@id\":\"https:\\\/\\\/velezylozano.com\\\/preguntas-frecuentes-sobre-carillas-dentales\\\/#primaryimage\"},\"thumbnailUrl\":\"https:\\\/\\\/i0.wp.com\\\/velezylozano.com\\\/wp-content\\\/uploads\\\/2022\\\/09\\\/diego-velez-y-lozano-clinica-dental-murcia-endodoncia-ortodoncia-3-scaled.jpg?fit=2048%2C2560&ssl=1\",\"keywords\":[\"est\u00e9tica dental\",\"odontolog\u00eda\"],\"articleSection\":[\"2022\"],\"inLanguage\":\"en-GB\",\"potentialAction\":[{\"@type\":\"CommentAction\",\"name\":\"Comment\",\"target\":[\"https:\\\/\\\/velezylozano.com\\\/preguntas-frecuentes-sobre-carillas-dentales\\\/#respond\"]}]},{\"@type\":\"WebPage\",\"@id\":\"https:\\\/\\\/velezylozano.com\\\/preguntas-frecuentes-sobre-carillas-dentales\\\/\",\"url\":\"https:\\\/\\\/velezylozano.com\\\/preguntas-frecuentes-sobre-carillas-dentales\\\/\",\"name\":\"Preguntas frecuentes sobre carillas dentales - V\u00e9lez &amp; Lozano\",\"isPartOf\":{\"@id\":\"https:\\\/\\\/velezylozano.com\\\/#website\"},\"primaryImageOfPage\":{\"@id\":\"https:\\\/\\\/velezylozano.com\\\/preguntas-frecuentes-sobre-carillas-dentales\\\/#primaryimage\"},\"image\":{\"@id\":\"https:\\\/\\\/velezylozano.com\\\/preguntas-frecuentes-sobre-carillas-dentales\\\/#primaryimage\"},\"thumbnailUrl\":\"https:\\\/\\\/i0.wp.com\\\/velezylozano.com\\\/wp-content\\\/uploads\\\/2022\\\/09\\\/diego-velez-y-lozano-clinica-dental-murcia-endodoncia-ortodoncia-3-scaled.jpg?fit=2048%2C2560&ssl=1\",\"datePublished\":\"2022-09-29T15:00:32+00:00\",\"dateModified\":\"2023-09-13T12:06:52+00:00\",\"description\":\"En esta entrada respondemos algunas de las dudas que los pacientes m\u00e1s plantean en gabinete a nuestro equipo de est\u00e9tica.\",\"breadcrumb\":{\"@id\":\"https:\\\/\\\/velezylozano.com\\\/preguntas-frecuentes-sobre-carillas-dentales\\\/#breadcrumb\"},\"inLanguage\":\"en-GB\",\"potentialAction\":[{\"@type\":\"ReadAction\",\"target\":[\"https:\\\/\\\/velezylozano.com\\\/preguntas-frecuentes-sobre-carillas-dentales\\\/\"]}]},{\"@type\":\"ImageObject\",\"inLanguage\":\"en-GB\",\"@id\":\"https:\\\/\\\/velezylozano.com\\\/preguntas-frecuentes-sobre-carillas-dentales\\\/#primaryimage\",\"url\":\"https:\\\/\\\/i0.wp.com\\\/velezylozano.com\\\/wp-content\\\/uploads\\\/2022\\\/09\\\/diego-velez-y-lozano-clinica-dental-murcia-endodoncia-ortodoncia-3-scaled.jpg?fit=2048%2C2560&ssl=1\",\"contentUrl\":\"https:\\\/\\\/i0.wp.com\\\/velezylozano.com\\\/wp-content\\\/uploads\\\/2022\\\/09\\\/diego-velez-y-lozano-clinica-dental-murcia-endodoncia-ortodoncia-3-scaled.jpg?fit=2048%2C2560&ssl=1\",\"width\":2048,\"height\":2560},{\"@type\":\"BreadcrumbList\",\"@id\":\"https:\\\/\\\/velezylozano.com\\\/preguntas-frecuentes-sobre-carillas-dentales\\\/#breadcrumb\",\"itemListElement\":[{\"@type\":\"ListItem\",\"position\":1,\"name\":\"Home\",\"item\":\"https:\\\/\\\/velezylozano.com\\\/\"},{\"@type\":\"ListItem\",\"position\":2,\"name\":\"Preguntas frecuentes sobre carillas dentales\"}]},{\"@type\":\"WebSite\",\"@id\":\"https:\\\/\\\/velezylozano.com\\\/#website\",\"url\":\"https:\\\/\\\/velezylozano.com\\\/\",\"name\":\"V\u00e9lez &amp; Lozano\",\"description\":\"Cl\u00ednica dental en Murcia desde 2008\",\"publisher\":{\"@id\":\"https:\\\/\\\/velezylozano.com\\\/#organization\"},\"potentialAction\":[{\"@type\":\"SearchAction\",\"target\":{\"@type\":\"EntryPoint\",\"urlTemplate\":\"https:\\\/\\\/velezylozano.com\\\/?s={search_term_string}\"},\"query-input\":{\"@type\":\"PropertyValueSpecification\",\"valueRequired\":true,\"valueName\":\"search_term_string\"}}],\"inLanguage\":\"en-GB\"},{\"@type\":\"Organization\",\"@id\":\"https:\\\/\\\/velezylozano.com\\\/#organization\",\"name\":\"V\u00e9lez &amp; Lozano\",\"url\":\"https:\\\/\\\/velezylozano.com\\\/\",\"logo\":{\"@type\":\"ImageObject\",\"inLanguage\":\"en-GB\",\"@id\":\"https:\\\/\\\/velezylozano.com\\\/#\\\/schema\\\/logo\\\/image\\\/\",\"url\":\"https:\\\/\\\/velezylozano.com\\\/wp-content\\\/uploads\\\/2021\\\/12\\\/velezlozanologo.svg\",\"contentUrl\":\"https:\\\/\\\/velezylozano.com\\\/wp-content\\\/uploads\\\/2021\\\/12\\\/velezlozanologo.svg\",\"width\":322,\"height\":33,\"caption\":\"V\u00e9lez &amp; Lozano\"},\"image\":{\"@id\":\"https:\\\/\\\/velezylozano.com\\\/#\\\/schema\\\/logo\\\/image\\\/\"}},{\"@type\":\"Person\",\"@id\":\"https:\\\/\\\/velezylozano.com\\\/#\\\/schema\\\/person\\\/624587507a71480b00e56b7121472e19\",\"name\":\"Diego Saura Mi\u00f1ano\",\"image\":{\"@type\":\"ImageObject\",\"inLanguage\":\"en-GB\",\"@id\":\"https:\\\/\\\/secure.gravatar.com\\\/avatar\\\/842257ff51290f7326d250b00d8f5c51e9e5d866ee0fb25475486908936995ec?s=96&d=mm&r=g\",\"url\":\"https:\\\/\\\/secure.gravatar.com\\\/avatar\\\/842257ff51290f7326d250b00d8f5c51e9e5d866ee0fb25475486908936995ec?s=96&d=mm&r=g\",\"contentUrl\":\"https:\\\/\\\/secure.gravatar.com\\\/avatar\\\/842257ff51290f7326d250b00d8f5c51e9e5d866ee0fb25475486908936995ec?s=96&d=mm&r=g\",\"caption\":\"Diego Saura Mi\u00f1ano\"},\"url\":\"https:\\\/\\\/velezylozano.com\\\/en\\\/author\\\/diego-saura\\\/\"}]}<\/script>\n<!-- \/ Yoast SEO plugin. -->","yoast_head_json":{"title":"Frequently asked questions about dental veneers - V\u00e9lez &amp; Lozano","description":"In this post we answer some of the questions that patients most frequently ask our aesthetic team.","robots":{"index":"index","follow":"follow","max-snippet":"max-snippet:-1","max-image-preview":"max-image-preview:large","max-video-preview":"max-video-preview:-1"},"canonical":"https:\/\/velezylozano.com\/en\/frequently-asked-questions-about-dental-veneers\/","og_locale":"en_GB","og_type":"article","og_title":"Preguntas frecuentes sobre carillas dentales - V\u00e9lez &amp; Lozano","og_description":"En esta entrada respondemos algunas de las dudas que los pacientes m\u00e1s plantean en gabinete a nuestro equipo de est\u00e9tica.","og_url":"https:\/\/velezylozano.com\/en\/frequently-asked-questions-about-dental-veneers\/","og_site_name":"V\u00e9lez &amp; Lozano","article_published_time":"2022-09-29T15:00:32+00:00","article_modified_time":"2023-09-13T12:06:52+00:00","og_image":[{"width":2048,"height":2560,"url":"https:\/\/velezylozano.com\/wp-content\/uploads\/2022\/09\/diego-velez-y-lozano-clinica-dental-murcia-endodoncia-ortodoncia-3-scaled.jpg","type":"image\/jpeg"}],"author":"Diego Saura Mi\u00f1ano","twitter_card":"summary_large_image","twitter_misc":{"Written by":"Diego Saura Mi\u00f1ano","Estimated reading time":"6 minutes"},"schema":{"@context":"https:\/\/schema.org","@graph":[{"@type":"Article","@id":"https:\/\/velezylozano.com\/preguntas-frecuentes-sobre-carillas-dentales\/#article","isPartOf":{"@id":"https:\/\/velezylozano.com\/preguntas-frecuentes-sobre-carillas-dentales\/"},"author":{"name":"Diego Saura Mi\u00f1ano","@id":"https:\/\/velezylozano.com\/#\/schema\/person\/624587507a71480b00e56b7121472e19"},"headline":"Preguntas frecuentes sobre carillas dentales","datePublished":"2022-09-29T15:00:32+00:00","dateModified":"2023-09-13T12:06:52+00:00","mainEntityOfPage":{"@id":"https:\/\/velezylozano.com\/preguntas-frecuentes-sobre-carillas-dentales\/"},"wordCount":1081,"commentCount":0,"publisher":{"@id":"https:\/\/velezylozano.com\/#organization"},"image":{"@id":"https:\/\/velezylozano.com\/preguntas-frecuentes-sobre-carillas-dentales\/#primaryimage"},"thumbnailUrl":"https:\/\/i0.wp.com\/velezylozano.com\/wp-content\/uploads\/2022\/09\/diego-velez-y-lozano-clinica-dental-murcia-endodoncia-ortodoncia-3-scaled.jpg?fit=2048%2C2560&ssl=1","keywords":["est\u00e9tica dental","odontolog\u00eda"],"articleSection":["2022"],"inLanguage":"en-GB","potentialAction":[{"@type":"CommentAction","name":"Comment","target":["https:\/\/velezylozano.com\/preguntas-frecuentes-sobre-carillas-dentales\/#respond"]}]},{"@type":"WebPage","@id":"https:\/\/velezylozano.com\/preguntas-frecuentes-sobre-carillas-dentales\/","url":"https:\/\/velezylozano.com\/preguntas-frecuentes-sobre-carillas-dentales\/","name":"Frequently asked questions about dental veneers - V\u00e9lez &amp; Lozano","isPartOf":{"@id":"https:\/\/velezylozano.com\/#website"},"primaryImageOfPage":{"@id":"https:\/\/velezylozano.com\/preguntas-frecuentes-sobre-carillas-dentales\/#primaryimage"},"image":{"@id":"https:\/\/velezylozano.com\/preguntas-frecuentes-sobre-carillas-dentales\/#primaryimage"},"thumbnailUrl":"https:\/\/i0.wp.com\/velezylozano.com\/wp-content\/uploads\/2022\/09\/diego-velez-y-lozano-clinica-dental-murcia-endodoncia-ortodoncia-3-scaled.jpg?fit=2048%2C2560&ssl=1","datePublished":"2022-09-29T15:00:32+00:00","dateModified":"2023-09-13T12:06:52+00:00","description":"In this post we answer some of the questions that patients most frequently ask our aesthetic team.","breadcrumb":{"@id":"https:\/\/velezylozano.com\/preguntas-frecuentes-sobre-carillas-dentales\/#breadcrumb"},"inLanguage":"en-GB","potentialAction":[{"@type":"ReadAction","target":["https:\/\/velezylozano.com\/preguntas-frecuentes-sobre-carillas-dentales\/"]}]},{"@type":"ImageObject","inLanguage":"en-GB","@id":"https:\/\/velezylozano.com\/preguntas-frecuentes-sobre-carillas-dentales\/#primaryimage","url":"https:\/\/i0.wp.com\/velezylozano.com\/wp-content\/uploads\/2022\/09\/diego-velez-y-lozano-clinica-dental-murcia-endodoncia-ortodoncia-3-scaled.jpg?fit=2048%2C2560&ssl=1","contentUrl":"https:\/\/i0.wp.com\/velezylozano.com\/wp-content\/uploads\/2022\/09\/diego-velez-y-lozano-clinica-dental-murcia-endodoncia-ortodoncia-3-scaled.jpg?fit=2048%2C2560&ssl=1","width":2048,"height":2560},{"@type":"BreadcrumbList","@id":"https:\/\/velezylozano.com\/preguntas-frecuentes-sobre-carillas-dentales\/#breadcrumb","itemListElement":[{"@type":"ListItem","position":1,"name":"Home","item":"https:\/\/velezylozano.com\/"},{"@type":"ListItem","position":2,"name":"Preguntas frecuentes sobre carillas dentales"}]},{"@type":"WebSite","@id":"https:\/\/velezylozano.com\/#website","url":"https:\/\/velezylozano.com\/","name":"Velez &amp; Lozano","description":"Dental clinic in Murcia since 2008","publisher":{"@id":"https:\/\/velezylozano.com\/#organization"},"potentialAction":[{"@type":"SearchAction","target":{"@type":"EntryPoint","urlTemplate":"https:\/\/velezylozano.com\/?s={search_term_string}"},"query-input":{"@type":"PropertyValueSpecification","valueRequired":true,"valueName":"search_term_string"}}],"inLanguage":"en-GB"},{"@type":"Organization","@id":"https:\/\/velezylozano.com\/#organization","name":"Velez &amp; Lozano","url":"https:\/\/velezylozano.com\/","logo":{"@type":"ImageObject","inLanguage":"en-GB","@id":"https:\/\/velezylozano.com\/#\/schema\/logo\/image\/","url":"https:\/\/velezylozano.com\/wp-content\/uploads\/2021\/12\/velezlozanologo.svg","contentUrl":"https:\/\/velezylozano.com\/wp-content\/uploads\/2021\/12\/velezlozanologo.svg","width":322,"height":33,"caption":"V\u00e9lez &amp; Lozano"},"image":{"@id":"https:\/\/velezylozano.com\/#\/schema\/logo\/image\/"}},{"@type":"Person","@id":"https:\/\/velezylozano.com\/#\/schema\/person\/624587507a71480b00e56b7121472e19","name":"Diego Saura Mi\u00f1ano","image":{"@type":"ImageObject","inLanguage":"en-GB","@id":"https:\/\/secure.gravatar.com\/avatar\/842257ff51290f7326d250b00d8f5c51e9e5d866ee0fb25475486908936995ec?s=96&d=mm&r=g","url":"https:\/\/secure.gravatar.com\/avatar\/842257ff51290f7326d250b00d8f5c51e9e5d866ee0fb25475486908936995ec?s=96&d=mm&r=g","contentUrl":"https:\/\/secure.gravatar.com\/avatar\/842257ff51290f7326d250b00d8f5c51e9e5d866ee0fb25475486908936995ec?s=96&d=mm&r=g","caption":"Diego Saura Mi\u00f1ano"},"url":"https:\/\/velezylozano.com\/en\/author\/diego-saura\/"}]}},"jetpack_featured_media_url":"https:\/\/i0.wp.com\/velezylozano.com\/wp-content\/uploads\/2022\/09\/diego-velez-y-lozano-clinica-dental-murcia-endodoncia-ortodoncia-3-scaled.jpg?fit=2048%2C2560&ssl=1","jetpack-related-posts":[{"id":8182,"url":"https:\/\/velezylozano.com\/en\/dental-veneers-a-solution-to-improve-the-aesthetics-of-the-teeth\/","url_meta":{"origin":10855,"position":0},"title":"Dental veneers, a solution to improve tooth aesthetics","author":"Comunicaci\u00f3n V&amp;L","date":"25 de April de 2014","format":false,"excerpt":"A continuaci\u00f3n presentamos un art\u00edculo redactado en forma de colaboraci\u00f3n por parte de la Cl\u00ednica Sonr\u00ede Granada para nuestro blog. \u00a0 Los dentistas y odont\u00f3logos somos conscientes de la importancia que la est\u00e9tica dental est\u00e1 tomando en la sociedad actualmente, por ello, en nuestra b\u00fasqueda por satisfacer las necesidades de\u2026","rel":"","context":"Similar post","block_context":{"text":"Similar post","link":""},"img":{"alt_text":"","src":"https:\/\/i0.wp.com\/velezylozano.com\/wp-content\/uploads\/2022\/01\/velez-y-lozano-clinica-dental-region-murcia-nacho-ignacio-carillas-articulo-portada-scaled-1.jpg?fit=960%2C1200&ssl=1&resize=350%2C200","width":350,"height":200,"srcset":"https:\/\/i0.wp.com\/velezylozano.com\/wp-content\/uploads\/2022\/01\/velez-y-lozano-clinica-dental-region-murcia-nacho-ignacio-carillas-articulo-portada-scaled-1.jpg?fit=960%2C1200&ssl=1&resize=350%2C200 1x, https:\/\/i0.wp.com\/velezylozano.com\/wp-content\/uploads\/2022\/01\/velez-y-lozano-clinica-dental-region-murcia-nacho-ignacio-carillas-articulo-portada-scaled-1.jpg?fit=960%2C1200&ssl=1&resize=525%2C300 1.5x, https:\/\/i0.wp.com\/velezylozano.com\/wp-content\/uploads\/2022\/01\/velez-y-lozano-clinica-dental-region-murcia-nacho-ignacio-carillas-articulo-portada-scaled-1.jpg?fit=960%2C1200&ssl=1&resize=700%2C400 2x"},"classes":[]},{"id":8103,"url":"https:\/\/velezylozano.com\/en\/smiles-made-in-hollywood\/","url_meta":{"origin":10855,"position":1},"title":"Smiles 'made in Hollywood","author":"Comunicaci\u00f3n V&amp;L","date":"22 de July de 2013","format":false,"excerpt":"Muchos pacientes de la Regi\u00f3n de Murcia que quieren mejorar su sonrisa se preguntan \"\u00bfqu\u00e9 es lo que tienen l@s famos@s para que todo el mundo quiera parecerse a ell@s? \u00bfPor qu\u00e9 son tan atractiv@s?\" Adem\u00e1s de cirug\u00eda est\u00e9tica, en unos casos confirmada, en otros rumoreada, muchos famosos disfrutan de\u2026","rel":"","context":"Similar post","block_context":{"text":"Similar post","link":""},"img":{"alt_text":"","src":"https:\/\/i0.wp.com\/velezylozano.com\/wp-content\/uploads\/2022\/01\/Celbrity-dreams.jpg?fit=860%2C573&ssl=1&resize=350%2C200","width":350,"height":200,"srcset":"https:\/\/i0.wp.com\/velezylozano.com\/wp-content\/uploads\/2022\/01\/Celbrity-dreams.jpg?fit=860%2C573&ssl=1&resize=350%2C200 1x, https:\/\/i0.wp.com\/velezylozano.com\/wp-content\/uploads\/2022\/01\/Celbrity-dreams.jpg?fit=860%2C573&ssl=1&resize=525%2C300 1.5x, https:\/\/i0.wp.com\/velezylozano.com\/wp-content\/uploads\/2022\/01\/Celbrity-dreams.jpg?fit=860%2C573&ssl=1&resize=700%2C400 2x"},"classes":[]},{"id":8028,"url":"https:\/\/velezylozano.com\/en\/ceramic-veneers-in-murcia\/","url_meta":{"origin":10855,"position":2},"title":"Ceramic veneers in Murcia","author":"Comunicaci\u00f3n V&amp;L","date":"18 de October de 2012","format":false,"excerpt":"Sonre\u00edr \u2018como los famosos\u2019 es un deseo expresado muchas veces en privado, en c\u00edrculos de amistades o familiares, que tambi\u00e9n alcanza muchas veces la consulta del dentista y que, hoy m\u00e1s que nunca, es una posibilidad al alcance de muchos. \u00bfC\u00f3mo? Mediante el empleo de una rehabilitaci\u00f3n 100% cer\u00e1mica, con\u2026","rel":"","context":"Similar post","block_context":{"text":"Similar post","link":""},"img":{"alt_text":"","src":"https:\/\/i0.wp.com\/velezylozano.com\/wp-content\/uploads\/2022\/01\/velez-y-lozano-clinica-dental-murcia-nacho-trabajando1-scaled-1.jpg?fit=1200%2C800&ssl=1&resize=350%2C200","width":350,"height":200,"srcset":"https:\/\/i0.wp.com\/velezylozano.com\/wp-content\/uploads\/2022\/01\/velez-y-lozano-clinica-dental-murcia-nacho-trabajando1-scaled-1.jpg?fit=1200%2C800&ssl=1&resize=350%2C200 1x, https:\/\/i0.wp.com\/velezylozano.com\/wp-content\/uploads\/2022\/01\/velez-y-lozano-clinica-dental-murcia-nacho-trabajando1-scaled-1.jpg?fit=1200%2C800&ssl=1&resize=525%2C300 1.5x, https:\/\/i0.wp.com\/velezylozano.com\/wp-content\/uploads\/2022\/01\/velez-y-lozano-clinica-dental-murcia-nacho-trabajando1-scaled-1.jpg?fit=1200%2C800&ssl=1&resize=700%2C400 2x, https:\/\/i0.wp.com\/velezylozano.com\/wp-content\/uploads\/2022\/01\/velez-y-lozano-clinica-dental-murcia-nacho-trabajando1-scaled-1.jpg?fit=1200%2C800&ssl=1&resize=1050%2C600 3x"},"classes":[]},{"id":11486,"url":"https:\/\/velezylozano.com\/en\/doctor-diego-saura-expands-his-training-in-dental-veneers\/","url_meta":{"origin":10855,"position":3},"title":"Dr. Diego Saura expands his training in dental veneers","author":"Francisco J.","date":"15 de February de 2023","format":false,"excerpt":"Nuestro compa\u00f1ero, el odont\u00f3logo Diego Saura, ha tenido la oportunidad de ampliar sus conocimientos en el \u00e1rea de las carillas dentales al cursar una formaci\u00f3n impartida por Ferr\u00e1n Llansana, uno de los expertos en est\u00e9tica dental m\u00e1s reconocidos de nuestro territorio nacional. Como experto en est\u00e9tica dental en nuestra cl\u00ednica\u2026","rel":"","context":"In &quot;Actualidad&quot;","block_context":{"text":"Actualidad","link":"https:\/\/velezylozano.com\/en\/category\/news-2\/"},"img":{"alt_text":"","src":"https:\/\/i0.wp.com\/velezylozano.com\/wp-content\/uploads\/2023\/02\/curso-diego-e1677065371521.jpg?fit=1200%2C1187&ssl=1&resize=350%2C200","width":350,"height":200,"srcset":"https:\/\/i0.wp.com\/velezylozano.com\/wp-content\/uploads\/2023\/02\/curso-diego-e1677065371521.jpg?fit=1200%2C1187&ssl=1&resize=350%2C200 1x, https:\/\/i0.wp.com\/velezylozano.com\/wp-content\/uploads\/2023\/02\/curso-diego-e1677065371521.jpg?fit=1200%2C1187&ssl=1&resize=525%2C300 1.5x, https:\/\/i0.wp.com\/velezylozano.com\/wp-content\/uploads\/2023\/02\/curso-diego-e1677065371521.jpg?fit=1200%2C1187&ssl=1&resize=700%2C400 2x, https:\/\/i0.wp.com\/velezylozano.com\/wp-content\/uploads\/2023\/02\/curso-diego-e1677065371521.jpg?fit=1200%2C1187&ssl=1&resize=1050%2C600 3x"},"classes":[]},{"id":12660,"url":"https:\/\/velezylozano.com\/en\/our-paediatric-dentist-vanesa-rico-gives-a-course-on-injected-veneers-for-children\/","url_meta":{"origin":10855,"position":4},"title":"Our paediatric dentist, Vanesa Rico, gives a course on injected veneers for children.","author":"Francisco J.","date":"4 de June de 2024","format":false,"excerpt":"Nuestra compa\u00f1era Vanesa Rico, dentista para ni\u00f1os en nuestra cl\u00ednica de Murcia, se ha formado en t\u00e9cnica de carillas inyectadas para poder ofrecer esta alternativa a sus pacientes. El curso, realizado mediante Dental Excelence e impartido por el Dr. Enrique D\u00edaz Guzm\u00e1n ha abordado durante sus 51 horas de duraci\u00f3n\u2026","rel":"","context":"In &quot;Actualidad&quot;","block_context":{"text":"Actualidad","link":"https:\/\/velezylozano.com\/en\/category\/news-2\/"},"img":{"alt_text":"","src":"https:\/\/i0.wp.com\/velezylozano.com\/wp-content\/uploads\/2024\/06\/Vanesa-foto-curso.png?fit=1200%2C675&ssl=1&resize=350%2C200","width":350,"height":200,"srcset":"https:\/\/i0.wp.com\/velezylozano.com\/wp-content\/uploads\/2024\/06\/Vanesa-foto-curso.png?fit=1200%2C675&ssl=1&resize=350%2C200 1x, https:\/\/i0.wp.com\/velezylozano.com\/wp-content\/uploads\/2024\/06\/Vanesa-foto-curso.png?fit=1200%2C675&ssl=1&resize=525%2C300 1.5x, https:\/\/i0.wp.com\/velezylozano.com\/wp-content\/uploads\/2024\/06\/Vanesa-foto-curso.png?fit=1200%2C675&ssl=1&resize=700%2C400 2x, https:\/\/i0.wp.com\/velezylozano.com\/wp-content\/uploads\/2024\/06\/Vanesa-foto-curso.png?fit=1200%2C675&ssl=1&resize=1050%2C600 3x"},"classes":[]},{"id":10987,"url":"https:\/\/velezylozano.com\/en\/what-material-are-dental-veneers-made-of\/","url_meta":{"origin":10855,"position":5},"title":"What material are dental veneers made of?","author":"Fernando Garc\u00eda V\u00e9lez","date":"14 de October de 2022","format":false,"excerpt":"Las carillas dentales son el \u2018gold standard\u2019 de los tratamientos de est\u00e9tica dental. Estas l\u00e1minas, que pueden ser realizadas de forma directa por el odont\u00f3logo, o indirecta por un laboratorio, consiguen modificar la forma, el color y el tama\u00f1o de los dientes.\u00a0 Son por eso mismo el tratamiento m\u00e1s buscado\u2026","rel":"","context":"In &quot;2022&quot;","block_context":{"text":"2022","link":"https:\/\/velezylozano.com\/en\/category\/2022\/"},"img":{"alt_text":"","src":"https:\/\/i0.wp.com\/velezylozano.com\/wp-content\/uploads\/2022\/10\/Tipos-de-carillas-dentales-1170x658-1.jpeg?fit=1170%2C658&ssl=1&resize=350%2C200","width":350,"height":200,"srcset":"https:\/\/i0.wp.com\/velezylozano.com\/wp-content\/uploads\/2022\/10\/Tipos-de-carillas-dentales-1170x658-1.jpeg?fit=1170%2C658&ssl=1&resize=350%2C200 1x, https:\/\/i0.wp.com\/velezylozano.com\/wp-content\/uploads\/2022\/10\/Tipos-de-carillas-dentales-1170x658-1.jpeg?fit=1170%2C658&ssl=1&resize=525%2C300 1.5x, https:\/\/i0.wp.com\/velezylozano.com\/wp-content\/uploads\/2022\/10\/Tipos-de-carillas-dentales-1170x658-1.jpeg?fit=1170%2C658&ssl=1&resize=700%2C400 2x, https:\/\/i0.wp.com\/velezylozano.com\/wp-content\/uploads\/2022\/10\/Tipos-de-carillas-dentales-1170x658-1.jpeg?fit=1170%2C658&ssl=1&resize=1050%2C600 3x"},"classes":[]}],"jetpack_sharing_enabled":true,"_links":{"self":[{"href":"https:\/\/velezylozano.com\/en\/wp-json\/wp\/v2\/posts\/10855","targetHints":{"allow":["GET"]}}],"collection":[{"href":"https:\/\/velezylozano.com\/en\/wp-json\/wp\/v2\/posts"}],"about":[{"href":"https:\/\/velezylozano.com\/en\/wp-json\/wp\/v2\/types\/post"}],"author":[{"embeddable":true,"href":"https:\/\/velezylozano.com\/en\/wp-json\/wp\/v2\/users\/7"}],"replies":[{"embeddable":true,"href":"https:\/\/velezylozano.com\/en\/wp-json\/wp\/v2\/comments?post=10855"}],"version-history":[{"count":11,"href":"https:\/\/velezylozano.com\/en\/wp-json\/wp\/v2\/posts\/10855\/revisions"}],"predecessor-version":[{"id":12070,"href":"https:\/\/velezylozano.com\/en\/wp-json\/wp\/v2\/posts\/10855\/revisions\/12070"}],"wp:featuredmedia":[{"embeddable":true,"href":"https:\/\/velezylozano.com\/en\/wp-json\/wp\/v2\/media\/10878"}],"wp:attachment":[{"href":"https:\/\/velezylozano.com\/en\/wp-json\/wp\/v2\/media?parent=10855"}],"wp:term":[{"taxonomy":"category","embeddable":true,"href":"https:\/\/velezylozano.com\/en\/wp-json\/wp\/v2\/categories?post=10855"},{"taxonomy":"post_tag","embeddable":true,"href":"https:\/\/velezylozano.com\/en\/wp-json\/wp\/v2\/tags?post=10855"}],"curies":[{"name":"wp","href":"https:\/\/api.w.org\/{rel}","templated":true}]}}