{"id":11392,"date":"2023-01-20T08:30:39","date_gmt":"2023-01-20T07:30:39","guid":{"rendered":"https:\/\/velezylozano.com\/?p=11392"},"modified":"2023-02-20T08:51:53","modified_gmt":"2023-02-20T07:51:53","slug":"tooth-preparation-for-veneers-myths-and-facts","status":"publish","type":"post","link":"https:\/\/velezylozano.com\/en\/tooth-preparation-for-veneers-myths-and-facts\/","title":{"rendered":"Preparing the tooth for veneers: myths and realities"},"content":{"rendered":"<p class=\"p1\">Due to 'somewhat misleading' advertising in the dental sector in recent years, many patients insist in the dental office on \"no-face veneers\", i.e. the ultimate aesthetic treatment for the smile: veneers with which the tooth does not need to be treated at all to give a radical 180-degree turn to our smile.<\/p>\n<p class=\"p1\">Of course, all this advertising information is mostly untrue, as only a few exceptional cases are candidates for these 'non-prep' or non-grinding veneers, which do exist.<\/p>\n<p class=\"p1\">Today I am going to explain why:<\/p>\n<h2 class=\"p1\">What is veneer grinding and what is it really for?<\/h2>\n<p class=\"p1\">Why is good tooth preparation (including minimal grinding) necessary in the vast majority of cases for efficient veneer placement? Because of three factors:<\/p>\n<ol>\n<li class=\"p1\">\u00a0<strong>Margins<\/strong>. Veneers need a defined margin that limits them, that is to say, the prosthetist who manufactures them must be clear about where the margins of each veneer end in order to achieve a perfect fit. If the margins are not marked by correct grinding, the veneer will never be perfect and there will be a risk of leakage and failure in the long term.<\/li>\n<li class=\"p1\"><strong>Colour<\/strong>. One of the most sought-after functions of veneers is to enhance the colour of the teeth, camouflaging the original colour once they are placed on the tooth. For this to happen effectively, we need a veneer with a certain thickness, because if it is too thin, the colour (usually dark or yellowish, and therefore 'stronger' than white) underneath would be transparent. This point is directly related to the next one.<\/li>\n<li class=\"p1\"><strong>Volume<\/strong>. Finally, and related to thickness, we must talk about volume. Think that if our teeth already have a correct position with respect to the lip, which would be ideal, placing veneers on top of them without making enough space can result in a 'horse teeth' appearance, that is, teeth that protrude excessively and can even change the volume of the lip. When the volume of our teeth and the veneer are added together, our facial harmony changes.<\/li>\n<\/ol>\n<h2 class=\"p1\">How should the carving be done?<\/h2>\n<p class=\"p1\">The preparation required in most cases is minimal, but essential. We are talking about 0.3 to 1 millimetre depending on the case, so that the patient sometimes cannot even appreciate the 'carving'. In addition, the technique of carving on mockup (the aesthetic test to show the design to the patient), allows us to carve in a guided and conservative way, as it prevents us from going beyond what is strictly necessary. By making pencil marks on the mock-up, we manage to eliminate the enamel necessary to create the space where our veneers will be placed.<\/p>\n<p><img data-recalc-dims=\"1\" fetchpriority=\"high\" decoding=\"async\" class=\"alignnone size-medium wp-image-11393\" src=\"https:\/\/i0.wp.com\/velezylozano.com\/wp-content\/uploads\/2023\/01\/tallado-carillas.jpeg?resize=300%2C300&#038;ssl=1\" alt=\"\" width=\"300\" height=\"300\" srcset=\"https:\/\/i0.wp.com\/velezylozano.com\/wp-content\/uploads\/2023\/01\/tallado-carillas-scaled.jpeg?resize=300%2C300&amp;ssl=1 300w, https:\/\/i0.wp.com\/velezylozano.com\/wp-content\/uploads\/2023\/01\/tallado-carillas-scaled.jpeg?resize=1024%2C1024&amp;ssl=1 1024w, https:\/\/i0.wp.com\/velezylozano.com\/wp-content\/uploads\/2023\/01\/tallado-carillas-scaled.jpeg?resize=150%2C150&amp;ssl=1 150w, https:\/\/i0.wp.com\/velezylozano.com\/wp-content\/uploads\/2023\/01\/tallado-carillas-scaled.jpeg?resize=768%2C768&amp;ssl=1 768w, https:\/\/i0.wp.com\/velezylozano.com\/wp-content\/uploads\/2023\/01\/tallado-carillas-scaled.jpeg?resize=1536%2C1536&amp;ssl=1 1536w, https:\/\/i0.wp.com\/velezylozano.com\/wp-content\/uploads\/2023\/01\/tallado-carillas-scaled.jpeg?resize=2048%2C2048&amp;ssl=1 2048w, https:\/\/i0.wp.com\/velezylozano.com\/wp-content\/uploads\/2023\/01\/tallado-carillas-scaled.jpeg?resize=12%2C12&amp;ssl=1 12w, https:\/\/i0.wp.com\/velezylozano.com\/wp-content\/uploads\/2023\/01\/tallado-carillas-scaled.jpeg?w=1600&amp;ssl=1 1600w, https:\/\/i0.wp.com\/velezylozano.com\/wp-content\/uploads\/2023\/01\/tallado-carillas-scaled.jpeg?w=2400&amp;ssl=1 2400w\" sizes=\"(max-width: 300px) 100vw, 300px\" \/><\/p>\n<p class=\"p1\">Therefore, we can conclude that non-prep veneers will only be viable in a minority of cases where the substrate (the tooth) has a suitable colour that does not need to be camouflaged, cases where there are interdental spaces (diastemas) that allow a veneer to be seated at that level and cases where the teeth have a negative torque allowing the addition of vestibular thickness without compromising aesthetics, as we will not need to generate prosthetic space.<\/p>\n<p class=\"p1\">In all other cases, it is unfeasible to produce veneers without grinding efficiently and with the results expected by the patient.<\/p>","protected":false},"excerpt":{"rendered":"<p>Due to 'somewhat misleading' advertising in the dental sector in recent years, many patients insist in the dental office on \"no-face veneers\", i.e. the ultimate aesthetic treatment for the smile: veneers with which the tooth does not need to be treated at all in order to give it a radical makeover and a new look.<\/p>","protected":false},"author":6,"featured_media":11393,"comment_status":"open","ping_status":"open","sticky":false,"template":"","format":"standard","meta":{"_jetpack_memberships_contains_paid_content":false,"footnotes":""},"categories":[106],"tags":[74,61,34],"class_list":["post-11392","post","type-post","status-publish","format-standard","has-post-thumbnail","hentry","category-106","tag-carillas","tag-estetica","tag-odontologia"],"yoast_head":"<!-- This site is optimized with the Yoast SEO plugin v27.4 - https:\/\/yoast.com\/product\/yoast-seo-wordpress\/ -->\n<title>Preparaci\u00f3n del diente para carillas: mitos y realidades - V\u00e9lez &amp; Lozano<\/title>\n<meta name=\"description\" content=\"Abordamos el pol\u00e9mico tema de las carillas sin tallado o preparaci\u00f3n. \u00bfSon una realidad o tan solo un mito publicitario?\" \/>\n<meta name=\"robots\" content=\"index, follow, max-snippet:-1, max-image-preview:large, max-video-preview:-1\" \/>\n<link rel=\"canonical\" href=\"https:\/\/velezylozano.com\/en\/tooth-preparation-for-veneers-myths-and-facts\/\" \/>\n<meta property=\"og:locale\" content=\"en_GB\" \/>\n<meta property=\"og:type\" content=\"article\" \/>\n<meta property=\"og:title\" content=\"Preparaci\u00f3n del diente para carillas: mitos y realidades - V\u00e9lez &amp; Lozano\" \/>\n<meta property=\"og:description\" content=\"Abordamos el pol\u00e9mico tema de las carillas sin tallado o preparaci\u00f3n. \u00bfSon una realidad o tan solo un mito publicitario?\" \/>\n<meta property=\"og:url\" content=\"https:\/\/velezylozano.com\/en\/tooth-preparation-for-veneers-myths-and-facts\/\" \/>\n<meta property=\"og:site_name\" content=\"V\u00e9lez &amp; Lozano\" \/>\n<meta property=\"article:published_time\" content=\"2023-01-20T07:30:39+00:00\" \/>\n<meta property=\"article:modified_time\" content=\"2023-02-20T07:51:53+00:00\" \/>\n<meta property=\"og:image\" content=\"https:\/\/i0.wp.com\/velezylozano.com\/wp-content\/uploads\/2023\/01\/tallado-carillas-scaled.jpeg?fit=2560%2C2560&ssl=1\" \/>\n\t<meta property=\"og:image:width\" content=\"2560\" \/>\n\t<meta property=\"og:image:height\" content=\"2560\" \/>\n\t<meta property=\"og:image:type\" content=\"image\/jpeg\" \/>\n<meta name=\"author\" content=\"Fernando Garc\u00eda V\u00e9lez\" \/>\n<meta name=\"twitter:card\" content=\"summary_large_image\" \/>\n<meta name=\"twitter:label1\" content=\"Written by\" \/>\n\t<meta name=\"twitter:data1\" content=\"Fernando Garc\u00eda V\u00e9lez\" \/>\n\t<meta name=\"twitter:label2\" content=\"Estimated reading time\" \/>\n\t<meta name=\"twitter:data2\" content=\"3 minutes\" \/>\n<script type=\"application\/ld+json\" class=\"yoast-schema-graph\">{\"@context\":\"https:\\\/\\\/schema.org\",\"@graph\":[{\"@type\":\"Article\",\"@id\":\"https:\\\/\\\/velezylozano.com\\\/preparacion-del-diente-para-carillas-mitos-y-realidades\\\/#article\",\"isPartOf\":{\"@id\":\"https:\\\/\\\/velezylozano.com\\\/preparacion-del-diente-para-carillas-mitos-y-realidades\\\/\"},\"author\":{\"name\":\"Fernando Garc\u00eda V\u00e9lez\",\"@id\":\"https:\\\/\\\/velezylozano.com\\\/#\\\/schema\\\/person\\\/911fd8a44bdffa4ca6225c73ebe07fc0\"},\"headline\":\"Preparaci\u00f3n del diente para carillas: mitos y realidades\",\"datePublished\":\"2023-01-20T07:30:39+00:00\",\"dateModified\":\"2023-02-20T07:51:53+00:00\",\"mainEntityOfPage\":{\"@id\":\"https:\\\/\\\/velezylozano.com\\\/preparacion-del-diente-para-carillas-mitos-y-realidades\\\/\"},\"wordCount\":605,\"commentCount\":0,\"publisher\":{\"@id\":\"https:\\\/\\\/velezylozano.com\\\/#organization\"},\"image\":{\"@id\":\"https:\\\/\\\/velezylozano.com\\\/preparacion-del-diente-para-carillas-mitos-y-realidades\\\/#primaryimage\"},\"thumbnailUrl\":\"https:\\\/\\\/i0.wp.com\\\/velezylozano.com\\\/wp-content\\\/uploads\\\/2023\\\/01\\\/tallado-carillas-scaled.jpeg?fit=2560%2C2560&ssl=1\",\"keywords\":[\"carillas\",\"est\u00e9tica\",\"odontolog\u00eda\"],\"articleSection\":[\"2023\"],\"inLanguage\":\"en-GB\",\"potentialAction\":[{\"@type\":\"CommentAction\",\"name\":\"Comment\",\"target\":[\"https:\\\/\\\/velezylozano.com\\\/preparacion-del-diente-para-carillas-mitos-y-realidades\\\/#respond\"]}]},{\"@type\":\"WebPage\",\"@id\":\"https:\\\/\\\/velezylozano.com\\\/preparacion-del-diente-para-carillas-mitos-y-realidades\\\/\",\"url\":\"https:\\\/\\\/velezylozano.com\\\/preparacion-del-diente-para-carillas-mitos-y-realidades\\\/\",\"name\":\"Preparaci\u00f3n del diente para carillas: mitos y realidades - V\u00e9lez &amp; Lozano\",\"isPartOf\":{\"@id\":\"https:\\\/\\\/velezylozano.com\\\/#website\"},\"primaryImageOfPage\":{\"@id\":\"https:\\\/\\\/velezylozano.com\\\/preparacion-del-diente-para-carillas-mitos-y-realidades\\\/#primaryimage\"},\"image\":{\"@id\":\"https:\\\/\\\/velezylozano.com\\\/preparacion-del-diente-para-carillas-mitos-y-realidades\\\/#primaryimage\"},\"thumbnailUrl\":\"https:\\\/\\\/i0.wp.com\\\/velezylozano.com\\\/wp-content\\\/uploads\\\/2023\\\/01\\\/tallado-carillas-scaled.jpeg?fit=2560%2C2560&ssl=1\",\"datePublished\":\"2023-01-20T07:30:39+00:00\",\"dateModified\":\"2023-02-20T07:51:53+00:00\",\"description\":\"Abordamos el pol\u00e9mico tema de las carillas sin tallado o preparaci\u00f3n. \u00bfSon una realidad o tan solo un mito publicitario?\",\"breadcrumb\":{\"@id\":\"https:\\\/\\\/velezylozano.com\\\/preparacion-del-diente-para-carillas-mitos-y-realidades\\\/#breadcrumb\"},\"inLanguage\":\"en-GB\",\"potentialAction\":[{\"@type\":\"ReadAction\",\"target\":[\"https:\\\/\\\/velezylozano.com\\\/preparacion-del-diente-para-carillas-mitos-y-realidades\\\/\"]}]},{\"@type\":\"ImageObject\",\"inLanguage\":\"en-GB\",\"@id\":\"https:\\\/\\\/velezylozano.com\\\/preparacion-del-diente-para-carillas-mitos-y-realidades\\\/#primaryimage\",\"url\":\"https:\\\/\\\/i0.wp.com\\\/velezylozano.com\\\/wp-content\\\/uploads\\\/2023\\\/01\\\/tallado-carillas-scaled.jpeg?fit=2560%2C2560&ssl=1\",\"contentUrl\":\"https:\\\/\\\/i0.wp.com\\\/velezylozano.com\\\/wp-content\\\/uploads\\\/2023\\\/01\\\/tallado-carillas-scaled.jpeg?fit=2560%2C2560&ssl=1\",\"width\":2560,\"height\":2560},{\"@type\":\"BreadcrumbList\",\"@id\":\"https:\\\/\\\/velezylozano.com\\\/preparacion-del-diente-para-carillas-mitos-y-realidades\\\/#breadcrumb\",\"itemListElement\":[{\"@type\":\"ListItem\",\"position\":1,\"name\":\"Home\",\"item\":\"https:\\\/\\\/velezylozano.com\\\/\"},{\"@type\":\"ListItem\",\"position\":2,\"name\":\"Preparaci\u00f3n del diente para carillas: mitos y realidades\"}]},{\"@type\":\"WebSite\",\"@id\":\"https:\\\/\\\/velezylozano.com\\\/#website\",\"url\":\"https:\\\/\\\/velezylozano.com\\\/\",\"name\":\"V\u00e9lez &amp; Lozano\",\"description\":\"Cl\u00ednica dental en Murcia desde 2008\",\"publisher\":{\"@id\":\"https:\\\/\\\/velezylozano.com\\\/#organization\"},\"potentialAction\":[{\"@type\":\"SearchAction\",\"target\":{\"@type\":\"EntryPoint\",\"urlTemplate\":\"https:\\\/\\\/velezylozano.com\\\/?s={search_term_string}\"},\"query-input\":{\"@type\":\"PropertyValueSpecification\",\"valueRequired\":true,\"valueName\":\"search_term_string\"}}],\"inLanguage\":\"en-GB\"},{\"@type\":\"Organization\",\"@id\":\"https:\\\/\\\/velezylozano.com\\\/#organization\",\"name\":\"V\u00e9lez &amp; Lozano\",\"url\":\"https:\\\/\\\/velezylozano.com\\\/\",\"logo\":{\"@type\":\"ImageObject\",\"inLanguage\":\"en-GB\",\"@id\":\"https:\\\/\\\/velezylozano.com\\\/#\\\/schema\\\/logo\\\/image\\\/\",\"url\":\"https:\\\/\\\/velezylozano.com\\\/wp-content\\\/uploads\\\/2021\\\/12\\\/velezlozanologo.svg\",\"contentUrl\":\"https:\\\/\\\/velezylozano.com\\\/wp-content\\\/uploads\\\/2021\\\/12\\\/velezlozanologo.svg\",\"width\":322,\"height\":33,\"caption\":\"V\u00e9lez &amp; Lozano\"},\"image\":{\"@id\":\"https:\\\/\\\/velezylozano.com\\\/#\\\/schema\\\/logo\\\/image\\\/\"}},{\"@type\":\"Person\",\"@id\":\"https:\\\/\\\/velezylozano.com\\\/#\\\/schema\\\/person\\\/911fd8a44bdffa4ca6225c73ebe07fc0\",\"name\":\"Fernando Garc\u00eda V\u00e9lez\",\"image\":{\"@type\":\"ImageObject\",\"inLanguage\":\"en-GB\",\"@id\":\"https:\\\/\\\/secure.gravatar.com\\\/avatar\\\/94d752d86676431edbed8b08cc598b7bffbc4acf551bd9e692da0e90e97e54d2?s=96&d=mm&r=g\",\"url\":\"https:\\\/\\\/secure.gravatar.com\\\/avatar\\\/94d752d86676431edbed8b08cc598b7bffbc4acf551bd9e692da0e90e97e54d2?s=96&d=mm&r=g\",\"contentUrl\":\"https:\\\/\\\/secure.gravatar.com\\\/avatar\\\/94d752d86676431edbed8b08cc598b7bffbc4acf551bd9e692da0e90e97e54d2?s=96&d=mm&r=g\",\"caption\":\"Fernando Garc\u00eda V\u00e9lez\"},\"sameAs\":[\"http:\\\/\\\/velezylozano.com\"],\"url\":\"https:\\\/\\\/velezylozano.com\\\/en\\\/author\\\/fernando-garcia-velez\\\/\"}]}<\/script>\n<!-- \/ Yoast SEO plugin. -->","yoast_head_json":{"title":"Tooth preparation for veneers: myths and realities - V\u00e9lez &amp; Lozano","description":"We tackle the controversial topic of veneers without grinding or preparation - are they a reality or just an advertising myth?","robots":{"index":"index","follow":"follow","max-snippet":"max-snippet:-1","max-image-preview":"max-image-preview:large","max-video-preview":"max-video-preview:-1"},"canonical":"https:\/\/velezylozano.com\/en\/tooth-preparation-for-veneers-myths-and-facts\/","og_locale":"en_GB","og_type":"article","og_title":"Preparaci\u00f3n del diente para carillas: mitos y realidades - V\u00e9lez &amp; Lozano","og_description":"Abordamos el pol\u00e9mico tema de las carillas sin tallado o preparaci\u00f3n. \u00bfSon una realidad o tan solo un mito publicitario?","og_url":"https:\/\/velezylozano.com\/en\/tooth-preparation-for-veneers-myths-and-facts\/","og_site_name":"V\u00e9lez &amp; Lozano","article_published_time":"2023-01-20T07:30:39+00:00","article_modified_time":"2023-02-20T07:51:53+00:00","og_image":[{"width":2560,"height":2560,"url":"https:\/\/i0.wp.com\/velezylozano.com\/wp-content\/uploads\/2023\/01\/tallado-carillas-scaled.jpeg?fit=2560%2C2560&ssl=1","type":"image\/jpeg"}],"author":"Fernando Garc\u00eda V\u00e9lez","twitter_card":"summary_large_image","twitter_misc":{"Written by":"Fernando Garc\u00eda V\u00e9lez","Estimated reading time":"3 minutes"},"schema":{"@context":"https:\/\/schema.org","@graph":[{"@type":"Article","@id":"https:\/\/velezylozano.com\/preparacion-del-diente-para-carillas-mitos-y-realidades\/#article","isPartOf":{"@id":"https:\/\/velezylozano.com\/preparacion-del-diente-para-carillas-mitos-y-realidades\/"},"author":{"name":"Fernando Garc\u00eda V\u00e9lez","@id":"https:\/\/velezylozano.com\/#\/schema\/person\/911fd8a44bdffa4ca6225c73ebe07fc0"},"headline":"Preparaci\u00f3n del diente para carillas: mitos y realidades","datePublished":"2023-01-20T07:30:39+00:00","dateModified":"2023-02-20T07:51:53+00:00","mainEntityOfPage":{"@id":"https:\/\/velezylozano.com\/preparacion-del-diente-para-carillas-mitos-y-realidades\/"},"wordCount":605,"commentCount":0,"publisher":{"@id":"https:\/\/velezylozano.com\/#organization"},"image":{"@id":"https:\/\/velezylozano.com\/preparacion-del-diente-para-carillas-mitos-y-realidades\/#primaryimage"},"thumbnailUrl":"https:\/\/i0.wp.com\/velezylozano.com\/wp-content\/uploads\/2023\/01\/tallado-carillas-scaled.jpeg?fit=2560%2C2560&ssl=1","keywords":["carillas","est\u00e9tica","odontolog\u00eda"],"articleSection":["2023"],"inLanguage":"en-GB","potentialAction":[{"@type":"CommentAction","name":"Comment","target":["https:\/\/velezylozano.com\/preparacion-del-diente-para-carillas-mitos-y-realidades\/#respond"]}]},{"@type":"WebPage","@id":"https:\/\/velezylozano.com\/preparacion-del-diente-para-carillas-mitos-y-realidades\/","url":"https:\/\/velezylozano.com\/preparacion-del-diente-para-carillas-mitos-y-realidades\/","name":"Tooth preparation for veneers: myths and realities - V\u00e9lez &amp; Lozano","isPartOf":{"@id":"https:\/\/velezylozano.com\/#website"},"primaryImageOfPage":{"@id":"https:\/\/velezylozano.com\/preparacion-del-diente-para-carillas-mitos-y-realidades\/#primaryimage"},"image":{"@id":"https:\/\/velezylozano.com\/preparacion-del-diente-para-carillas-mitos-y-realidades\/#primaryimage"},"thumbnailUrl":"https:\/\/i0.wp.com\/velezylozano.com\/wp-content\/uploads\/2023\/01\/tallado-carillas-scaled.jpeg?fit=2560%2C2560&ssl=1","datePublished":"2023-01-20T07:30:39+00:00","dateModified":"2023-02-20T07:51:53+00:00","description":"We tackle the controversial topic of veneers without grinding or preparation - are they a reality or just an advertising myth?","breadcrumb":{"@id":"https:\/\/velezylozano.com\/preparacion-del-diente-para-carillas-mitos-y-realidades\/#breadcrumb"},"inLanguage":"en-GB","potentialAction":[{"@type":"ReadAction","target":["https:\/\/velezylozano.com\/preparacion-del-diente-para-carillas-mitos-y-realidades\/"]}]},{"@type":"ImageObject","inLanguage":"en-GB","@id":"https:\/\/velezylozano.com\/preparacion-del-diente-para-carillas-mitos-y-realidades\/#primaryimage","url":"https:\/\/i0.wp.com\/velezylozano.com\/wp-content\/uploads\/2023\/01\/tallado-carillas-scaled.jpeg?fit=2560%2C2560&ssl=1","contentUrl":"https:\/\/i0.wp.com\/velezylozano.com\/wp-content\/uploads\/2023\/01\/tallado-carillas-scaled.jpeg?fit=2560%2C2560&ssl=1","width":2560,"height":2560},{"@type":"BreadcrumbList","@id":"https:\/\/velezylozano.com\/preparacion-del-diente-para-carillas-mitos-y-realidades\/#breadcrumb","itemListElement":[{"@type":"ListItem","position":1,"name":"Home","item":"https:\/\/velezylozano.com\/"},{"@type":"ListItem","position":2,"name":"Preparaci\u00f3n del diente para carillas: mitos y realidades"}]},{"@type":"WebSite","@id":"https:\/\/velezylozano.com\/#website","url":"https:\/\/velezylozano.com\/","name":"Velez &amp; Lozano","description":"Dental clinic in Murcia since 2008","publisher":{"@id":"https:\/\/velezylozano.com\/#organization"},"potentialAction":[{"@type":"SearchAction","target":{"@type":"EntryPoint","urlTemplate":"https:\/\/velezylozano.com\/?s={search_term_string}"},"query-input":{"@type":"PropertyValueSpecification","valueRequired":true,"valueName":"search_term_string"}}],"inLanguage":"en-GB"},{"@type":"Organization","@id":"https:\/\/velezylozano.com\/#organization","name":"Velez &amp; Lozano","url":"https:\/\/velezylozano.com\/","logo":{"@type":"ImageObject","inLanguage":"en-GB","@id":"https:\/\/velezylozano.com\/#\/schema\/logo\/image\/","url":"https:\/\/velezylozano.com\/wp-content\/uploads\/2021\/12\/velezlozanologo.svg","contentUrl":"https:\/\/velezylozano.com\/wp-content\/uploads\/2021\/12\/velezlozanologo.svg","width":322,"height":33,"caption":"V\u00e9lez &amp; Lozano"},"image":{"@id":"https:\/\/velezylozano.com\/#\/schema\/logo\/image\/"}},{"@type":"Person","@id":"https:\/\/velezylozano.com\/#\/schema\/person\/911fd8a44bdffa4ca6225c73ebe07fc0","name":"Fernando Garc\u00eda V\u00e9lez","image":{"@type":"ImageObject","inLanguage":"en-GB","@id":"https:\/\/secure.gravatar.com\/avatar\/94d752d86676431edbed8b08cc598b7bffbc4acf551bd9e692da0e90e97e54d2?s=96&d=mm&r=g","url":"https:\/\/secure.gravatar.com\/avatar\/94d752d86676431edbed8b08cc598b7bffbc4acf551bd9e692da0e90e97e54d2?s=96&d=mm&r=g","contentUrl":"https:\/\/secure.gravatar.com\/avatar\/94d752d86676431edbed8b08cc598b7bffbc4acf551bd9e692da0e90e97e54d2?s=96&d=mm&r=g","caption":"Fernando Garc\u00eda V\u00e9lez"},"sameAs":["http:\/\/velezylozano.com"],"url":"https:\/\/velezylozano.com\/en\/author\/fernando-garcia-velez\/"}]}},"jetpack_featured_media_url":"https:\/\/i0.wp.com\/velezylozano.com\/wp-content\/uploads\/2023\/01\/tallado-carillas-scaled.jpeg?fit=2560%2C2560&ssl=1","jetpack-related-posts":[{"id":8103,"url":"https:\/\/velezylozano.com\/en\/smiles-made-in-hollywood\/","url_meta":{"origin":11392,"position":0},"title":"Smiles 'made in Hollywood","author":"Comunicaci\u00f3n V&amp;L","date":"22 de July de 2013","format":false,"excerpt":"Muchos pacientes de la Regi\u00f3n de Murcia que quieren mejorar su sonrisa se preguntan \"\u00bfqu\u00e9 es lo que tienen l@s famos@s para que todo el mundo quiera parecerse a ell@s? \u00bfPor qu\u00e9 son tan atractiv@s?\" Adem\u00e1s de cirug\u00eda est\u00e9tica, en unos casos confirmada, en otros rumoreada, muchos famosos disfrutan de\u2026","rel":"","context":"Similar post","block_context":{"text":"Similar post","link":""},"img":{"alt_text":"","src":"https:\/\/i0.wp.com\/velezylozano.com\/wp-content\/uploads\/2022\/01\/Celbrity-dreams.jpg?fit=860%2C573&ssl=1&resize=350%2C200","width":350,"height":200,"srcset":"https:\/\/i0.wp.com\/velezylozano.com\/wp-content\/uploads\/2022\/01\/Celbrity-dreams.jpg?fit=860%2C573&ssl=1&resize=350%2C200 1x, https:\/\/i0.wp.com\/velezylozano.com\/wp-content\/uploads\/2022\/01\/Celbrity-dreams.jpg?fit=860%2C573&ssl=1&resize=525%2C300 1.5x, https:\/\/i0.wp.com\/velezylozano.com\/wp-content\/uploads\/2022\/01\/Celbrity-dreams.jpg?fit=860%2C573&ssl=1&resize=700%2C400 2x"},"classes":[]},{"id":10855,"url":"https:\/\/velezylozano.com\/en\/frequently-asked-questions-about-dental-veneers\/","url_meta":{"origin":11392,"position":1},"title":"Frequently asked questions about dental veneers","author":"Diego Saura Mi\u00f1ano","date":"29 de September de 2022","format":false,"excerpt":"A la hora de abordar un tratamiento de est\u00e9tica, los pacientes suelen repetirme siempre las mismas preguntas, tanto en gabinete como mucho antes de esa fase, por lo que me he decidido a recopilarlas todas en un solo art\u00edculo de blog. Empecemos por el principio. Alguien ve una sonrisa en\u2026","rel":"","context":"In &quot;2022&quot;","block_context":{"text":"2022","link":"https:\/\/velezylozano.com\/en\/category\/2022\/"},"img":{"alt_text":"","src":"https:\/\/i0.wp.com\/velezylozano.com\/wp-content\/uploads\/2022\/09\/diego-velez-y-lozano-clinica-dental-murcia-endodoncia-ortodoncia-3-scaled.jpg?fit=960%2C1200&ssl=1&resize=350%2C200","width":350,"height":200,"srcset":"https:\/\/i0.wp.com\/velezylozano.com\/wp-content\/uploads\/2022\/09\/diego-velez-y-lozano-clinica-dental-murcia-endodoncia-ortodoncia-3-scaled.jpg?fit=960%2C1200&ssl=1&resize=350%2C200 1x, https:\/\/i0.wp.com\/velezylozano.com\/wp-content\/uploads\/2022\/09\/diego-velez-y-lozano-clinica-dental-murcia-endodoncia-ortodoncia-3-scaled.jpg?fit=960%2C1200&ssl=1&resize=525%2C300 1.5x, https:\/\/i0.wp.com\/velezylozano.com\/wp-content\/uploads\/2022\/09\/diego-velez-y-lozano-clinica-dental-murcia-endodoncia-ortodoncia-3-scaled.jpg?fit=960%2C1200&ssl=1&resize=700%2C400 2x"},"classes":[]},{"id":11179,"url":"https:\/\/velezylozano.com\/en\/dental-veneers-step-by-step\/","url_meta":{"origin":11392,"position":2},"title":"Dental veneers: step by step","author":"Diego Saura Mi\u00f1ano","date":"11 de November de 2022","format":false,"excerpt":"En mi art\u00edculo anterior del blog, en el que respond\u00eda a las preguntas m\u00e1s frecuentes que suelo escuchar en el gabinete a la hora de hablar de carillas dentales, escrib\u00ed que la planificaci\u00f3n paso a paso y cita a cita dar\u00eda para un art\u00edculo de blog completo. Pues bien, es\u2026","rel":"","context":"In &quot;2022&quot;","block_context":{"text":"2022","link":"https:\/\/velezylozano.com\/en\/category\/2022\/"},"img":{"alt_text":"","src":"https:\/\/i0.wp.com\/velezylozano.com\/wp-content\/uploads\/2022\/11\/carillas-dentales-blog.jpeg?fit=640%2C360&ssl=1&resize=350%2C200","width":350,"height":200,"srcset":"https:\/\/i0.wp.com\/velezylozano.com\/wp-content\/uploads\/2022\/11\/carillas-dentales-blog.jpeg?fit=640%2C360&ssl=1&resize=350%2C200 1x, https:\/\/i0.wp.com\/velezylozano.com\/wp-content\/uploads\/2022\/11\/carillas-dentales-blog.jpeg?fit=640%2C360&ssl=1&resize=525%2C300 1.5x"},"classes":[]},{"id":8028,"url":"https:\/\/velezylozano.com\/en\/ceramic-veneers-in-murcia\/","url_meta":{"origin":11392,"position":3},"title":"Ceramic veneers in Murcia","author":"Comunicaci\u00f3n V&amp;L","date":"18 de October de 2012","format":false,"excerpt":"Sonre\u00edr \u2018como los famosos\u2019 es un deseo expresado muchas veces en privado, en c\u00edrculos de amistades o familiares, que tambi\u00e9n alcanza muchas veces la consulta del dentista y que, hoy m\u00e1s que nunca, es una posibilidad al alcance de muchos. \u00bfC\u00f3mo? Mediante el empleo de una rehabilitaci\u00f3n 100% cer\u00e1mica, con\u2026","rel":"","context":"Similar post","block_context":{"text":"Similar post","link":""},"img":{"alt_text":"","src":"https:\/\/i0.wp.com\/velezylozano.com\/wp-content\/uploads\/2022\/01\/velez-y-lozano-clinica-dental-murcia-nacho-trabajando1-scaled-1.jpg?fit=1200%2C800&ssl=1&resize=350%2C200","width":350,"height":200,"srcset":"https:\/\/i0.wp.com\/velezylozano.com\/wp-content\/uploads\/2022\/01\/velez-y-lozano-clinica-dental-murcia-nacho-trabajando1-scaled-1.jpg?fit=1200%2C800&ssl=1&resize=350%2C200 1x, https:\/\/i0.wp.com\/velezylozano.com\/wp-content\/uploads\/2022\/01\/velez-y-lozano-clinica-dental-murcia-nacho-trabajando1-scaled-1.jpg?fit=1200%2C800&ssl=1&resize=525%2C300 1.5x, https:\/\/i0.wp.com\/velezylozano.com\/wp-content\/uploads\/2022\/01\/velez-y-lozano-clinica-dental-murcia-nacho-trabajando1-scaled-1.jpg?fit=1200%2C800&ssl=1&resize=700%2C400 2x, https:\/\/i0.wp.com\/velezylozano.com\/wp-content\/uploads\/2022\/01\/velez-y-lozano-clinica-dental-murcia-nacho-trabajando1-scaled-1.jpg?fit=1200%2C800&ssl=1&resize=1050%2C600 3x"},"classes":[]},{"id":10619,"url":"https:\/\/velezylozano.com\/en\/pressed-veneers-what-are-they-and-how-do-they-work\/","url_meta":{"origin":11392,"position":4},"title":"Pressed veneers, what are they and how do they work?","author":"Francisco J.","date":"26 de August de 2022","format":false,"excerpt":"El \u00e1rea de est\u00e9tica dental ofrece diferentes soluciones a los pacientes en funci\u00f3n de sus necesidades, pero tambi\u00e9n de sus deseos, ya sea en base a su presupuesto pero tambi\u00e9n a otros factores a considerar, como comodidad, fiabilidad o durabilidad. En este sentido, ya hemos hablado en este blog, en\u2026","rel":"","context":"In &quot;2022&quot;","block_context":{"text":"2022","link":"https:\/\/velezylozano.com\/en\/category\/2022\/"},"img":{"alt_text":"","src":"https:\/\/i0.wp.com\/velezylozano.com\/wp-content\/uploads\/2022\/08\/IMG_3673-scaled.jpg?fit=1200%2C800&ssl=1&resize=350%2C200","width":350,"height":200,"srcset":"https:\/\/i0.wp.com\/velezylozano.com\/wp-content\/uploads\/2022\/08\/IMG_3673-scaled.jpg?fit=1200%2C800&ssl=1&resize=350%2C200 1x, https:\/\/i0.wp.com\/velezylozano.com\/wp-content\/uploads\/2022\/08\/IMG_3673-scaled.jpg?fit=1200%2C800&ssl=1&resize=525%2C300 1.5x, https:\/\/i0.wp.com\/velezylozano.com\/wp-content\/uploads\/2022\/08\/IMG_3673-scaled.jpg?fit=1200%2C800&ssl=1&resize=700%2C400 2x, https:\/\/i0.wp.com\/velezylozano.com\/wp-content\/uploads\/2022\/08\/IMG_3673-scaled.jpg?fit=1200%2C800&ssl=1&resize=1050%2C600 3x"},"classes":[]},{"id":8182,"url":"https:\/\/velezylozano.com\/en\/dental-veneers-a-solution-to-improve-the-aesthetics-of-the-teeth\/","url_meta":{"origin":11392,"position":5},"title":"Dental veneers, a solution to improve tooth aesthetics","author":"Comunicaci\u00f3n V&amp;L","date":"25 de April de 2014","format":false,"excerpt":"A continuaci\u00f3n presentamos un art\u00edculo redactado en forma de colaboraci\u00f3n por parte de la Cl\u00ednica Sonr\u00ede Granada para nuestro blog. \u00a0 Los dentistas y odont\u00f3logos somos conscientes de la importancia que la est\u00e9tica dental est\u00e1 tomando en la sociedad actualmente, por ello, en nuestra b\u00fasqueda por satisfacer las necesidades de\u2026","rel":"","context":"Similar post","block_context":{"text":"Similar post","link":""},"img":{"alt_text":"","src":"https:\/\/i0.wp.com\/velezylozano.com\/wp-content\/uploads\/2022\/01\/velez-y-lozano-clinica-dental-region-murcia-nacho-ignacio-carillas-articulo-portada-scaled-1.jpg?fit=960%2C1200&ssl=1&resize=350%2C200","width":350,"height":200,"srcset":"https:\/\/i0.wp.com\/velezylozano.com\/wp-content\/uploads\/2022\/01\/velez-y-lozano-clinica-dental-region-murcia-nacho-ignacio-carillas-articulo-portada-scaled-1.jpg?fit=960%2C1200&ssl=1&resize=350%2C200 1x, https:\/\/i0.wp.com\/velezylozano.com\/wp-content\/uploads\/2022\/01\/velez-y-lozano-clinica-dental-region-murcia-nacho-ignacio-carillas-articulo-portada-scaled-1.jpg?fit=960%2C1200&ssl=1&resize=525%2C300 1.5x, https:\/\/i0.wp.com\/velezylozano.com\/wp-content\/uploads\/2022\/01\/velez-y-lozano-clinica-dental-region-murcia-nacho-ignacio-carillas-articulo-portada-scaled-1.jpg?fit=960%2C1200&ssl=1&resize=700%2C400 2x"},"classes":[]}],"jetpack_sharing_enabled":true,"_links":{"self":[{"href":"https:\/\/velezylozano.com\/en\/wp-json\/wp\/v2\/posts\/11392","targetHints":{"allow":["GET"]}}],"collection":[{"href":"https:\/\/velezylozano.com\/en\/wp-json\/wp\/v2\/posts"}],"about":[{"href":"https:\/\/velezylozano.com\/en\/wp-json\/wp\/v2\/types\/post"}],"author":[{"embeddable":true,"href":"https:\/\/velezylozano.com\/en\/wp-json\/wp\/v2\/users\/6"}],"replies":[{"embeddable":true,"href":"https:\/\/velezylozano.com\/en\/wp-json\/wp\/v2\/comments?post=11392"}],"version-history":[{"count":3,"href":"https:\/\/velezylozano.com\/en\/wp-json\/wp\/v2\/posts\/11392\/revisions"}],"predecessor-version":[{"id":11396,"href":"https:\/\/velezylozano.com\/en\/wp-json\/wp\/v2\/posts\/11392\/revisions\/11396"}],"wp:featuredmedia":[{"embeddable":true,"href":"https:\/\/velezylozano.com\/en\/wp-json\/wp\/v2\/media\/11393"}],"wp:attachment":[{"href":"https:\/\/velezylozano.com\/en\/wp-json\/wp\/v2\/media?parent=11392"}],"wp:term":[{"taxonomy":"category","embeddable":true,"href":"https:\/\/velezylozano.com\/en\/wp-json\/wp\/v2\/categories?post=11392"},{"taxonomy":"post_tag","embeddable":true,"href":"https:\/\/velezylozano.com\/en\/wp-json\/wp\/v2\/tags?post=11392"}],"curies":[{"name":"wp","href":"https:\/\/api.w.org\/{rel}","templated":true}]}}