{"id":11407,"date":"2023-02-03T11:39:35","date_gmt":"2023-02-03T10:39:35","guid":{"rendered":"https:\/\/velezylozano.com\/?p=11407"},"modified":"2023-02-03T11:48:10","modified_gmt":"2023-02-03T10:48:10","slug":"world-cancer-day","status":"publish","type":"post","link":"https:\/\/velezylozano.com\/en\/world-cancer-day\/","title":{"rendered":"Six tips for oral cancer prevention"},"content":{"rendered":"<p>Tomorrow, Saturday 4 February, the <strong>World Cancer Day<\/strong>The World Health Organisation (WHO), the International Agency for Research on Cancer (IARC) and the Union Internationale Contre le Cancer (UICC). <a href=\"https:\/\/consejodentistas.es\/ciudadanos\/informacion-clinica\/patologia\/item\/1547-informacion-sobre-cancer-oral.html#:~:text=Seg%C3%BAn%20la%20Organizaci%C3%B3n%20Mundial%20de,mundo%20en%20los%20pr%C3%B3ximos%20a%C3%B1os.\">According to the data provided<\/a>s for the\u00a0<span class=\"gestiongrafica-fuentes\">Asociaci\u00f3n Espa\u00f1ola Contra el C\u00e1ncer (AECC) in 2021, 285,530 new cases of cancer were diagnosed in Spain, and the Region of Murcia became the third autonomous community in the territory in which the incidence of the disease grew the most year-on-year. Of these, tumours<\/span> malignant diseases of the oral cavity accounted for 2'77% of the total.<\/p>\n<p>The incidence of oral cancer varies throughout the world, while in the United States or Europe it is around 2 and 41 PT3T (as in the example of Spain given above), in less developed Asian countries it can account for up to 25-301 PT3T of the total number of tumours. Like other types of cancer, for example lung cancer, it has clearly differentiated risk factors, such as smoking and alcohol consumption. The synergism between the two results in a risk increase of up to 13 times that of non-drinkers and non-smokers, according to the data handled by the AECC.<\/p>\n<p>Although oral cancer has almost always affected men to a large extent, the difference ratio has been progressively decreasing, due to the increase in tobacco and alcohol consumption in women. In addition, an increase in the occurrence of malignant tumours of the oral cavity has been found in young women that is not directly related to smoking. With regard to age, despite being a tumour whose average age of onset is above 50, in recent years the number of cases has increased in patients aged 40 and even younger.<\/p>\n<div>\n<div>\n<h2>The role of prevention<\/h2>\n<p>At <strong>V\u00e9lez and Lozano<\/strong> we have always followed the maxim of <a href=\"https:\/\/velezylozano.com\/en\/periodontal-treatments-doctor-what-are-my-options\/\">prevention rather than treatment<\/a> in relation to our area of action. Thus, just as we have always stressed the importance of a good brushing technique and good hygiene habits in general in order to avoid the appearance of more serious pathologies, we would also like to offer you six basic tips to prevent the appearance of malignant oral tumours, many of which can also be extended to other types of cancer.<\/p>\n<\/div>\n<\/div>\n<ol>\n<li>Exercise<\/li>\n<li>Increase your fruit and vegetable intake.<\/li>\n<li>Cut down on tobacco<\/li>\n<li>Limit alcohol consumption to a minimum<\/li>\n<li>Protect ourselves and limit sun exposure, especially during the summer months.<\/li>\n<li>Getting our dental check-ups as often as possible<\/li>\n<\/ol>\n<p>And now, a digression. Although these first four tips could be summarised as \"lead a healthy lifestyle\", here are some enlightening facts. According to AECC estimates, up to 80% of new cases of oral cancer could be avoided by eliminating tobacco use and reducing alcohol intake. In fact, if a smoker cut down the habit, this risk would decrease by up to 35% 1-4 years after quitting and 80% after 20 years.<\/p>\n<p>Furthermore, adequate fruit and vegetable consumption has been associated with a significant decrease in the risk of developing oral cancer, and the benefits of sport on physical health and disease prevention are well known to the general public and have been written about at length in hundreds of blogs.<\/p>\n<p>Regarding the sixth tip, also according to the same data, in early stages of oral cancer (known as I and II) the survival rate is up to 75% at five years, while in advanced stages (III and IV) this rate drops to 20-30% at five years.<\/p>\n<p>The average five-year survival rate in Spain is 50 to 60%, and despite the advances in the therapeutic modalities available to combat the disease, the figure has not improved in recent years, as has been the case with other types of cancer. This is due to the delay in diagnosing the cancerous lesson, which in 60% of cases is detected in advanced stages.<\/p>\n<p>Hence the fundamental role of the dentist and of check-ups in dental clinics. A routine dental examination is able to identify incipient lesions that may, for one reason or another, be suspicious of malignancy.<\/p>\n<h2>What kind of lesions can be symptoms of oral cancer?<\/h2>\n<ul>\n<li>Ulcers on the mucosa of the oral cavity or oropharynx that do not heal more than three weeks after injury<\/li>\n<li>Fast-growing lesions with everted edges<\/li>\n<li>Oral swelling that persists for more than three weeks<\/li>\n<li>Tooth mobility not associated with periodontal disease<\/li>\n<li>Potentially malignant lesions, such as red or white patches on the mucosa<\/li>\n<\/ul>\n<div>\n<div>\n<div>\n<div>\n<div>\n<div>If you have any doubts or are worried about any possible symptoms, you can contact us and request an appointment for a check-up, where we will be happy to help you.<\/div>\n<\/div>\n<\/div>\n<\/div>\n<\/div>\n<\/div>","protected":false},"excerpt":{"rendered":"<p>Tomorrow, Saturday 4 February, is World Cancer Day, promoted by the World Health Organisation (WHO), the International Agency for Research on Cancer (IARC) and the International Union Against Cancer (UICC). According to data provided by the Spanish Association Against Cancer (AECC), 285,530 people were diagnosed with cancer in 2021 [...]<\/p>","protected":false},"author":4,"featured_media":11414,"comment_status":"open","ping_status":"open","sticky":false,"template":"","format":"standard","meta":{"_jetpack_memberships_contains_paid_content":false,"footnotes":""},"categories":[106],"tags":[109,34,101],"class_list":["post-11407","post","type-post","status-publish","format-standard","has-post-thumbnail","hentry","category-106","tag-cancer","tag-odontologia","tag-salud"],"yoast_head":"<!-- This site is optimized with the Yoast SEO plugin v27.5 - https:\/\/yoast.com\/product\/yoast-seo-wordpress\/ -->\n<title>Seis consejos para la prevenci\u00f3n del c\u00e1ncer oral - V\u00e9lez &amp; Lozano<\/title>\n<meta name=\"robots\" content=\"index, follow, max-snippet:-1, max-image-preview:large, max-video-preview:-1\" \/>\n<link rel=\"canonical\" href=\"https:\/\/velezylozano.com\/en\/world-cancer-day\/\" \/>\n<meta property=\"og:locale\" content=\"en_GB\" \/>\n<meta property=\"og:type\" content=\"article\" \/>\n<meta property=\"og:title\" content=\"Seis consejos para la prevenci\u00f3n del c\u00e1ncer oral - V\u00e9lez &amp; Lozano\" \/>\n<meta property=\"og:description\" content=\"Ma\u00f1ana s\u00e1bado 4 de febrero se celebra el D\u00eda Mundial contra el C\u00e1ncer, impulsado por la Organizaci\u00f3n Mundial de la Salud (OMS), el Centro Internacional de Investigaciones sobre el C\u00e1ncer (CIIC) y la Uni\u00f3n Internacional Contra el C\u00e1ncer (UICC). Seg\u00fan los datos facilitados por la\u00a0Asociaci\u00f3n Espa\u00f1ola Contra el C\u00e1ncer (AECC) en 2021 se diagnosticaron 285.530 [&hellip;]\" \/>\n<meta property=\"og:url\" content=\"https:\/\/velezylozano.com\/en\/world-cancer-day\/\" \/>\n<meta property=\"og:site_name\" content=\"V\u00e9lez &amp; Lozano\" \/>\n<meta property=\"article:published_time\" content=\"2023-02-03T10:39:35+00:00\" \/>\n<meta property=\"article:modified_time\" content=\"2023-02-03T10:48:10+00:00\" \/>\n<meta property=\"og:image\" content=\"https:\/\/i0.wp.com\/velezylozano.com\/wp-content\/uploads\/2023\/02\/FRAN_1-scaled.jpg?fit=1920%2C2560&ssl=1\" \/>\n\t<meta property=\"og:image:width\" content=\"1920\" \/>\n\t<meta property=\"og:image:height\" content=\"2560\" \/>\n\t<meta property=\"og:image:type\" content=\"image\/jpeg\" \/>\n<meta name=\"author\" content=\"Francisco J.\" \/>\n<meta name=\"twitter:card\" content=\"summary_large_image\" \/>\n<meta name=\"twitter:label1\" content=\"Written by\" \/>\n\t<meta name=\"twitter:data1\" content=\"Francisco J.\" \/>\n\t<meta name=\"twitter:label2\" content=\"Estimated reading time\" \/>\n\t<meta name=\"twitter:data2\" content=\"4 minutes\" \/>\n<script type=\"application\/ld+json\" class=\"yoast-schema-graph\">{\"@context\":\"https:\\\/\\\/schema.org\",\"@graph\":[{\"@type\":\"Article\",\"@id\":\"https:\\\/\\\/velezylozano.com\\\/dia-mundial-contra-el-cancer\\\/#article\",\"isPartOf\":{\"@id\":\"https:\\\/\\\/velezylozano.com\\\/dia-mundial-contra-el-cancer\\\/\"},\"author\":{\"name\":\"Francisco J.\",\"@id\":\"https:\\\/\\\/velezylozano.com\\\/#\\\/schema\\\/person\\\/398ff8f7c21db7df8107c871189b1d1e\"},\"headline\":\"Seis consejos para la prevenci\u00f3n del c\u00e1ncer oral\",\"datePublished\":\"2023-02-03T10:39:35+00:00\",\"dateModified\":\"2023-02-03T10:48:10+00:00\",\"mainEntityOfPage\":{\"@id\":\"https:\\\/\\\/velezylozano.com\\\/dia-mundial-contra-el-cancer\\\/\"},\"wordCount\":947,\"commentCount\":0,\"publisher\":{\"@id\":\"https:\\\/\\\/velezylozano.com\\\/#organization\"},\"image\":{\"@id\":\"https:\\\/\\\/velezylozano.com\\\/dia-mundial-contra-el-cancer\\\/#primaryimage\"},\"thumbnailUrl\":\"https:\\\/\\\/i0.wp.com\\\/velezylozano.com\\\/wp-content\\\/uploads\\\/2023\\\/02\\\/FRAN_1-scaled.jpg?fit=1920%2C2560&ssl=1\",\"keywords\":[\"c\u00e1ncer\",\"odontolog\u00eda\",\"salud\"],\"articleSection\":[\"2023\"],\"inLanguage\":\"en-GB\",\"potentialAction\":[{\"@type\":\"CommentAction\",\"name\":\"Comment\",\"target\":[\"https:\\\/\\\/velezylozano.com\\\/dia-mundial-contra-el-cancer\\\/#respond\"]}]},{\"@type\":\"WebPage\",\"@id\":\"https:\\\/\\\/velezylozano.com\\\/dia-mundial-contra-el-cancer\\\/\",\"url\":\"https:\\\/\\\/velezylozano.com\\\/dia-mundial-contra-el-cancer\\\/\",\"name\":\"Seis consejos para la prevenci\u00f3n del c\u00e1ncer oral - V\u00e9lez &amp; Lozano\",\"isPartOf\":{\"@id\":\"https:\\\/\\\/velezylozano.com\\\/#website\"},\"primaryImageOfPage\":{\"@id\":\"https:\\\/\\\/velezylozano.com\\\/dia-mundial-contra-el-cancer\\\/#primaryimage\"},\"image\":{\"@id\":\"https:\\\/\\\/velezylozano.com\\\/dia-mundial-contra-el-cancer\\\/#primaryimage\"},\"thumbnailUrl\":\"https:\\\/\\\/i0.wp.com\\\/velezylozano.com\\\/wp-content\\\/uploads\\\/2023\\\/02\\\/FRAN_1-scaled.jpg?fit=1920%2C2560&ssl=1\",\"datePublished\":\"2023-02-03T10:39:35+00:00\",\"dateModified\":\"2023-02-03T10:48:10+00:00\",\"breadcrumb\":{\"@id\":\"https:\\\/\\\/velezylozano.com\\\/dia-mundial-contra-el-cancer\\\/#breadcrumb\"},\"inLanguage\":\"en-GB\",\"potentialAction\":[{\"@type\":\"ReadAction\",\"target\":[\"https:\\\/\\\/velezylozano.com\\\/dia-mundial-contra-el-cancer\\\/\"]}]},{\"@type\":\"ImageObject\",\"inLanguage\":\"en-GB\",\"@id\":\"https:\\\/\\\/velezylozano.com\\\/dia-mundial-contra-el-cancer\\\/#primaryimage\",\"url\":\"https:\\\/\\\/i0.wp.com\\\/velezylozano.com\\\/wp-content\\\/uploads\\\/2023\\\/02\\\/FRAN_1-scaled.jpg?fit=1920%2C2560&ssl=1\",\"contentUrl\":\"https:\\\/\\\/i0.wp.com\\\/velezylozano.com\\\/wp-content\\\/uploads\\\/2023\\\/02\\\/FRAN_1-scaled.jpg?fit=1920%2C2560&ssl=1\",\"width\":1920,\"height\":2560},{\"@type\":\"BreadcrumbList\",\"@id\":\"https:\\\/\\\/velezylozano.com\\\/dia-mundial-contra-el-cancer\\\/#breadcrumb\",\"itemListElement\":[{\"@type\":\"ListItem\",\"position\":1,\"name\":\"Home\",\"item\":\"https:\\\/\\\/velezylozano.com\\\/\"},{\"@type\":\"ListItem\",\"position\":2,\"name\":\"Seis consejos para la prevenci\u00f3n del c\u00e1ncer oral\"}]},{\"@type\":\"WebSite\",\"@id\":\"https:\\\/\\\/velezylozano.com\\\/#website\",\"url\":\"https:\\\/\\\/velezylozano.com\\\/\",\"name\":\"V\u00e9lez &amp; Lozano\",\"description\":\"Cl\u00ednica dental en Murcia desde 2008\",\"publisher\":{\"@id\":\"https:\\\/\\\/velezylozano.com\\\/#organization\"},\"potentialAction\":[{\"@type\":\"SearchAction\",\"target\":{\"@type\":\"EntryPoint\",\"urlTemplate\":\"https:\\\/\\\/velezylozano.com\\\/?s={search_term_string}\"},\"query-input\":{\"@type\":\"PropertyValueSpecification\",\"valueRequired\":true,\"valueName\":\"search_term_string\"}}],\"inLanguage\":\"en-GB\"},{\"@type\":\"Organization\",\"@id\":\"https:\\\/\\\/velezylozano.com\\\/#organization\",\"name\":\"V\u00e9lez &amp; Lozano\",\"url\":\"https:\\\/\\\/velezylozano.com\\\/\",\"logo\":{\"@type\":\"ImageObject\",\"inLanguage\":\"en-GB\",\"@id\":\"https:\\\/\\\/velezylozano.com\\\/#\\\/schema\\\/logo\\\/image\\\/\",\"url\":\"https:\\\/\\\/velezylozano.com\\\/wp-content\\\/uploads\\\/2021\\\/12\\\/velezlozanologo.svg\",\"contentUrl\":\"https:\\\/\\\/velezylozano.com\\\/wp-content\\\/uploads\\\/2021\\\/12\\\/velezlozanologo.svg\",\"width\":322,\"height\":33,\"caption\":\"V\u00e9lez &amp; Lozano\"},\"image\":{\"@id\":\"https:\\\/\\\/velezylozano.com\\\/#\\\/schema\\\/logo\\\/image\\\/\"}},{\"@type\":\"Person\",\"@id\":\"https:\\\/\\\/velezylozano.com\\\/#\\\/schema\\\/person\\\/398ff8f7c21db7df8107c871189b1d1e\",\"name\":\"Francisco J.\",\"image\":{\"@type\":\"ImageObject\",\"inLanguage\":\"en-GB\",\"@id\":\"https:\\\/\\\/secure.gravatar.com\\\/avatar\\\/b056eb0e17a1840d21420e19579ca7ec0a72d573f65fbb56bc8851b1c131d355?s=96&d=mm&r=g\",\"url\":\"https:\\\/\\\/secure.gravatar.com\\\/avatar\\\/b056eb0e17a1840d21420e19579ca7ec0a72d573f65fbb56bc8851b1c131d355?s=96&d=mm&r=g\",\"contentUrl\":\"https:\\\/\\\/secure.gravatar.com\\\/avatar\\\/b056eb0e17a1840d21420e19579ca7ec0a72d573f65fbb56bc8851b1c131d355?s=96&d=mm&r=g\",\"caption\":\"Francisco J.\"},\"url\":\"https:\\\/\\\/velezylozano.com\\\/en\\\/author\\\/fran\\\/\"}]}<\/script>\n<!-- \/ Yoast SEO plugin. -->","yoast_head_json":{"title":"Six tips for oral cancer prevention - V\u00e9lez &amp; Lozano","robots":{"index":"index","follow":"follow","max-snippet":"max-snippet:-1","max-image-preview":"max-image-preview:large","max-video-preview":"max-video-preview:-1"},"canonical":"https:\/\/velezylozano.com\/en\/world-cancer-day\/","og_locale":"en_GB","og_type":"article","og_title":"Seis consejos para la prevenci\u00f3n del c\u00e1ncer oral - V\u00e9lez &amp; Lozano","og_description":"Ma\u00f1ana s\u00e1bado 4 de febrero se celebra el D\u00eda Mundial contra el C\u00e1ncer, impulsado por la Organizaci\u00f3n Mundial de la Salud (OMS), el Centro Internacional de Investigaciones sobre el C\u00e1ncer (CIIC) y la Uni\u00f3n Internacional Contra el C\u00e1ncer (UICC). Seg\u00fan los datos facilitados por la\u00a0Asociaci\u00f3n Espa\u00f1ola Contra el C\u00e1ncer (AECC) en 2021 se diagnosticaron 285.530 [&hellip;]","og_url":"https:\/\/velezylozano.com\/en\/world-cancer-day\/","og_site_name":"V\u00e9lez &amp; Lozano","article_published_time":"2023-02-03T10:39:35+00:00","article_modified_time":"2023-02-03T10:48:10+00:00","og_image":[{"width":1920,"height":2560,"url":"https:\/\/i0.wp.com\/velezylozano.com\/wp-content\/uploads\/2023\/02\/FRAN_1-scaled.jpg?fit=1920%2C2560&ssl=1","type":"image\/jpeg"}],"author":"Francisco J.","twitter_card":"summary_large_image","twitter_misc":{"Written by":"Francisco J.","Estimated reading time":"4 minutes"},"schema":{"@context":"https:\/\/schema.org","@graph":[{"@type":"Article","@id":"https:\/\/velezylozano.com\/dia-mundial-contra-el-cancer\/#article","isPartOf":{"@id":"https:\/\/velezylozano.com\/dia-mundial-contra-el-cancer\/"},"author":{"name":"Francisco J.","@id":"https:\/\/velezylozano.com\/#\/schema\/person\/398ff8f7c21db7df8107c871189b1d1e"},"headline":"Seis consejos para la prevenci\u00f3n del c\u00e1ncer oral","datePublished":"2023-02-03T10:39:35+00:00","dateModified":"2023-02-03T10:48:10+00:00","mainEntityOfPage":{"@id":"https:\/\/velezylozano.com\/dia-mundial-contra-el-cancer\/"},"wordCount":947,"commentCount":0,"publisher":{"@id":"https:\/\/velezylozano.com\/#organization"},"image":{"@id":"https:\/\/velezylozano.com\/dia-mundial-contra-el-cancer\/#primaryimage"},"thumbnailUrl":"https:\/\/i0.wp.com\/velezylozano.com\/wp-content\/uploads\/2023\/02\/FRAN_1-scaled.jpg?fit=1920%2C2560&ssl=1","keywords":["c\u00e1ncer","odontolog\u00eda","salud"],"articleSection":["2023"],"inLanguage":"en-GB","potentialAction":[{"@type":"CommentAction","name":"Comment","target":["https:\/\/velezylozano.com\/dia-mundial-contra-el-cancer\/#respond"]}]},{"@type":"WebPage","@id":"https:\/\/velezylozano.com\/dia-mundial-contra-el-cancer\/","url":"https:\/\/velezylozano.com\/dia-mundial-contra-el-cancer\/","name":"Six tips for oral cancer prevention - V\u00e9lez &amp; Lozano","isPartOf":{"@id":"https:\/\/velezylozano.com\/#website"},"primaryImageOfPage":{"@id":"https:\/\/velezylozano.com\/dia-mundial-contra-el-cancer\/#primaryimage"},"image":{"@id":"https:\/\/velezylozano.com\/dia-mundial-contra-el-cancer\/#primaryimage"},"thumbnailUrl":"https:\/\/i0.wp.com\/velezylozano.com\/wp-content\/uploads\/2023\/02\/FRAN_1-scaled.jpg?fit=1920%2C2560&ssl=1","datePublished":"2023-02-03T10:39:35+00:00","dateModified":"2023-02-03T10:48:10+00:00","breadcrumb":{"@id":"https:\/\/velezylozano.com\/dia-mundial-contra-el-cancer\/#breadcrumb"},"inLanguage":"en-GB","potentialAction":[{"@type":"ReadAction","target":["https:\/\/velezylozano.com\/dia-mundial-contra-el-cancer\/"]}]},{"@type":"ImageObject","inLanguage":"en-GB","@id":"https:\/\/velezylozano.com\/dia-mundial-contra-el-cancer\/#primaryimage","url":"https:\/\/i0.wp.com\/velezylozano.com\/wp-content\/uploads\/2023\/02\/FRAN_1-scaled.jpg?fit=1920%2C2560&ssl=1","contentUrl":"https:\/\/i0.wp.com\/velezylozano.com\/wp-content\/uploads\/2023\/02\/FRAN_1-scaled.jpg?fit=1920%2C2560&ssl=1","width":1920,"height":2560},{"@type":"BreadcrumbList","@id":"https:\/\/velezylozano.com\/dia-mundial-contra-el-cancer\/#breadcrumb","itemListElement":[{"@type":"ListItem","position":1,"name":"Home","item":"https:\/\/velezylozano.com\/"},{"@type":"ListItem","position":2,"name":"Seis consejos para la prevenci\u00f3n del c\u00e1ncer oral"}]},{"@type":"WebSite","@id":"https:\/\/velezylozano.com\/#website","url":"https:\/\/velezylozano.com\/","name":"Velez &amp; Lozano","description":"Dental clinic in Murcia since 2008","publisher":{"@id":"https:\/\/velezylozano.com\/#organization"},"potentialAction":[{"@type":"SearchAction","target":{"@type":"EntryPoint","urlTemplate":"https:\/\/velezylozano.com\/?s={search_term_string}"},"query-input":{"@type":"PropertyValueSpecification","valueRequired":true,"valueName":"search_term_string"}}],"inLanguage":"en-GB"},{"@type":"Organization","@id":"https:\/\/velezylozano.com\/#organization","name":"Velez &amp; Lozano","url":"https:\/\/velezylozano.com\/","logo":{"@type":"ImageObject","inLanguage":"en-GB","@id":"https:\/\/velezylozano.com\/#\/schema\/logo\/image\/","url":"https:\/\/velezylozano.com\/wp-content\/uploads\/2021\/12\/velezlozanologo.svg","contentUrl":"https:\/\/velezylozano.com\/wp-content\/uploads\/2021\/12\/velezlozanologo.svg","width":322,"height":33,"caption":"V\u00e9lez &amp; Lozano"},"image":{"@id":"https:\/\/velezylozano.com\/#\/schema\/logo\/image\/"}},{"@type":"Person","@id":"https:\/\/velezylozano.com\/#\/schema\/person\/398ff8f7c21db7df8107c871189b1d1e","name":"Francisco J.","image":{"@type":"ImageObject","inLanguage":"en-GB","@id":"https:\/\/secure.gravatar.com\/avatar\/b056eb0e17a1840d21420e19579ca7ec0a72d573f65fbb56bc8851b1c131d355?s=96&d=mm&r=g","url":"https:\/\/secure.gravatar.com\/avatar\/b056eb0e17a1840d21420e19579ca7ec0a72d573f65fbb56bc8851b1c131d355?s=96&d=mm&r=g","contentUrl":"https:\/\/secure.gravatar.com\/avatar\/b056eb0e17a1840d21420e19579ca7ec0a72d573f65fbb56bc8851b1c131d355?s=96&d=mm&r=g","caption":"Francisco J."},"url":"https:\/\/velezylozano.com\/en\/author\/fran\/"}]}},"jetpack_featured_media_url":"https:\/\/i0.wp.com\/velezylozano.com\/wp-content\/uploads\/2023\/02\/FRAN_1-scaled.jpg?fit=1920%2C2560&ssl=1","jetpack-related-posts":[{"id":8154,"url":"https:\/\/velezylozano.com\/en\/your-dentist-can-help-you-prevent-oral-cancer-and-quit-smoking-with-niquitin\/","url_meta":{"origin":11407,"position":0},"title":"Your dentist can help you to prevent oral cancer and quit smoking","author":"Comunicaci\u00f3n V&amp;L","date":"25 de January de 2014","format":false,"excerpt":"El tabaquismo es la principal causa del c\u00e1ncer oral en la sociedad contempor\u00e1nea, siendo \u00e9ste uno de los innumerables motivos por los que un dentista experimentado puede recomendarte a superar el c\u00e1ncer oral, algo que muchas personas han agradecido en los \u00faltimos tiempos gracias a un diagn\u00f3stico precoz de la\u2026","rel":"","context":"Similar post","block_context":{"text":"Similar post","link":""},"img":{"alt_text":"","src":"https:\/\/i0.wp.com\/velezylozano.com\/wp-content\/uploads\/2022\/01\/fumar-consecuencias-dientes.jpg?fit=624%2C267&ssl=1&resize=350%2C200","width":350,"height":200,"srcset":"https:\/\/i0.wp.com\/velezylozano.com\/wp-content\/uploads\/2022\/01\/fumar-consecuencias-dientes.jpg?fit=624%2C267&ssl=1&resize=350%2C200 1x, https:\/\/i0.wp.com\/velezylozano.com\/wp-content\/uploads\/2022\/01\/fumar-consecuencias-dientes.jpg?fit=624%2C267&ssl=1&resize=525%2C300 1.5x"},"classes":[]},{"id":12132,"url":"https:\/\/velezylozano.com\/en\/do-your-bit-in-the-fight-against-breast-cancer\/","url_meta":{"origin":11407,"position":1},"title":"Do your bit in the fight against breast cancer","author":"Francisco J.","date":"11 de October de 2023","format":false,"excerpt":"El pr\u00f3ximo jueves 19 de octubre se celebra el D\u00eda Mundial contra el C\u00e1ncer de Mama, el tumor m\u00e1s diagnosticado en el mundo por encima del c\u00e1ncer de pulm\u00f3n seg\u00fan los datos publicados en 2021 por el Centro de Investigaciones sobre el c\u00e1ncer. Por eso, en V\u00e9lez & Lozano hemos\u2026","rel":"","context":"In &quot;Actualidad&quot;","block_context":{"text":"Actualidad","link":"https:\/\/velezylozano.com\/en\/category\/news-2\/"},"img":{"alt_text":"","src":"","width":0,"height":0},"classes":[]},{"id":12020,"url":"https:\/\/velezylozano.com\/en\/alcohol-is-harmful-to-your-dental-health\/","url_meta":{"origin":11407,"position":2},"title":"Is alcohol harmful to your dental health?","author":"Francisco J.","date":"18 de August de 2023","format":false,"excerpt":"Seamos claros desde el principio: s\u00ed, el alcohol es perjudicial para la salud dental, como lo es para la salud en general, sin paliativos. Pero, \u00bfcu\u00e1l es el problema en concreto? En un estudio de la revista cient\u00edfica Microbiome, publicado en el a\u00f1o 2018, se analiz\u00f3 la microbiota oral de\u2026","rel":"","context":"In &quot;2023&quot;","block_context":{"text":"2023","link":"https:\/\/velezylozano.com\/en\/category\/2023\/"},"img":{"alt_text":"","src":"https:\/\/i0.wp.com\/velezylozano.com\/wp-content\/uploads\/2023\/08\/46e4e9c6.jpg?fit=600%2C398&ssl=1&resize=350%2C200","width":350,"height":200,"srcset":"https:\/\/i0.wp.com\/velezylozano.com\/wp-content\/uploads\/2023\/08\/46e4e9c6.jpg?fit=600%2C398&ssl=1&resize=350%2C200 1x, https:\/\/i0.wp.com\/velezylozano.com\/wp-content\/uploads\/2023\/08\/46e4e9c6.jpg?fit=600%2C398&ssl=1&resize=525%2C300 1.5x"},"classes":[]},{"id":8368,"url":"https:\/\/velezylozano.com\/en\/how-your-dentist-can-help-you-before-and-after-head-and-neck-cancer\/","url_meta":{"origin":11407,"position":3},"title":"How can your dentist help you before and after head and neck cancer?","author":"Comunicaci\u00f3n V&amp;L","date":"3 de February de 2020","format":false,"excerpt":"La posibilidad de curaci\u00f3n del c\u00e1ncer es mayor cuanto antes se diagnostique y se trate la enfermedad. El c\u00e1ncer va camino de ser la enfermedad m\u00e1s com\u00fan del siglo XXI, ocupando el c\u00e1ncer de cabeza y cuello el 5% del total de los c\u00e1ncer diagnosticados.\u00a0 \u00bfQui\u00e9n de nosotros no ha\u2026","rel":"","context":"Similar post","block_context":{"text":"Similar post","link":""},"img":{"alt_text":"","src":"https:\/\/i0.wp.com\/velezylozano.com\/wp-content\/uploads\/2022\/01\/EHOjkeAWwAAU3pF.jpg?fit=1050%2C748&ssl=1&resize=350%2C200","width":350,"height":200,"srcset":"https:\/\/i0.wp.com\/velezylozano.com\/wp-content\/uploads\/2022\/01\/EHOjkeAWwAAU3pF.jpg?fit=1050%2C748&ssl=1&resize=350%2C200 1x, https:\/\/i0.wp.com\/velezylozano.com\/wp-content\/uploads\/2022\/01\/EHOjkeAWwAAU3pF.jpg?fit=1050%2C748&ssl=1&resize=525%2C300 1.5x, https:\/\/i0.wp.com\/velezylozano.com\/wp-content\/uploads\/2022\/01\/EHOjkeAWwAAU3pF.jpg?fit=1050%2C748&ssl=1&resize=700%2C400 2x, https:\/\/i0.wp.com\/velezylozano.com\/wp-content\/uploads\/2022\/01\/EHOjkeAWwAAU3pF.jpg?fit=1050%2C748&ssl=1&resize=1050%2C600 3x"},"classes":[]},{"id":8462,"url":"https:\/\/velezylozano.com\/en\/did-you-know-that-improving-your-childs-nutrition-helps-prevent-tooth-decay\/","url_meta":{"origin":11407,"position":4},"title":"Did you know that improving your child's nutrition helps prevent tooth decay?","author":"Comunicaci\u00f3n V&amp;L","date":"20 de February de 2021","format":false,"excerpt":"El consumo de productos con alto contenido en az\u00facar como zumos, batidos, refrescos, galletas, chocolatinas, golosinas\u2026 actualmente representa uno de los factores mas influyentes en la aparici\u00f3n de dichas caries. Por eso debemos de cuidar la alimentaci\u00f3n y ense\u00f1ar a comer saludable a nuestros hijos. La infancia es una de\u2026","rel":"","context":"In &quot;2021&quot;","block_context":{"text":"2021","link":"https:\/\/velezylozano.com\/en\/category\/2021\/"},"img":{"alt_text":"","src":"https:\/\/i0.wp.com\/velezylozano.com\/wp-content\/uploads\/2022\/01\/dessert-3129510_1920.jpg?fit=1200%2C799&ssl=1&resize=350%2C200","width":350,"height":200,"srcset":"https:\/\/i0.wp.com\/velezylozano.com\/wp-content\/uploads\/2022\/01\/dessert-3129510_1920.jpg?fit=1200%2C799&ssl=1&resize=350%2C200 1x, https:\/\/i0.wp.com\/velezylozano.com\/wp-content\/uploads\/2022\/01\/dessert-3129510_1920.jpg?fit=1200%2C799&ssl=1&resize=525%2C300 1.5x, https:\/\/i0.wp.com\/velezylozano.com\/wp-content\/uploads\/2022\/01\/dessert-3129510_1920.jpg?fit=1200%2C799&ssl=1&resize=700%2C400 2x, https:\/\/i0.wp.com\/velezylozano.com\/wp-content\/uploads\/2022\/01\/dessert-3129510_1920.jpg?fit=1200%2C799&ssl=1&resize=1050%2C600 3x"},"classes":[]},{"id":8342,"url":"https:\/\/velezylozano.com\/en\/dry-mouth\/","url_meta":{"origin":11407,"position":5},"title":"What are the causes of dry mouth or xerostomia?","author":"Comunicaci\u00f3n V&amp;L","date":"20 de February de 2019","format":false,"excerpt":"\u00bfHas o\u00eddo hablar del s\u00edndrome de la boca seca o xerostom\u00eda? Se trata de una sensaci\u00f3n constante de sequedad en la boca que afecta a una gran parte de la poblaci\u00f3n en alg\u00fan momento de sus vidas. En este art\u00edculo del blog de V\u00e9lez y Lozano, tu cl\u00ednica dental en\u2026","rel":"","context":"Similar post","block_context":{"text":"Similar post","link":""},"img":{"alt_text":"","src":"https:\/\/i0.wp.com\/velezylozano.com\/wp-content\/uploads\/2022\/01\/agua-3-scaled-1.jpg?fit=960%2C1200&ssl=1&resize=350%2C200","width":350,"height":200,"srcset":"https:\/\/i0.wp.com\/velezylozano.com\/wp-content\/uploads\/2022\/01\/agua-3-scaled-1.jpg?fit=960%2C1200&ssl=1&resize=350%2C200 1x, https:\/\/i0.wp.com\/velezylozano.com\/wp-content\/uploads\/2022\/01\/agua-3-scaled-1.jpg?fit=960%2C1200&ssl=1&resize=525%2C300 1.5x, https:\/\/i0.wp.com\/velezylozano.com\/wp-content\/uploads\/2022\/01\/agua-3-scaled-1.jpg?fit=960%2C1200&ssl=1&resize=700%2C400 2x"},"classes":[]}],"jetpack_sharing_enabled":true,"_links":{"self":[{"href":"https:\/\/velezylozano.com\/en\/wp-json\/wp\/v2\/posts\/11407","targetHints":{"allow":["GET"]}}],"collection":[{"href":"https:\/\/velezylozano.com\/en\/wp-json\/wp\/v2\/posts"}],"about":[{"href":"https:\/\/velezylozano.com\/en\/wp-json\/wp\/v2\/types\/post"}],"author":[{"embeddable":true,"href":"https:\/\/velezylozano.com\/en\/wp-json\/wp\/v2\/users\/4"}],"replies":[{"embeddable":true,"href":"https:\/\/velezylozano.com\/en\/wp-json\/wp\/v2\/comments?post=11407"}],"version-history":[{"count":7,"href":"https:\/\/velezylozano.com\/en\/wp-json\/wp\/v2\/posts\/11407\/revisions"}],"predecessor-version":[{"id":11416,"href":"https:\/\/velezylozano.com\/en\/wp-json\/wp\/v2\/posts\/11407\/revisions\/11416"}],"wp:featuredmedia":[{"embeddable":true,"href":"https:\/\/velezylozano.com\/en\/wp-json\/wp\/v2\/media\/11414"}],"wp:attachment":[{"href":"https:\/\/velezylozano.com\/en\/wp-json\/wp\/v2\/media?parent=11407"}],"wp:term":[{"taxonomy":"category","embeddable":true,"href":"https:\/\/velezylozano.com\/en\/wp-json\/wp\/v2\/categories?post=11407"},{"taxonomy":"post_tag","embeddable":true,"href":"https:\/\/velezylozano.com\/en\/wp-json\/wp\/v2\/tags?post=11407"}],"curies":[{"name":"wp","href":"https:\/\/api.w.org\/{rel}","templated":true}]}}