{"id":11664,"date":"2023-03-10T11:54:44","date_gmt":"2023-03-10T10:54:44","guid":{"rendered":"https:\/\/velezylozano.com\/?p=11664"},"modified":"2023-03-10T11:54:44","modified_gmt":"2023-03-10T10:54:44","slug":"new-tablets-available-for-the-waiting-room","status":"publish","type":"post","link":"https:\/\/velezylozano.com\/en\/new-tablets-available-for-the-waiting-room\/","title":{"rendered":"New tablets available for the waiting room"},"content":{"rendered":"<p>One of our values as a company and as a team is to continue taking steps to align ourselves with our responsibility to the world around us, as our patients are well aware. This translates into our strong commitment to the values of environmental protection, as anyone can testify on a visit to our dental clinic in Murcia. In this sense, we have introduced a novelty: two tablets for the waiting room.<\/p>\n<p>The first of these is intended for use by adults and aims to raise awareness of the importance of saving paper, as it will be used for reading the national and regional press. We will keep the magazine rack and paper subscriptions, but the aim is to gradually replace them with digital.<\/p>\n<p>The second tablet is intended for use by children, and in addition to entertainment and leisure applications, we have installed some for learning, both in the world of dentistry and on a variety of subjects.<\/p>","protected":false},"excerpt":{"rendered":"<p>One of our values as a company and as a team is to continue to take steps to align ourselves with our responsibility to the world around us, as our patients know all too well. This translates into our strong commitment to environmental values, as anyone can attest to on a visit to [...]<\/p>","protected":false},"author":4,"featured_media":11665,"comment_status":"open","ping_status":"open","sticky":false,"template":"","format":"standard","meta":{"_jetpack_memberships_contains_paid_content":false,"footnotes":""},"categories":[15],"tags":[97,48],"class_list":["post-11664","post","type-post","status-publish","format-standard","has-post-thumbnail","hentry","category-actualidad","tag-clinica","tag-novedades"],"yoast_head":"<!-- This site is optimized with the Yoast SEO plugin v27.4 - https:\/\/yoast.com\/product\/yoast-seo-wordpress\/ -->\n<title>Nuevas tablets disponibles para la sala de espera - V\u00e9lez &amp; Lozano<\/title>\n<meta name=\"robots\" content=\"index, follow, max-snippet:-1, max-image-preview:large, max-video-preview:-1\" \/>\n<link rel=\"canonical\" href=\"https:\/\/velezylozano.com\/en\/new-tablets-available-for-the-waiting-room\/\" \/>\n<meta property=\"og:locale\" content=\"en_GB\" \/>\n<meta property=\"og:type\" content=\"article\" \/>\n<meta property=\"og:title\" content=\"Nuevas tablets disponibles para la sala de espera - V\u00e9lez &amp; Lozano\" \/>\n<meta property=\"og:description\" content=\"Uno de nuestros valores como empresa y equipo es el de seguir dando pasos para alinearnos con nuestra responsabilidad con el mundo que nos rodea, como bien saben nuestros pacientes. Lo que se traduce en nuestra marcada faceta en pro de los valores de defensa de medioambiente, como cualquiera podr\u00eda atestiguar en una visita a [&hellip;]\" \/>\n<meta property=\"og:url\" content=\"https:\/\/velezylozano.com\/en\/new-tablets-available-for-the-waiting-room\/\" \/>\n<meta property=\"og:site_name\" content=\"V\u00e9lez &amp; Lozano\" \/>\n<meta property=\"article:published_time\" content=\"2023-03-10T10:54:44+00:00\" \/>\n<meta property=\"og:image\" content=\"https:\/\/velezylozano.com\/wp-content\/uploads\/2023\/03\/Captura-de-pantalla-2023-03-10-a-las-11.42.50-1024x995.png\" \/>\n\t<meta property=\"og:image:width\" content=\"1024\" \/>\n\t<meta property=\"og:image:height\" content=\"995\" \/>\n\t<meta property=\"og:image:type\" content=\"image\/png\" \/>\n<meta name=\"author\" content=\"Francisco J.\" \/>\n<meta name=\"twitter:card\" content=\"summary_large_image\" \/>\n<meta name=\"twitter:label1\" content=\"Written by\" \/>\n\t<meta name=\"twitter:data1\" content=\"Francisco J.\" \/>\n\t<meta name=\"twitter:label2\" content=\"Estimated reading time\" \/>\n\t<meta name=\"twitter:data2\" content=\"1 minute\" \/>\n<script type=\"application\/ld+json\" class=\"yoast-schema-graph\">{\"@context\":\"https:\\\/\\\/schema.org\",\"@graph\":[{\"@type\":\"Article\",\"@id\":\"https:\\\/\\\/velezylozano.com\\\/nuevas-tablets-disponibles-para-la-sala-de-espera\\\/#article\",\"isPartOf\":{\"@id\":\"https:\\\/\\\/velezylozano.com\\\/nuevas-tablets-disponibles-para-la-sala-de-espera\\\/\"},\"author\":{\"name\":\"Francisco J.\",\"@id\":\"https:\\\/\\\/velezylozano.com\\\/#\\\/schema\\\/person\\\/398ff8f7c21db7df8107c871189b1d1e\"},\"headline\":\"Nuevas tablets disponibles para la sala de espera\",\"datePublished\":\"2023-03-10T10:54:44+00:00\",\"mainEntityOfPage\":{\"@id\":\"https:\\\/\\\/velezylozano.com\\\/nuevas-tablets-disponibles-para-la-sala-de-espera\\\/\"},\"wordCount\":172,\"commentCount\":0,\"publisher\":{\"@id\":\"https:\\\/\\\/velezylozano.com\\\/#organization\"},\"image\":{\"@id\":\"https:\\\/\\\/velezylozano.com\\\/nuevas-tablets-disponibles-para-la-sala-de-espera\\\/#primaryimage\"},\"thumbnailUrl\":\"https:\\\/\\\/i0.wp.com\\\/velezylozano.com\\\/wp-content\\\/uploads\\\/2023\\\/03\\\/Captura-de-pantalla-2023-03-10-a-las-11.42.50.png?fit=1964%2C1908&ssl=1\",\"keywords\":[\"cl\u00ednica\",\"novedades\"],\"articleSection\":[\"Actualidad\"],\"inLanguage\":\"en-GB\",\"potentialAction\":[{\"@type\":\"CommentAction\",\"name\":\"Comment\",\"target\":[\"https:\\\/\\\/velezylozano.com\\\/nuevas-tablets-disponibles-para-la-sala-de-espera\\\/#respond\"]}]},{\"@type\":\"WebPage\",\"@id\":\"https:\\\/\\\/velezylozano.com\\\/nuevas-tablets-disponibles-para-la-sala-de-espera\\\/\",\"url\":\"https:\\\/\\\/velezylozano.com\\\/nuevas-tablets-disponibles-para-la-sala-de-espera\\\/\",\"name\":\"Nuevas tablets disponibles para la sala de espera - V\u00e9lez &amp; Lozano\",\"isPartOf\":{\"@id\":\"https:\\\/\\\/velezylozano.com\\\/#website\"},\"primaryImageOfPage\":{\"@id\":\"https:\\\/\\\/velezylozano.com\\\/nuevas-tablets-disponibles-para-la-sala-de-espera\\\/#primaryimage\"},\"image\":{\"@id\":\"https:\\\/\\\/velezylozano.com\\\/nuevas-tablets-disponibles-para-la-sala-de-espera\\\/#primaryimage\"},\"thumbnailUrl\":\"https:\\\/\\\/i0.wp.com\\\/velezylozano.com\\\/wp-content\\\/uploads\\\/2023\\\/03\\\/Captura-de-pantalla-2023-03-10-a-las-11.42.50.png?fit=1964%2C1908&ssl=1\",\"datePublished\":\"2023-03-10T10:54:44+00:00\",\"breadcrumb\":{\"@id\":\"https:\\\/\\\/velezylozano.com\\\/nuevas-tablets-disponibles-para-la-sala-de-espera\\\/#breadcrumb\"},\"inLanguage\":\"en-GB\",\"potentialAction\":[{\"@type\":\"ReadAction\",\"target\":[\"https:\\\/\\\/velezylozano.com\\\/nuevas-tablets-disponibles-para-la-sala-de-espera\\\/\"]}]},{\"@type\":\"ImageObject\",\"inLanguage\":\"en-GB\",\"@id\":\"https:\\\/\\\/velezylozano.com\\\/nuevas-tablets-disponibles-para-la-sala-de-espera\\\/#primaryimage\",\"url\":\"https:\\\/\\\/i0.wp.com\\\/velezylozano.com\\\/wp-content\\\/uploads\\\/2023\\\/03\\\/Captura-de-pantalla-2023-03-10-a-las-11.42.50.png?fit=1964%2C1908&ssl=1\",\"contentUrl\":\"https:\\\/\\\/i0.wp.com\\\/velezylozano.com\\\/wp-content\\\/uploads\\\/2023\\\/03\\\/Captura-de-pantalla-2023-03-10-a-las-11.42.50.png?fit=1964%2C1908&ssl=1\",\"width\":1964,\"height\":1908},{\"@type\":\"BreadcrumbList\",\"@id\":\"https:\\\/\\\/velezylozano.com\\\/nuevas-tablets-disponibles-para-la-sala-de-espera\\\/#breadcrumb\",\"itemListElement\":[{\"@type\":\"ListItem\",\"position\":1,\"name\":\"Home\",\"item\":\"https:\\\/\\\/velezylozano.com\\\/\"},{\"@type\":\"ListItem\",\"position\":2,\"name\":\"Nuevas tablets disponibles para la sala de espera\"}]},{\"@type\":\"WebSite\",\"@id\":\"https:\\\/\\\/velezylozano.com\\\/#website\",\"url\":\"https:\\\/\\\/velezylozano.com\\\/\",\"name\":\"V\u00e9lez &amp; Lozano\",\"description\":\"Cl\u00ednica dental en Murcia desde 2008\",\"publisher\":{\"@id\":\"https:\\\/\\\/velezylozano.com\\\/#organization\"},\"potentialAction\":[{\"@type\":\"SearchAction\",\"target\":{\"@type\":\"EntryPoint\",\"urlTemplate\":\"https:\\\/\\\/velezylozano.com\\\/?s={search_term_string}\"},\"query-input\":{\"@type\":\"PropertyValueSpecification\",\"valueRequired\":true,\"valueName\":\"search_term_string\"}}],\"inLanguage\":\"en-GB\"},{\"@type\":\"Organization\",\"@id\":\"https:\\\/\\\/velezylozano.com\\\/#organization\",\"name\":\"V\u00e9lez &amp; Lozano\",\"url\":\"https:\\\/\\\/velezylozano.com\\\/\",\"logo\":{\"@type\":\"ImageObject\",\"inLanguage\":\"en-GB\",\"@id\":\"https:\\\/\\\/velezylozano.com\\\/#\\\/schema\\\/logo\\\/image\\\/\",\"url\":\"https:\\\/\\\/velezylozano.com\\\/wp-content\\\/uploads\\\/2021\\\/12\\\/velezlozanologo.svg\",\"contentUrl\":\"https:\\\/\\\/velezylozano.com\\\/wp-content\\\/uploads\\\/2021\\\/12\\\/velezlozanologo.svg\",\"width\":322,\"height\":33,\"caption\":\"V\u00e9lez &amp; Lozano\"},\"image\":{\"@id\":\"https:\\\/\\\/velezylozano.com\\\/#\\\/schema\\\/logo\\\/image\\\/\"}},{\"@type\":\"Person\",\"@id\":\"https:\\\/\\\/velezylozano.com\\\/#\\\/schema\\\/person\\\/398ff8f7c21db7df8107c871189b1d1e\",\"name\":\"Francisco J.\",\"image\":{\"@type\":\"ImageObject\",\"inLanguage\":\"en-GB\",\"@id\":\"https:\\\/\\\/secure.gravatar.com\\\/avatar\\\/b056eb0e17a1840d21420e19579ca7ec0a72d573f65fbb56bc8851b1c131d355?s=96&d=mm&r=g\",\"url\":\"https:\\\/\\\/secure.gravatar.com\\\/avatar\\\/b056eb0e17a1840d21420e19579ca7ec0a72d573f65fbb56bc8851b1c131d355?s=96&d=mm&r=g\",\"contentUrl\":\"https:\\\/\\\/secure.gravatar.com\\\/avatar\\\/b056eb0e17a1840d21420e19579ca7ec0a72d573f65fbb56bc8851b1c131d355?s=96&d=mm&r=g\",\"caption\":\"Francisco J.\"},\"url\":\"https:\\\/\\\/velezylozano.com\\\/en\\\/author\\\/fran\\\/\"}]}<\/script>\n<!-- \/ Yoast SEO plugin. -->","yoast_head_json":{"title":"New tablets available for the waiting room - V\u00e9lez &amp; Lozano","robots":{"index":"index","follow":"follow","max-snippet":"max-snippet:-1","max-image-preview":"max-image-preview:large","max-video-preview":"max-video-preview:-1"},"canonical":"https:\/\/velezylozano.com\/en\/new-tablets-available-for-the-waiting-room\/","og_locale":"en_GB","og_type":"article","og_title":"Nuevas tablets disponibles para la sala de espera - V\u00e9lez &amp; Lozano","og_description":"Uno de nuestros valores como empresa y equipo es el de seguir dando pasos para alinearnos con nuestra responsabilidad con el mundo que nos rodea, como bien saben nuestros pacientes. Lo que se traduce en nuestra marcada faceta en pro de los valores de defensa de medioambiente, como cualquiera podr\u00eda atestiguar en una visita a [&hellip;]","og_url":"https:\/\/velezylozano.com\/en\/new-tablets-available-for-the-waiting-room\/","og_site_name":"V\u00e9lez &amp; Lozano","article_published_time":"2023-03-10T10:54:44+00:00","og_image":[{"width":1024,"height":995,"url":"https:\/\/velezylozano.com\/wp-content\/uploads\/2023\/03\/Captura-de-pantalla-2023-03-10-a-las-11.42.50-1024x995.png","type":"image\/png"}],"author":"Francisco J.","twitter_card":"summary_large_image","twitter_misc":{"Written by":"Francisco J.","Estimated reading time":"1 minute"},"schema":{"@context":"https:\/\/schema.org","@graph":[{"@type":"Article","@id":"https:\/\/velezylozano.com\/nuevas-tablets-disponibles-para-la-sala-de-espera\/#article","isPartOf":{"@id":"https:\/\/velezylozano.com\/nuevas-tablets-disponibles-para-la-sala-de-espera\/"},"author":{"name":"Francisco J.","@id":"https:\/\/velezylozano.com\/#\/schema\/person\/398ff8f7c21db7df8107c871189b1d1e"},"headline":"Nuevas tablets disponibles para la sala de espera","datePublished":"2023-03-10T10:54:44+00:00","mainEntityOfPage":{"@id":"https:\/\/velezylozano.com\/nuevas-tablets-disponibles-para-la-sala-de-espera\/"},"wordCount":172,"commentCount":0,"publisher":{"@id":"https:\/\/velezylozano.com\/#organization"},"image":{"@id":"https:\/\/velezylozano.com\/nuevas-tablets-disponibles-para-la-sala-de-espera\/#primaryimage"},"thumbnailUrl":"https:\/\/i0.wp.com\/velezylozano.com\/wp-content\/uploads\/2023\/03\/Captura-de-pantalla-2023-03-10-a-las-11.42.50.png?fit=1964%2C1908&ssl=1","keywords":["cl\u00ednica","novedades"],"articleSection":["Actualidad"],"inLanguage":"en-GB","potentialAction":[{"@type":"CommentAction","name":"Comment","target":["https:\/\/velezylozano.com\/nuevas-tablets-disponibles-para-la-sala-de-espera\/#respond"]}]},{"@type":"WebPage","@id":"https:\/\/velezylozano.com\/nuevas-tablets-disponibles-para-la-sala-de-espera\/","url":"https:\/\/velezylozano.com\/nuevas-tablets-disponibles-para-la-sala-de-espera\/","name":"New tablets available for the waiting room - V\u00e9lez &amp; Lozano","isPartOf":{"@id":"https:\/\/velezylozano.com\/#website"},"primaryImageOfPage":{"@id":"https:\/\/velezylozano.com\/nuevas-tablets-disponibles-para-la-sala-de-espera\/#primaryimage"},"image":{"@id":"https:\/\/velezylozano.com\/nuevas-tablets-disponibles-para-la-sala-de-espera\/#primaryimage"},"thumbnailUrl":"https:\/\/i0.wp.com\/velezylozano.com\/wp-content\/uploads\/2023\/03\/Captura-de-pantalla-2023-03-10-a-las-11.42.50.png?fit=1964%2C1908&ssl=1","datePublished":"2023-03-10T10:54:44+00:00","breadcrumb":{"@id":"https:\/\/velezylozano.com\/nuevas-tablets-disponibles-para-la-sala-de-espera\/#breadcrumb"},"inLanguage":"en-GB","potentialAction":[{"@type":"ReadAction","target":["https:\/\/velezylozano.com\/nuevas-tablets-disponibles-para-la-sala-de-espera\/"]}]},{"@type":"ImageObject","inLanguage":"en-GB","@id":"https:\/\/velezylozano.com\/nuevas-tablets-disponibles-para-la-sala-de-espera\/#primaryimage","url":"https:\/\/i0.wp.com\/velezylozano.com\/wp-content\/uploads\/2023\/03\/Captura-de-pantalla-2023-03-10-a-las-11.42.50.png?fit=1964%2C1908&ssl=1","contentUrl":"https:\/\/i0.wp.com\/velezylozano.com\/wp-content\/uploads\/2023\/03\/Captura-de-pantalla-2023-03-10-a-las-11.42.50.png?fit=1964%2C1908&ssl=1","width":1964,"height":1908},{"@type":"BreadcrumbList","@id":"https:\/\/velezylozano.com\/nuevas-tablets-disponibles-para-la-sala-de-espera\/#breadcrumb","itemListElement":[{"@type":"ListItem","position":1,"name":"Home","item":"https:\/\/velezylozano.com\/"},{"@type":"ListItem","position":2,"name":"Nuevas tablets disponibles para la sala de espera"}]},{"@type":"WebSite","@id":"https:\/\/velezylozano.com\/#website","url":"https:\/\/velezylozano.com\/","name":"Velez &amp; Lozano","description":"Dental clinic in Murcia since 2008","publisher":{"@id":"https:\/\/velezylozano.com\/#organization"},"potentialAction":[{"@type":"SearchAction","target":{"@type":"EntryPoint","urlTemplate":"https:\/\/velezylozano.com\/?s={search_term_string}"},"query-input":{"@type":"PropertyValueSpecification","valueRequired":true,"valueName":"search_term_string"}}],"inLanguage":"en-GB"},{"@type":"Organization","@id":"https:\/\/velezylozano.com\/#organization","name":"Velez &amp; Lozano","url":"https:\/\/velezylozano.com\/","logo":{"@type":"ImageObject","inLanguage":"en-GB","@id":"https:\/\/velezylozano.com\/#\/schema\/logo\/image\/","url":"https:\/\/velezylozano.com\/wp-content\/uploads\/2021\/12\/velezlozanologo.svg","contentUrl":"https:\/\/velezylozano.com\/wp-content\/uploads\/2021\/12\/velezlozanologo.svg","width":322,"height":33,"caption":"V\u00e9lez &amp; Lozano"},"image":{"@id":"https:\/\/velezylozano.com\/#\/schema\/logo\/image\/"}},{"@type":"Person","@id":"https:\/\/velezylozano.com\/#\/schema\/person\/398ff8f7c21db7df8107c871189b1d1e","name":"Francisco J.","image":{"@type":"ImageObject","inLanguage":"en-GB","@id":"https:\/\/secure.gravatar.com\/avatar\/b056eb0e17a1840d21420e19579ca7ec0a72d573f65fbb56bc8851b1c131d355?s=96&d=mm&r=g","url":"https:\/\/secure.gravatar.com\/avatar\/b056eb0e17a1840d21420e19579ca7ec0a72d573f65fbb56bc8851b1c131d355?s=96&d=mm&r=g","contentUrl":"https:\/\/secure.gravatar.com\/avatar\/b056eb0e17a1840d21420e19579ca7ec0a72d573f65fbb56bc8851b1c131d355?s=96&d=mm&r=g","caption":"Francisco J."},"url":"https:\/\/velezylozano.com\/en\/author\/fran\/"}]}},"jetpack_featured_media_url":"https:\/\/i0.wp.com\/velezylozano.com\/wp-content\/uploads\/2023\/03\/Captura-de-pantalla-2023-03-10-a-las-11.42.50.png?fit=1964%2C1908&ssl=1","jetpack-related-posts":[{"id":12469,"url":"https:\/\/velezylozano.com\/en\/what-is-csr-and-what-do-we-do-in-velez-lozano-in-this-sense\/","url_meta":{"origin":11664,"position":0},"title":"What is CSR and what do we do at V\u00e9lez &amp; Lozano in this regard?","author":"Francisco J.","date":"1 de March de 2024","format":false,"excerpt":"\u00bfQu\u00e9 es la Responsabilidad Social Corporativa? Durante este mes de febrero hemos hablado bastante de Responsabilidad Social Corporativa (RSC) porque parte de nuestros objetivos para este 2024 era dar un impulso a la parte visible de este \u00e1rea tan importante para las empresas en el siglo XXI. Pero, \u00bfqu\u00e9 es\u2026","rel":"","context":"In &quot;2024&quot;","block_context":{"text":"2024","link":"https:\/\/velezylozano.com\/en\/category\/2024\/"},"img":{"alt_text":"","src":"https:\/\/i0.wp.com\/velezylozano.com\/wp-content\/uploads\/2024\/02\/IMG_6082-scaled-e1707210338852.jpg?fit=1200%2C423&ssl=1&resize=350%2C200","width":350,"height":200,"srcset":"https:\/\/i0.wp.com\/velezylozano.com\/wp-content\/uploads\/2024\/02\/IMG_6082-scaled-e1707210338852.jpg?fit=1200%2C423&ssl=1&resize=350%2C200 1x, https:\/\/i0.wp.com\/velezylozano.com\/wp-content\/uploads\/2024\/02\/IMG_6082-scaled-e1707210338852.jpg?fit=1200%2C423&ssl=1&resize=525%2C300 1.5x, https:\/\/i0.wp.com\/velezylozano.com\/wp-content\/uploads\/2024\/02\/IMG_6082-scaled-e1707210338852.jpg?fit=1200%2C423&ssl=1&resize=700%2C400 2x, https:\/\/i0.wp.com\/velezylozano.com\/wp-content\/uploads\/2024\/02\/IMG_6082-scaled-e1707210338852.jpg?fit=1200%2C423&ssl=1&resize=1050%2C600 3x"},"classes":[]},{"id":11825,"url":"https:\/\/velezylozano.com\/en\/velez-y-lozano-redoubles-its-commitment-to-recycling\/","url_meta":{"origin":11664,"position":1},"title":"V\u00e9lez y Lozano redoubles its commitment to recycling","author":"Francisco J.","date":"17 de May de 2023","format":false,"excerpt":"Hoy, 17 de mayo, se celebra el D\u00eda Mundial del Reciclaje, y desde V\u00e9lez y Lozano queremos aprovechar la oportunidad para reafirmar nuestro compromiso con el mismo como forma de conservar el medio ambiente y el mundo que nos rodea como empresa comprometida con nuestro entorno. Aunque siempre hemos estado\u2026","rel":"","context":"In &quot;Actualidad&quot;","block_context":{"text":"Actualidad","link":"https:\/\/velezylozano.com\/en\/category\/news-2\/"},"img":{"alt_text":"","src":"https:\/\/i0.wp.com\/velezylozano.com\/wp-content\/uploads\/2023\/05\/dia-mundial-del-reciclaje-generamos-471-kg-de-residuos-al-ano-335531-2_1024.webp?fit=1024%2C720&ssl=1&resize=350%2C200","width":350,"height":200,"srcset":"https:\/\/i0.wp.com\/velezylozano.com\/wp-content\/uploads\/2023\/05\/dia-mundial-del-reciclaje-generamos-471-kg-de-residuos-al-ano-335531-2_1024.webp?fit=1024%2C720&ssl=1&resize=350%2C200 1x, https:\/\/i0.wp.com\/velezylozano.com\/wp-content\/uploads\/2023\/05\/dia-mundial-del-reciclaje-generamos-471-kg-de-residuos-al-ano-335531-2_1024.webp?fit=1024%2C720&ssl=1&resize=525%2C300 1.5x, https:\/\/i0.wp.com\/velezylozano.com\/wp-content\/uploads\/2023\/05\/dia-mundial-del-reciclaje-generamos-471-kg-de-residuos-al-ano-335531-2_1024.webp?fit=1024%2C720&ssl=1&resize=700%2C400 2x"},"classes":[]},{"id":11691,"url":"https:\/\/velezylozano.com\/en\/velez-lozano-joins-the-demands-of-earth-hour\/","url_meta":{"origin":11664,"position":2},"title":"V\u00e9lez &amp; Lozano joins the demands of Earth Hour","author":"Francisco J.","date":"25 de March de 2023","format":false,"excerpt":"Hoy, s\u00e1bado 25 de marzo, se celebra a nivel mundial la iniciativa 'La Hora del Planeta', mediante la cual se pretende concienciar sobre la necesidad de tomar medidas urgentes contra el cambio clim\u00e1tico y a favor del medio ambiente. Desde hace a\u00f1os, y de forma simb\u00f3lica, miles de hogares y\u2026","rel":"","context":"In &quot;Actualidad&quot;","block_context":{"text":"Actualidad","link":"https:\/\/velezylozano.com\/en\/category\/news-2\/"},"img":{"alt_text":"","src":"","width":0,"height":0},"classes":[]},{"id":8190,"url":"https:\/\/velezylozano.com\/en\/what-happens-if-i-swallow-a-patch-of-invisalign-transparent-orthodontics-in-murcia\/","url_meta":{"origin":11664,"position":3},"title":"What happens if I swallow an Invisalign 'atache'? - Transparent Orthodontics Murcia","author":"Comunicaci\u00f3n V&amp;L","date":"10 de May de 2014","format":false,"excerpt":"M\u00e1s de dos millones de pacientes han disfrutado ya de las ventajas de la t\u00e9cnica \u2018Invisalign\u2019 de ortodoncia transparente en todo el mundo, siendo una t\u00e9cnica usada cada vez con m\u00e1s frecuencia en Espa\u00f1a y en la ciudad de Murcia por profesionales experimentados que pueden ofrecer soluciones a un gran\u2026","rel":"","context":"Similar post","block_context":{"text":"Similar post","link":""},"img":{"alt_text":"","src":"https:\/\/i0.wp.com\/velezylozano.com\/wp-content\/uploads\/2022\/01\/clinica-dental-velez-y-lozano-sara-murcia-2-scaled-1.jpg?fit=857%2C1200&ssl=1&resize=350%2C200","width":350,"height":200,"srcset":"https:\/\/i0.wp.com\/velezylozano.com\/wp-content\/uploads\/2022\/01\/clinica-dental-velez-y-lozano-sara-murcia-2-scaled-1.jpg?fit=857%2C1200&ssl=1&resize=350%2C200 1x, https:\/\/i0.wp.com\/velezylozano.com\/wp-content\/uploads\/2022\/01\/clinica-dental-velez-y-lozano-sara-murcia-2-scaled-1.jpg?fit=857%2C1200&ssl=1&resize=525%2C300 1.5x, https:\/\/i0.wp.com\/velezylozano.com\/wp-content\/uploads\/2022\/01\/clinica-dental-velez-y-lozano-sara-murcia-2-scaled-1.jpg?fit=857%2C1200&ssl=1&resize=700%2C400 2x"},"classes":[]},{"id":1572,"url":"https:\/\/velezylozano.com\/en\/covid19-safety-in-dental-clinics\/","url_meta":{"origin":11664,"position":4},"title":"COVID19 safety in dental clinics","author":"Comunicaci\u00f3n V&amp;L","date":"2 de July de 2020","format":false,"excerpt":"La cl\u00ednica dental V\u00e9lez y Lozano mantiene abiertas sus instalaciones durante el estado de alarma decretado por el Gobierno de Espa\u00f1a, con limitaci\u00f3n de nuestra actividad a la atenci\u00f3n de tratamientos cuyo retraso o paralizaci\u00f3n puedan suponer un perjuicio del paciente y otras urgencias odontol\u00f3gicas que produzcan dolor y molestias\u2026","rel":"","context":"In &quot;Actualidad&quot;","block_context":{"text":"Actualidad","link":"https:\/\/velezylozano.com\/en\/category\/news-2\/"},"img":{"alt_text":"","src":"https:\/\/i0.wp.com\/velezylozano.com\/wp-content\/uploads\/2020\/07\/banners_foto_es_135_1950x750.png?fit=569%2C219&ssl=1&resize=350%2C200","width":350,"height":200,"srcset":"https:\/\/i0.wp.com\/velezylozano.com\/wp-content\/uploads\/2020\/07\/banners_foto_es_135_1950x750.png?fit=569%2C219&ssl=1&resize=350%2C200 1x, https:\/\/i0.wp.com\/velezylozano.com\/wp-content\/uploads\/2020\/07\/banners_foto_es_135_1950x750.png?fit=569%2C219&ssl=1&resize=525%2C300 1.5x"},"classes":[]},{"id":8531,"url":"https:\/\/velezylozano.com\/en\/the-use-of-photographs-at-velez-y-lozano\/","url_meta":{"origin":11664,"position":5},"title":"The use of photographs in V\u00e9lez y Lozano","author":"Comunicaci\u00f3n V&amp;L","date":"22 de October de 2021","format":false,"excerpt":"El uso de las fotograf\u00edas en las cl\u00ednicas dentales como la nuestra en Murcia es algo que siempre llama la atenci\u00f3n de los pacientes, especialmente de aquellos m\u00e1s reticentes a la hora de mostrar su sonrisa, que suelen preguntar si realmente es imprescindible. Sin embargo, las fotograf\u00edas dentales se han\u2026","rel":"","context":"In &quot;2021&quot;","block_context":{"text":"2021","link":"https:\/\/velezylozano.com\/en\/category\/2021\/"},"img":{"alt_text":"","src":"https:\/\/i0.wp.com\/velezylozano.com\/wp-content\/uploads\/2022\/01\/fotografias-scaled-1.jpg?fit=1200%2C800&ssl=1&resize=350%2C200","width":350,"height":200,"srcset":"https:\/\/i0.wp.com\/velezylozano.com\/wp-content\/uploads\/2022\/01\/fotografias-scaled-1.jpg?fit=1200%2C800&ssl=1&resize=350%2C200 1x, https:\/\/i0.wp.com\/velezylozano.com\/wp-content\/uploads\/2022\/01\/fotografias-scaled-1.jpg?fit=1200%2C800&ssl=1&resize=525%2C300 1.5x, https:\/\/i0.wp.com\/velezylozano.com\/wp-content\/uploads\/2022\/01\/fotografias-scaled-1.jpg?fit=1200%2C800&ssl=1&resize=700%2C400 2x, https:\/\/i0.wp.com\/velezylozano.com\/wp-content\/uploads\/2022\/01\/fotografias-scaled-1.jpg?fit=1200%2C800&ssl=1&resize=1050%2C600 3x"},"classes":[]}],"jetpack_sharing_enabled":true,"_links":{"self":[{"href":"https:\/\/velezylozano.com\/en\/wp-json\/wp\/v2\/posts\/11664","targetHints":{"allow":["GET"]}}],"collection":[{"href":"https:\/\/velezylozano.com\/en\/wp-json\/wp\/v2\/posts"}],"about":[{"href":"https:\/\/velezylozano.com\/en\/wp-json\/wp\/v2\/types\/post"}],"author":[{"embeddable":true,"href":"https:\/\/velezylozano.com\/en\/wp-json\/wp\/v2\/users\/4"}],"replies":[{"embeddable":true,"href":"https:\/\/velezylozano.com\/en\/wp-json\/wp\/v2\/comments?post=11664"}],"version-history":[{"count":1,"href":"https:\/\/velezylozano.com\/en\/wp-json\/wp\/v2\/posts\/11664\/revisions"}],"predecessor-version":[{"id":11666,"href":"https:\/\/velezylozano.com\/en\/wp-json\/wp\/v2\/posts\/11664\/revisions\/11666"}],"wp:featuredmedia":[{"embeddable":true,"href":"https:\/\/velezylozano.com\/en\/wp-json\/wp\/v2\/media\/11665"}],"wp:attachment":[{"href":"https:\/\/velezylozano.com\/en\/wp-json\/wp\/v2\/media?parent=11664"}],"wp:term":[{"taxonomy":"category","embeddable":true,"href":"https:\/\/velezylozano.com\/en\/wp-json\/wp\/v2\/categories?post=11664"},{"taxonomy":"post_tag","embeddable":true,"href":"https:\/\/velezylozano.com\/en\/wp-json\/wp\/v2\/tags?post=11664"}],"curies":[{"name":"wp","href":"https:\/\/api.w.org\/{rel}","templated":true}]}}