{"id":11668,"date":"2023-03-17T07:50:11","date_gmt":"2023-03-17T06:50:11","guid":{"rendered":"https:\/\/velezylozano.com\/?p=11668"},"modified":"2023-03-16T14:16:01","modified_gmt":"2023-03-16T13:16:01","slug":"oral-respiration-orthodontics","status":"publish","type":"post","link":"https:\/\/velezylozano.com\/en\/oral-respiration-orthodontics\/","title":{"rendered":"The relationship between oral breathing and malocclusions"},"content":{"rendered":"<h2>Where does mouth breathing come from: An evolutionary review<\/h2>\n<p>Oral breathing is a very common harmful habit, both in adults and children, and it generates a long list of repercussions, as we have already discussed in previous blog articles. This is due, above all, to the fact that we are biologically prepared and predisposed to breathe through the nose, and not doing so means that the nasal floor is not stimulated, the palate does not widen and remains very narrow, which means that it is increasingly common to find crossbites in children between the ages of 7 and 9.<\/p>\n<p>All this adds up to the fact that, evolutionarily, our face and mouth have changed over the centuries. In earlier times, dental crowding was much less common than it is today, because jaws and noses were larger, as larger and harder foods needed to be chewed than they are now. This is mainly due to the industrialisation of the food sector: our food is increasingly processed and soft, which has made forceful chewing dispensable and has led to a reduction in the forces exerted by the mouth, which in turn has led to the evolutionary consequence of smaller jaws in which crowding and malocclusions are becoming more frequent.<\/p>\n<p>This narrowing of the jaws in turn leads to an anatomical narrowing of the airways, which means that breathing becomes more common through the mouth than through the nose, which has become narrower.<\/p>\n<h2>Consequences of mouth breathing<\/h2>\n<p>Mouth breathing is a very common harmful habit in adults and children that has repercussions such as:<\/p>\n<ul>\n<li>Respiratory diseases such as asthma, allergy or constipation<\/li>\n<li>Alterations in the growth and development of the skull and face such as: elongated faces, half-open mouths, dark circles under the eyes, flat cheekbones, short upper lip...etc.<\/li>\n<li>Dental malocclusions with severely pro-inclined incisors, anterior open bite and\/or crossbite<\/li>\n<li>Sleep disorders: sleeping with the mouth open and breathing through the mouth dries out the throat, leading to snoring and sleep apnoea. All this leads to general tiredness, increased susceptibility to stress, anxiety or attention deficit.<\/li>\n<li>Decreased oxygenation levels<\/li>\n<\/ul>\n<h2>Tackling the root of the problem<\/h2>\n<p>Like the rest of its scientific counterparts, orthodontics is a discipline that has begun to focus on prevention when it is still possible, hence the importance of dental check-ups from an early age.<\/p>\n<p>Early rehabilitation that teaches us to breathe properly, chew correctly and swallow properly will have a huge impact not only on the health of our mouth, but also on our body in general, which is why, with the help of the orthodontist, what we are looking for is correct nasal breathing, good tongue placement and energetic bilateral chewing.<\/p>\n<p>Depending on the age of the patient it may be necessary to complement this rehabilitation with orthodontic or orthopaedic treatment (depending on age).<\/p>\n<h2>Clinical case<\/h2>\n<p><img data-recalc-dims=\"1\" decoding=\"async\" class=\"alignnone size-medium wp-image-11669\" src=\"https:\/\/i0.wp.com\/velezylozano.com\/wp-content\/uploads\/2023\/03\/blog-raquel-respiracionoral.png?resize=300%2C126&#038;ssl=1\" alt=\"\" width=\"300\" height=\"126\" srcset=\"https:\/\/i0.wp.com\/velezylozano.com\/wp-content\/uploads\/2023\/03\/blog-raquel-respiracionoral.png?resize=300%2C126&amp;ssl=1 300w, https:\/\/i0.wp.com\/velezylozano.com\/wp-content\/uploads\/2023\/03\/blog-raquel-respiracionoral.png?resize=18%2C8&amp;ssl=1 18w, https:\/\/i0.wp.com\/velezylozano.com\/wp-content\/uploads\/2023\/03\/blog-raquel-respiracionoral.png?w=737&amp;ssl=1 737w\" sizes=\"(max-width: 300px) 100vw, 300px\" \/><\/p>\n<p>A practical example of what we have told you: A 25-year-old patient undergoing invisible orthodontic treatment. During her examination and assessment appointment, we were able to see that the patient had lip incompetence, which leads her to breathe through her mouth instead of through her nose. Therefore, we decided to combine her traditional treatment with a functional treatment to improve her lip seal. We do this by means of adhesive strips\u00a0<em>Myotape<\/em> night-time use, plus exercises explained by our orthodontist to help improve the lip seal.<\/p>","protected":false},"excerpt":{"rendered":"<p>Where does mouth breathing come from: An evolutionary review Mouth breathing is a very common harmful habit, both in adults and children, and one that generates a long list of repercussions, as we have already discussed in previous blog articles. This is due, above all, to the fact that we are biologically prepared and predisposed to breathe [...]<\/p>","protected":false},"author":9,"featured_media":11670,"comment_status":"open","ping_status":"open","sticky":false,"template":"","format":"standard","meta":{"_jetpack_memberships_contains_paid_content":false,"footnotes":""},"categories":[106],"tags":[36],"class_list":["post-11668","post","type-post","status-publish","format-standard","has-post-thumbnail","hentry","category-106","tag-ortodoncia"],"yoast_head":"<!-- This site is optimized with the Yoast SEO plugin v27.5 - https:\/\/yoast.com\/product\/yoast-seo-wordpress\/ -->\n<title>La relaci\u00f3n entre la respiraci\u00f3n oral y las maloclusiones - V\u00e9lez &amp; Lozano<\/title>\n<meta name=\"description\" content=\"\u00bfSab\u00edas que el origen de muchas maloclusiones est\u00e1 en la forma de respirar del paciente? Te explicamos hacia donde apunta la ortodoncia.\" \/>\n<meta name=\"robots\" content=\"index, follow, max-snippet:-1, max-image-preview:large, max-video-preview:-1\" \/>\n<link rel=\"canonical\" href=\"https:\/\/velezylozano.com\/en\/oral-respiration-orthodontics\/\" \/>\n<meta property=\"og:locale\" content=\"en_GB\" \/>\n<meta property=\"og:type\" content=\"article\" \/>\n<meta property=\"og:title\" content=\"La relaci\u00f3n entre la respiraci\u00f3n oral y las maloclusiones - V\u00e9lez &amp; Lozano\" \/>\n<meta property=\"og:description\" content=\"\u00bfSab\u00edas que el origen de muchas maloclusiones est\u00e1 en la forma de respirar del paciente? Te explicamos hacia donde apunta la ortodoncia.\" \/>\n<meta property=\"og:url\" content=\"https:\/\/velezylozano.com\/en\/oral-respiration-orthodontics\/\" \/>\n<meta property=\"og:site_name\" content=\"V\u00e9lez &amp; Lozano\" \/>\n<meta property=\"article:published_time\" content=\"2023-03-17T06:50:11+00:00\" \/>\n<meta property=\"og:image\" content=\"https:\/\/i0.wp.com\/velezylozano.com\/wp-content\/uploads\/2023\/03\/consecuencias-de-la-respiracion-bucal-en-los-dientes.jpg?fit=1200%2C800&ssl=1\" \/>\n\t<meta property=\"og:image:width\" content=\"1200\" \/>\n\t<meta property=\"og:image:height\" content=\"800\" \/>\n\t<meta property=\"og:image:type\" content=\"image\/jpeg\" \/>\n<meta name=\"author\" content=\"Raquel Lucas G\u00e1lvez\" \/>\n<meta name=\"twitter:card\" content=\"summary_large_image\" \/>\n<meta name=\"twitter:label1\" content=\"Written by\" \/>\n\t<meta name=\"twitter:data1\" content=\"Raquel Lucas G\u00e1lvez\" \/>\n\t<meta name=\"twitter:label2\" content=\"Estimated reading time\" \/>\n\t<meta name=\"twitter:data2\" content=\"3 minutes\" \/>\n<script type=\"application\/ld+json\" class=\"yoast-schema-graph\">{\"@context\":\"https:\\\/\\\/schema.org\",\"@graph\":[{\"@type\":\"Article\",\"@id\":\"https:\\\/\\\/velezylozano.com\\\/respiracion-oral-ortodoncia\\\/#article\",\"isPartOf\":{\"@id\":\"https:\\\/\\\/velezylozano.com\\\/respiracion-oral-ortodoncia\\\/\"},\"author\":{\"name\":\"Raquel Lucas G\u00e1lvez\",\"@id\":\"https:\\\/\\\/velezylozano.com\\\/#\\\/schema\\\/person\\\/70831db640c8e5a02446f2062e9bb87a\"},\"headline\":\"La relaci\u00f3n entre la respiraci\u00f3n oral y las maloclusiones\",\"datePublished\":\"2023-03-17T06:50:11+00:00\",\"mainEntityOfPage\":{\"@id\":\"https:\\\/\\\/velezylozano.com\\\/respiracion-oral-ortodoncia\\\/\"},\"wordCount\":678,\"commentCount\":0,\"publisher\":{\"@id\":\"https:\\\/\\\/velezylozano.com\\\/#organization\"},\"image\":{\"@id\":\"https:\\\/\\\/velezylozano.com\\\/respiracion-oral-ortodoncia\\\/#primaryimage\"},\"thumbnailUrl\":\"https:\\\/\\\/i0.wp.com\\\/velezylozano.com\\\/wp-content\\\/uploads\\\/2023\\\/03\\\/consecuencias-de-la-respiracion-bucal-en-los-dientes.jpg?fit=1200%2C800&ssl=1\",\"keywords\":[\"ortodoncia\"],\"articleSection\":[\"2023\"],\"inLanguage\":\"en-GB\",\"potentialAction\":[{\"@type\":\"CommentAction\",\"name\":\"Comment\",\"target\":[\"https:\\\/\\\/velezylozano.com\\\/respiracion-oral-ortodoncia\\\/#respond\"]}]},{\"@type\":\"WebPage\",\"@id\":\"https:\\\/\\\/velezylozano.com\\\/respiracion-oral-ortodoncia\\\/\",\"url\":\"https:\\\/\\\/velezylozano.com\\\/respiracion-oral-ortodoncia\\\/\",\"name\":\"La relaci\u00f3n entre la respiraci\u00f3n oral y las maloclusiones - V\u00e9lez &amp; Lozano\",\"isPartOf\":{\"@id\":\"https:\\\/\\\/velezylozano.com\\\/#website\"},\"primaryImageOfPage\":{\"@id\":\"https:\\\/\\\/velezylozano.com\\\/respiracion-oral-ortodoncia\\\/#primaryimage\"},\"image\":{\"@id\":\"https:\\\/\\\/velezylozano.com\\\/respiracion-oral-ortodoncia\\\/#primaryimage\"},\"thumbnailUrl\":\"https:\\\/\\\/i0.wp.com\\\/velezylozano.com\\\/wp-content\\\/uploads\\\/2023\\\/03\\\/consecuencias-de-la-respiracion-bucal-en-los-dientes.jpg?fit=1200%2C800&ssl=1\",\"datePublished\":\"2023-03-17T06:50:11+00:00\",\"description\":\"\u00bfSab\u00edas que el origen de muchas maloclusiones est\u00e1 en la forma de respirar del paciente? Te explicamos hacia donde apunta la ortodoncia.\",\"breadcrumb\":{\"@id\":\"https:\\\/\\\/velezylozano.com\\\/respiracion-oral-ortodoncia\\\/#breadcrumb\"},\"inLanguage\":\"en-GB\",\"potentialAction\":[{\"@type\":\"ReadAction\",\"target\":[\"https:\\\/\\\/velezylozano.com\\\/respiracion-oral-ortodoncia\\\/\"]}]},{\"@type\":\"ImageObject\",\"inLanguage\":\"en-GB\",\"@id\":\"https:\\\/\\\/velezylozano.com\\\/respiracion-oral-ortodoncia\\\/#primaryimage\",\"url\":\"https:\\\/\\\/i0.wp.com\\\/velezylozano.com\\\/wp-content\\\/uploads\\\/2023\\\/03\\\/consecuencias-de-la-respiracion-bucal-en-los-dientes.jpg?fit=1200%2C800&ssl=1\",\"contentUrl\":\"https:\\\/\\\/i0.wp.com\\\/velezylozano.com\\\/wp-content\\\/uploads\\\/2023\\\/03\\\/consecuencias-de-la-respiracion-bucal-en-los-dientes.jpg?fit=1200%2C800&ssl=1\",\"width\":1200,\"height\":800},{\"@type\":\"BreadcrumbList\",\"@id\":\"https:\\\/\\\/velezylozano.com\\\/respiracion-oral-ortodoncia\\\/#breadcrumb\",\"itemListElement\":[{\"@type\":\"ListItem\",\"position\":1,\"name\":\"Home\",\"item\":\"https:\\\/\\\/velezylozano.com\\\/\"},{\"@type\":\"ListItem\",\"position\":2,\"name\":\"La relaci\u00f3n entre la respiraci\u00f3n oral y las maloclusiones\"}]},{\"@type\":\"WebSite\",\"@id\":\"https:\\\/\\\/velezylozano.com\\\/#website\",\"url\":\"https:\\\/\\\/velezylozano.com\\\/\",\"name\":\"V\u00e9lez &amp; Lozano\",\"description\":\"Cl\u00ednica dental en Murcia desde 2008\",\"publisher\":{\"@id\":\"https:\\\/\\\/velezylozano.com\\\/#organization\"},\"potentialAction\":[{\"@type\":\"SearchAction\",\"target\":{\"@type\":\"EntryPoint\",\"urlTemplate\":\"https:\\\/\\\/velezylozano.com\\\/?s={search_term_string}\"},\"query-input\":{\"@type\":\"PropertyValueSpecification\",\"valueRequired\":true,\"valueName\":\"search_term_string\"}}],\"inLanguage\":\"en-GB\"},{\"@type\":\"Organization\",\"@id\":\"https:\\\/\\\/velezylozano.com\\\/#organization\",\"name\":\"V\u00e9lez &amp; Lozano\",\"url\":\"https:\\\/\\\/velezylozano.com\\\/\",\"logo\":{\"@type\":\"ImageObject\",\"inLanguage\":\"en-GB\",\"@id\":\"https:\\\/\\\/velezylozano.com\\\/#\\\/schema\\\/logo\\\/image\\\/\",\"url\":\"https:\\\/\\\/velezylozano.com\\\/wp-content\\\/uploads\\\/2021\\\/12\\\/velezlozanologo.svg\",\"contentUrl\":\"https:\\\/\\\/velezylozano.com\\\/wp-content\\\/uploads\\\/2021\\\/12\\\/velezlozanologo.svg\",\"width\":322,\"height\":33,\"caption\":\"V\u00e9lez &amp; Lozano\"},\"image\":{\"@id\":\"https:\\\/\\\/velezylozano.com\\\/#\\\/schema\\\/logo\\\/image\\\/\"}},{\"@type\":\"Person\",\"@id\":\"https:\\\/\\\/velezylozano.com\\\/#\\\/schema\\\/person\\\/70831db640c8e5a02446f2062e9bb87a\",\"name\":\"Raquel Lucas G\u00e1lvez\",\"image\":{\"@type\":\"ImageObject\",\"inLanguage\":\"en-GB\",\"@id\":\"https:\\\/\\\/secure.gravatar.com\\\/avatar\\\/48fa0ce7919063fcfac3b035545a0770e3d098f22fbad66ddac7c4b93887cd37?s=96&d=mm&r=g\",\"url\":\"https:\\\/\\\/secure.gravatar.com\\\/avatar\\\/48fa0ce7919063fcfac3b035545a0770e3d098f22fbad66ddac7c4b93887cd37?s=96&d=mm&r=g\",\"contentUrl\":\"https:\\\/\\\/secure.gravatar.com\\\/avatar\\\/48fa0ce7919063fcfac3b035545a0770e3d098f22fbad66ddac7c4b93887cd37?s=96&d=mm&r=g\",\"caption\":\"Raquel Lucas G\u00e1lvez\"},\"sameAs\":[\"http:\\\/\\\/velezylozano.com\"],\"url\":\"https:\\\/\\\/velezylozano.com\\\/en\\\/author\\\/raquel-lucas-gallego\\\/\"}]}<\/script>\n<!-- \/ Yoast SEO plugin. -->","yoast_head_json":{"title":"The relationship between oral breathing and malocclusions - V\u00e9lez &amp; Lozano","description":"Did you know that the origin of many malocclusions lies in the way the patient breathes? We explain where orthodontics is heading.","robots":{"index":"index","follow":"follow","max-snippet":"max-snippet:-1","max-image-preview":"max-image-preview:large","max-video-preview":"max-video-preview:-1"},"canonical":"https:\/\/velezylozano.com\/en\/oral-respiration-orthodontics\/","og_locale":"en_GB","og_type":"article","og_title":"La relaci\u00f3n entre la respiraci\u00f3n oral y las maloclusiones - V\u00e9lez &amp; Lozano","og_description":"\u00bfSab\u00edas que el origen de muchas maloclusiones est\u00e1 en la forma de respirar del paciente? Te explicamos hacia donde apunta la ortodoncia.","og_url":"https:\/\/velezylozano.com\/en\/oral-respiration-orthodontics\/","og_site_name":"V\u00e9lez &amp; Lozano","article_published_time":"2023-03-17T06:50:11+00:00","og_image":[{"width":1200,"height":800,"url":"https:\/\/i0.wp.com\/velezylozano.com\/wp-content\/uploads\/2023\/03\/consecuencias-de-la-respiracion-bucal-en-los-dientes.jpg?fit=1200%2C800&ssl=1","type":"image\/jpeg"}],"author":"Raquel Lucas G\u00e1lvez","twitter_card":"summary_large_image","twitter_misc":{"Written by":"Raquel Lucas G\u00e1lvez","Estimated reading time":"3 minutes"},"schema":{"@context":"https:\/\/schema.org","@graph":[{"@type":"Article","@id":"https:\/\/velezylozano.com\/respiracion-oral-ortodoncia\/#article","isPartOf":{"@id":"https:\/\/velezylozano.com\/respiracion-oral-ortodoncia\/"},"author":{"name":"Raquel Lucas G\u00e1lvez","@id":"https:\/\/velezylozano.com\/#\/schema\/person\/70831db640c8e5a02446f2062e9bb87a"},"headline":"La relaci\u00f3n entre la respiraci\u00f3n oral y las maloclusiones","datePublished":"2023-03-17T06:50:11+00:00","mainEntityOfPage":{"@id":"https:\/\/velezylozano.com\/respiracion-oral-ortodoncia\/"},"wordCount":678,"commentCount":0,"publisher":{"@id":"https:\/\/velezylozano.com\/#organization"},"image":{"@id":"https:\/\/velezylozano.com\/respiracion-oral-ortodoncia\/#primaryimage"},"thumbnailUrl":"https:\/\/i0.wp.com\/velezylozano.com\/wp-content\/uploads\/2023\/03\/consecuencias-de-la-respiracion-bucal-en-los-dientes.jpg?fit=1200%2C800&ssl=1","keywords":["ortodoncia"],"articleSection":["2023"],"inLanguage":"en-GB","potentialAction":[{"@type":"CommentAction","name":"Comment","target":["https:\/\/velezylozano.com\/respiracion-oral-ortodoncia\/#respond"]}]},{"@type":"WebPage","@id":"https:\/\/velezylozano.com\/respiracion-oral-ortodoncia\/","url":"https:\/\/velezylozano.com\/respiracion-oral-ortodoncia\/","name":"The relationship between oral breathing and malocclusions - V\u00e9lez &amp; Lozano","isPartOf":{"@id":"https:\/\/velezylozano.com\/#website"},"primaryImageOfPage":{"@id":"https:\/\/velezylozano.com\/respiracion-oral-ortodoncia\/#primaryimage"},"image":{"@id":"https:\/\/velezylozano.com\/respiracion-oral-ortodoncia\/#primaryimage"},"thumbnailUrl":"https:\/\/i0.wp.com\/velezylozano.com\/wp-content\/uploads\/2023\/03\/consecuencias-de-la-respiracion-bucal-en-los-dientes.jpg?fit=1200%2C800&ssl=1","datePublished":"2023-03-17T06:50:11+00:00","description":"Did you know that the origin of many malocclusions lies in the way the patient breathes? We explain where orthodontics is heading.","breadcrumb":{"@id":"https:\/\/velezylozano.com\/respiracion-oral-ortodoncia\/#breadcrumb"},"inLanguage":"en-GB","potentialAction":[{"@type":"ReadAction","target":["https:\/\/velezylozano.com\/respiracion-oral-ortodoncia\/"]}]},{"@type":"ImageObject","inLanguage":"en-GB","@id":"https:\/\/velezylozano.com\/respiracion-oral-ortodoncia\/#primaryimage","url":"https:\/\/i0.wp.com\/velezylozano.com\/wp-content\/uploads\/2023\/03\/consecuencias-de-la-respiracion-bucal-en-los-dientes.jpg?fit=1200%2C800&ssl=1","contentUrl":"https:\/\/i0.wp.com\/velezylozano.com\/wp-content\/uploads\/2023\/03\/consecuencias-de-la-respiracion-bucal-en-los-dientes.jpg?fit=1200%2C800&ssl=1","width":1200,"height":800},{"@type":"BreadcrumbList","@id":"https:\/\/velezylozano.com\/respiracion-oral-ortodoncia\/#breadcrumb","itemListElement":[{"@type":"ListItem","position":1,"name":"Home","item":"https:\/\/velezylozano.com\/"},{"@type":"ListItem","position":2,"name":"La relaci\u00f3n entre la respiraci\u00f3n oral y las maloclusiones"}]},{"@type":"WebSite","@id":"https:\/\/velezylozano.com\/#website","url":"https:\/\/velezylozano.com\/","name":"Velez &amp; Lozano","description":"Dental clinic in Murcia since 2008","publisher":{"@id":"https:\/\/velezylozano.com\/#organization"},"potentialAction":[{"@type":"SearchAction","target":{"@type":"EntryPoint","urlTemplate":"https:\/\/velezylozano.com\/?s={search_term_string}"},"query-input":{"@type":"PropertyValueSpecification","valueRequired":true,"valueName":"search_term_string"}}],"inLanguage":"en-GB"},{"@type":"Organization","@id":"https:\/\/velezylozano.com\/#organization","name":"Velez &amp; Lozano","url":"https:\/\/velezylozano.com\/","logo":{"@type":"ImageObject","inLanguage":"en-GB","@id":"https:\/\/velezylozano.com\/#\/schema\/logo\/image\/","url":"https:\/\/velezylozano.com\/wp-content\/uploads\/2021\/12\/velezlozanologo.svg","contentUrl":"https:\/\/velezylozano.com\/wp-content\/uploads\/2021\/12\/velezlozanologo.svg","width":322,"height":33,"caption":"V\u00e9lez &amp; Lozano"},"image":{"@id":"https:\/\/velezylozano.com\/#\/schema\/logo\/image\/"}},{"@type":"Person","@id":"https:\/\/velezylozano.com\/#\/schema\/person\/70831db640c8e5a02446f2062e9bb87a","name":"Raquel Lucas G\u00e1lvez","image":{"@type":"ImageObject","inLanguage":"en-GB","@id":"https:\/\/secure.gravatar.com\/avatar\/48fa0ce7919063fcfac3b035545a0770e3d098f22fbad66ddac7c4b93887cd37?s=96&d=mm&r=g","url":"https:\/\/secure.gravatar.com\/avatar\/48fa0ce7919063fcfac3b035545a0770e3d098f22fbad66ddac7c4b93887cd37?s=96&d=mm&r=g","contentUrl":"https:\/\/secure.gravatar.com\/avatar\/48fa0ce7919063fcfac3b035545a0770e3d098f22fbad66ddac7c4b93887cd37?s=96&d=mm&r=g","caption":"Raquel Lucas G\u00e1lvez"},"sameAs":["http:\/\/velezylozano.com"],"url":"https:\/\/velezylozano.com\/en\/author\/raquel-lucas-gallego\/"}]}},"jetpack_featured_media_url":"https:\/\/i0.wp.com\/velezylozano.com\/wp-content\/uploads\/2023\/03\/consecuencias-de-la-respiracion-bucal-en-los-dientes.jpg?fit=1200%2C800&ssl=1","jetpack-related-posts":[{"id":11848,"url":"https:\/\/velezylozano.com\/en\/what-does-neuro-occlusal-rehabilitation-treatment-consist-of\/","url_meta":{"origin":11668,"position":0},"title":"What is Neuro-Occlusal Rehabilitative Treatment (RNO)?","author":"Francisco J.","date":"2 de June de 2023","format":false,"excerpt":"A trav\u00e9s de nuestras redes sociales estamos recibiendo un mont\u00f3n de feedback acerca de las diferentes opciones que podemos ofrecer a los padres que detectan que sus hijos son respiradores orales. Aunque actualmente esta es una v\u00eda a\u00fan en desarrollo en el campo de la ortodoncia, en nuestra cl\u00ednica dental\u2026","rel":"","context":"In &quot;2023&quot;","block_context":{"text":"2023","link":"https:\/\/velezylozano.com\/en\/category\/2023\/"},"img":{"alt_text":"","src":"https:\/\/i0.wp.com\/velezylozano.com\/wp-content\/uploads\/2023\/06\/Captura-de-pantalla-2023-06-02-a-las-9.57.44.png?fit=1190%2C1128&ssl=1&resize=350%2C200","width":350,"height":200,"srcset":"https:\/\/i0.wp.com\/velezylozano.com\/wp-content\/uploads\/2023\/06\/Captura-de-pantalla-2023-06-02-a-las-9.57.44.png?fit=1190%2C1128&ssl=1&resize=350%2C200 1x, https:\/\/i0.wp.com\/velezylozano.com\/wp-content\/uploads\/2023\/06\/Captura-de-pantalla-2023-06-02-a-las-9.57.44.png?fit=1190%2C1128&ssl=1&resize=525%2C300 1.5x, https:\/\/i0.wp.com\/velezylozano.com\/wp-content\/uploads\/2023\/06\/Captura-de-pantalla-2023-06-02-a-las-9.57.44.png?fit=1190%2C1128&ssl=1&resize=700%2C400 2x, https:\/\/i0.wp.com\/velezylozano.com\/wp-content\/uploads\/2023\/06\/Captura-de-pantalla-2023-06-02-a-las-9.57.44.png?fit=1190%2C1128&ssl=1&resize=1050%2C600 3x"},"classes":[]},{"id":12155,"url":"https:\/\/velezylozano.com\/en\/how-your-paediatric-dentist-can-help-you\/","url_meta":{"origin":11668,"position":1},"title":"How your paediatric dentist can help you","author":"Vanesa Rico Carrillo","date":"20 de October de 2023","format":false,"excerpt":"Durante las revisiones dentales de los m\u00e1s peque\u00f1os, no solo valoramos el estado de su salud dental, si no que los odontopediatras vamos mucho m\u00e1s all\u00e1. Y es que, como ya hemos dicho en otras ocasiones, la boca no es un componente aislado en nuestro cuerpo, sino que lo que\u2026","rel":"","context":"In &quot;2023&quot;","block_context":{"text":"2023","link":"https:\/\/velezylozano.com\/en\/category\/2023\/"},"img":{"alt_text":"","src":"https:\/\/i0.wp.com\/velezylozano.com\/wp-content\/uploads\/2023\/10\/Vanesa-nina.png?fit=1200%2C1200&ssl=1&resize=350%2C200","width":350,"height":200,"srcset":"https:\/\/i0.wp.com\/velezylozano.com\/wp-content\/uploads\/2023\/10\/Vanesa-nina.png?fit=1200%2C1200&ssl=1&resize=350%2C200 1x, https:\/\/i0.wp.com\/velezylozano.com\/wp-content\/uploads\/2023\/10\/Vanesa-nina.png?fit=1200%2C1200&ssl=1&resize=525%2C300 1.5x, https:\/\/i0.wp.com\/velezylozano.com\/wp-content\/uploads\/2023\/10\/Vanesa-nina.png?fit=1200%2C1200&ssl=1&resize=700%2C400 2x, https:\/\/i0.wp.com\/velezylozano.com\/wp-content\/uploads\/2023\/10\/Vanesa-nina.png?fit=1200%2C1200&ssl=1&resize=1050%2C600 3x"},"classes":[]},{"id":8470,"url":"https:\/\/velezylozano.com\/en\/when-i-have-to-put-my-children-in-braces\/","url_meta":{"origin":11668,"position":2},"title":"When do I have to put my children in braces?","author":"Comunicaci\u00f3n V&amp;L","date":"6 de March de 2021","format":false,"excerpt":"Existen muchos mitos acerca de la edad de empezar un tratamiento de ortodoncia. Los m\u00e1s extendidos son que la ortodoncia se pone cuando los ni\u00f1os cumplen 13 a\u00f1os o \u201ca ortodoncia se pone cuando ya no quedan dientes de leche, pero como podr\u00e9is imaginar no es del todo cierto. De\u2026","rel":"","context":"In &quot;2021&quot;","block_context":{"text":"2021","link":"https:\/\/velezylozano.com\/en\/category\/2021\/"},"img":{"alt_text":"","src":"https:\/\/i0.wp.com\/velezylozano.com\/wp-content\/uploads\/2022\/01\/ortodoncia-infantil.jpg?fit=1200%2C801&ssl=1&resize=350%2C200","width":350,"height":200,"srcset":"https:\/\/i0.wp.com\/velezylozano.com\/wp-content\/uploads\/2022\/01\/ortodoncia-infantil.jpg?fit=1200%2C801&ssl=1&resize=350%2C200 1x, https:\/\/i0.wp.com\/velezylozano.com\/wp-content\/uploads\/2022\/01\/ortodoncia-infantil.jpg?fit=1200%2C801&ssl=1&resize=525%2C300 1.5x, https:\/\/i0.wp.com\/velezylozano.com\/wp-content\/uploads\/2022\/01\/ortodoncia-infantil.jpg?fit=1200%2C801&ssl=1&resize=700%2C400 2x, https:\/\/i0.wp.com\/velezylozano.com\/wp-content\/uploads\/2022\/01\/ortodoncia-infantil.jpg?fit=1200%2C801&ssl=1&resize=1050%2C600 3x"},"classes":[]},{"id":10674,"url":"https:\/\/velezylozano.com\/en\/raquel-lucas-trains-in-biological-dentistry\/","url_meta":{"origin":11668,"position":3},"title":"Raquel Lucas trains in biological dentistry","author":"Francisco J.","date":"19 de September de 2022","format":false,"excerpt":"Nuestra compa\u00f1era Raquel Lucas, odont\u00f3loga en el equipo de ortodoncia, tras acabar su curso de biomec\u00e1nica avanzada con alineadores, ha decidido que encaminar\u00e1 su formaci\u00f3n hacia la odontolog\u00eda biol\u00f3gica, gracias a un m\u00e1ster impartido por el doctor Emilio L\u00f3pez Jim\u00e9nez en Ciudad Real. La odontolog\u00eda biol\u00f3gica o RMR (Rehabilitaci\u00f3n de\u2026","rel":"","context":"In &quot;Actualidad&quot;","block_context":{"text":"Actualidad","link":"https:\/\/velezylozano.com\/en\/category\/news-2\/"},"img":{"alt_text":"","src":"https:\/\/i0.wp.com\/velezylozano.com\/wp-content\/uploads\/2022\/09\/raquel-ad.png?fit=1200%2C1200&ssl=1&resize=350%2C200","width":350,"height":200,"srcset":"https:\/\/i0.wp.com\/velezylozano.com\/wp-content\/uploads\/2022\/09\/raquel-ad.png?fit=1200%2C1200&ssl=1&resize=350%2C200 1x, https:\/\/i0.wp.com\/velezylozano.com\/wp-content\/uploads\/2022\/09\/raquel-ad.png?fit=1200%2C1200&ssl=1&resize=525%2C300 1.5x, https:\/\/i0.wp.com\/velezylozano.com\/wp-content\/uploads\/2022\/09\/raquel-ad.png?fit=1200%2C1200&ssl=1&resize=700%2C400 2x, https:\/\/i0.wp.com\/velezylozano.com\/wp-content\/uploads\/2022\/09\/raquel-ad.png?fit=1200%2C1200&ssl=1&resize=1050%2C600 3x"},"classes":[]},{"id":8378,"url":"https:\/\/velezylozano.com\/en\/piercing-in-the-oral-cavity\/","url_meta":{"origin":11668,"position":4},"title":"PIERCING IN THE ORAL CAVITY","author":"Comunicaci\u00f3n V&amp;L","date":"29 de April de 2020","format":false,"excerpt":"Hablamos sobre los piercing en la boca, lengua y dem\u00e1s partes de la cavidad oral. En los \u00faltimos a\u00f1os, el uso de piercings en la cavidad oral ha experimentado un gran auge en los pa\u00edses occidentales, especialmente entre los j\u00f3venes. Los piercings orales se suelen colocar en la lengua o\u2026","rel":"","context":"Similar post","block_context":{"text":"Similar post","link":""},"img":{"alt_text":"","src":"https:\/\/i0.wp.com\/velezylozano.com\/wp-content\/uploads\/2022\/01\/Opale-langue-barre-5mm-gemme-droite-Barbell-14G-acier-chirurgical-cristal-pierre-mode-corps-Piercing-bijoux.jpg?fit=1200%2C1200&ssl=1&resize=350%2C200","width":350,"height":200,"srcset":"https:\/\/i0.wp.com\/velezylozano.com\/wp-content\/uploads\/2022\/01\/Opale-langue-barre-5mm-gemme-droite-Barbell-14G-acier-chirurgical-cristal-pierre-mode-corps-Piercing-bijoux.jpg?fit=1200%2C1200&ssl=1&resize=350%2C200 1x, https:\/\/i0.wp.com\/velezylozano.com\/wp-content\/uploads\/2022\/01\/Opale-langue-barre-5mm-gemme-droite-Barbell-14G-acier-chirurgical-cristal-pierre-mode-corps-Piercing-bijoux.jpg?fit=1200%2C1200&ssl=1&resize=525%2C300 1.5x, https:\/\/i0.wp.com\/velezylozano.com\/wp-content\/uploads\/2022\/01\/Opale-langue-barre-5mm-gemme-droite-Barbell-14G-acier-chirurgical-cristal-pierre-mode-corps-Piercing-bijoux.jpg?fit=1200%2C1200&ssl=1&resize=700%2C400 2x, https:\/\/i0.wp.com\/velezylozano.com\/wp-content\/uploads\/2022\/01\/Opale-langue-barre-5mm-gemme-droite-Barbell-14G-acier-chirurgical-cristal-pierre-mode-corps-Piercing-bijoux.jpg?fit=1200%2C1200&ssl=1&resize=1050%2C600 3x"},"classes":[]},{"id":11736,"url":"https:\/\/velezylozano.com\/en\/effect-of-inhalers-on-the-oral-health-of-children\/","url_meta":{"origin":11668,"position":5},"title":"Effect of inhalers on children's oral health","author":"Vanesa Rico Carrillo","date":"20 de April de 2023","format":false,"excerpt":"Entre los m\u00e1s peque\u00f1os -sobre todo si hablamos de menores de 2 a\u00f1os- se dan con mayor frecuencia enfermedades de tipo respiratorio como la bronquiolitis, el asma o la bronquitis. Esto se debe a que sus v\u00edas respiratorias son de menor tama\u00f1o, lo que provoca que se obstruyan con mayor\u2026","rel":"","context":"In &quot;2023&quot;","block_context":{"text":"2023","link":"https:\/\/velezylozano.com\/en\/category\/2023\/"},"img":{"alt_text":"","src":"https:\/\/i0.wp.com\/velezylozano.com\/wp-content\/uploads\/2023\/04\/inhaladores-blog2.png?fit=666%2C431&ssl=1&resize=350%2C200","width":350,"height":200,"srcset":"https:\/\/i0.wp.com\/velezylozano.com\/wp-content\/uploads\/2023\/04\/inhaladores-blog2.png?fit=666%2C431&ssl=1&resize=350%2C200 1x, https:\/\/i0.wp.com\/velezylozano.com\/wp-content\/uploads\/2023\/04\/inhaladores-blog2.png?fit=666%2C431&ssl=1&resize=525%2C300 1.5x"},"classes":[]}],"jetpack_sharing_enabled":true,"_links":{"self":[{"href":"https:\/\/velezylozano.com\/en\/wp-json\/wp\/v2\/posts\/11668","targetHints":{"allow":["GET"]}}],"collection":[{"href":"https:\/\/velezylozano.com\/en\/wp-json\/wp\/v2\/posts"}],"about":[{"href":"https:\/\/velezylozano.com\/en\/wp-json\/wp\/v2\/types\/post"}],"author":[{"embeddable":true,"href":"https:\/\/velezylozano.com\/en\/wp-json\/wp\/v2\/users\/9"}],"replies":[{"embeddable":true,"href":"https:\/\/velezylozano.com\/en\/wp-json\/wp\/v2\/comments?post=11668"}],"version-history":[{"count":3,"href":"https:\/\/velezylozano.com\/en\/wp-json\/wp\/v2\/posts\/11668\/revisions"}],"predecessor-version":[{"id":11673,"href":"https:\/\/velezylozano.com\/en\/wp-json\/wp\/v2\/posts\/11668\/revisions\/11673"}],"wp:featuredmedia":[{"embeddable":true,"href":"https:\/\/velezylozano.com\/en\/wp-json\/wp\/v2\/media\/11670"}],"wp:attachment":[{"href":"https:\/\/velezylozano.com\/en\/wp-json\/wp\/v2\/media?parent=11668"}],"wp:term":[{"taxonomy":"category","embeddable":true,"href":"https:\/\/velezylozano.com\/en\/wp-json\/wp\/v2\/categories?post=11668"},{"taxonomy":"post_tag","embeddable":true,"href":"https:\/\/velezylozano.com\/en\/wp-json\/wp\/v2\/tags?post=11668"}],"curies":[{"name":"wp","href":"https:\/\/api.w.org\/{rel}","templated":true}]}}