{"id":11712,"date":"2023-03-31T08:29:05","date_gmt":"2023-03-31T07:29:05","guid":{"rendered":"https:\/\/velezylozano.com\/?p=11712"},"modified":"2023-04-04T12:14:27","modified_gmt":"2023-04-04T11:14:27","slug":"what-is-bruxism-and-how-can-i-solve-it","status":"publish","type":"post","link":"https:\/\/velezylozano.com\/en\/what-is-bruxism-and-how-can-i-solve-it\/","title":{"rendered":"What is bruxism and how can I solve it?"},"content":{"rendered":"<p>The <strong>bruxism<\/strong> is a disorder consisting of unconscious clenching or even grinding of the teeth against each other (the lower arch against the upper arch).<\/p>\n<p>It is a problem that is affecting more and more people, which is explained by the fact that it is closely related to stress. Sometimes it becomes a chronic disorder that suffers from acute episodes (or periods) depending on the stress or anxiety suffered by the patient, depending on the time of life in which they find themselves.<\/p>\n<p>Bruxism affects men and women equally, with small percentage variations depending on the location where the study is carried out, and its incidence decreases notably after the age of 65.<\/p>\n<h2>Classification of bruxism<\/h2>\n<p><strong>Daytime or waking<\/strong>. It occurs during the day. It is most often a clenching of the teeth (known as <em>central bruxism<\/em>), but it rarely grinds (<em>eccentric bruxism<\/em>).<\/p>\n<p><strong>Nocturnal or in sleep<\/strong>. It is, on the other hand, the one that occurs during the night. It usually coincides with both clenching and grinding.<\/p>\n<h2>Causes of bruxism<\/h2>\n<p>The exact causes of bruxism are not known with certainty, but it is thought to be related to stress, anxiety and emotional tension. In addition, certain habits, such as nail biting or gum chewing, may also contribute to bruxism. Alcohol and tobacco use may also increase the risk of bruxism.<\/p>\n<h2>Symptoms of bruxism<\/h2>\n<p>Bruxism can cause a variety of symptoms, such as headache, jaw pain, <a href=\"https:\/\/velezylozano.com\/en\/success-stories\/marian-lopez-cascales\/\">tooth wear<\/a>tooth sensitivity and muscle pain. In some cases, bruxism can even cause nerve damage and temporomandibular joint (TMJ) problems.<\/p>\n<h2>Diagnosis<\/h2>\n<p>To diagnose bruxism, it is necessary to visit a dental clinic, where a dentist, an expert in the field, will assess your specific case. The prevalence of bruxism in society is high, although it occurs more frequently at certain ages and under common factors such as stress combined with the consumption of caffeine or alcohol, among others.<\/p>\n<p>For example, in a study published by the <a href=\"http:\/\/www.scielo.org.pe\/scielo.php?script=sci_arttext&amp;pid=S1019-43552016000300005#:~:text=La%20Prevalencia%20del%20bruxismo%20de,investigaciones%20del%20bruxismo%20de%20vigilia.\">Revista Estomatol\u00f3gica Herediana de Lima<\/a>The study found that 52.1% of students at the University of Cuenca (Ecuador) suffered from bruxism in 2016.<\/p>\n<p>However, prevalence data on this disease are quite variable, and often based on surveys or self-reporting, rather than on supportable scientific evidence, as noted by <a href=\"https:\/\/scielo.isciii.es\/scielo.php?script=sci_arttext&amp;pid=S2529-850X2022000100004#:~:text=El%20bruxismo%20conocido%20como%20el,la%20mand%C3%ADbula%2C%20cuello%20y%20o%C3%ADdo.\">a study<\/a> last year in Spain at the <em>Journal of Negative and No Positive Results<\/em>. This study states that, according to the available data, and taking an average, the population affected by bruxism could be broken down as follows:<\/p>\n<ul>\n<li>Children around 6 years of age would be the most affected, reaching a prevalence of 30%.<\/li>\n<li>Young adults reach a maximum of 12%<\/li>\n<li>And at 60 years of age it drops to 3% of the population.<\/li>\n<\/ul>\n<h2>Treatment<\/h2>\n<p>The most common treatment for bruxism is the Michigan or discharge splint. This is a device that is custom-made for each patient from a rigid material that prevents the upper and lower teeth from coming into contact.<\/p>\n<figure id=\"attachment_11713\" aria-describedby=\"caption-attachment-11713\" style=\"width: 300px\" class=\"wp-caption alignnone\"><img data-recalc-dims=\"1\" fetchpriority=\"high\" decoding=\"async\" class=\"size-medium wp-image-11713\" src=\"https:\/\/i0.wp.com\/velezylozano.com\/wp-content\/uploads\/2023\/03\/Captura-de-pantalla-2023-03-30-a-las-14.12.17.png?resize=300%2C211&#038;ssl=1\" alt=\"\" width=\"300\" height=\"211\" srcset=\"https:\/\/i0.wp.com\/velezylozano.com\/wp-content\/uploads\/2023\/03\/Captura-de-pantalla-2023-03-30-a-las-14.12.17.png?resize=300%2C211&amp;ssl=1 300w, https:\/\/i0.wp.com\/velezylozano.com\/wp-content\/uploads\/2023\/03\/Captura-de-pantalla-2023-03-30-a-las-14.12.17.png?resize=1024%2C719&amp;ssl=1 1024w, https:\/\/i0.wp.com\/velezylozano.com\/wp-content\/uploads\/2023\/03\/Captura-de-pantalla-2023-03-30-a-las-14.12.17.png?resize=768%2C540&amp;ssl=1 768w, https:\/\/i0.wp.com\/velezylozano.com\/wp-content\/uploads\/2023\/03\/Captura-de-pantalla-2023-03-30-a-las-14.12.17.png?resize=1536%2C1079&amp;ssl=1 1536w, https:\/\/i0.wp.com\/velezylozano.com\/wp-content\/uploads\/2023\/03\/Captura-de-pantalla-2023-03-30-a-las-14.12.17.png?resize=18%2C12&amp;ssl=1 18w, https:\/\/i0.wp.com\/velezylozano.com\/wp-content\/uploads\/2023\/03\/Captura-de-pantalla-2023-03-30-a-las-14.12.17.png?w=2010&amp;ssl=1 2010w, https:\/\/i0.wp.com\/velezylozano.com\/wp-content\/uploads\/2023\/03\/Captura-de-pantalla-2023-03-30-a-las-14.12.17.png?w=1600&amp;ssl=1 1600w\" sizes=\"(max-width: 300px) 100vw, 300px\" \/><figcaption id=\"caption-attachment-11713\" class=\"wp-caption-text\">An example of an unloading splint we use at Velez y Lozano.<\/figcaption><\/figure>\n<p>This device is normally used exclusively during sleeping hours and has multiple benefits:<\/p>\n<ul>\n<li>Prevents wear of teeth and breakage and fracture of restorations and prosthetic rehabilitations<\/li>\n<li>Reduces tension pain in head, neck and masticatory muscles<\/li>\n<li>Improving rest<\/li>\n<li>Prevents jaw joint problems<\/li>\n<\/ul>\n<p>In addition, the mouthguard is an appliance that is very easy to care for. All you need to do is brush your teeth before putting it on at night and then, when you take it off, clean it with water and neutral soap before putting it away in its case.<\/p>\n<p>However, every time you go to the dental clinic it is important to remember to bring it with you for inspection and adjustments if necessary.<\/p>","protected":false},"excerpt":{"rendered":"<p>Bruxism is a disorder consisting of clenching or even grinding the teeth against each other (the lower arch against the upper arch) unconsciously. It is a problem that is affecting more and more people, which is explained by the fact that it is closely related to stress. It can sometimes become a chronic disorder [...]<\/p>","protected":false},"author":12,"featured_media":11715,"comment_status":"open","ping_status":"open","sticky":false,"template":"","format":"standard","meta":{"_jetpack_memberships_contains_paid_content":false,"footnotes":""},"categories":[106],"tags":[34,101],"class_list":["post-11712","post","type-post","status-publish","format-standard","has-post-thumbnail","hentry","category-106","tag-odontologia","tag-salud"],"yoast_head":"<!-- This site is optimized with the Yoast SEO plugin v27.5 - https:\/\/yoast.com\/product\/yoast-seo-wordpress\/ -->\n<title>\u00bfQu\u00e9 es el bruxismo y c\u00f3mo puedo solucionarlo? - V\u00e9lez &amp; Lozano<\/title>\n<meta name=\"description\" content=\"Los ni\u00f1os de entorno a 6 a\u00f1os son los m\u00e1s afectados por el bruxismo, llegando incluso a un 30% de prevalencia. Te lo contamos.\" \/>\n<meta name=\"robots\" content=\"index, follow, max-snippet:-1, max-image-preview:large, max-video-preview:-1\" \/>\n<link rel=\"canonical\" href=\"https:\/\/velezylozano.com\/en\/what-is-bruxism-and-how-can-i-solve-it\/\" \/>\n<meta property=\"og:locale\" content=\"en_GB\" \/>\n<meta property=\"og:type\" content=\"article\" \/>\n<meta property=\"og:title\" content=\"\u00bfQu\u00e9 es el bruxismo y c\u00f3mo puedo solucionarlo? - V\u00e9lez &amp; Lozano\" \/>\n<meta property=\"og:description\" content=\"Los ni\u00f1os de entorno a 6 a\u00f1os son los m\u00e1s afectados por el bruxismo, llegando incluso a un 30% de prevalencia. Te lo contamos.\" \/>\n<meta property=\"og:url\" content=\"https:\/\/velezylozano.com\/en\/what-is-bruxism-and-how-can-i-solve-it\/\" \/>\n<meta property=\"og:site_name\" content=\"V\u00e9lez &amp; Lozano\" \/>\n<meta property=\"article:published_time\" content=\"2023-03-31T07:29:05+00:00\" \/>\n<meta property=\"article:modified_time\" content=\"2023-04-04T11:14:27+00:00\" \/>\n<meta property=\"og:image\" content=\"https:\/\/i0.wp.com\/velezylozano.com\/wp-content\/uploads\/2023\/03\/bruxismo-rotura-dientes-vitoria.jpg?fit=690%2C400&ssl=1\" \/>\n\t<meta property=\"og:image:width\" content=\"690\" \/>\n\t<meta property=\"og:image:height\" content=\"400\" \/>\n\t<meta property=\"og:image:type\" content=\"image\/jpeg\" \/>\n<meta name=\"author\" content=\"Francisco S\u00e1nchez-Alcaraz Mart\u00ednez\" \/>\n<meta name=\"twitter:card\" content=\"summary_large_image\" \/>\n<meta name=\"twitter:label1\" content=\"Written by\" \/>\n\t<meta name=\"twitter:data1\" content=\"Francisco S\u00e1nchez-Alcaraz Mart\u00ednez\" \/>\n\t<meta name=\"twitter:label2\" content=\"Estimated reading time\" \/>\n\t<meta name=\"twitter:data2\" content=\"4 minutes\" \/>\n<script type=\"application\/ld+json\" class=\"yoast-schema-graph\">{\"@context\":\"https:\\\/\\\/schema.org\",\"@graph\":[{\"@type\":\"Article\",\"@id\":\"https:\\\/\\\/velezylozano.com\\\/que-es-el-bruxismo-y-como-puedo-solucionarlo\\\/#article\",\"isPartOf\":{\"@id\":\"https:\\\/\\\/velezylozano.com\\\/que-es-el-bruxismo-y-como-puedo-solucionarlo\\\/\"},\"author\":{\"name\":\"Francisco S\u00e1nchez-Alcaraz Mart\u00ednez\",\"@id\":\"https:\\\/\\\/velezylozano.com\\\/#\\\/schema\\\/person\\\/9834ff71917aaaafa3409f494875ed64\"},\"headline\":\"\u00bfQu\u00e9 es el bruxismo y c\u00f3mo puedo solucionarlo?\",\"datePublished\":\"2023-03-31T07:29:05+00:00\",\"dateModified\":\"2023-04-04T11:14:27+00:00\",\"mainEntityOfPage\":{\"@id\":\"https:\\\/\\\/velezylozano.com\\\/que-es-el-bruxismo-y-como-puedo-solucionarlo\\\/\"},\"wordCount\":718,\"commentCount\":0,\"publisher\":{\"@id\":\"https:\\\/\\\/velezylozano.com\\\/#organization\"},\"image\":{\"@id\":\"https:\\\/\\\/velezylozano.com\\\/que-es-el-bruxismo-y-como-puedo-solucionarlo\\\/#primaryimage\"},\"thumbnailUrl\":\"https:\\\/\\\/i0.wp.com\\\/velezylozano.com\\\/wp-content\\\/uploads\\\/2023\\\/03\\\/bruxismo-rotura-dientes-vitoria.jpg?fit=690%2C400&ssl=1\",\"keywords\":[\"odontolog\u00eda\",\"salud\"],\"articleSection\":[\"2023\"],\"inLanguage\":\"en-GB\",\"potentialAction\":[{\"@type\":\"CommentAction\",\"name\":\"Comment\",\"target\":[\"https:\\\/\\\/velezylozano.com\\\/que-es-el-bruxismo-y-como-puedo-solucionarlo\\\/#respond\"]}]},{\"@type\":\"WebPage\",\"@id\":\"https:\\\/\\\/velezylozano.com\\\/que-es-el-bruxismo-y-como-puedo-solucionarlo\\\/\",\"url\":\"https:\\\/\\\/velezylozano.com\\\/que-es-el-bruxismo-y-como-puedo-solucionarlo\\\/\",\"name\":\"\u00bfQu\u00e9 es el bruxismo y c\u00f3mo puedo solucionarlo? - V\u00e9lez &amp; Lozano\",\"isPartOf\":{\"@id\":\"https:\\\/\\\/velezylozano.com\\\/#website\"},\"primaryImageOfPage\":{\"@id\":\"https:\\\/\\\/velezylozano.com\\\/que-es-el-bruxismo-y-como-puedo-solucionarlo\\\/#primaryimage\"},\"image\":{\"@id\":\"https:\\\/\\\/velezylozano.com\\\/que-es-el-bruxismo-y-como-puedo-solucionarlo\\\/#primaryimage\"},\"thumbnailUrl\":\"https:\\\/\\\/i0.wp.com\\\/velezylozano.com\\\/wp-content\\\/uploads\\\/2023\\\/03\\\/bruxismo-rotura-dientes-vitoria.jpg?fit=690%2C400&ssl=1\",\"datePublished\":\"2023-03-31T07:29:05+00:00\",\"dateModified\":\"2023-04-04T11:14:27+00:00\",\"description\":\"Los ni\u00f1os de entorno a 6 a\u00f1os son los m\u00e1s afectados por el bruxismo, llegando incluso a un 30% de prevalencia. Te lo contamos.\",\"breadcrumb\":{\"@id\":\"https:\\\/\\\/velezylozano.com\\\/que-es-el-bruxismo-y-como-puedo-solucionarlo\\\/#breadcrumb\"},\"inLanguage\":\"en-GB\",\"potentialAction\":[{\"@type\":\"ReadAction\",\"target\":[\"https:\\\/\\\/velezylozano.com\\\/que-es-el-bruxismo-y-como-puedo-solucionarlo\\\/\"]}]},{\"@type\":\"ImageObject\",\"inLanguage\":\"en-GB\",\"@id\":\"https:\\\/\\\/velezylozano.com\\\/que-es-el-bruxismo-y-como-puedo-solucionarlo\\\/#primaryimage\",\"url\":\"https:\\\/\\\/i0.wp.com\\\/velezylozano.com\\\/wp-content\\\/uploads\\\/2023\\\/03\\\/bruxismo-rotura-dientes-vitoria.jpg?fit=690%2C400&ssl=1\",\"contentUrl\":\"https:\\\/\\\/i0.wp.com\\\/velezylozano.com\\\/wp-content\\\/uploads\\\/2023\\\/03\\\/bruxismo-rotura-dientes-vitoria.jpg?fit=690%2C400&ssl=1\",\"width\":690,\"height\":400},{\"@type\":\"BreadcrumbList\",\"@id\":\"https:\\\/\\\/velezylozano.com\\\/que-es-el-bruxismo-y-como-puedo-solucionarlo\\\/#breadcrumb\",\"itemListElement\":[{\"@type\":\"ListItem\",\"position\":1,\"name\":\"Home\",\"item\":\"https:\\\/\\\/velezylozano.com\\\/\"},{\"@type\":\"ListItem\",\"position\":2,\"name\":\"\u00bfQu\u00e9 es el bruxismo y c\u00f3mo puedo solucionarlo?\"}]},{\"@type\":\"WebSite\",\"@id\":\"https:\\\/\\\/velezylozano.com\\\/#website\",\"url\":\"https:\\\/\\\/velezylozano.com\\\/\",\"name\":\"V\u00e9lez &amp; Lozano\",\"description\":\"Cl\u00ednica dental en Murcia desde 2008\",\"publisher\":{\"@id\":\"https:\\\/\\\/velezylozano.com\\\/#organization\"},\"potentialAction\":[{\"@type\":\"SearchAction\",\"target\":{\"@type\":\"EntryPoint\",\"urlTemplate\":\"https:\\\/\\\/velezylozano.com\\\/?s={search_term_string}\"},\"query-input\":{\"@type\":\"PropertyValueSpecification\",\"valueRequired\":true,\"valueName\":\"search_term_string\"}}],\"inLanguage\":\"en-GB\"},{\"@type\":\"Organization\",\"@id\":\"https:\\\/\\\/velezylozano.com\\\/#organization\",\"name\":\"V\u00e9lez &amp; Lozano\",\"url\":\"https:\\\/\\\/velezylozano.com\\\/\",\"logo\":{\"@type\":\"ImageObject\",\"inLanguage\":\"en-GB\",\"@id\":\"https:\\\/\\\/velezylozano.com\\\/#\\\/schema\\\/logo\\\/image\\\/\",\"url\":\"https:\\\/\\\/velezylozano.com\\\/wp-content\\\/uploads\\\/2021\\\/12\\\/velezlozanologo.svg\",\"contentUrl\":\"https:\\\/\\\/velezylozano.com\\\/wp-content\\\/uploads\\\/2021\\\/12\\\/velezlozanologo.svg\",\"width\":322,\"height\":33,\"caption\":\"V\u00e9lez &amp; Lozano\"},\"image\":{\"@id\":\"https:\\\/\\\/velezylozano.com\\\/#\\\/schema\\\/logo\\\/image\\\/\"}},{\"@type\":\"Person\",\"@id\":\"https:\\\/\\\/velezylozano.com\\\/#\\\/schema\\\/person\\\/9834ff71917aaaafa3409f494875ed64\",\"name\":\"Francisco S\u00e1nchez-Alcaraz Mart\u00ednez\",\"image\":{\"@type\":\"ImageObject\",\"inLanguage\":\"en-GB\",\"@id\":\"https:\\\/\\\/secure.gravatar.com\\\/avatar\\\/4f18cd0754c46328ee77cd00c277892c200fa65a4b2311a5ff9cf0ec48507a4a?s=96&d=mm&r=g\",\"url\":\"https:\\\/\\\/secure.gravatar.com\\\/avatar\\\/4f18cd0754c46328ee77cd00c277892c200fa65a4b2311a5ff9cf0ec48507a4a?s=96&d=mm&r=g\",\"contentUrl\":\"https:\\\/\\\/secure.gravatar.com\\\/avatar\\\/4f18cd0754c46328ee77cd00c277892c200fa65a4b2311a5ff9cf0ec48507a4a?s=96&d=mm&r=g\",\"caption\":\"Francisco S\u00e1nchez-Alcaraz Mart\u00ednez\"},\"url\":\"https:\\\/\\\/velezylozano.com\\\/en\\\/author\\\/francisco-sanchez-alcaraz-martinez\\\/\"}]}<\/script>\n<!-- \/ Yoast SEO plugin. -->","yoast_head_json":{"title":"What is bruxism and how can I solve it? - Velez &amp; Lozano","description":"Children from around 6 years of age are the most affected by bruxism, even reaching a prevalence of 30%. We tell you about it.","robots":{"index":"index","follow":"follow","max-snippet":"max-snippet:-1","max-image-preview":"max-image-preview:large","max-video-preview":"max-video-preview:-1"},"canonical":"https:\/\/velezylozano.com\/en\/what-is-bruxism-and-how-can-i-solve-it\/","og_locale":"en_GB","og_type":"article","og_title":"\u00bfQu\u00e9 es el bruxismo y c\u00f3mo puedo solucionarlo? - V\u00e9lez &amp; Lozano","og_description":"Los ni\u00f1os de entorno a 6 a\u00f1os son los m\u00e1s afectados por el bruxismo, llegando incluso a un 30% de prevalencia. Te lo contamos.","og_url":"https:\/\/velezylozano.com\/en\/what-is-bruxism-and-how-can-i-solve-it\/","og_site_name":"V\u00e9lez &amp; Lozano","article_published_time":"2023-03-31T07:29:05+00:00","article_modified_time":"2023-04-04T11:14:27+00:00","og_image":[{"width":690,"height":400,"url":"https:\/\/i0.wp.com\/velezylozano.com\/wp-content\/uploads\/2023\/03\/bruxismo-rotura-dientes-vitoria.jpg?fit=690%2C400&ssl=1","type":"image\/jpeg"}],"author":"Francisco S\u00e1nchez-Alcaraz Mart\u00ednez","twitter_card":"summary_large_image","twitter_misc":{"Written by":"Francisco S\u00e1nchez-Alcaraz Mart\u00ednez","Estimated reading time":"4 minutes"},"schema":{"@context":"https:\/\/schema.org","@graph":[{"@type":"Article","@id":"https:\/\/velezylozano.com\/que-es-el-bruxismo-y-como-puedo-solucionarlo\/#article","isPartOf":{"@id":"https:\/\/velezylozano.com\/que-es-el-bruxismo-y-como-puedo-solucionarlo\/"},"author":{"name":"Francisco S\u00e1nchez-Alcaraz Mart\u00ednez","@id":"https:\/\/velezylozano.com\/#\/schema\/person\/9834ff71917aaaafa3409f494875ed64"},"headline":"\u00bfQu\u00e9 es el bruxismo y c\u00f3mo puedo solucionarlo?","datePublished":"2023-03-31T07:29:05+00:00","dateModified":"2023-04-04T11:14:27+00:00","mainEntityOfPage":{"@id":"https:\/\/velezylozano.com\/que-es-el-bruxismo-y-como-puedo-solucionarlo\/"},"wordCount":718,"commentCount":0,"publisher":{"@id":"https:\/\/velezylozano.com\/#organization"},"image":{"@id":"https:\/\/velezylozano.com\/que-es-el-bruxismo-y-como-puedo-solucionarlo\/#primaryimage"},"thumbnailUrl":"https:\/\/i0.wp.com\/velezylozano.com\/wp-content\/uploads\/2023\/03\/bruxismo-rotura-dientes-vitoria.jpg?fit=690%2C400&ssl=1","keywords":["odontolog\u00eda","salud"],"articleSection":["2023"],"inLanguage":"en-GB","potentialAction":[{"@type":"CommentAction","name":"Comment","target":["https:\/\/velezylozano.com\/que-es-el-bruxismo-y-como-puedo-solucionarlo\/#respond"]}]},{"@type":"WebPage","@id":"https:\/\/velezylozano.com\/que-es-el-bruxismo-y-como-puedo-solucionarlo\/","url":"https:\/\/velezylozano.com\/que-es-el-bruxismo-y-como-puedo-solucionarlo\/","name":"What is bruxism and how can I solve it? - Velez &amp; Lozano","isPartOf":{"@id":"https:\/\/velezylozano.com\/#website"},"primaryImageOfPage":{"@id":"https:\/\/velezylozano.com\/que-es-el-bruxismo-y-como-puedo-solucionarlo\/#primaryimage"},"image":{"@id":"https:\/\/velezylozano.com\/que-es-el-bruxismo-y-como-puedo-solucionarlo\/#primaryimage"},"thumbnailUrl":"https:\/\/i0.wp.com\/velezylozano.com\/wp-content\/uploads\/2023\/03\/bruxismo-rotura-dientes-vitoria.jpg?fit=690%2C400&ssl=1","datePublished":"2023-03-31T07:29:05+00:00","dateModified":"2023-04-04T11:14:27+00:00","description":"Children from around 6 years of age are the most affected by bruxism, even reaching a prevalence of 30%. We tell you about it.","breadcrumb":{"@id":"https:\/\/velezylozano.com\/que-es-el-bruxismo-y-como-puedo-solucionarlo\/#breadcrumb"},"inLanguage":"en-GB","potentialAction":[{"@type":"ReadAction","target":["https:\/\/velezylozano.com\/que-es-el-bruxismo-y-como-puedo-solucionarlo\/"]}]},{"@type":"ImageObject","inLanguage":"en-GB","@id":"https:\/\/velezylozano.com\/que-es-el-bruxismo-y-como-puedo-solucionarlo\/#primaryimage","url":"https:\/\/i0.wp.com\/velezylozano.com\/wp-content\/uploads\/2023\/03\/bruxismo-rotura-dientes-vitoria.jpg?fit=690%2C400&ssl=1","contentUrl":"https:\/\/i0.wp.com\/velezylozano.com\/wp-content\/uploads\/2023\/03\/bruxismo-rotura-dientes-vitoria.jpg?fit=690%2C400&ssl=1","width":690,"height":400},{"@type":"BreadcrumbList","@id":"https:\/\/velezylozano.com\/que-es-el-bruxismo-y-como-puedo-solucionarlo\/#breadcrumb","itemListElement":[{"@type":"ListItem","position":1,"name":"Home","item":"https:\/\/velezylozano.com\/"},{"@type":"ListItem","position":2,"name":"\u00bfQu\u00e9 es el bruxismo y c\u00f3mo puedo solucionarlo?"}]},{"@type":"WebSite","@id":"https:\/\/velezylozano.com\/#website","url":"https:\/\/velezylozano.com\/","name":"Velez &amp; Lozano","description":"Dental clinic in Murcia since 2008","publisher":{"@id":"https:\/\/velezylozano.com\/#organization"},"potentialAction":[{"@type":"SearchAction","target":{"@type":"EntryPoint","urlTemplate":"https:\/\/velezylozano.com\/?s={search_term_string}"},"query-input":{"@type":"PropertyValueSpecification","valueRequired":true,"valueName":"search_term_string"}}],"inLanguage":"en-GB"},{"@type":"Organization","@id":"https:\/\/velezylozano.com\/#organization","name":"Velez &amp; Lozano","url":"https:\/\/velezylozano.com\/","logo":{"@type":"ImageObject","inLanguage":"en-GB","@id":"https:\/\/velezylozano.com\/#\/schema\/logo\/image\/","url":"https:\/\/velezylozano.com\/wp-content\/uploads\/2021\/12\/velezlozanologo.svg","contentUrl":"https:\/\/velezylozano.com\/wp-content\/uploads\/2021\/12\/velezlozanologo.svg","width":322,"height":33,"caption":"V\u00e9lez &amp; Lozano"},"image":{"@id":"https:\/\/velezylozano.com\/#\/schema\/logo\/image\/"}},{"@type":"Person","@id":"https:\/\/velezylozano.com\/#\/schema\/person\/9834ff71917aaaafa3409f494875ed64","name":"Francisco S\u00e1nchez-Alcaraz Mart\u00ednez","image":{"@type":"ImageObject","inLanguage":"en-GB","@id":"https:\/\/secure.gravatar.com\/avatar\/4f18cd0754c46328ee77cd00c277892c200fa65a4b2311a5ff9cf0ec48507a4a?s=96&d=mm&r=g","url":"https:\/\/secure.gravatar.com\/avatar\/4f18cd0754c46328ee77cd00c277892c200fa65a4b2311a5ff9cf0ec48507a4a?s=96&d=mm&r=g","contentUrl":"https:\/\/secure.gravatar.com\/avatar\/4f18cd0754c46328ee77cd00c277892c200fa65a4b2311a5ff9cf0ec48507a4a?s=96&d=mm&r=g","caption":"Francisco S\u00e1nchez-Alcaraz Mart\u00ednez"},"url":"https:\/\/velezylozano.com\/en\/author\/francisco-sanchez-alcaraz-martinez\/"}]}},"jetpack_featured_media_url":"https:\/\/i0.wp.com\/velezylozano.com\/wp-content\/uploads\/2023\/03\/bruxismo-rotura-dientes-vitoria.jpg?fit=690%2C400&ssl=1","jetpack-related-posts":[{"id":13220,"url":"https:\/\/velezylozano.com\/en\/bruxismo-y-estres-como-el-ritmo-de-vida-actual-afecta-a-tu-salud-dental\/","url_meta":{"origin":11712,"position":0},"title":"Bruxismo y estr\u00e9s: como el ritmo de vida actual afecta a tu salud dental","author":"Francisco J.","date":"26 de September de 2025","format":false,"excerpt":"El bruxismo, definido como el h\u00e1bito involuntario de apretar y\/o rechinar los dientes, puede manifestarse tanto durante el sue\u00f1o (nocturno) como la vigilia (diurno), y el estr\u00e9s es uno de los factores m\u00e1s frecuentemente analizados a la hora de explicar su intensificaci\u00f3n, aunque no el \u00fanico. En consultas dentales como\u2026","rel":"","context":"In &quot;2025&quot;","block_context":{"text":"2025","link":"https:\/\/velezylozano.com\/en\/category\/2025\/"},"img":{"alt_text":"","src":"https:\/\/i0.wp.com\/velezylozano.com\/wp-content\/uploads\/2025\/09\/ChatGPT-Image-23-sept-2025-12_06_23.png?fit=1200%2C800&ssl=1&resize=350%2C200","width":350,"height":200,"srcset":"https:\/\/i0.wp.com\/velezylozano.com\/wp-content\/uploads\/2025\/09\/ChatGPT-Image-23-sept-2025-12_06_23.png?fit=1200%2C800&ssl=1&resize=350%2C200 1x, https:\/\/i0.wp.com\/velezylozano.com\/wp-content\/uploads\/2025\/09\/ChatGPT-Image-23-sept-2025-12_06_23.png?fit=1200%2C800&ssl=1&resize=525%2C300 1.5x, https:\/\/i0.wp.com\/velezylozano.com\/wp-content\/uploads\/2025\/09\/ChatGPT-Image-23-sept-2025-12_06_23.png?fit=1200%2C800&ssl=1&resize=700%2C400 2x, https:\/\/i0.wp.com\/velezylozano.com\/wp-content\/uploads\/2025\/09\/ChatGPT-Image-23-sept-2025-12_06_23.png?fit=1200%2C800&ssl=1&resize=1050%2C600 3x"},"classes":[]},{"id":8542,"url":"https:\/\/velezylozano.com\/en\/bruxism\/","url_meta":{"origin":11712,"position":1},"title":"Bruxism and its consequences for the teeth","author":"Juanjo Mart\u00ednez V\u00e1zquez","date":"26 de November de 2021","format":false,"excerpt":"\u00bfQu\u00e9 es el bruxismo? El bruxismo es un trastorno cada vez m\u00e1s extendido en nuestra sociedad, tanto en ni\u00f1os como en adultos, que consiste en hacer rechinar los dientes a la vez que se aprietan entre s\u00ed, ejerciendo presi\u00f3n. Puede ser diurno o nocturno, dependiendo de si se produce con\u2026","rel":"","context":"In &quot;2021&quot;","block_context":{"text":"2021","link":"https:\/\/velezylozano.com\/en\/category\/2021\/"},"img":{"alt_text":"","src":"https:\/\/i0.wp.com\/velezylozano.com\/wp-content\/uploads\/2022\/01\/bruxismo-ferula-velez-lozano.jpeg?fit=668%2C400&ssl=1&resize=350%2C200","width":350,"height":200,"srcset":"https:\/\/i0.wp.com\/velezylozano.com\/wp-content\/uploads\/2022\/01\/bruxismo-ferula-velez-lozano.jpeg?fit=668%2C400&ssl=1&resize=350%2C200 1x, https:\/\/i0.wp.com\/velezylozano.com\/wp-content\/uploads\/2022\/01\/bruxismo-ferula-velez-lozano.jpeg?fit=668%2C400&ssl=1&resize=525%2C300 1.5x"},"classes":[]},{"id":8384,"url":"https:\/\/velezylozano.com\/en\/infantile-bruxism-what-to-do-if-my-child-grinds-his-teeth\/","url_meta":{"origin":11712,"position":2},"title":"Child bruxism: what to do if my child grinds his or her teeth","author":"Comunicaci\u00f3n V&amp;L","date":"8 de June de 2020","format":false,"excerpt":"You've probably heard of bruxism and how grinding your teeth can end up being tremendously devastating for our teeth. We tell you the keys and possible solutions.","rel":"","context":"Similar post","block_context":{"text":"Similar post","link":""},"img":{"alt_text":"","src":"https:\/\/i0.wp.com\/velezylozano.com\/wp-content\/uploads\/2022\/01\/velez-y-lozano-clinica-dental-region-murcia-fantoma-bruxismo-infantil-ortodoncia-invisible-invisalign-scaled-1.jpg?fit=1200%2C960&ssl=1&resize=350%2C200","width":350,"height":200,"srcset":"https:\/\/i0.wp.com\/velezylozano.com\/wp-content\/uploads\/2022\/01\/velez-y-lozano-clinica-dental-region-murcia-fantoma-bruxismo-infantil-ortodoncia-invisible-invisalign-scaled-1.jpg?fit=1200%2C960&ssl=1&resize=350%2C200 1x, https:\/\/i0.wp.com\/velezylozano.com\/wp-content\/uploads\/2022\/01\/velez-y-lozano-clinica-dental-region-murcia-fantoma-bruxismo-infantil-ortodoncia-invisible-invisalign-scaled-1.jpg?fit=1200%2C960&ssl=1&resize=525%2C300 1.5x, https:\/\/i0.wp.com\/velezylozano.com\/wp-content\/uploads\/2022\/01\/velez-y-lozano-clinica-dental-region-murcia-fantoma-bruxismo-infantil-ortodoncia-invisible-invisalign-scaled-1.jpg?fit=1200%2C960&ssl=1&resize=700%2C400 2x, https:\/\/i0.wp.com\/velezylozano.com\/wp-content\/uploads\/2022\/01\/velez-y-lozano-clinica-dental-region-murcia-fantoma-bruxismo-infantil-ortodoncia-invisible-invisalign-scaled-1.jpg?fit=1200%2C960&ssl=1&resize=1050%2C600 3x"},"classes":[]},{"id":8484,"url":"https:\/\/velezylozano.com\/en\/muscle-injuries-associated-with-poor-oral-health\/","url_meta":{"origin":11712,"position":3},"title":"MUSCLE INJURIES ASSOCIATED WITH POOR ORAL HEALTH","author":"Comunicaci\u00f3n V&amp;L","date":"10 de April de 2021","format":false,"excerpt":"\u00bfPor qu\u00e9 los deportistas pueden tener m\u00e1s problemas dentales? Los deportistas pertenecen a un grupo muy susceptible de sufrir patolog\u00edas orales. La articulaci\u00f3n temporomandibular (ATM) se puede alterar por el estr\u00e9s, en consecuencia, incrementa el desgaste y las fisuras de piezas dentales, as\u00ed como dolores musculares propiciados por el tipo\u2026","rel":"","context":"In &quot;2021&quot;","block_context":{"text":"2021","link":"https:\/\/velezylozano.com\/en\/category\/2021\/"},"img":{"alt_text":"","src":"https:\/\/i0.wp.com\/velezylozano.com\/wp-content\/uploads\/2022\/01\/salud-oral-y-deporte-scaled-1.jpg?fit=1200%2C800&ssl=1&resize=350%2C200","width":350,"height":200,"srcset":"https:\/\/i0.wp.com\/velezylozano.com\/wp-content\/uploads\/2022\/01\/salud-oral-y-deporte-scaled-1.jpg?fit=1200%2C800&ssl=1&resize=350%2C200 1x, https:\/\/i0.wp.com\/velezylozano.com\/wp-content\/uploads\/2022\/01\/salud-oral-y-deporte-scaled-1.jpg?fit=1200%2C800&ssl=1&resize=525%2C300 1.5x, https:\/\/i0.wp.com\/velezylozano.com\/wp-content\/uploads\/2022\/01\/salud-oral-y-deporte-scaled-1.jpg?fit=1200%2C800&ssl=1&resize=700%2C400 2x, https:\/\/i0.wp.com\/velezylozano.com\/wp-content\/uploads\/2022\/01\/salud-oral-y-deporte-scaled-1.jpg?fit=1200%2C800&ssl=1&resize=1050%2C600 3x"},"classes":[]},{"id":8058,"url":"https:\/\/velezylozano.com\/en\/occlusal-unloading-splint\/","url_meta":{"origin":11712,"position":4},"title":"How long does an occlusal splint last?","author":"Comunicaci\u00f3n V&amp;L","date":"27 de January de 2013","format":false,"excerpt":"El estr\u00e9s, los nervios, un ritmo de vida cada vez m\u00e1s acelerado y los cambios en la sociedad hacen que cada vez sean m\u00e1s los pacientes de Murcia, y de todo el mundo, que sufren o padecen bruxismo. El bruxismo es una enfermedad que provoca que el paciente que la\u2026","rel":"","context":"In &quot;Sin categor\u00eda&quot;","block_context":{"text":"Sin categor\u00eda","link":"https:\/\/velezylozano.com\/en\/category\/uncategorized\/"},"img":{"alt_text":"","src":"https:\/\/i0.wp.com\/velezylozano.com\/wp-content\/uploads\/2022\/01\/velez-y-lozano-alineadores-2.jpg?fit=1200%2C1105&ssl=1&resize=350%2C200","width":350,"height":200,"srcset":"https:\/\/i0.wp.com\/velezylozano.com\/wp-content\/uploads\/2022\/01\/velez-y-lozano-alineadores-2.jpg?fit=1200%2C1105&ssl=1&resize=350%2C200 1x, https:\/\/i0.wp.com\/velezylozano.com\/wp-content\/uploads\/2022\/01\/velez-y-lozano-alineadores-2.jpg?fit=1200%2C1105&ssl=1&resize=525%2C300 1.5x, https:\/\/i0.wp.com\/velezylozano.com\/wp-content\/uploads\/2022\/01\/velez-y-lozano-alineadores-2.jpg?fit=1200%2C1105&ssl=1&resize=700%2C400 2x, https:\/\/i0.wp.com\/velezylozano.com\/wp-content\/uploads\/2022\/01\/velez-y-lozano-alineadores-2.jpg?fit=1200%2C1105&ssl=1&resize=1050%2C600 3x"},"classes":[]},{"id":8166,"url":"https:\/\/velezylozano.com\/en\/what-happens-when-we-clench-and-grind-our-teeth\/","url_meta":{"origin":11712,"position":5},"title":"What happens when we clench and\/or grind our teeth?","author":"Comunicaci\u00f3n V&amp;L","date":"23 de February de 2014","format":false,"excerpt":"El acto compulsivo e involuntario de apretar y\/o rechinar los dientes se conoce como bruxismo. Hay muchas teor\u00edas que han tratado de explicar el por qu\u00e9 se produce pero no se ha llegado a un consenso. Lo que s\u00ed est\u00e1 claro es que influye la forma en la que mordemos\u2026","rel":"","context":"Similar post","block_context":{"text":"Similar post","link":""},"img":{"alt_text":"","src":"https:\/\/i0.wp.com\/velezylozano.com\/wp-content\/uploads\/2022\/01\/rechinard.jpg?fit=990%2C660&ssl=1&resize=350%2C200","width":350,"height":200,"srcset":"https:\/\/i0.wp.com\/velezylozano.com\/wp-content\/uploads\/2022\/01\/rechinard.jpg?fit=990%2C660&ssl=1&resize=350%2C200 1x, https:\/\/i0.wp.com\/velezylozano.com\/wp-content\/uploads\/2022\/01\/rechinard.jpg?fit=990%2C660&ssl=1&resize=525%2C300 1.5x, https:\/\/i0.wp.com\/velezylozano.com\/wp-content\/uploads\/2022\/01\/rechinard.jpg?fit=990%2C660&ssl=1&resize=700%2C400 2x"},"classes":[]}],"jetpack_sharing_enabled":true,"_links":{"self":[{"href":"https:\/\/velezylozano.com\/en\/wp-json\/wp\/v2\/posts\/11712","targetHints":{"allow":["GET"]}}],"collection":[{"href":"https:\/\/velezylozano.com\/en\/wp-json\/wp\/v2\/posts"}],"about":[{"href":"https:\/\/velezylozano.com\/en\/wp-json\/wp\/v2\/types\/post"}],"author":[{"embeddable":true,"href":"https:\/\/velezylozano.com\/en\/wp-json\/wp\/v2\/users\/12"}],"replies":[{"embeddable":true,"href":"https:\/\/velezylozano.com\/en\/wp-json\/wp\/v2\/comments?post=11712"}],"version-history":[{"count":1,"href":"https:\/\/velezylozano.com\/en\/wp-json\/wp\/v2\/posts\/11712\/revisions"}],"predecessor-version":[{"id":11716,"href":"https:\/\/velezylozano.com\/en\/wp-json\/wp\/v2\/posts\/11712\/revisions\/11716"}],"wp:featuredmedia":[{"embeddable":true,"href":"https:\/\/velezylozano.com\/en\/wp-json\/wp\/v2\/media\/11715"}],"wp:attachment":[{"href":"https:\/\/velezylozano.com\/en\/wp-json\/wp\/v2\/media?parent=11712"}],"wp:term":[{"taxonomy":"category","embeddable":true,"href":"https:\/\/velezylozano.com\/en\/wp-json\/wp\/v2\/categories?post=11712"},{"taxonomy":"post_tag","embeddable":true,"href":"https:\/\/velezylozano.com\/en\/wp-json\/wp\/v2\/tags?post=11712"}],"curies":[{"name":"wp","href":"https:\/\/api.w.org\/{rel}","templated":true}]}}