{"id":11883,"date":"2023-06-21T11:15:05","date_gmt":"2023-06-21T10:15:05","guid":{"rendered":"https:\/\/velezylozano.com\/?p=11883"},"modified":"2023-06-21T11:15:05","modified_gmt":"2023-06-21T10:15:05","slug":"raquel-lucas-attends-the-second-module-of-orthodontics-beyond-limits","status":"publish","type":"post","link":"https:\/\/velezylozano.com\/en\/raquel-lucas-attends-the-second-module-of-orthodontics-beyond-limits\/","title":{"rendered":"Raquel Lucas attends the second module of 'Orthodontics beyond limits'."},"content":{"rendered":"<p>Our colleague from the orthodontics team, dentist Raquel Lucas, has attended the second module of 'Orthodontics beyond the limits', taught at Forma Dental by Dr. Patricia Vergara.<\/p>\n<p>In this second training day they focused on skeletal anchorage with micro-screws, learning different treatment mechanics to use this type of auxiliary technique, safe anatomical areas, type of micro-screws and their different uses depending on each case. They also had the opportunity to carry out clinical practice on phantoms on which to place the micro-screws in different positions.<\/p>","protected":false},"excerpt":{"rendered":"<p>Our colleague from the orthodontics team, dentist Raquel Lucas, attended the second module of 'Orthodontics beyond the limits', taught at Forma Dental by Dr. Patricia Vergara. In this second training day they focused on skeletal anchorage with micro-screws, learning different treatment mechanics to use this type of technique in the treatment of teeth with micro-screws.<\/p>","protected":false},"author":4,"featured_media":11884,"comment_status":"open","ping_status":"open","sticky":false,"template":"","format":"standard","meta":{"_jetpack_memberships_contains_paid_content":false,"footnotes":""},"categories":[15],"tags":[33,98],"class_list":["post-11883","post","type-post","status-publish","format-standard","has-post-thumbnail","hentry","category-actualidad","tag-formacion","tag-nosotros"],"yoast_head":"<!-- This site is optimized with the Yoast SEO plugin v27.5 - https:\/\/yoast.com\/product\/yoast-seo-wordpress\/ -->\n<title>Raquel Lucas asiste al segundo m\u00f3dulo de &#039;Ortodoncia m\u00e1s all\u00e1 de los l\u00edmites&#039; - V\u00e9lez &amp; Lozano<\/title>\n<meta name=\"robots\" content=\"index, follow, max-snippet:-1, max-image-preview:large, max-video-preview:-1\" \/>\n<link rel=\"canonical\" href=\"https:\/\/velezylozano.com\/en\/raquel-lucas-attends-second-module-of-orthodontics-over-the-limits\/\" \/>\n<meta property=\"og:locale\" content=\"en_GB\" \/>\n<meta property=\"og:type\" content=\"article\" \/>\n<meta property=\"og:title\" content=\"Raquel Lucas asiste al segundo m\u00f3dulo de &#039;Ortodoncia m\u00e1s all\u00e1 de los l\u00edmites&#039; - V\u00e9lez &amp; Lozano\" \/>\n<meta property=\"og:description\" content=\"Nuestra compa\u00f1era del equipo de ortodoncia, la odont\u00f3loga Raquel Lucas, ha acudido al segundo m\u00f3dulo de &#8216;Ortodoncia m\u00e1s all\u00e1 de los l\u00edmites&#8217;, impartido en Forma Dental por la doctora Patricia Vergara. En esta segunda jornada formativa se centraron en el anclaje esquel\u00e9tico con microtornillos, aprendiendo diferentes mec\u00e1nicas de tratamiento para utilizar este tipo de t\u00e9cnica [&hellip;]\" \/>\n<meta property=\"og:url\" content=\"https:\/\/velezylozano.com\/en\/raquel-lucas-attends-second-module-of-orthodontics-over-the-limits\/\" \/>\n<meta property=\"og:site_name\" content=\"V\u00e9lez &amp; Lozano\" \/>\n<meta property=\"article:published_time\" content=\"2023-06-21T10:15:05+00:00\" \/>\n<meta property=\"og:image\" content=\"https:\/\/i0.wp.com\/velezylozano.com\/wp-content\/uploads\/2023\/06\/WhatsApp-Image-2023-06-20-at-12.44.49.jpeg?fit=1170%2C1307&ssl=1\" \/>\n\t<meta property=\"og:image:width\" content=\"1170\" \/>\n\t<meta property=\"og:image:height\" content=\"1307\" \/>\n\t<meta property=\"og:image:type\" content=\"image\/jpeg\" \/>\n<meta name=\"author\" content=\"Francisco J.\" \/>\n<meta name=\"twitter:card\" content=\"summary_large_image\" \/>\n<meta name=\"twitter:label1\" content=\"Written by\" \/>\n\t<meta name=\"twitter:data1\" content=\"Francisco J.\" \/>\n\t<meta name=\"twitter:label2\" content=\"Estimated reading time\" \/>\n\t<meta name=\"twitter:data2\" content=\"1 minute\" \/>\n<script type=\"application\/ld+json\" class=\"yoast-schema-graph\">{\"@context\":\"https:\\\/\\\/schema.org\",\"@graph\":[{\"@type\":\"Article\",\"@id\":\"https:\\\/\\\/velezylozano.com\\\/en\\\/raquel-lucas-attends-second-module-of-orthodontics-over-the-limits\\\/#article\",\"isPartOf\":{\"@id\":\"https:\\\/\\\/velezylozano.com\\\/en\\\/raquel-lucas-attends-second-module-of-orthodontics-over-the-limits\\\/\"},\"author\":{\"name\":\"Francisco J.\",\"@id\":\"https:\\\/\\\/velezylozano.com\\\/#\\\/schema\\\/person\\\/398ff8f7c21db7df8107c871189b1d1e\"},\"headline\":\"Raquel Lucas asiste al segundo m\u00f3dulo de &#8216;Ortodoncia m\u00e1s all\u00e1 de los l\u00edmites&#8217;\",\"datePublished\":\"2023-06-21T10:15:05+00:00\",\"mainEntityOfPage\":{\"@id\":\"https:\\\/\\\/velezylozano.com\\\/en\\\/raquel-lucas-attends-second-module-of-orthodontics-over-the-limits\\\/\"},\"wordCount\":117,\"commentCount\":0,\"publisher\":{\"@id\":\"https:\\\/\\\/velezylozano.com\\\/#organization\"},\"image\":{\"@id\":\"https:\\\/\\\/velezylozano.com\\\/en\\\/raquel-lucas-attends-second-module-of-orthodontics-over-the-limits\\\/#primaryimage\"},\"thumbnailUrl\":\"https:\\\/\\\/i0.wp.com\\\/velezylozano.com\\\/wp-content\\\/uploads\\\/2023\\\/06\\\/WhatsApp-Image-2023-06-20-at-12.44.49.jpeg?fit=1170%2C1307&ssl=1\",\"keywords\":[\"formaci\u00f3n\",\"nosotros\"],\"articleSection\":[\"Actualidad\"],\"inLanguage\":\"en-GB\",\"potentialAction\":[{\"@type\":\"CommentAction\",\"name\":\"Comment\",\"target\":[\"https:\\\/\\\/velezylozano.com\\\/en\\\/raquel-lucas-attends-second-module-of-orthodontics-over-the-limits\\\/#respond\"]}]},{\"@type\":\"WebPage\",\"@id\":\"https:\\\/\\\/velezylozano.com\\\/en\\\/raquel-lucas-attends-second-module-of-orthodontics-over-the-limits\\\/\",\"url\":\"https:\\\/\\\/velezylozano.com\\\/en\\\/raquel-lucas-attends-second-module-of-orthodontics-over-the-limits\\\/\",\"name\":\"Raquel Lucas asiste al segundo m\u00f3dulo de 'Ortodoncia m\u00e1s all\u00e1 de los l\u00edmites' - V\u00e9lez &amp; Lozano\",\"isPartOf\":{\"@id\":\"https:\\\/\\\/velezylozano.com\\\/#website\"},\"primaryImageOfPage\":{\"@id\":\"https:\\\/\\\/velezylozano.com\\\/en\\\/raquel-lucas-attends-second-module-of-orthodontics-over-the-limits\\\/#primaryimage\"},\"image\":{\"@id\":\"https:\\\/\\\/velezylozano.com\\\/en\\\/raquel-lucas-attends-second-module-of-orthodontics-over-the-limits\\\/#primaryimage\"},\"thumbnailUrl\":\"https:\\\/\\\/i0.wp.com\\\/velezylozano.com\\\/wp-content\\\/uploads\\\/2023\\\/06\\\/WhatsApp-Image-2023-06-20-at-12.44.49.jpeg?fit=1170%2C1307&ssl=1\",\"datePublished\":\"2023-06-21T10:15:05+00:00\",\"breadcrumb\":{\"@id\":\"https:\\\/\\\/velezylozano.com\\\/en\\\/raquel-lucas-attends-second-module-of-orthodontics-over-the-limits\\\/#breadcrumb\"},\"inLanguage\":\"en-GB\",\"potentialAction\":[{\"@type\":\"ReadAction\",\"target\":[\"https:\\\/\\\/velezylozano.com\\\/en\\\/raquel-lucas-attends-second-module-of-orthodontics-over-the-limits\\\/\"]}]},{\"@type\":\"ImageObject\",\"inLanguage\":\"en-GB\",\"@id\":\"https:\\\/\\\/velezylozano.com\\\/en\\\/raquel-lucas-attends-second-module-of-orthodontics-over-the-limits\\\/#primaryimage\",\"url\":\"https:\\\/\\\/i0.wp.com\\\/velezylozano.com\\\/wp-content\\\/uploads\\\/2023\\\/06\\\/WhatsApp-Image-2023-06-20-at-12.44.49.jpeg?fit=1170%2C1307&ssl=1\",\"contentUrl\":\"https:\\\/\\\/i0.wp.com\\\/velezylozano.com\\\/wp-content\\\/uploads\\\/2023\\\/06\\\/WhatsApp-Image-2023-06-20-at-12.44.49.jpeg?fit=1170%2C1307&ssl=1\",\"width\":1170,\"height\":1307},{\"@type\":\"BreadcrumbList\",\"@id\":\"https:\\\/\\\/velezylozano.com\\\/en\\\/raquel-lucas-attends-second-module-of-orthodontics-over-the-limits\\\/#breadcrumb\",\"itemListElement\":[{\"@type\":\"ListItem\",\"position\":1,\"name\":\"Home\",\"item\":\"https:\\\/\\\/velezylozano.com\\\/\"},{\"@type\":\"ListItem\",\"position\":2,\"name\":\"Raquel Lucas asiste al segundo m\u00f3dulo de &#8216;Ortodoncia m\u00e1s all\u00e1 de los l\u00edmites&#8217;\"}]},{\"@type\":\"WebSite\",\"@id\":\"https:\\\/\\\/velezylozano.com\\\/#website\",\"url\":\"https:\\\/\\\/velezylozano.com\\\/\",\"name\":\"V\u00e9lez &amp; Lozano\",\"description\":\"Cl\u00ednica dental en Murcia desde 2008\",\"publisher\":{\"@id\":\"https:\\\/\\\/velezylozano.com\\\/#organization\"},\"potentialAction\":[{\"@type\":\"SearchAction\",\"target\":{\"@type\":\"EntryPoint\",\"urlTemplate\":\"https:\\\/\\\/velezylozano.com\\\/?s={search_term_string}\"},\"query-input\":{\"@type\":\"PropertyValueSpecification\",\"valueRequired\":true,\"valueName\":\"search_term_string\"}}],\"inLanguage\":\"en-GB\"},{\"@type\":\"Organization\",\"@id\":\"https:\\\/\\\/velezylozano.com\\\/#organization\",\"name\":\"V\u00e9lez &amp; Lozano\",\"url\":\"https:\\\/\\\/velezylozano.com\\\/\",\"logo\":{\"@type\":\"ImageObject\",\"inLanguage\":\"en-GB\",\"@id\":\"https:\\\/\\\/velezylozano.com\\\/#\\\/schema\\\/logo\\\/image\\\/\",\"url\":\"https:\\\/\\\/velezylozano.com\\\/wp-content\\\/uploads\\\/2021\\\/12\\\/velezlozanologo.svg\",\"contentUrl\":\"https:\\\/\\\/velezylozano.com\\\/wp-content\\\/uploads\\\/2021\\\/12\\\/velezlozanologo.svg\",\"width\":322,\"height\":33,\"caption\":\"V\u00e9lez &amp; Lozano\"},\"image\":{\"@id\":\"https:\\\/\\\/velezylozano.com\\\/#\\\/schema\\\/logo\\\/image\\\/\"}},{\"@type\":\"Person\",\"@id\":\"https:\\\/\\\/velezylozano.com\\\/#\\\/schema\\\/person\\\/398ff8f7c21db7df8107c871189b1d1e\",\"name\":\"Francisco J.\",\"image\":{\"@type\":\"ImageObject\",\"inLanguage\":\"en-GB\",\"@id\":\"https:\\\/\\\/secure.gravatar.com\\\/avatar\\\/b056eb0e17a1840d21420e19579ca7ec0a72d573f65fbb56bc8851b1c131d355?s=96&d=mm&r=g\",\"url\":\"https:\\\/\\\/secure.gravatar.com\\\/avatar\\\/b056eb0e17a1840d21420e19579ca7ec0a72d573f65fbb56bc8851b1c131d355?s=96&d=mm&r=g\",\"contentUrl\":\"https:\\\/\\\/secure.gravatar.com\\\/avatar\\\/b056eb0e17a1840d21420e19579ca7ec0a72d573f65fbb56bc8851b1c131d355?s=96&d=mm&r=g\",\"caption\":\"Francisco J.\"},\"url\":\"https:\\\/\\\/velezylozano.com\\\/en\\\/author\\\/fran\\\/\"}]}<\/script>\n<!-- \/ Yoast SEO plugin. -->","yoast_head_json":{"title":"Raquel Lucas attends the second module of 'Orthodontics beyond limits' - V\u00e9lez &amp; Lozano","robots":{"index":"index","follow":"follow","max-snippet":"max-snippet:-1","max-image-preview":"max-image-preview:large","max-video-preview":"max-video-preview:-1"},"canonical":"https:\/\/velezylozano.com\/en\/raquel-lucas-attends-second-module-of-orthodontics-over-the-limits\/","og_locale":"en_GB","og_type":"article","og_title":"Raquel Lucas asiste al segundo m\u00f3dulo de 'Ortodoncia m\u00e1s all\u00e1 de los l\u00edmites' - V\u00e9lez &amp; Lozano","og_description":"Nuestra compa\u00f1era del equipo de ortodoncia, la odont\u00f3loga Raquel Lucas, ha acudido al segundo m\u00f3dulo de &#8216;Ortodoncia m\u00e1s all\u00e1 de los l\u00edmites&#8217;, impartido en Forma Dental por la doctora Patricia Vergara. En esta segunda jornada formativa se centraron en el anclaje esquel\u00e9tico con microtornillos, aprendiendo diferentes mec\u00e1nicas de tratamiento para utilizar este tipo de t\u00e9cnica [&hellip;]","og_url":"https:\/\/velezylozano.com\/en\/raquel-lucas-attends-second-module-of-orthodontics-over-the-limits\/","og_site_name":"V\u00e9lez &amp; Lozano","article_published_time":"2023-06-21T10:15:05+00:00","og_image":[{"width":1170,"height":1307,"url":"https:\/\/i0.wp.com\/velezylozano.com\/wp-content\/uploads\/2023\/06\/WhatsApp-Image-2023-06-20-at-12.44.49.jpeg?fit=1170%2C1307&ssl=1","type":"image\/jpeg"}],"author":"Francisco J.","twitter_card":"summary_large_image","twitter_misc":{"Written by":"Francisco J.","Estimated reading time":"1 minute"},"schema":{"@context":"https:\/\/schema.org","@graph":[{"@type":"Article","@id":"https:\/\/velezylozano.com\/en\/raquel-lucas-attends-second-module-of-orthodontics-over-the-limits\/#article","isPartOf":{"@id":"https:\/\/velezylozano.com\/en\/raquel-lucas-attends-second-module-of-orthodontics-over-the-limits\/"},"author":{"name":"Francisco J.","@id":"https:\/\/velezylozano.com\/#\/schema\/person\/398ff8f7c21db7df8107c871189b1d1e"},"headline":"Raquel Lucas asiste al segundo m\u00f3dulo de &#8216;Ortodoncia m\u00e1s all\u00e1 de los l\u00edmites&#8217;","datePublished":"2023-06-21T10:15:05+00:00","mainEntityOfPage":{"@id":"https:\/\/velezylozano.com\/en\/raquel-lucas-attends-second-module-of-orthodontics-over-the-limits\/"},"wordCount":117,"commentCount":0,"publisher":{"@id":"https:\/\/velezylozano.com\/#organization"},"image":{"@id":"https:\/\/velezylozano.com\/en\/raquel-lucas-attends-second-module-of-orthodontics-over-the-limits\/#primaryimage"},"thumbnailUrl":"https:\/\/i0.wp.com\/velezylozano.com\/wp-content\/uploads\/2023\/06\/WhatsApp-Image-2023-06-20-at-12.44.49.jpeg?fit=1170%2C1307&ssl=1","keywords":["formaci\u00f3n","nosotros"],"articleSection":["Actualidad"],"inLanguage":"en-GB","potentialAction":[{"@type":"CommentAction","name":"Comment","target":["https:\/\/velezylozano.com\/en\/raquel-lucas-attends-second-module-of-orthodontics-over-the-limits\/#respond"]}]},{"@type":"WebPage","@id":"https:\/\/velezylozano.com\/en\/raquel-lucas-attends-second-module-of-orthodontics-over-the-limits\/","url":"https:\/\/velezylozano.com\/en\/raquel-lucas-attends-second-module-of-orthodontics-over-the-limits\/","name":"Raquel Lucas attends the second module of 'Orthodontics beyond limits' - V\u00e9lez &amp; Lozano","isPartOf":{"@id":"https:\/\/velezylozano.com\/#website"},"primaryImageOfPage":{"@id":"https:\/\/velezylozano.com\/en\/raquel-lucas-attends-second-module-of-orthodontics-over-the-limits\/#primaryimage"},"image":{"@id":"https:\/\/velezylozano.com\/en\/raquel-lucas-attends-second-module-of-orthodontics-over-the-limits\/#primaryimage"},"thumbnailUrl":"https:\/\/i0.wp.com\/velezylozano.com\/wp-content\/uploads\/2023\/06\/WhatsApp-Image-2023-06-20-at-12.44.49.jpeg?fit=1170%2C1307&ssl=1","datePublished":"2023-06-21T10:15:05+00:00","breadcrumb":{"@id":"https:\/\/velezylozano.com\/en\/raquel-lucas-attends-second-module-of-orthodontics-over-the-limits\/#breadcrumb"},"inLanguage":"en-GB","potentialAction":[{"@type":"ReadAction","target":["https:\/\/velezylozano.com\/en\/raquel-lucas-attends-second-module-of-orthodontics-over-the-limits\/"]}]},{"@type":"ImageObject","inLanguage":"en-GB","@id":"https:\/\/velezylozano.com\/en\/raquel-lucas-attends-second-module-of-orthodontics-over-the-limits\/#primaryimage","url":"https:\/\/i0.wp.com\/velezylozano.com\/wp-content\/uploads\/2023\/06\/WhatsApp-Image-2023-06-20-at-12.44.49.jpeg?fit=1170%2C1307&ssl=1","contentUrl":"https:\/\/i0.wp.com\/velezylozano.com\/wp-content\/uploads\/2023\/06\/WhatsApp-Image-2023-06-20-at-12.44.49.jpeg?fit=1170%2C1307&ssl=1","width":1170,"height":1307},{"@type":"BreadcrumbList","@id":"https:\/\/velezylozano.com\/en\/raquel-lucas-attends-second-module-of-orthodontics-over-the-limits\/#breadcrumb","itemListElement":[{"@type":"ListItem","position":1,"name":"Home","item":"https:\/\/velezylozano.com\/"},{"@type":"ListItem","position":2,"name":"Raquel Lucas asiste al segundo m\u00f3dulo de &#8216;Ortodoncia m\u00e1s all\u00e1 de los l\u00edmites&#8217;"}]},{"@type":"WebSite","@id":"https:\/\/velezylozano.com\/#website","url":"https:\/\/velezylozano.com\/","name":"Velez &amp; Lozano","description":"Dental clinic in Murcia since 2008","publisher":{"@id":"https:\/\/velezylozano.com\/#organization"},"potentialAction":[{"@type":"SearchAction","target":{"@type":"EntryPoint","urlTemplate":"https:\/\/velezylozano.com\/?s={search_term_string}"},"query-input":{"@type":"PropertyValueSpecification","valueRequired":true,"valueName":"search_term_string"}}],"inLanguage":"en-GB"},{"@type":"Organization","@id":"https:\/\/velezylozano.com\/#organization","name":"Velez &amp; Lozano","url":"https:\/\/velezylozano.com\/","logo":{"@type":"ImageObject","inLanguage":"en-GB","@id":"https:\/\/velezylozano.com\/#\/schema\/logo\/image\/","url":"https:\/\/velezylozano.com\/wp-content\/uploads\/2021\/12\/velezlozanologo.svg","contentUrl":"https:\/\/velezylozano.com\/wp-content\/uploads\/2021\/12\/velezlozanologo.svg","width":322,"height":33,"caption":"V\u00e9lez &amp; Lozano"},"image":{"@id":"https:\/\/velezylozano.com\/#\/schema\/logo\/image\/"}},{"@type":"Person","@id":"https:\/\/velezylozano.com\/#\/schema\/person\/398ff8f7c21db7df8107c871189b1d1e","name":"Francisco J.","image":{"@type":"ImageObject","inLanguage":"en-GB","@id":"https:\/\/secure.gravatar.com\/avatar\/b056eb0e17a1840d21420e19579ca7ec0a72d573f65fbb56bc8851b1c131d355?s=96&d=mm&r=g","url":"https:\/\/secure.gravatar.com\/avatar\/b056eb0e17a1840d21420e19579ca7ec0a72d573f65fbb56bc8851b1c131d355?s=96&d=mm&r=g","contentUrl":"https:\/\/secure.gravatar.com\/avatar\/b056eb0e17a1840d21420e19579ca7ec0a72d573f65fbb56bc8851b1c131d355?s=96&d=mm&r=g","caption":"Francisco J."},"url":"https:\/\/velezylozano.com\/en\/author\/fran\/"}]}},"jetpack_featured_media_url":"https:\/\/i0.wp.com\/velezylozano.com\/wp-content\/uploads\/2023\/06\/WhatsApp-Image-2023-06-20-at-12.44.49.jpeg?fit=1170%2C1307&ssl=1","jetpack-related-posts":[{"id":12786,"url":"https:\/\/velezylozano.com\/en\/micro-screws-in-orthodontics-what-are-they-and-how-do-they-improve-treatments\/","url_meta":{"origin":11883,"position":0},"title":"Micro-screws in orthodontics: what they are and how they improve treatments","author":"Raquel Lucas G\u00e1lvez","date":"27 de September de 2024","format":false,"excerpt":"La ortodoncia ha avanzado mucho en los \u00faltimos a\u00f1os, y uno de los elementos m\u00e1s innovadores que ha transformado ciertos tratamientos son los microtornillos. Estas peque\u00f1as herramientas ayudan a corregir la posici\u00f3n de los dientes de manera m\u00e1s precisa y eficiente, brindando resultados \u00f3ptimos para los pacientes. En este art\u00edculo\u2026","rel":"","context":"In &quot;2024&quot;","block_context":{"text":"2024","link":"https:\/\/velezylozano.com\/en\/category\/2024\/"},"img":{"alt_text":"","src":"https:\/\/i0.wp.com\/velezylozano.com\/wp-content\/uploads\/2024\/09\/MG_7657-300x239.jpg?resize=350%2C200&ssl=1","width":350,"height":200},"classes":[]},{"id":11817,"url":"https:\/\/velezylozano.com\/en\/our-partner-raquel-continues-her-training-in-advanced-orthodontics\/","url_meta":{"origin":11883,"position":1},"title":"Our colleague Raquel continues her training in advanced orthodontics.","author":"Francisco J.","date":"16 de May de 2023","format":false,"excerpt":"Nuestra compa\u00f1era del \u00e1rea de ortodoncia, la odont\u00f3loga Raquel Lucas, ha asistido este pasado fin de semana, durante los d\u00edas 11, 12 y 13 de mayo, al primero de los tres m\u00f3dulos del posgrado 'Ortodoncia m\u00e1s all\u00e1 de los l\u00edmites' impartido por la Doctora Patricia Vergara. Este primer m\u00f3dulo, que\u2026","rel":"","context":"In &quot;Actualidad&quot;","block_context":{"text":"Actualidad","link":"https:\/\/velezylozano.com\/en\/category\/news-2\/"},"img":{"alt_text":"","src":"https:\/\/i0.wp.com\/velezylozano.com\/wp-content\/uploads\/2023\/05\/raquel-blog.jpeg?fit=1200%2C900&ssl=1&resize=350%2C200","width":350,"height":200,"srcset":"https:\/\/i0.wp.com\/velezylozano.com\/wp-content\/uploads\/2023\/05\/raquel-blog.jpeg?fit=1200%2C900&ssl=1&resize=350%2C200 1x, https:\/\/i0.wp.com\/velezylozano.com\/wp-content\/uploads\/2023\/05\/raquel-blog.jpeg?fit=1200%2C900&ssl=1&resize=525%2C300 1.5x, https:\/\/i0.wp.com\/velezylozano.com\/wp-content\/uploads\/2023\/05\/raquel-blog.jpeg?fit=1200%2C900&ssl=1&resize=700%2C400 2x, https:\/\/i0.wp.com\/velezylozano.com\/wp-content\/uploads\/2023\/05\/raquel-blog.jpeg?fit=1200%2C900&ssl=1&resize=1050%2C600 3x"},"classes":[]},{"id":7520,"url":"https:\/\/velezylozano.com\/en\/raquel-lucas-trains-in-orthodontics-in-madrid\/","url_meta":{"origin":11883,"position":2},"title":"Raquel Lucas trains in orthodontics in Madrid","author":"Comunicaci\u00f3n V&amp;L","date":"25 de November de 2021","format":false,"excerpt":"Nuestra ortodontista Raquel Lucas curs\u00f3 el pasado viernes el segundo m\u00f3dulo del postgrado universitario en ortodoncia cl\u00ednica de la Escuela Internacional de Postgrado en Odontolog\u00eda, centro colaborador de la Universidad Isabel I, con Sede en Madrid. Raquel es miembro de nuestro equipo de ortodoncia invisible en Murcia y contin\u00faa as\u00ed\u2026","rel":"","context":"In &quot;Actualidad&quot;","block_context":{"text":"Actualidad","link":"https:\/\/velezylozano.com\/en\/category\/news-2\/"},"img":{"alt_text":"","src":"https:\/\/i0.wp.com\/velezylozano.com\/wp-content\/uploads\/2021\/11\/WhatsApp-Image-2021-11-19-at-15.38.09.jpeg?fit=857%2C1200&ssl=1&resize=350%2C200","width":350,"height":200,"srcset":"https:\/\/i0.wp.com\/velezylozano.com\/wp-content\/uploads\/2021\/11\/WhatsApp-Image-2021-11-19-at-15.38.09.jpeg?fit=857%2C1200&ssl=1&resize=350%2C200 1x, https:\/\/i0.wp.com\/velezylozano.com\/wp-content\/uploads\/2021\/11\/WhatsApp-Image-2021-11-19-at-15.38.09.jpeg?fit=857%2C1200&ssl=1&resize=525%2C300 1.5x, https:\/\/i0.wp.com\/velezylozano.com\/wp-content\/uploads\/2021\/11\/WhatsApp-Image-2021-11-19-at-15.38.09.jpeg?fit=857%2C1200&ssl=1&resize=700%2C400 2x"},"classes":[]},{"id":11479,"url":"https:\/\/velezylozano.com\/en\/our-orthodontists-attend-the-latest-alignea-congress-in-avila\/","url_meta":{"origin":11883,"position":3},"title":"Our orthodontists attend the latest ALIGNEA Congress in \u00c1vila","author":"Francisco J.","date":"14 de February de 2023","format":false,"excerpt":"El pasado fin de semana, del 9 al 11 de febrero, tuvo lugar el VIII Congreso Internacional de Alineadores (ALIGNEA) en el palacio de congresos de \u00c1vila. La ortodoncia es un \u00e1rea en constante evoluci\u00f3n, que exige mantenerse actualizado, y por eso nuestras dos ortodoncistas, Ana y Raquel, acudieron para\u2026","rel":"","context":"In &quot;Actualidad&quot;","block_context":{"text":"Actualidad","link":"https:\/\/velezylozano.com\/en\/category\/news-2\/"},"img":{"alt_text":"","src":"https:\/\/i0.wp.com\/velezylozano.com\/wp-content\/uploads\/2023\/02\/image0-scaled.jpeg?fit=1200%2C1013&ssl=1&resize=350%2C200","width":350,"height":200,"srcset":"https:\/\/i0.wp.com\/velezylozano.com\/wp-content\/uploads\/2023\/02\/image0-scaled.jpeg?fit=1200%2C1013&ssl=1&resize=350%2C200 1x, https:\/\/i0.wp.com\/velezylozano.com\/wp-content\/uploads\/2023\/02\/image0-scaled.jpeg?fit=1200%2C1013&ssl=1&resize=525%2C300 1.5x, https:\/\/i0.wp.com\/velezylozano.com\/wp-content\/uploads\/2023\/02\/image0-scaled.jpeg?fit=1200%2C1013&ssl=1&resize=700%2C400 2x, https:\/\/i0.wp.com\/velezylozano.com\/wp-content\/uploads\/2023\/02\/image0-scaled.jpeg?fit=1200%2C1013&ssl=1&resize=1050%2C600 3x"},"classes":[]},{"id":10562,"url":"https:\/\/velezylozano.com\/en\/what-is-the-marpe-technique-when-crossbite-is-not-treated-in-time\/","url_meta":{"origin":11883,"position":4},"title":"What is the MARPE technique: when crossbite is not treated in time?","author":"Raquel Lucas G\u00e1lvez","date":"12 de August de 2022","format":false,"excerpt":"Ya hemos hablado en art\u00edculos anteriores de la importancia de intervenci\u00f3n temprana y la ortopedia en los casos en los que es necesaria una disyunci\u00f3n palatina para evitar la mordida cruzada. Y es que estas mordidas cruzadas pueden generar api\u00f1amiento dental y maloclusiones que acaben derivando en desviaciones mandibulares o\u2026","rel":"","context":"In &quot;2022&quot;","block_context":{"text":"2022","link":"https:\/\/velezylozano.com\/en\/category\/2022\/"},"img":{"alt_text":"","src":"https:\/\/i0.wp.com\/velezylozano.com\/wp-content\/uploads\/2022\/08\/Imagen-1.png?fit=516%2C387&ssl=1&resize=350%2C200","width":350,"height":200},"classes":[]},{"id":12670,"url":"https:\/\/velezylozano.com\/en\/raquel-lucas-expands-her-training-in-advanced-orthodontics\/","url_meta":{"origin":11883,"position":5},"title":"Raquel Lucas expands her training in advanced orthodontics","author":"Francisco J.","date":"10 de June de 2024","format":false,"excerpt":"Nuestra compa\u00f1era Raquel Lucas, odont\u00f3loga experta en ortodoncia de nuestro equipo de ortodoncia en Murcia, ha ampliado su formaci\u00f3n en la materia gracias al curso modular 'Ortodoncia Avanzada' impartido por el prestigioso Dr. Peri Colino Gallardo los d\u00edas 31 de mayo y 1 de junio en Madrid. Gracias al mismo\u2026","rel":"","context":"In &quot;Actualidad&quot;","block_context":{"text":"Actualidad","link":"https:\/\/velezylozano.com\/en\/category\/news-2\/"},"img":{"alt_text":"","src":"https:\/\/i0.wp.com\/velezylozano.com\/wp-content\/uploads\/2024\/06\/WhatsApp-Image-2024-06-05-at-14.17.56.jpeg?fit=900%2C1200&ssl=1&resize=350%2C200","width":350,"height":200,"srcset":"https:\/\/i0.wp.com\/velezylozano.com\/wp-content\/uploads\/2024\/06\/WhatsApp-Image-2024-06-05-at-14.17.56.jpeg?fit=900%2C1200&ssl=1&resize=350%2C200 1x, https:\/\/i0.wp.com\/velezylozano.com\/wp-content\/uploads\/2024\/06\/WhatsApp-Image-2024-06-05-at-14.17.56.jpeg?fit=900%2C1200&ssl=1&resize=525%2C300 1.5x, https:\/\/i0.wp.com\/velezylozano.com\/wp-content\/uploads\/2024\/06\/WhatsApp-Image-2024-06-05-at-14.17.56.jpeg?fit=900%2C1200&ssl=1&resize=700%2C400 2x"},"classes":[]}],"jetpack_sharing_enabled":true,"_links":{"self":[{"href":"https:\/\/velezylozano.com\/en\/wp-json\/wp\/v2\/posts\/11883","targetHints":{"allow":["GET"]}}],"collection":[{"href":"https:\/\/velezylozano.com\/en\/wp-json\/wp\/v2\/posts"}],"about":[{"href":"https:\/\/velezylozano.com\/en\/wp-json\/wp\/v2\/types\/post"}],"author":[{"embeddable":true,"href":"https:\/\/velezylozano.com\/en\/wp-json\/wp\/v2\/users\/4"}],"replies":[{"embeddable":true,"href":"https:\/\/velezylozano.com\/en\/wp-json\/wp\/v2\/comments?post=11883"}],"version-history":[{"count":1,"href":"https:\/\/velezylozano.com\/en\/wp-json\/wp\/v2\/posts\/11883\/revisions"}],"predecessor-version":[{"id":11885,"href":"https:\/\/velezylozano.com\/en\/wp-json\/wp\/v2\/posts\/11883\/revisions\/11885"}],"wp:featuredmedia":[{"embeddable":true,"href":"https:\/\/velezylozano.com\/en\/wp-json\/wp\/v2\/media\/11884"}],"wp:attachment":[{"href":"https:\/\/velezylozano.com\/en\/wp-json\/wp\/v2\/media?parent=11883"}],"wp:term":[{"taxonomy":"category","embeddable":true,"href":"https:\/\/velezylozano.com\/en\/wp-json\/wp\/v2\/categories?post=11883"},{"taxonomy":"post_tag","embeddable":true,"href":"https:\/\/velezylozano.com\/en\/wp-json\/wp\/v2\/tags?post=11883"}],"curies":[{"name":"wp","href":"https:\/\/api.w.org\/{rel}","templated":true}]}}