{"id":12084,"date":"2023-09-15T11:33:06","date_gmt":"2023-09-15T10:33:06","guid":{"rendered":"https:\/\/velezylozano.com\/?p=12084"},"modified":"2023-09-15T11:46:12","modified_gmt":"2023-09-15T10:46:12","slug":"what-an-orthodontic-assessment-appointment-is-like-at-velez-lozano","status":"publish","type":"post","link":"https:\/\/velezylozano.com\/en\/what-an-orthodontic-assessment-appointment-is-like-at-velez-lozano\/","title":{"rendered":"What is an orthodontic assessment appointment at V\u00e9lez &amp; Lozano like?"},"content":{"rendered":"<p>Sometimes, when family or friends interested in having orthodontic treatment, or potential patients who write to us through our networks, or even at a social event, an acquaintance asks us, when we reply that orthodontic assessment appointments at V\u00e9lez &amp; Lozano last approximately one hour, their reaction is usually: One hour? And what do you do in an hour?<\/p>\n<p>That is why we will try to explain it:<\/p>\n<h2>What does an orthodontic assessment appointment consist of?<\/h2>\n<ol>\n<li><strong>First step: Getting to know each other<\/strong><\/li>\n<\/ol>\n<p>At an orthodontic assessment appointment, the first thing we do is get to know our potential patient. It is vitally important for us to know why you want orthodontics and how we can help you. Your goals will help us to design the treatment plan, for example, if your strongest intention is aesthetics and you are considering ceramic veneers, your teeth should not be in the same position as they would otherwise be. Your habits, for example, will help us to choose the most suitable type of orthodontics for your case, although in the vast majority of cases it will be invisible orthodontics, due to its many advantages.<\/p>\n<p><iframe title=\"Four advantages of invisible orthodontics\" width=\"800\" height=\"450\" src=\"https:\/\/www.youtube.com\/embed\/R_oGtaCJxi0?feature=oembed\" frameborder=\"0\" allow=\"accelerometer; autoplay; clipboard-write; encrypted-media; gyroscope; picture-in-picture; web-share\" allowfullscreen><\/iframe><\/p>\n<p>2. <strong>Step 2: Registration phase<\/strong><\/p>\n<p>Once the first step has been completed, we will go on to fill in a complete medical history, something we do with all the clinic's patients: allergies, illnesses we need to know about, whether they have had orthodontics or any other type of dental treatment before... and so on.<\/p>\n<p>Afterwards, we take all the relevant records, something which, thanks to technological advances and the fact that our dental clinic has been using them as the spearhead of a top quality service for 15 years now, is done without the need for moulds or old and uncomfortable systems, but thanks to the latest 3D technology: iTero scanners. In addition, intraoral and extraoral photographs and radiographic records are taken to complement the orthodontic study.<\/p>\n<p><img data-recalc-dims=\"1\" fetchpriority=\"high\" decoding=\"async\" class=\"alignnone size-medium wp-image-12085\" src=\"https:\/\/i0.wp.com\/velezylozano.com\/wp-content\/uploads\/2023\/09\/adri-jose2.png?resize=300%2C300&#038;ssl=1\" alt=\"\" width=\"300\" height=\"300\" srcset=\"https:\/\/i0.wp.com\/velezylozano.com\/wp-content\/uploads\/2023\/09\/adri-jose2.png?resize=300%2C300&amp;ssl=1 300w, https:\/\/i0.wp.com\/velezylozano.com\/wp-content\/uploads\/2023\/09\/adri-jose2.png?resize=1024%2C1024&amp;ssl=1 1024w, https:\/\/i0.wp.com\/velezylozano.com\/wp-content\/uploads\/2023\/09\/adri-jose2.png?resize=150%2C150&amp;ssl=1 150w, https:\/\/i0.wp.com\/velezylozano.com\/wp-content\/uploads\/2023\/09\/adri-jose2.png?resize=768%2C768&amp;ssl=1 768w, https:\/\/i0.wp.com\/velezylozano.com\/wp-content\/uploads\/2023\/09\/adri-jose2.png?resize=1536%2C1536&amp;ssl=1 1536w, https:\/\/i0.wp.com\/velezylozano.com\/wp-content\/uploads\/2023\/09\/adri-jose2.png?resize=12%2C12&amp;ssl=1 12w, https:\/\/i0.wp.com\/velezylozano.com\/wp-content\/uploads\/2023\/09\/adri-jose2.png?w=1728&amp;ssl=1 1728w, https:\/\/i0.wp.com\/velezylozano.com\/wp-content\/uploads\/2023\/09\/adri-jose2.png?w=1600&amp;ssl=1 1600w\" sizes=\"(max-width: 300px) 100vw, 300px\" \/><\/p>\n<p>Perhaps, from the outside, and as it happens to some first-time patients, it may seem like a lot of tests, but it is thanks to this amount of information that orthodontic treatments can nowadays be planned to the millimetre (literally), making them much more predictable, effective and safe.<\/p>\n<p>3. <strong>Step three: Planning<\/strong><\/p>\n<p>With all these records, and obviously thanks to their experience and training as orthodontists in exclusive practice in our dental clinic in Murcia, our doctors will establish a thorough diagnosis of your case, with which they will draw up a personalised treatment plan for you and adapted to your needs, which they will explain in detail, with examples, before and after photographs of similar cases, answering your questions ... and so on.<\/p>\n<p>Ask as many questions as you want! It's your orthodontic treatment, it's only going to happen once in your life and you are not only within your rights, but we are also happy for you to ask us. In addition, thanks to technology and the meticulous planning we talked about, we can create a simulation of what your mouth will look like after treatment, so you can look forward to a result that is very close to reality.<\/p>\n<p>If you would like to know more about orthodontic treatment planning, you can read our article <a href=\"https:\/\/velezylozano.com\/en\/invisalign-treatment-murcia\/\">about ClinCheck here<\/a>.<\/p>\n<p><strong>4. Step 4: The budget<\/strong><\/p>\n<p>Finally, our patient care colleague, whom you will have already met and who will have accompanied you at all times, will take you to an office where she will present you with the budget that accompanies your treatment. She will also explain the different payment options we offer and how we can adapt to your financial situation through financing, monthly payments or cash payments, as you wish!<\/p>\n<p class=\"p2\">If you decide to make an appointment, it is also very easy and you can do it through the following website <a href=\"https:\/\/velezylozano.com\/en\/online-appointment\/\">this link<\/a>.<\/p>","protected":false},"excerpt":{"rendered":"<p>Sometimes, when family or friends interested in having orthodontic treatment, or potential patients who write to us through our networks, or even at a social event an acquaintance asks us, when we reply that the orthodontic assessment appointments at V\u00e9lez &amp; Lozano last approximately one hour, his or her [...]<\/p>","protected":false},"author":10,"featured_media":12087,"comment_status":"open","ping_status":"open","sticky":false,"template":"","format":"standard","meta":{"_jetpack_memberships_contains_paid_content":false,"footnotes":""},"categories":[106],"tags":[36],"class_list":["post-12084","post","type-post","status-publish","format-standard","has-post-thumbnail","hentry","category-106","tag-ortodoncia"],"yoast_head":"<!-- This site is optimized with the Yoast SEO plugin v27.5 - https:\/\/yoast.com\/product\/yoast-seo-wordpress\/ -->\n<title>\u00bfC\u00f3mo es una cita de valoraci\u00f3n de ortodoncia en V\u00e9lez &amp; Lozano? - V\u00e9lez &amp; Lozano<\/title>\n<meta name=\"robots\" content=\"index, follow, max-snippet:-1, max-image-preview:large, max-video-preview:-1\" \/>\n<link rel=\"canonical\" href=\"https:\/\/velezylozano.com\/en\/what-an-orthodontic-assessment-appointment-is-like-at-velez-lozano\/\" \/>\n<meta property=\"og:locale\" content=\"en_GB\" \/>\n<meta property=\"og:type\" content=\"article\" \/>\n<meta property=\"og:title\" content=\"\u00bfC\u00f3mo es una cita de valoraci\u00f3n de ortodoncia en V\u00e9lez &amp; Lozano? - V\u00e9lez &amp; Lozano\" \/>\n<meta property=\"og:description\" content=\"A veces, cuando a familiares o amigos interesados en realizarse una ortodoncia, o a potenciales pacientes que nos escriben a trav\u00e9s de nuestras redes, o incluso en un evento social un conocido nos pregunta, al responderle que las citas de valoraci\u00f3n de ortodoncia en V\u00e9lez &amp; Lozano tienen una duraci\u00f3n aproximada de una hora, su [&hellip;]\" \/>\n<meta property=\"og:url\" content=\"https:\/\/velezylozano.com\/en\/what-an-orthodontic-assessment-appointment-is-like-at-velez-lozano\/\" \/>\n<meta property=\"og:site_name\" content=\"V\u00e9lez &amp; Lozano\" \/>\n<meta property=\"article:published_time\" content=\"2023-09-15T10:33:06+00:00\" \/>\n<meta property=\"article:modified_time\" content=\"2023-09-15T10:46:12+00:00\" \/>\n<meta property=\"og:image\" content=\"https:\/\/velezylozano.com\/wp-content\/uploads\/2023\/09\/2022_SQ_Velez-y-Lozano_102-scaled.jpg\" \/>\n\t<meta property=\"og:image:width\" content=\"2560\" \/>\n\t<meta property=\"og:image:height\" content=\"1707\" \/>\n\t<meta property=\"og:image:type\" content=\"image\/jpeg\" \/>\n<meta name=\"author\" content=\"Ana P\u00e9rez Pardo\" \/>\n<meta name=\"twitter:card\" content=\"summary_large_image\" \/>\n<meta name=\"twitter:label1\" content=\"Written by\" \/>\n\t<meta name=\"twitter:data1\" content=\"Ana P\u00e9rez Pardo\" \/>\n\t<meta name=\"twitter:label2\" content=\"Estimated reading time\" \/>\n\t<meta name=\"twitter:data2\" content=\"4 minutes\" \/>\n<script type=\"application\/ld+json\" class=\"yoast-schema-graph\">{\"@context\":\"https:\\\/\\\/schema.org\",\"@graph\":[{\"@type\":\"Article\",\"@id\":\"https:\\\/\\\/velezylozano.com\\\/como-es-una-cita-de-valoracion-de-ortodoncia-en-velez-lozano\\\/#article\",\"isPartOf\":{\"@id\":\"https:\\\/\\\/velezylozano.com\\\/como-es-una-cita-de-valoracion-de-ortodoncia-en-velez-lozano\\\/\"},\"author\":{\"name\":\"Ana P\u00e9rez Pardo\",\"@id\":\"https:\\\/\\\/velezylozano.com\\\/#\\\/schema\\\/person\\\/a480d27e1238a4b596704c308bcfc69f\"},\"headline\":\"\u00bfC\u00f3mo es una cita de valoraci\u00f3n de ortodoncia en V\u00e9lez &#038; Lozano?\",\"datePublished\":\"2023-09-15T10:33:06+00:00\",\"dateModified\":\"2023-09-15T10:46:12+00:00\",\"mainEntityOfPage\":{\"@id\":\"https:\\\/\\\/velezylozano.com\\\/como-es-una-cita-de-valoracion-de-ortodoncia-en-velez-lozano\\\/\"},\"wordCount\":721,\"commentCount\":0,\"publisher\":{\"@id\":\"https:\\\/\\\/velezylozano.com\\\/#organization\"},\"image\":{\"@id\":\"https:\\\/\\\/velezylozano.com\\\/como-es-una-cita-de-valoracion-de-ortodoncia-en-velez-lozano\\\/#primaryimage\"},\"thumbnailUrl\":\"https:\\\/\\\/i0.wp.com\\\/velezylozano.com\\\/wp-content\\\/uploads\\\/2023\\\/09\\\/2022_SQ_Velez-y-Lozano_102-scaled.jpg?fit=2560%2C1707&ssl=1\",\"keywords\":[\"ortodoncia\"],\"articleSection\":[\"2023\"],\"inLanguage\":\"en-GB\",\"potentialAction\":[{\"@type\":\"CommentAction\",\"name\":\"Comment\",\"target\":[\"https:\\\/\\\/velezylozano.com\\\/como-es-una-cita-de-valoracion-de-ortodoncia-en-velez-lozano\\\/#respond\"]}]},{\"@type\":\"WebPage\",\"@id\":\"https:\\\/\\\/velezylozano.com\\\/como-es-una-cita-de-valoracion-de-ortodoncia-en-velez-lozano\\\/\",\"url\":\"https:\\\/\\\/velezylozano.com\\\/como-es-una-cita-de-valoracion-de-ortodoncia-en-velez-lozano\\\/\",\"name\":\"\u00bfC\u00f3mo es una cita de valoraci\u00f3n de ortodoncia en V\u00e9lez & Lozano? - V\u00e9lez &amp; Lozano\",\"isPartOf\":{\"@id\":\"https:\\\/\\\/velezylozano.com\\\/#website\"},\"primaryImageOfPage\":{\"@id\":\"https:\\\/\\\/velezylozano.com\\\/como-es-una-cita-de-valoracion-de-ortodoncia-en-velez-lozano\\\/#primaryimage\"},\"image\":{\"@id\":\"https:\\\/\\\/velezylozano.com\\\/como-es-una-cita-de-valoracion-de-ortodoncia-en-velez-lozano\\\/#primaryimage\"},\"thumbnailUrl\":\"https:\\\/\\\/i0.wp.com\\\/velezylozano.com\\\/wp-content\\\/uploads\\\/2023\\\/09\\\/2022_SQ_Velez-y-Lozano_102-scaled.jpg?fit=2560%2C1707&ssl=1\",\"datePublished\":\"2023-09-15T10:33:06+00:00\",\"dateModified\":\"2023-09-15T10:46:12+00:00\",\"breadcrumb\":{\"@id\":\"https:\\\/\\\/velezylozano.com\\\/como-es-una-cita-de-valoracion-de-ortodoncia-en-velez-lozano\\\/#breadcrumb\"},\"inLanguage\":\"en-GB\",\"potentialAction\":[{\"@type\":\"ReadAction\",\"target\":[\"https:\\\/\\\/velezylozano.com\\\/como-es-una-cita-de-valoracion-de-ortodoncia-en-velez-lozano\\\/\"]}]},{\"@type\":\"ImageObject\",\"inLanguage\":\"en-GB\",\"@id\":\"https:\\\/\\\/velezylozano.com\\\/como-es-una-cita-de-valoracion-de-ortodoncia-en-velez-lozano\\\/#primaryimage\",\"url\":\"https:\\\/\\\/i0.wp.com\\\/velezylozano.com\\\/wp-content\\\/uploads\\\/2023\\\/09\\\/2022_SQ_Velez-y-Lozano_102-scaled.jpg?fit=2560%2C1707&ssl=1\",\"contentUrl\":\"https:\\\/\\\/i0.wp.com\\\/velezylozano.com\\\/wp-content\\\/uploads\\\/2023\\\/09\\\/2022_SQ_Velez-y-Lozano_102-scaled.jpg?fit=2560%2C1707&ssl=1\",\"width\":2560,\"height\":1707},{\"@type\":\"BreadcrumbList\",\"@id\":\"https:\\\/\\\/velezylozano.com\\\/como-es-una-cita-de-valoracion-de-ortodoncia-en-velez-lozano\\\/#breadcrumb\",\"itemListElement\":[{\"@type\":\"ListItem\",\"position\":1,\"name\":\"Home\",\"item\":\"https:\\\/\\\/velezylozano.com\\\/\"},{\"@type\":\"ListItem\",\"position\":2,\"name\":\"\u00bfC\u00f3mo es una cita de valoraci\u00f3n de ortodoncia en V\u00e9lez &#038; Lozano?\"}]},{\"@type\":\"WebSite\",\"@id\":\"https:\\\/\\\/velezylozano.com\\\/#website\",\"url\":\"https:\\\/\\\/velezylozano.com\\\/\",\"name\":\"V\u00e9lez &amp; Lozano\",\"description\":\"Cl\u00ednica dental en Murcia desde 2008\",\"publisher\":{\"@id\":\"https:\\\/\\\/velezylozano.com\\\/#organization\"},\"potentialAction\":[{\"@type\":\"SearchAction\",\"target\":{\"@type\":\"EntryPoint\",\"urlTemplate\":\"https:\\\/\\\/velezylozano.com\\\/?s={search_term_string}\"},\"query-input\":{\"@type\":\"PropertyValueSpecification\",\"valueRequired\":true,\"valueName\":\"search_term_string\"}}],\"inLanguage\":\"en-GB\"},{\"@type\":\"Organization\",\"@id\":\"https:\\\/\\\/velezylozano.com\\\/#organization\",\"name\":\"V\u00e9lez &amp; Lozano\",\"url\":\"https:\\\/\\\/velezylozano.com\\\/\",\"logo\":{\"@type\":\"ImageObject\",\"inLanguage\":\"en-GB\",\"@id\":\"https:\\\/\\\/velezylozano.com\\\/#\\\/schema\\\/logo\\\/image\\\/\",\"url\":\"https:\\\/\\\/velezylozano.com\\\/wp-content\\\/uploads\\\/2021\\\/12\\\/velezlozanologo.svg\",\"contentUrl\":\"https:\\\/\\\/velezylozano.com\\\/wp-content\\\/uploads\\\/2021\\\/12\\\/velezlozanologo.svg\",\"width\":322,\"height\":33,\"caption\":\"V\u00e9lez &amp; Lozano\"},\"image\":{\"@id\":\"https:\\\/\\\/velezylozano.com\\\/#\\\/schema\\\/logo\\\/image\\\/\"}},{\"@type\":\"Person\",\"@id\":\"https:\\\/\\\/velezylozano.com\\\/#\\\/schema\\\/person\\\/a480d27e1238a4b596704c308bcfc69f\",\"name\":\"Ana P\u00e9rez Pardo\",\"image\":{\"@type\":\"ImageObject\",\"inLanguage\":\"en-GB\",\"@id\":\"https:\\\/\\\/secure.gravatar.com\\\/avatar\\\/8a2e3ff6a471e9789ff85da059022e617b559e98aad19c88b7b49149a69e3245?s=96&d=mm&r=g\",\"url\":\"https:\\\/\\\/secure.gravatar.com\\\/avatar\\\/8a2e3ff6a471e9789ff85da059022e617b559e98aad19c88b7b49149a69e3245?s=96&d=mm&r=g\",\"contentUrl\":\"https:\\\/\\\/secure.gravatar.com\\\/avatar\\\/8a2e3ff6a471e9789ff85da059022e617b559e98aad19c88b7b49149a69e3245?s=96&d=mm&r=g\",\"caption\":\"Ana P\u00e9rez Pardo\"},\"url\":\"https:\\\/\\\/velezylozano.com\\\/en\\\/author\\\/ana-perez-pardo\\\/\"}]}<\/script>\n<!-- \/ Yoast SEO plugin. -->","yoast_head_json":{"title":"What is an orthodontic assessment appointment at V\u00e9lez &amp; Lozano like? - Velez &amp; Lozano","robots":{"index":"index","follow":"follow","max-snippet":"max-snippet:-1","max-image-preview":"max-image-preview:large","max-video-preview":"max-video-preview:-1"},"canonical":"https:\/\/velezylozano.com\/en\/what-an-orthodontic-assessment-appointment-is-like-at-velez-lozano\/","og_locale":"en_GB","og_type":"article","og_title":"\u00bfC\u00f3mo es una cita de valoraci\u00f3n de ortodoncia en V\u00e9lez & Lozano? - V\u00e9lez &amp; Lozano","og_description":"A veces, cuando a familiares o amigos interesados en realizarse una ortodoncia, o a potenciales pacientes que nos escriben a trav\u00e9s de nuestras redes, o incluso en un evento social un conocido nos pregunta, al responderle que las citas de valoraci\u00f3n de ortodoncia en V\u00e9lez &amp; Lozano tienen una duraci\u00f3n aproximada de una hora, su [&hellip;]","og_url":"https:\/\/velezylozano.com\/en\/what-an-orthodontic-assessment-appointment-is-like-at-velez-lozano\/","og_site_name":"V\u00e9lez &amp; Lozano","article_published_time":"2023-09-15T10:33:06+00:00","article_modified_time":"2023-09-15T10:46:12+00:00","og_image":[{"width":2560,"height":1707,"url":"https:\/\/velezylozano.com\/wp-content\/uploads\/2023\/09\/2022_SQ_Velez-y-Lozano_102-scaled.jpg","type":"image\/jpeg"}],"author":"Ana P\u00e9rez Pardo","twitter_card":"summary_large_image","twitter_misc":{"Written by":"Ana P\u00e9rez Pardo","Estimated reading time":"4 minutes"},"schema":{"@context":"https:\/\/schema.org","@graph":[{"@type":"Article","@id":"https:\/\/velezylozano.com\/como-es-una-cita-de-valoracion-de-ortodoncia-en-velez-lozano\/#article","isPartOf":{"@id":"https:\/\/velezylozano.com\/como-es-una-cita-de-valoracion-de-ortodoncia-en-velez-lozano\/"},"author":{"name":"Ana P\u00e9rez Pardo","@id":"https:\/\/velezylozano.com\/#\/schema\/person\/a480d27e1238a4b596704c308bcfc69f"},"headline":"\u00bfC\u00f3mo es una cita de valoraci\u00f3n de ortodoncia en V\u00e9lez &#038; Lozano?","datePublished":"2023-09-15T10:33:06+00:00","dateModified":"2023-09-15T10:46:12+00:00","mainEntityOfPage":{"@id":"https:\/\/velezylozano.com\/como-es-una-cita-de-valoracion-de-ortodoncia-en-velez-lozano\/"},"wordCount":721,"commentCount":0,"publisher":{"@id":"https:\/\/velezylozano.com\/#organization"},"image":{"@id":"https:\/\/velezylozano.com\/como-es-una-cita-de-valoracion-de-ortodoncia-en-velez-lozano\/#primaryimage"},"thumbnailUrl":"https:\/\/i0.wp.com\/velezylozano.com\/wp-content\/uploads\/2023\/09\/2022_SQ_Velez-y-Lozano_102-scaled.jpg?fit=2560%2C1707&ssl=1","keywords":["ortodoncia"],"articleSection":["2023"],"inLanguage":"en-GB","potentialAction":[{"@type":"CommentAction","name":"Comment","target":["https:\/\/velezylozano.com\/como-es-una-cita-de-valoracion-de-ortodoncia-en-velez-lozano\/#respond"]}]},{"@type":"WebPage","@id":"https:\/\/velezylozano.com\/como-es-una-cita-de-valoracion-de-ortodoncia-en-velez-lozano\/","url":"https:\/\/velezylozano.com\/como-es-una-cita-de-valoracion-de-ortodoncia-en-velez-lozano\/","name":"What is an orthodontic assessment appointment at V\u00e9lez &amp; Lozano like? - Velez &amp; Lozano","isPartOf":{"@id":"https:\/\/velezylozano.com\/#website"},"primaryImageOfPage":{"@id":"https:\/\/velezylozano.com\/como-es-una-cita-de-valoracion-de-ortodoncia-en-velez-lozano\/#primaryimage"},"image":{"@id":"https:\/\/velezylozano.com\/como-es-una-cita-de-valoracion-de-ortodoncia-en-velez-lozano\/#primaryimage"},"thumbnailUrl":"https:\/\/i0.wp.com\/velezylozano.com\/wp-content\/uploads\/2023\/09\/2022_SQ_Velez-y-Lozano_102-scaled.jpg?fit=2560%2C1707&ssl=1","datePublished":"2023-09-15T10:33:06+00:00","dateModified":"2023-09-15T10:46:12+00:00","breadcrumb":{"@id":"https:\/\/velezylozano.com\/como-es-una-cita-de-valoracion-de-ortodoncia-en-velez-lozano\/#breadcrumb"},"inLanguage":"en-GB","potentialAction":[{"@type":"ReadAction","target":["https:\/\/velezylozano.com\/como-es-una-cita-de-valoracion-de-ortodoncia-en-velez-lozano\/"]}]},{"@type":"ImageObject","inLanguage":"en-GB","@id":"https:\/\/velezylozano.com\/como-es-una-cita-de-valoracion-de-ortodoncia-en-velez-lozano\/#primaryimage","url":"https:\/\/i0.wp.com\/velezylozano.com\/wp-content\/uploads\/2023\/09\/2022_SQ_Velez-y-Lozano_102-scaled.jpg?fit=2560%2C1707&ssl=1","contentUrl":"https:\/\/i0.wp.com\/velezylozano.com\/wp-content\/uploads\/2023\/09\/2022_SQ_Velez-y-Lozano_102-scaled.jpg?fit=2560%2C1707&ssl=1","width":2560,"height":1707},{"@type":"BreadcrumbList","@id":"https:\/\/velezylozano.com\/como-es-una-cita-de-valoracion-de-ortodoncia-en-velez-lozano\/#breadcrumb","itemListElement":[{"@type":"ListItem","position":1,"name":"Home","item":"https:\/\/velezylozano.com\/"},{"@type":"ListItem","position":2,"name":"\u00bfC\u00f3mo es una cita de valoraci\u00f3n de ortodoncia en V\u00e9lez &#038; Lozano?"}]},{"@type":"WebSite","@id":"https:\/\/velezylozano.com\/#website","url":"https:\/\/velezylozano.com\/","name":"Velez &amp; Lozano","description":"Dental clinic in Murcia since 2008","publisher":{"@id":"https:\/\/velezylozano.com\/#organization"},"potentialAction":[{"@type":"SearchAction","target":{"@type":"EntryPoint","urlTemplate":"https:\/\/velezylozano.com\/?s={search_term_string}"},"query-input":{"@type":"PropertyValueSpecification","valueRequired":true,"valueName":"search_term_string"}}],"inLanguage":"en-GB"},{"@type":"Organization","@id":"https:\/\/velezylozano.com\/#organization","name":"Velez &amp; Lozano","url":"https:\/\/velezylozano.com\/","logo":{"@type":"ImageObject","inLanguage":"en-GB","@id":"https:\/\/velezylozano.com\/#\/schema\/logo\/image\/","url":"https:\/\/velezylozano.com\/wp-content\/uploads\/2021\/12\/velezlozanologo.svg","contentUrl":"https:\/\/velezylozano.com\/wp-content\/uploads\/2021\/12\/velezlozanologo.svg","width":322,"height":33,"caption":"V\u00e9lez &amp; Lozano"},"image":{"@id":"https:\/\/velezylozano.com\/#\/schema\/logo\/image\/"}},{"@type":"Person","@id":"https:\/\/velezylozano.com\/#\/schema\/person\/a480d27e1238a4b596704c308bcfc69f","name":"Ana P\u00e9rez Pardo","image":{"@type":"ImageObject","inLanguage":"en-GB","@id":"https:\/\/secure.gravatar.com\/avatar\/8a2e3ff6a471e9789ff85da059022e617b559e98aad19c88b7b49149a69e3245?s=96&d=mm&r=g","url":"https:\/\/secure.gravatar.com\/avatar\/8a2e3ff6a471e9789ff85da059022e617b559e98aad19c88b7b49149a69e3245?s=96&d=mm&r=g","contentUrl":"https:\/\/secure.gravatar.com\/avatar\/8a2e3ff6a471e9789ff85da059022e617b559e98aad19c88b7b49149a69e3245?s=96&d=mm&r=g","caption":"Ana P\u00e9rez Pardo"},"url":"https:\/\/velezylozano.com\/en\/author\/ana-perez-pardo\/"}]}},"jetpack_featured_media_url":"https:\/\/i0.wp.com\/velezylozano.com\/wp-content\/uploads\/2023\/09\/2022_SQ_Velez-y-Lozano_102-scaled.jpg?fit=2560%2C1707&ssl=1","jetpack-related-posts":[{"id":9135,"url":"https:\/\/velezylozano.com\/en\/lingual-orthodontics-murcia\/","url_meta":{"origin":12084,"position":0},"title":"Is lingual orthodontics for me?","author":"Ana P\u00e9rez Pardo","date":"28 de January de 2022","format":false,"excerpt":"Ya sea porque has decidido comenzar el a\u00f1o con ortodoncia y te planteas la opci\u00f3n de la lingual o si simplemente te genera curiosidad y quieres saber m\u00e1s sobre ella, \u00a1est\u00e1s en el sitio adecuado! Son muchos los pacientes que nos preguntan por las diferencias entre este tipo de ortodoncia\u2026","rel":"","context":"In &quot;2022&quot;","block_context":{"text":"2022","link":"https:\/\/velezylozano.com\/en\/category\/2022\/"},"img":{"alt_text":"","src":"https:\/\/i0.wp.com\/velezylozano.com\/wp-content\/uploads\/2022\/01\/ortodoncia-lingual.jpeg?fit=1093%2C614&ssl=1&resize=350%2C200","width":350,"height":200,"srcset":"https:\/\/i0.wp.com\/velezylozano.com\/wp-content\/uploads\/2022\/01\/ortodoncia-lingual.jpeg?fit=1093%2C614&ssl=1&resize=350%2C200 1x, https:\/\/i0.wp.com\/velezylozano.com\/wp-content\/uploads\/2022\/01\/ortodoncia-lingual.jpeg?fit=1093%2C614&ssl=1&resize=525%2C300 1.5x, https:\/\/i0.wp.com\/velezylozano.com\/wp-content\/uploads\/2022\/01\/ortodoncia-lingual.jpeg?fit=1093%2C614&ssl=1&resize=700%2C400 2x, https:\/\/i0.wp.com\/velezylozano.com\/wp-content\/uploads\/2022\/01\/ortodoncia-lingual.jpeg?fit=1093%2C614&ssl=1&resize=1050%2C600 3x"},"classes":[]},{"id":7150,"url":"https:\/\/velezylozano.com\/en\/new-incorporation-invisible-orthodontics-murcia\/","url_meta":{"origin":12084,"position":1},"title":"Ana P\u00e9rez joins V\u00e9lez y Lozano's orthodontic team","author":"Comunicaci\u00f3n V&amp;L","date":"26 de October de 2021","format":false,"excerpt":"La ortodoncista Ana P\u00e9rez Pardo ya forma parte del equipo de ortodoncia de V\u00e9lez y Lozano en nuestra Cl\u00ednica Dental en Murcia. Ana tiene una sobrada y conocida formaci\u00f3n y experiencia en el campo de la ortodoncia, desde que se licenciase en Odontolog\u00eda en la Universidad de Murcia en el\u2026","rel":"","context":"In &quot;Actualidad&quot;","block_context":{"text":"Actualidad","link":"https:\/\/velezylozano.com\/en\/category\/news-2\/"},"img":{"alt_text":"ortodoncia-invisible-murcia","src":"https:\/\/i0.wp.com\/velezylozano.com\/wp-content\/uploads\/2021\/10\/ana-scaled-1.jpg?fit=937%2C1200&ssl=1&resize=350%2C200","width":350,"height":200,"srcset":"https:\/\/i0.wp.com\/velezylozano.com\/wp-content\/uploads\/2021\/10\/ana-scaled-1.jpg?fit=937%2C1200&ssl=1&resize=350%2C200 1x, https:\/\/i0.wp.com\/velezylozano.com\/wp-content\/uploads\/2021\/10\/ana-scaled-1.jpg?fit=937%2C1200&ssl=1&resize=525%2C300 1.5x, https:\/\/i0.wp.com\/velezylozano.com\/wp-content\/uploads\/2021\/10\/ana-scaled-1.jpg?fit=937%2C1200&ssl=1&resize=700%2C400 2x"},"classes":[]},{"id":8288,"url":"https:\/\/velezylozano.com\/en\/which-orthodontics-to-choose-advantages-and-disadvantages-of-brackets-and-aligners\/","url_meta":{"origin":12084,"position":2},"title":"Which orthodontics to choose? Advantages and disadvantages of brackets and aligners","author":"Comunicaci\u00f3n V&amp;L","date":"26 de July de 2016","format":false,"excerpt":"Una de las dudas m\u00e1s frecuentes en las cl\u00ednicas dentales en las que se realizan tratamientos de ortodoncia avanzada, como el caso de V\u00e9lez y Lozano en Murcia, es la elecci\u00f3n de una u otra t\u00e9cnica de tratamiento. En esta entrada intentaremos aclarar las ventajas fundamentales de cada una de\u2026","rel":"","context":"Similar post","block_context":{"text":"Similar post","link":""},"img":{"alt_text":"","src":"https:\/\/i0.wp.com\/velezylozano.com\/wp-content\/uploads\/2022\/01\/velez-y-lozano-clinica-dental-region-murcia-sonrisa-comparacion-ortodoncia-scaled-1.jpg?fit=1200%2C800&ssl=1&resize=350%2C200","width":350,"height":200,"srcset":"https:\/\/i0.wp.com\/velezylozano.com\/wp-content\/uploads\/2022\/01\/velez-y-lozano-clinica-dental-region-murcia-sonrisa-comparacion-ortodoncia-scaled-1.jpg?fit=1200%2C800&ssl=1&resize=350%2C200 1x, https:\/\/i0.wp.com\/velezylozano.com\/wp-content\/uploads\/2022\/01\/velez-y-lozano-clinica-dental-region-murcia-sonrisa-comparacion-ortodoncia-scaled-1.jpg?fit=1200%2C800&ssl=1&resize=525%2C300 1.5x, https:\/\/i0.wp.com\/velezylozano.com\/wp-content\/uploads\/2022\/01\/velez-y-lozano-clinica-dental-region-murcia-sonrisa-comparacion-ortodoncia-scaled-1.jpg?fit=1200%2C800&ssl=1&resize=700%2C400 2x, https:\/\/i0.wp.com\/velezylozano.com\/wp-content\/uploads\/2022\/01\/velez-y-lozano-clinica-dental-region-murcia-sonrisa-comparacion-ortodoncia-scaled-1.jpg?fit=1200%2C800&ssl=1&resize=1050%2C600 3x"},"classes":[]},{"id":8550,"url":"https:\/\/velezylozano.com\/en\/cleaning-with-brackets\/","url_meta":{"origin":12084,"position":3},"title":"Cleaning with brackets: some guidelines","author":"Adri\u00e1n Melgares de Aguilar","date":"14 de January de 2022","format":false,"excerpt":"La ortodoncia fija lleva asociados una serie de contras de cierto peso para los pacientes como puede ser el caso de la higiene. Si bien es cierto que nuestros h\u00e1bitos de higiene bucal deben ser m\u00e1s minuciosos, puesto que nuestra boca ahora tiene elementos externos como son los propios brackets,\u2026","rel":"","context":"In &quot;2022&quot;","block_context":{"text":"2022","link":"https:\/\/velezylozano.com\/en\/category\/2022\/"},"img":{"alt_text":"","src":"https:\/\/i0.wp.com\/velezylozano.com\/wp-content\/uploads\/2022\/01\/1642155733404.png?fit=1200%2C1200&ssl=1&resize=350%2C200","width":350,"height":200,"srcset":"https:\/\/i0.wp.com\/velezylozano.com\/wp-content\/uploads\/2022\/01\/1642155733404.png?fit=1200%2C1200&ssl=1&resize=350%2C200 1x, https:\/\/i0.wp.com\/velezylozano.com\/wp-content\/uploads\/2022\/01\/1642155733404.png?fit=1200%2C1200&ssl=1&resize=525%2C300 1.5x, https:\/\/i0.wp.com\/velezylozano.com\/wp-content\/uploads\/2022\/01\/1642155733404.png?fit=1200%2C1200&ssl=1&resize=700%2C400 2x, https:\/\/i0.wp.com\/velezylozano.com\/wp-content\/uploads\/2022\/01\/1642155733404.png?fit=1200%2C1200&ssl=1&resize=1050%2C600 3x"},"classes":[]},{"id":8538,"url":"https:\/\/velezylozano.com\/en\/invisalign-treatment-murcia\/","url_meta":{"origin":12084,"position":4},"title":"Invisalign ClinCheck: Why it's so important in invisible orthodontics","author":"Ana P\u00e9rez Pardo","date":"12 de November de 2021","format":false,"excerpt":"Aunque la mayor parte de la sociedad ya ha asumido los resultados que la ortodoncia invisible puede proporcionar en su sonrisa, muchos pacientes, cuando acuden a una valoraci\u00f3n sobre su tratamiento de ortod\u00f3ncico, preguntan con curiosidad: \u201c\u00bfC\u00f3mo es posible que un pl\u00e1stico que apenas se nota ni ve consiga mover\u2026","rel":"","context":"In &quot;2021&quot;","block_context":{"text":"2021","link":"https:\/\/velezylozano.com\/en\/category\/2021\/"},"img":{"alt_text":"","src":"https:\/\/i0.wp.com\/velezylozano.com\/wp-content\/uploads\/2022\/01\/orto-2.png?fit=362%2C304&ssl=1&resize=350%2C200","width":350,"height":200},"classes":[]},{"id":13189,"url":"https:\/\/velezylozano.com\/en\/our-orthodontic-hygienists-expand-their-knowledge-and-skills\/","url_meta":{"origin":12084,"position":5},"title":"Our orthodontic hygienists expand their knowledge and skills","author":"Francisco J.","date":"25 de June de 2025","format":false,"excerpt":"Mar\u00eda Abad\u00eda, Adri\u00e1n Melgares de Aguilar y Sonia Cutillas, es decir, nuestros higienistas del \u00e1rea de ortodoncia, tambi\u00e9n estuvieron presentes en el 71 congreso de la Sociedad Espa\u00f1ola de Ortodoncia y Ortopedia orofacial (SEDO) celebrado en Murcia. Aprovecharon su asistencia al mismo para asistir a un curso sobre 'Ortodoncia del\u2026","rel":"","context":"In &quot;Actualidad&quot;","block_context":{"text":"Actualidad","link":"https:\/\/velezylozano.com\/en\/category\/news-2\/"},"img":{"alt_text":"","src":"https:\/\/i0.wp.com\/velezylozano.com\/wp-content\/uploads\/2025\/06\/WhatsApp-Image-2025-06-25-at-11.07.14.jpeg?fit=900%2C1200&ssl=1&resize=350%2C200","width":350,"height":200,"srcset":"https:\/\/i0.wp.com\/velezylozano.com\/wp-content\/uploads\/2025\/06\/WhatsApp-Image-2025-06-25-at-11.07.14.jpeg?fit=900%2C1200&ssl=1&resize=350%2C200 1x, https:\/\/i0.wp.com\/velezylozano.com\/wp-content\/uploads\/2025\/06\/WhatsApp-Image-2025-06-25-at-11.07.14.jpeg?fit=900%2C1200&ssl=1&resize=525%2C300 1.5x, https:\/\/i0.wp.com\/velezylozano.com\/wp-content\/uploads\/2025\/06\/WhatsApp-Image-2025-06-25-at-11.07.14.jpeg?fit=900%2C1200&ssl=1&resize=700%2C400 2x"},"classes":[]}],"jetpack_sharing_enabled":true,"_links":{"self":[{"href":"https:\/\/velezylozano.com\/en\/wp-json\/wp\/v2\/posts\/12084","targetHints":{"allow":["GET"]}}],"collection":[{"href":"https:\/\/velezylozano.com\/en\/wp-json\/wp\/v2\/posts"}],"about":[{"href":"https:\/\/velezylozano.com\/en\/wp-json\/wp\/v2\/types\/post"}],"author":[{"embeddable":true,"href":"https:\/\/velezylozano.com\/en\/wp-json\/wp\/v2\/users\/10"}],"replies":[{"embeddable":true,"href":"https:\/\/velezylozano.com\/en\/wp-json\/wp\/v2\/comments?post=12084"}],"version-history":[{"count":1,"href":"https:\/\/velezylozano.com\/en\/wp-json\/wp\/v2\/posts\/12084\/revisions"}],"predecessor-version":[{"id":12088,"href":"https:\/\/velezylozano.com\/en\/wp-json\/wp\/v2\/posts\/12084\/revisions\/12088"}],"wp:featuredmedia":[{"embeddable":true,"href":"https:\/\/velezylozano.com\/en\/wp-json\/wp\/v2\/media\/12087"}],"wp:attachment":[{"href":"https:\/\/velezylozano.com\/en\/wp-json\/wp\/v2\/media?parent=12084"}],"wp:term":[{"taxonomy":"category","embeddable":true,"href":"https:\/\/velezylozano.com\/en\/wp-json\/wp\/v2\/categories?post=12084"},{"taxonomy":"post_tag","embeddable":true,"href":"https:\/\/velezylozano.com\/en\/wp-json\/wp\/v2\/tags?post=12084"}],"curies":[{"name":"wp","href":"https:\/\/api.w.org\/{rel}","templated":true}]}}