{"id":12144,"date":"2023-10-16T08:59:29","date_gmt":"2023-10-16T07:59:29","guid":{"rendered":"https:\/\/velezylozano.com\/?p=12144"},"modified":"2023-10-16T08:59:29","modified_gmt":"2023-10-16T07:59:29","slug":"for-the-world-food-day-we-remember-its-importance-for-our-dental-health","status":"publish","type":"post","link":"https:\/\/velezylozano.com\/en\/for-the-world-food-day-we-remember-its-importance-for-our-dental-health\/","title":{"rendered":"For World Food Day, we remember its importance for our dental health."},"content":{"rendered":"<p>Today is the\u00a0<strong>World Food Day<\/strong>a topic that is so closely related to dental health that we have already addressed it on many occasions both here on our website and blog as well as in different videos and through social networks. That is why, on this occasion, we have decided to compile all the content that we have previously provided in this news item, so that you can access it easily and simply.<\/p>\n<p>First, some <strong>tips<\/strong>:<\/p>\n<ul>\n<li>Consumes the least amount of\u00a0<strong>acidic foods<\/strong>\u00a0avoid things like drinking lemon on an empty stomach, which neither helps you lose weight nor prevents colds.<\/li>\n<li>It consumes, of course, the\u00a0<strong>minimum possible amount<\/strong>\u00a0of refined sugar. Especially if it comes from foods that stay in your mouth for a long time, such as candy or chewing gum. Not only will you avoid the risk of developing cavities, but also many other diseases.<\/li>\n<li>Enter\u00a0<strong>crunchy foods<\/strong>\u00a0in your diet, such as apple, carrot or cucumber. Their high fibre content helps to naturally clean teeth and gums and also stimulates salivation.<\/li>\n<li><strong>Drink plenty of water<\/strong>. A fundamental pillar of general health, it also promotes the production of saliva and regulates the reproduction of bacteria in the mouth.<\/li>\n<li>Whenever you can, consume\u00a0<strong>foods rich in fluoride<\/strong>. Fluoride is naturally present in foods such as fish, tea and milk. Of course, apply logic to this advice: if you are lactose-allergic, you should not consume milk, nor should you eat only fish and skip other foods.<\/li>\n<li>Also pay attention to the\u00a0<strong>riboflavin<\/strong>It is found in eggs, lean meats and green leafy vegetables. Deficiency causes inflammation of the tongue and lips.<\/li>\n<\/ul>\n<p>You can also remember our\u00a0<strong>videos<\/strong> on the subject:<\/p>\n<p><iframe title=\"Top foods that stain your teeth\" width=\"800\" height=\"450\" src=\"https:\/\/www.youtube.com\/embed\/q15mEwCSl-I?feature=oembed\" frameborder=\"0\" allow=\"accelerometer; autoplay; clipboard-write; encrypted-media; gyroscope; picture-in-picture; web-share\" allowfullscreen><\/iframe><\/p>\n<p>&nbsp;<\/p>\n<p><iframe title=\"World Food Day\" width=\"800\" height=\"450\" src=\"https:\/\/www.youtube.com\/embed\/_sphmtToaqM?feature=oembed\" frameborder=\"0\" allow=\"accelerometer; autoplay; clipboard-write; encrypted-media; gyroscope; picture-in-picture; web-share\" allowfullscreen><\/iframe><\/p>\n<p>And the rest of\u00a0<strong>articles<\/strong> related we have:<\/p>\n<blockquote class=\"wp-embedded-content\" data-secret=\"Bp0vuoEFu2\"><p><a href=\"https:\/\/velezylozano.com\/en\/fresh-healthy-homemade-recipes-for-a-cavity-free-summer\/\">Fresh, homemade and healthy recipes for a cavity-free summer<\/a><\/p><\/blockquote>\n<p><iframe class=\"wp-embedded-content\" sandbox=\"allow-scripts\" security=\"restricted\" style=\"position: absolute; clip: rect(1px, 1px, 1px, 1px);\" title=\"&quot;Fresh, homemade and healthy recipes for a cavity-free summer&quot; - V\u00e9lez &amp; Lozano\" src=\"https:\/\/velezylozano.com\/recetas-frescas-caseras-y-saludables-para-un-verano-sin-caries\/embed\/#?secret=aopmRWg8pM#?secret=Bp0vuoEFu2\" data-secret=\"Bp0vuoEFu2\" width=\"600\" height=\"338\" frameborder=\"0\" marginwidth=\"0\" marginheight=\"0\" scrolling=\"no\"><\/iframe><\/p>\n<p>&nbsp;<\/p>\n<p>&nbsp;<\/p>\n<blockquote class=\"wp-embedded-content\" data-secret=\"aVedmxkBpa\"><p><a href=\"https:\/\/velezylozano.com\/en\/did-you-know-that-improving-your-childs-nutrition-helps-prevent-tooth-decay\/\">Did you know that improving your child's nutrition helps prevent tooth decay?<\/a><\/p><\/blockquote>\n<p><iframe class=\"wp-embedded-content\" sandbox=\"allow-scripts\" security=\"restricted\" style=\"position: absolute; clip: rect(1px, 1px, 1px, 1px);\" title=\"&quot;Did you know that improving your child&#039;s nutrition helps prevent cavities?&quot; - Velez &amp; Lozano\" src=\"https:\/\/velezylozano.com\/sabias-que-mejorar-la-nutricion-de-tu-hijo-ayuda-a-que-no-aparezcan-caries\/embed\/#?secret=8ZGUIi6x3h#?secret=aVedmxkBpa\" data-secret=\"aVedmxkBpa\" width=\"600\" height=\"338\" frameborder=\"0\" marginwidth=\"0\" marginheight=\"0\" scrolling=\"no\"><\/iframe><\/p>\n<blockquote class=\"wp-embedded-content\" data-secret=\"7Ey1108T0l\"><p><a href=\"https:\/\/velezylozano.com\/en\/what-foods-are-we-making-a-mistake-in-our-childs-diet\/\">What foods are we getting wrong in our child's diet?<\/a><\/p><\/blockquote>\n<p><iframe class=\"wp-embedded-content\" sandbox=\"allow-scripts\" security=\"restricted\" style=\"position: absolute; clip: rect(1px, 1px, 1px, 1px);\" title=\"&quot;What foods are we getting wrong in our child&#039;s diet?&quot; - V\u00e9lez &amp; Lozano\" src=\"https:\/\/velezylozano.com\/con-que-alimentos-nos-estamos-equivocando-en-la-alimentacion-de-nuestro-hijo\/embed\/#?secret=lEqlZDOEVY#?secret=7Ey1108T0l\" data-secret=\"7Ey1108T0l\" width=\"600\" height=\"338\" frameborder=\"0\" marginwidth=\"0\" marginheight=\"0\" scrolling=\"no\"><\/iframe><\/p>","protected":false},"excerpt":{"rendered":"<p>Today is World Food Day, a topic that is so closely related to dental health that we have already addressed it on many occasions both here on our website and blog and in different videos and through social networks. That's why, on this occasion, we have decided to compile all the content [...]<\/p>","protected":false},"author":4,"featured_media":12146,"comment_status":"open","ping_status":"open","sticky":false,"template":"","format":"standard","meta":{"_jetpack_memberships_contains_paid_content":false,"footnotes":""},"categories":[15],"tags":[110,75],"class_list":["post-12144","post","type-post","status-publish","format-standard","has-post-thumbnail","hentry","category-actualidad","tag-alimentacion","tag-nutricion"],"yoast_head":"<!-- This site is optimized with the Yoast SEO plugin v27.5 - https:\/\/yoast.com\/product\/yoast-seo-wordpress\/ -->\n<title>Por el D\u00eda Mundial de la Alimentaci\u00f3n, recordamos su importancia para nuestra salud dental - V\u00e9lez &amp; Lozano<\/title>\n<meta name=\"robots\" content=\"index, follow, max-snippet:-1, max-image-preview:large, max-video-preview:-1\" \/>\n<link rel=\"canonical\" href=\"https:\/\/velezylozano.com\/en\/for-the-world-food-day-we-remember-its-importance-for-our-dental-health\/\" \/>\n<meta property=\"og:locale\" content=\"en_GB\" \/>\n<meta property=\"og:type\" content=\"article\" \/>\n<meta property=\"og:title\" content=\"Por el D\u00eda Mundial de la Alimentaci\u00f3n, recordamos su importancia para nuestra salud dental - V\u00e9lez &amp; Lozano\" \/>\n<meta property=\"og:description\" content=\"Hoy es el\u00a0D\u00eda Mundial de la Alimentaci\u00f3n, un tema que est\u00e1 tan relacionado con la salud dental que ya lo hemos abordado en multitud de ocasiones tanto aqu\u00ed en nuestra web y blog como en diferentes v\u00eddeos y a trav\u00e9s de las redes sociales. Por eso, en esta ocasi\u00f3n, hemos decidido recopilar todo el contenido [&hellip;]\" \/>\n<meta property=\"og:url\" content=\"https:\/\/velezylozano.com\/en\/for-the-world-food-day-we-remember-its-importance-for-our-dental-health\/\" \/>\n<meta property=\"og:site_name\" content=\"V\u00e9lez &amp; Lozano\" \/>\n<meta property=\"article:published_time\" content=\"2023-10-16T07:59:29+00:00\" \/>\n<meta property=\"og:image\" content=\"https:\/\/i0.wp.com\/velezylozano.com\/wp-content\/uploads\/2023\/10\/Dia-de-la-salud-mental-1.png?fit=1280%2C720&ssl=1\" \/>\n\t<meta property=\"og:image:width\" content=\"1280\" \/>\n\t<meta property=\"og:image:height\" content=\"720\" \/>\n\t<meta property=\"og:image:type\" content=\"image\/png\" \/>\n<meta name=\"author\" content=\"Francisco J.\" \/>\n<meta name=\"twitter:card\" content=\"summary_large_image\" \/>\n<meta name=\"twitter:label1\" content=\"Written by\" \/>\n\t<meta name=\"twitter:data1\" content=\"Francisco J.\" \/>\n\t<meta name=\"twitter:label2\" content=\"Estimated reading time\" \/>\n\t<meta name=\"twitter:data2\" content=\"2 minutes\" \/>\n<script type=\"application\/ld+json\" class=\"yoast-schema-graph\">{\"@context\":\"https:\\\/\\\/schema.org\",\"@graph\":[{\"@type\":\"Article\",\"@id\":\"https:\\\/\\\/velezylozano.com\\\/por-el-dia-mundial-de-la-alimentacion-recordamos-su-importancia-para-nuestra-salud-dental\\\/#article\",\"isPartOf\":{\"@id\":\"https:\\\/\\\/velezylozano.com\\\/por-el-dia-mundial-de-la-alimentacion-recordamos-su-importancia-para-nuestra-salud-dental\\\/\"},\"author\":{\"name\":\"Francisco J.\",\"@id\":\"https:\\\/\\\/velezylozano.com\\\/#\\\/schema\\\/person\\\/398ff8f7c21db7df8107c871189b1d1e\"},\"headline\":\"Por el D\u00eda Mundial de la Alimentaci\u00f3n, recordamos su importancia para nuestra salud dental\",\"datePublished\":\"2023-10-16T07:59:29+00:00\",\"mainEntityOfPage\":{\"@id\":\"https:\\\/\\\/velezylozano.com\\\/por-el-dia-mundial-de-la-alimentacion-recordamos-su-importancia-para-nuestra-salud-dental\\\/\"},\"wordCount\":371,\"commentCount\":0,\"publisher\":{\"@id\":\"https:\\\/\\\/velezylozano.com\\\/#organization\"},\"image\":{\"@id\":\"https:\\\/\\\/velezylozano.com\\\/por-el-dia-mundial-de-la-alimentacion-recordamos-su-importancia-para-nuestra-salud-dental\\\/#primaryimage\"},\"thumbnailUrl\":\"https:\\\/\\\/i0.wp.com\\\/velezylozano.com\\\/wp-content\\\/uploads\\\/2023\\\/10\\\/Dia-de-la-salud-mental-1.png?fit=1280%2C720&ssl=1\",\"keywords\":[\"alimentaci\u00f3n\",\"nutrici\u00f3n\"],\"articleSection\":[\"Actualidad\"],\"inLanguage\":\"en-GB\",\"potentialAction\":[{\"@type\":\"CommentAction\",\"name\":\"Comment\",\"target\":[\"https:\\\/\\\/velezylozano.com\\\/por-el-dia-mundial-de-la-alimentacion-recordamos-su-importancia-para-nuestra-salud-dental\\\/#respond\"]}]},{\"@type\":\"WebPage\",\"@id\":\"https:\\\/\\\/velezylozano.com\\\/por-el-dia-mundial-de-la-alimentacion-recordamos-su-importancia-para-nuestra-salud-dental\\\/\",\"url\":\"https:\\\/\\\/velezylozano.com\\\/por-el-dia-mundial-de-la-alimentacion-recordamos-su-importancia-para-nuestra-salud-dental\\\/\",\"name\":\"Por el D\u00eda Mundial de la Alimentaci\u00f3n, recordamos su importancia para nuestra salud dental - V\u00e9lez &amp; Lozano\",\"isPartOf\":{\"@id\":\"https:\\\/\\\/velezylozano.com\\\/#website\"},\"primaryImageOfPage\":{\"@id\":\"https:\\\/\\\/velezylozano.com\\\/por-el-dia-mundial-de-la-alimentacion-recordamos-su-importancia-para-nuestra-salud-dental\\\/#primaryimage\"},\"image\":{\"@id\":\"https:\\\/\\\/velezylozano.com\\\/por-el-dia-mundial-de-la-alimentacion-recordamos-su-importancia-para-nuestra-salud-dental\\\/#primaryimage\"},\"thumbnailUrl\":\"https:\\\/\\\/i0.wp.com\\\/velezylozano.com\\\/wp-content\\\/uploads\\\/2023\\\/10\\\/Dia-de-la-salud-mental-1.png?fit=1280%2C720&ssl=1\",\"datePublished\":\"2023-10-16T07:59:29+00:00\",\"breadcrumb\":{\"@id\":\"https:\\\/\\\/velezylozano.com\\\/por-el-dia-mundial-de-la-alimentacion-recordamos-su-importancia-para-nuestra-salud-dental\\\/#breadcrumb\"},\"inLanguage\":\"en-GB\",\"potentialAction\":[{\"@type\":\"ReadAction\",\"target\":[\"https:\\\/\\\/velezylozano.com\\\/por-el-dia-mundial-de-la-alimentacion-recordamos-su-importancia-para-nuestra-salud-dental\\\/\"]}]},{\"@type\":\"ImageObject\",\"inLanguage\":\"en-GB\",\"@id\":\"https:\\\/\\\/velezylozano.com\\\/por-el-dia-mundial-de-la-alimentacion-recordamos-su-importancia-para-nuestra-salud-dental\\\/#primaryimage\",\"url\":\"https:\\\/\\\/i0.wp.com\\\/velezylozano.com\\\/wp-content\\\/uploads\\\/2023\\\/10\\\/Dia-de-la-salud-mental-1.png?fit=1280%2C720&ssl=1\",\"contentUrl\":\"https:\\\/\\\/i0.wp.com\\\/velezylozano.com\\\/wp-content\\\/uploads\\\/2023\\\/10\\\/Dia-de-la-salud-mental-1.png?fit=1280%2C720&ssl=1\",\"width\":1280,\"height\":720},{\"@type\":\"BreadcrumbList\",\"@id\":\"https:\\\/\\\/velezylozano.com\\\/por-el-dia-mundial-de-la-alimentacion-recordamos-su-importancia-para-nuestra-salud-dental\\\/#breadcrumb\",\"itemListElement\":[{\"@type\":\"ListItem\",\"position\":1,\"name\":\"Home\",\"item\":\"https:\\\/\\\/velezylozano.com\\\/\"},{\"@type\":\"ListItem\",\"position\":2,\"name\":\"Por el D\u00eda Mundial de la Alimentaci\u00f3n, recordamos su importancia para nuestra salud dental\"}]},{\"@type\":\"WebSite\",\"@id\":\"https:\\\/\\\/velezylozano.com\\\/#website\",\"url\":\"https:\\\/\\\/velezylozano.com\\\/\",\"name\":\"V\u00e9lez &amp; Lozano\",\"description\":\"Cl\u00ednica dental en Murcia desde 2008\",\"publisher\":{\"@id\":\"https:\\\/\\\/velezylozano.com\\\/#organization\"},\"potentialAction\":[{\"@type\":\"SearchAction\",\"target\":{\"@type\":\"EntryPoint\",\"urlTemplate\":\"https:\\\/\\\/velezylozano.com\\\/?s={search_term_string}\"},\"query-input\":{\"@type\":\"PropertyValueSpecification\",\"valueRequired\":true,\"valueName\":\"search_term_string\"}}],\"inLanguage\":\"en-GB\"},{\"@type\":\"Organization\",\"@id\":\"https:\\\/\\\/velezylozano.com\\\/#organization\",\"name\":\"V\u00e9lez &amp; Lozano\",\"url\":\"https:\\\/\\\/velezylozano.com\\\/\",\"logo\":{\"@type\":\"ImageObject\",\"inLanguage\":\"en-GB\",\"@id\":\"https:\\\/\\\/velezylozano.com\\\/#\\\/schema\\\/logo\\\/image\\\/\",\"url\":\"https:\\\/\\\/velezylozano.com\\\/wp-content\\\/uploads\\\/2021\\\/12\\\/velezlozanologo.svg\",\"contentUrl\":\"https:\\\/\\\/velezylozano.com\\\/wp-content\\\/uploads\\\/2021\\\/12\\\/velezlozanologo.svg\",\"width\":322,\"height\":33,\"caption\":\"V\u00e9lez &amp; Lozano\"},\"image\":{\"@id\":\"https:\\\/\\\/velezylozano.com\\\/#\\\/schema\\\/logo\\\/image\\\/\"}},{\"@type\":\"Person\",\"@id\":\"https:\\\/\\\/velezylozano.com\\\/#\\\/schema\\\/person\\\/398ff8f7c21db7df8107c871189b1d1e\",\"name\":\"Francisco J.\",\"image\":{\"@type\":\"ImageObject\",\"inLanguage\":\"en-GB\",\"@id\":\"https:\\\/\\\/secure.gravatar.com\\\/avatar\\\/b056eb0e17a1840d21420e19579ca7ec0a72d573f65fbb56bc8851b1c131d355?s=96&d=mm&r=g\",\"url\":\"https:\\\/\\\/secure.gravatar.com\\\/avatar\\\/b056eb0e17a1840d21420e19579ca7ec0a72d573f65fbb56bc8851b1c131d355?s=96&d=mm&r=g\",\"contentUrl\":\"https:\\\/\\\/secure.gravatar.com\\\/avatar\\\/b056eb0e17a1840d21420e19579ca7ec0a72d573f65fbb56bc8851b1c131d355?s=96&d=mm&r=g\",\"caption\":\"Francisco J.\"},\"url\":\"https:\\\/\\\/velezylozano.com\\\/en\\\/author\\\/fran\\\/\"}]}<\/script>\n<!-- \/ Yoast SEO plugin. -->","yoast_head_json":{"title":"For World Food Day, we remember its importance for our dental health - V\u00e9lez &amp; Lozano","robots":{"index":"index","follow":"follow","max-snippet":"max-snippet:-1","max-image-preview":"max-image-preview:large","max-video-preview":"max-video-preview:-1"},"canonical":"https:\/\/velezylozano.com\/en\/for-the-world-food-day-we-remember-its-importance-for-our-dental-health\/","og_locale":"en_GB","og_type":"article","og_title":"Por el D\u00eda Mundial de la Alimentaci\u00f3n, recordamos su importancia para nuestra salud dental - V\u00e9lez &amp; Lozano","og_description":"Hoy es el\u00a0D\u00eda Mundial de la Alimentaci\u00f3n, un tema que est\u00e1 tan relacionado con la salud dental que ya lo hemos abordado en multitud de ocasiones tanto aqu\u00ed en nuestra web y blog como en diferentes v\u00eddeos y a trav\u00e9s de las redes sociales. Por eso, en esta ocasi\u00f3n, hemos decidido recopilar todo el contenido [&hellip;]","og_url":"https:\/\/velezylozano.com\/en\/for-the-world-food-day-we-remember-its-importance-for-our-dental-health\/","og_site_name":"V\u00e9lez &amp; Lozano","article_published_time":"2023-10-16T07:59:29+00:00","og_image":[{"width":1280,"height":720,"url":"https:\/\/i0.wp.com\/velezylozano.com\/wp-content\/uploads\/2023\/10\/Dia-de-la-salud-mental-1.png?fit=1280%2C720&ssl=1","type":"image\/png"}],"author":"Francisco J.","twitter_card":"summary_large_image","twitter_misc":{"Written by":"Francisco J.","Estimated reading time":"2 minutes"},"schema":{"@context":"https:\/\/schema.org","@graph":[{"@type":"Article","@id":"https:\/\/velezylozano.com\/por-el-dia-mundial-de-la-alimentacion-recordamos-su-importancia-para-nuestra-salud-dental\/#article","isPartOf":{"@id":"https:\/\/velezylozano.com\/por-el-dia-mundial-de-la-alimentacion-recordamos-su-importancia-para-nuestra-salud-dental\/"},"author":{"name":"Francisco J.","@id":"https:\/\/velezylozano.com\/#\/schema\/person\/398ff8f7c21db7df8107c871189b1d1e"},"headline":"Por el D\u00eda Mundial de la Alimentaci\u00f3n, recordamos su importancia para nuestra salud dental","datePublished":"2023-10-16T07:59:29+00:00","mainEntityOfPage":{"@id":"https:\/\/velezylozano.com\/por-el-dia-mundial-de-la-alimentacion-recordamos-su-importancia-para-nuestra-salud-dental\/"},"wordCount":371,"commentCount":0,"publisher":{"@id":"https:\/\/velezylozano.com\/#organization"},"image":{"@id":"https:\/\/velezylozano.com\/por-el-dia-mundial-de-la-alimentacion-recordamos-su-importancia-para-nuestra-salud-dental\/#primaryimage"},"thumbnailUrl":"https:\/\/i0.wp.com\/velezylozano.com\/wp-content\/uploads\/2023\/10\/Dia-de-la-salud-mental-1.png?fit=1280%2C720&ssl=1","keywords":["alimentaci\u00f3n","nutrici\u00f3n"],"articleSection":["Actualidad"],"inLanguage":"en-GB","potentialAction":[{"@type":"CommentAction","name":"Comment","target":["https:\/\/velezylozano.com\/por-el-dia-mundial-de-la-alimentacion-recordamos-su-importancia-para-nuestra-salud-dental\/#respond"]}]},{"@type":"WebPage","@id":"https:\/\/velezylozano.com\/por-el-dia-mundial-de-la-alimentacion-recordamos-su-importancia-para-nuestra-salud-dental\/","url":"https:\/\/velezylozano.com\/por-el-dia-mundial-de-la-alimentacion-recordamos-su-importancia-para-nuestra-salud-dental\/","name":"For World Food Day, we remember its importance for our dental health - V\u00e9lez &amp; Lozano","isPartOf":{"@id":"https:\/\/velezylozano.com\/#website"},"primaryImageOfPage":{"@id":"https:\/\/velezylozano.com\/por-el-dia-mundial-de-la-alimentacion-recordamos-su-importancia-para-nuestra-salud-dental\/#primaryimage"},"image":{"@id":"https:\/\/velezylozano.com\/por-el-dia-mundial-de-la-alimentacion-recordamos-su-importancia-para-nuestra-salud-dental\/#primaryimage"},"thumbnailUrl":"https:\/\/i0.wp.com\/velezylozano.com\/wp-content\/uploads\/2023\/10\/Dia-de-la-salud-mental-1.png?fit=1280%2C720&ssl=1","datePublished":"2023-10-16T07:59:29+00:00","breadcrumb":{"@id":"https:\/\/velezylozano.com\/por-el-dia-mundial-de-la-alimentacion-recordamos-su-importancia-para-nuestra-salud-dental\/#breadcrumb"},"inLanguage":"en-GB","potentialAction":[{"@type":"ReadAction","target":["https:\/\/velezylozano.com\/por-el-dia-mundial-de-la-alimentacion-recordamos-su-importancia-para-nuestra-salud-dental\/"]}]},{"@type":"ImageObject","inLanguage":"en-GB","@id":"https:\/\/velezylozano.com\/por-el-dia-mundial-de-la-alimentacion-recordamos-su-importancia-para-nuestra-salud-dental\/#primaryimage","url":"https:\/\/i0.wp.com\/velezylozano.com\/wp-content\/uploads\/2023\/10\/Dia-de-la-salud-mental-1.png?fit=1280%2C720&ssl=1","contentUrl":"https:\/\/i0.wp.com\/velezylozano.com\/wp-content\/uploads\/2023\/10\/Dia-de-la-salud-mental-1.png?fit=1280%2C720&ssl=1","width":1280,"height":720},{"@type":"BreadcrumbList","@id":"https:\/\/velezylozano.com\/por-el-dia-mundial-de-la-alimentacion-recordamos-su-importancia-para-nuestra-salud-dental\/#breadcrumb","itemListElement":[{"@type":"ListItem","position":1,"name":"Home","item":"https:\/\/velezylozano.com\/"},{"@type":"ListItem","position":2,"name":"Por el D\u00eda Mundial de la Alimentaci\u00f3n, recordamos su importancia para nuestra salud dental"}]},{"@type":"WebSite","@id":"https:\/\/velezylozano.com\/#website","url":"https:\/\/velezylozano.com\/","name":"Velez &amp; Lozano","description":"Dental clinic in Murcia since 2008","publisher":{"@id":"https:\/\/velezylozano.com\/#organization"},"potentialAction":[{"@type":"SearchAction","target":{"@type":"EntryPoint","urlTemplate":"https:\/\/velezylozano.com\/?s={search_term_string}"},"query-input":{"@type":"PropertyValueSpecification","valueRequired":true,"valueName":"search_term_string"}}],"inLanguage":"en-GB"},{"@type":"Organization","@id":"https:\/\/velezylozano.com\/#organization","name":"Velez &amp; Lozano","url":"https:\/\/velezylozano.com\/","logo":{"@type":"ImageObject","inLanguage":"en-GB","@id":"https:\/\/velezylozano.com\/#\/schema\/logo\/image\/","url":"https:\/\/velezylozano.com\/wp-content\/uploads\/2021\/12\/velezlozanologo.svg","contentUrl":"https:\/\/velezylozano.com\/wp-content\/uploads\/2021\/12\/velezlozanologo.svg","width":322,"height":33,"caption":"V\u00e9lez &amp; Lozano"},"image":{"@id":"https:\/\/velezylozano.com\/#\/schema\/logo\/image\/"}},{"@type":"Person","@id":"https:\/\/velezylozano.com\/#\/schema\/person\/398ff8f7c21db7df8107c871189b1d1e","name":"Francisco J.","image":{"@type":"ImageObject","inLanguage":"en-GB","@id":"https:\/\/secure.gravatar.com\/avatar\/b056eb0e17a1840d21420e19579ca7ec0a72d573f65fbb56bc8851b1c131d355?s=96&d=mm&r=g","url":"https:\/\/secure.gravatar.com\/avatar\/b056eb0e17a1840d21420e19579ca7ec0a72d573f65fbb56bc8851b1c131d355?s=96&d=mm&r=g","contentUrl":"https:\/\/secure.gravatar.com\/avatar\/b056eb0e17a1840d21420e19579ca7ec0a72d573f65fbb56bc8851b1c131d355?s=96&d=mm&r=g","caption":"Francisco J."},"url":"https:\/\/velezylozano.com\/en\/author\/fran\/"}]}},"jetpack_featured_media_url":"https:\/\/i0.wp.com\/velezylozano.com\/wp-content\/uploads\/2023\/10\/Dia-de-la-salud-mental-1.png?fit=1280%2C720&ssl=1","jetpack-related-posts":[{"id":11845,"url":"https:\/\/velezylozano.com\/en\/for-nutrition-that-promotes-dental-health\/","url_meta":{"origin":12144,"position":0},"title":"For nutrition that promotes dental health","author":"Francisco J.","date":"28 de May de 2023","format":false,"excerpt":"Hoy es el D\u00eda Nacional de la Nutrici\u00f3n, y desde V\u00e9lez y Lozano queremos, una vez m\u00e1s, recordar su importancia a la hora de mantener una correcta salud bucodental. Una boca saludable es sin\u00f3nimo de una buena alimentaci\u00f3n (entre otros buenos h\u00e1bitos) y viceversa. Por eso, queremos ofreceros una serie\u2026","rel":"","context":"In &quot;Actualidad&quot;","block_context":{"text":"Actualidad","link":"https:\/\/velezylozano.com\/en\/category\/news-2\/"},"img":{"alt_text":"","src":"https:\/\/i0.wp.com\/velezylozano.com\/wp-content\/uploads\/2023\/05\/Captura-de-pantalla-2023-03-07-a-las-15.34.23-scaled.jpg?fit=1200%2C800&ssl=1&resize=350%2C200","width":350,"height":200,"srcset":"https:\/\/i0.wp.com\/velezylozano.com\/wp-content\/uploads\/2023\/05\/Captura-de-pantalla-2023-03-07-a-las-15.34.23-scaled.jpg?fit=1200%2C800&ssl=1&resize=350%2C200 1x, https:\/\/i0.wp.com\/velezylozano.com\/wp-content\/uploads\/2023\/05\/Captura-de-pantalla-2023-03-07-a-las-15.34.23-scaled.jpg?fit=1200%2C800&ssl=1&resize=525%2C300 1.5x, https:\/\/i0.wp.com\/velezylozano.com\/wp-content\/uploads\/2023\/05\/Captura-de-pantalla-2023-03-07-a-las-15.34.23-scaled.jpg?fit=1200%2C800&ssl=1&resize=700%2C400 2x, https:\/\/i0.wp.com\/velezylozano.com\/wp-content\/uploads\/2023\/05\/Captura-de-pantalla-2023-03-07-a-las-15.34.23-scaled.jpg?fit=1200%2C800&ssl=1&resize=1050%2C600 3x"},"classes":[]},{"id":8462,"url":"https:\/\/velezylozano.com\/en\/did-you-know-that-improving-your-childs-nutrition-helps-prevent-tooth-decay\/","url_meta":{"origin":12144,"position":1},"title":"Did you know that improving your child's nutrition helps prevent tooth decay?","author":"Comunicaci\u00f3n V&amp;L","date":"20 de February de 2021","format":false,"excerpt":"El consumo de productos con alto contenido en az\u00facar como zumos, batidos, refrescos, galletas, chocolatinas, golosinas\u2026 actualmente representa uno de los factores mas influyentes en la aparici\u00f3n de dichas caries. Por eso debemos de cuidar la alimentaci\u00f3n y ense\u00f1ar a comer saludable a nuestros hijos. La infancia es una de\u2026","rel":"","context":"In &quot;2021&quot;","block_context":{"text":"2021","link":"https:\/\/velezylozano.com\/en\/category\/2021\/"},"img":{"alt_text":"","src":"https:\/\/i0.wp.com\/velezylozano.com\/wp-content\/uploads\/2022\/01\/dessert-3129510_1920.jpg?fit=1200%2C799&ssl=1&resize=350%2C200","width":350,"height":200,"srcset":"https:\/\/i0.wp.com\/velezylozano.com\/wp-content\/uploads\/2022\/01\/dessert-3129510_1920.jpg?fit=1200%2C799&ssl=1&resize=350%2C200 1x, https:\/\/i0.wp.com\/velezylozano.com\/wp-content\/uploads\/2022\/01\/dessert-3129510_1920.jpg?fit=1200%2C799&ssl=1&resize=525%2C300 1.5x, https:\/\/i0.wp.com\/velezylozano.com\/wp-content\/uploads\/2022\/01\/dessert-3129510_1920.jpg?fit=1200%2C799&ssl=1&resize=700%2C400 2x, https:\/\/i0.wp.com\/velezylozano.com\/wp-content\/uploads\/2022\/01\/dessert-3129510_1920.jpg?fit=1200%2C799&ssl=1&resize=1050%2C600 3x"},"classes":[]},{"id":12858,"url":"https:\/\/velezylozano.com\/en\/today-is-world-food-day\/","url_meta":{"origin":12144,"position":2},"title":"Today is World Food Day","author":"Francisco J.","date":"16 de October de 2024","format":false,"excerpt":"El D\u00eda Mundial de la Alimentaci\u00f3n, que se celebra cada 16 de octubre (hoy), es una oportunidad ideal para recordar la influencia que tiene nuestra dieta no solo en nuestra salud general, sino tambi\u00e9n en la salud dental. A trav\u00e9s de nuestros canales de difusi\u00f3n habituales (esta web, redes sociales,\u2026","rel":"","context":"In &quot;Actualidad&quot;","block_context":{"text":"Actualidad","link":"https:\/\/velezylozano.com\/en\/category\/news-2\/"},"img":{"alt_text":"","src":"https:\/\/i0.wp.com\/velezylozano.com\/wp-content\/uploads\/2022\/06\/IMG_9662-scaled-e1655457754742.jpg?fit=800%2C1200&ssl=1&resize=350%2C200","width":350,"height":200,"srcset":"https:\/\/i0.wp.com\/velezylozano.com\/wp-content\/uploads\/2022\/06\/IMG_9662-scaled-e1655457754742.jpg?fit=800%2C1200&ssl=1&resize=350%2C200 1x, https:\/\/i0.wp.com\/velezylozano.com\/wp-content\/uploads\/2022\/06\/IMG_9662-scaled-e1655457754742.jpg?fit=800%2C1200&ssl=1&resize=525%2C300 1.5x, https:\/\/i0.wp.com\/velezylozano.com\/wp-content\/uploads\/2022\/06\/IMG_9662-scaled-e1655457754742.jpg?fit=800%2C1200&ssl=1&resize=700%2C400 2x"},"classes":[]},{"id":8478,"url":"https:\/\/velezylozano.com\/en\/generation-z-rebellion-and-rejection\/","url_meta":{"origin":12144,"position":3},"title":"GENERATION Z: REBELLION AND REJECTION","author":"Comunicaci\u00f3n V&amp;L","date":"20 de March de 2021","format":false,"excerpt":"La Organizaci\u00f3n Mundial de la Salud ha establecido que se consideran adolescentes aquellas personas que tienen entre 10 Y 19 a\u00f1os. Es aproximadamente a los doce a\u00f1os cuando termina el recambio a la dentici\u00f3n permanente y estos dientes deber\u00e1n acompa\u00f1arnos a lo largo de nuestra vida. \u00a0La adolescencia se caracteriza\u2026","rel":"","context":"In &quot;2021&quot;","block_context":{"text":"2021","link":"https:\/\/velezylozano.com\/en\/category\/2021\/"},"img":{"alt_text":"","src":"https:\/\/i0.wp.com\/velezylozano.com\/wp-content\/uploads\/2022\/01\/generacion-z-problemas-bucales-scaled-1.jpg?fit=1200%2C800&ssl=1&resize=350%2C200","width":350,"height":200,"srcset":"https:\/\/i0.wp.com\/velezylozano.com\/wp-content\/uploads\/2022\/01\/generacion-z-problemas-bucales-scaled-1.jpg?fit=1200%2C800&ssl=1&resize=350%2C200 1x, https:\/\/i0.wp.com\/velezylozano.com\/wp-content\/uploads\/2022\/01\/generacion-z-problemas-bucales-scaled-1.jpg?fit=1200%2C800&ssl=1&resize=525%2C300 1.5x, https:\/\/i0.wp.com\/velezylozano.com\/wp-content\/uploads\/2022\/01\/generacion-z-problemas-bucales-scaled-1.jpg?fit=1200%2C800&ssl=1&resize=700%2C400 2x, https:\/\/i0.wp.com\/velezylozano.com\/wp-content\/uploads\/2022\/01\/generacion-z-problemas-bucales-scaled-1.jpg?fit=1200%2C800&ssl=1&resize=1050%2C600 3x"},"classes":[]},{"id":8460,"url":"https:\/\/velezylozano.com\/en\/what-foods-are-we-making-a-mistake-in-our-childs-diet\/","url_meta":{"origin":12144,"position":4},"title":"What foods are we getting wrong in our child's diet?","author":"Comunicaci\u00f3n V&amp;L","date":"12 de February de 2021","format":false,"excerpt":"En la dieta diaria consumimos muchos alimentos \u201csaludables\u201d cargados de az\u00facar, con el riesgo que conlleva de provocar caries. En cambio, a ojos de los padres, las chucher\u00edas y golosinas son los principales responsables. Es por ello que, ante una visita al dentista y el diagn\u00f3stico de varias lesiones de\u2026","rel":"","context":"In &quot;2021&quot;","block_context":{"text":"2021","link":"https:\/\/velezylozano.com\/en\/category\/2021\/"},"img":{"alt_text":"","src":"https:\/\/i0.wp.com\/velezylozano.com\/wp-content\/uploads\/2022\/01\/watermelon-846357_1920.jpg?fit=1200%2C800&ssl=1&resize=350%2C200","width":350,"height":200,"srcset":"https:\/\/i0.wp.com\/velezylozano.com\/wp-content\/uploads\/2022\/01\/watermelon-846357_1920.jpg?fit=1200%2C800&ssl=1&resize=350%2C200 1x, https:\/\/i0.wp.com\/velezylozano.com\/wp-content\/uploads\/2022\/01\/watermelon-846357_1920.jpg?fit=1200%2C800&ssl=1&resize=525%2C300 1.5x, https:\/\/i0.wp.com\/velezylozano.com\/wp-content\/uploads\/2022\/01\/watermelon-846357_1920.jpg?fit=1200%2C800&ssl=1&resize=700%2C400 2x, https:\/\/i0.wp.com\/velezylozano.com\/wp-content\/uploads\/2022\/01\/watermelon-846357_1920.jpg?fit=1200%2C800&ssl=1&resize=1050%2C600 3x"},"classes":[]},{"id":11676,"url":"https:\/\/velezylozano.com\/en\/happy-world-oral-health-day\/","url_meta":{"origin":12144,"position":5},"title":"Happy World Oral Health Day","author":"Francisco J.","date":"20 de March de 2023","format":false,"excerpt":"Desde la cl\u00ednica dental V\u00e9lez & Lozano nos sumamos a la efem\u00e9ride acu\u00f1ada por la\u00a0Federaci\u00f3n Dental Internacional para el d\u00eda de hoy, 20 de marzo, como D\u00eda Mundial de la Salud Bucodental. En este sentido, adem\u00e1s de reivindicar la labor que, d\u00eda a d\u00eda, cumplimos en la propia cl\u00ednica con\u2026","rel":"","context":"In &quot;Actualidad&quot;","block_context":{"text":"Actualidad","link":"https:\/\/velezylozano.com\/en\/category\/news-2\/"},"img":{"alt_text":"","src":"https:\/\/i0.wp.com\/velezylozano.com\/wp-content\/uploads\/2023\/03\/2022_SQ_Velez-y-Lozano_34-scaled.jpg?fit=1200%2C857&ssl=1&resize=350%2C200","width":350,"height":200,"srcset":"https:\/\/i0.wp.com\/velezylozano.com\/wp-content\/uploads\/2023\/03\/2022_SQ_Velez-y-Lozano_34-scaled.jpg?fit=1200%2C857&ssl=1&resize=350%2C200 1x, https:\/\/i0.wp.com\/velezylozano.com\/wp-content\/uploads\/2023\/03\/2022_SQ_Velez-y-Lozano_34-scaled.jpg?fit=1200%2C857&ssl=1&resize=525%2C300 1.5x, https:\/\/i0.wp.com\/velezylozano.com\/wp-content\/uploads\/2023\/03\/2022_SQ_Velez-y-Lozano_34-scaled.jpg?fit=1200%2C857&ssl=1&resize=700%2C400 2x, https:\/\/i0.wp.com\/velezylozano.com\/wp-content\/uploads\/2023\/03\/2022_SQ_Velez-y-Lozano_34-scaled.jpg?fit=1200%2C857&ssl=1&resize=1050%2C600 3x"},"classes":[]}],"jetpack_sharing_enabled":true,"_links":{"self":[{"href":"https:\/\/velezylozano.com\/en\/wp-json\/wp\/v2\/posts\/12144","targetHints":{"allow":["GET"]}}],"collection":[{"href":"https:\/\/velezylozano.com\/en\/wp-json\/wp\/v2\/posts"}],"about":[{"href":"https:\/\/velezylozano.com\/en\/wp-json\/wp\/v2\/types\/post"}],"author":[{"embeddable":true,"href":"https:\/\/velezylozano.com\/en\/wp-json\/wp\/v2\/users\/4"}],"replies":[{"embeddable":true,"href":"https:\/\/velezylozano.com\/en\/wp-json\/wp\/v2\/comments?post=12144"}],"version-history":[{"count":2,"href":"https:\/\/velezylozano.com\/en\/wp-json\/wp\/v2\/posts\/12144\/revisions"}],"predecessor-version":[{"id":12147,"href":"https:\/\/velezylozano.com\/en\/wp-json\/wp\/v2\/posts\/12144\/revisions\/12147"}],"wp:featuredmedia":[{"embeddable":true,"href":"https:\/\/velezylozano.com\/en\/wp-json\/wp\/v2\/media\/12146"}],"wp:attachment":[{"href":"https:\/\/velezylozano.com\/en\/wp-json\/wp\/v2\/media?parent=12144"}],"wp:term":[{"taxonomy":"category","embeddable":true,"href":"https:\/\/velezylozano.com\/en\/wp-json\/wp\/v2\/categories?post=12144"},{"taxonomy":"post_tag","embeddable":true,"href":"https:\/\/velezylozano.com\/en\/wp-json\/wp\/v2\/tags?post=12144"}],"curies":[{"name":"wp","href":"https:\/\/api.w.org\/{rel}","templated":true}]}}