{"id":12166,"date":"2023-11-03T13:39:43","date_gmt":"2023-11-03T12:39:43","guid":{"rendered":"https:\/\/velezylozano.com\/?p=12166"},"modified":"2023-11-03T13:41:39","modified_gmt":"2023-11-03T12:41:39","slug":"rno-and-its-role-in-dentistry","status":"publish","type":"post","link":"https:\/\/velezylozano.com\/en\/rno-and-its-role-in-dentistry\/","title":{"rendered":"The RNO and its role in dentistry"},"content":{"rendered":"<p class=\"p1\">The <span class=\"s1\"><b>Neuro-Occlusal Rehabilitation <\/b><\/span>(RNO), although it is especially trendy nowadays, especially thanks to social networks, is a technique developed by Dr. Pedro Planas in 1962. Dr. Planas tried to give a functionalist answer to all the malocclusions that can be found in orthodontic patients. To do this, he tried to have a complete vision of why and how all the discrepancies that were later solved with appliances at that time developed.<\/p>\n<p>With this interest in mind, he makes an exhaustive research in which he studies hundreds of cases regarding their occlusion, something that we can find in his book <em>Neuro-Occlusal Rehabilitation (NOR)<\/em> first published in 1987.<\/p>\n<p>Paediatric dentistry, orthodontics, conservative dentistry, periodontics and prosthodontics are all specialities with a common denominator for Dr. Planas and Neuro-Occlusal Rehabilitation: occlusal balance.<\/p>\n<p>According to this theory, almost all jaw development problems start at a very early age as a product of unsatisfactorily established primary functions (sucking, breathing or swallowing, for example) which, when unresolved and prolonged over time, give rise in turn to a series of more harmful bad habits such as unilateral chewing, unilateral <a href=\"https:\/\/velezylozano.com\/en\/oral-respiration-orthodontics\/\">oral respiration<\/a> or the position of the tongue more forward, which, as we have said, completely unbalance the proper stimulus for the growth of the jaws and lead to the malocclusions that we see every day.<\/p>\n<p>All these bad habits are also influenced by modern lifestyles, with an overly soft and processed diet that does not allow the jaws to develop properly, respiratory problems due to allergies and environmental issues that do not facilitate 'normal' physiological breathing, or increasingly complicated breastfeeding due to the mother's personal decision or work-life balance.<\/p>\n<p>What we seek with RNO therapy is that these basic functions are well established from an early age, in order to avoid future malocclusions as much as possible. How? For example, by educating patients so that they swallow correctly or maintain proper nasal breathing or indicating to parents the importance of introducing a diet that is as hard, dry and fibrous as possible. As you can imagine, this type of correction should be carried out as soon as possible. If we treat at an early age, we will avoid having to do so at more complicated ages, such as those between 12 and 18 years of age.<\/p>\n<p><iframe title=\"RNO\" width=\"800\" height=\"450\" src=\"https:\/\/www.youtube.com\/embed\/Mo2y-uEkgwE?feature=oembed\" frameborder=\"0\" allow=\"accelerometer; autoplay; clipboard-write; encrypted-media; gyroscope; picture-in-picture; web-share\" allowfullscreen><\/iframe><\/p>\n<p>Minimally invasive and very simple interventions, such as direct leads, selective carvings or appliances to give the correct shape and function, are also produced.<\/p>\n<p>In short, the benefits of Neuro-Occlusal Rehabilitation are not limited to the face and teeth. They are mainly aimed at creating a correct respiratory, masticatory, phonatory and swallowing function. Promoting good development of the jaw and maxilla, providing the tongue with more space (which favours correct swallowing) and increasing the passage of air through the nose and throat, among others. Something that must be done in a multidisciplinary way and for which it is advisable to work with other professionals who can help us to facilitate this change, for example, a speech therapist.<\/p>\n<p>Moreover, its use is not limited exclusively to children, but in adult patients it can correct articular problems (temporomandibular joint dysfunction), periodontal problems or even prosthetic problems through selective grinding, eliminating interferences or premature occlusion that are consequences of a lack of balance in the mouth.<\/p>\n<p>Nasal breathing, in patients of any age, helps to prevent ear, nose and throat diseases, avoids sleep problems (apnoea, etc), favours the secretion of growth hormone...<\/p>\n<p>We could conclude, therefore, that the main objective of the RNO is to recover the balance in our mouth. So that everything is in perfect balance when we close it or bite it, thus avoiding many of the future problems that could arise, but that this path has taken us (and will take us) further.<\/p>","protected":false},"excerpt":{"rendered":"<p>Neuro-Occlusal Rehabilitation (ONR), although now it is especially in trend, especially thanks to social networks, is a technique developed by Dr. Pedro Planas in 1962. Dr. Planas tried to give a functionalist answer to all the malocclusions that can be found in orthodontic patients. To do so, he tried to take a functionalist [...]<\/p>","protected":false},"author":10,"featured_media":12170,"comment_status":"open","ping_status":"open","sticky":false,"template":"","format":"standard","meta":{"_jetpack_memberships_contains_paid_content":false,"footnotes":""},"categories":[106],"tags":[36,93],"class_list":["post-12166","post","type-post","status-publish","format-standard","has-post-thumbnail","hentry","category-106","tag-ortodoncia","tag-rno"],"yoast_head":"<!-- This site is optimized with the Yoast SEO plugin v27.5 - https:\/\/yoast.com\/product\/yoast-seo-wordpress\/ -->\n<title>La RNO y su papel en la odontolog\u00eda - V\u00e9lez &amp; Lozano<\/title>\n<meta name=\"robots\" content=\"index, follow, max-snippet:-1, max-image-preview:large, max-video-preview:-1\" \/>\n<link rel=\"canonical\" href=\"https:\/\/velezylozano.com\/en\/rno-and-its-role-in-dentistry\/\" \/>\n<meta property=\"og:locale\" content=\"en_GB\" \/>\n<meta property=\"og:type\" content=\"article\" \/>\n<meta property=\"og:title\" content=\"La RNO y su papel en la odontolog\u00eda - V\u00e9lez &amp; Lozano\" \/>\n<meta property=\"og:description\" content=\"La Rehabilitaci\u00f3n Neuro-Oclusal (RNO), aunque ahora est\u00e1 especialmente en tendencia, sobre todo gracias a las redes sociales, es una t\u00e9cnica desarrollada por el Dr. Pedro Planas en 1962. El Dr. Planas intent\u00f3 dar una respuesta funcionalista a todas las maloclusiones que se pueden encontrar en los pacientes de ortodoncia. Para ello intent\u00f3 tener una visi\u00f3n [&hellip;]\" \/>\n<meta property=\"og:url\" content=\"https:\/\/velezylozano.com\/en\/rno-and-its-role-in-dentistry\/\" \/>\n<meta property=\"og:site_name\" content=\"V\u00e9lez &amp; Lozano\" \/>\n<meta property=\"article:published_time\" content=\"2023-11-03T12:39:43+00:00\" \/>\n<meta property=\"article:modified_time\" content=\"2023-11-03T12:41:39+00:00\" \/>\n<meta property=\"og:image\" content=\"https:\/\/i0.wp.com\/velezylozano.com\/wp-content\/uploads\/2023\/11\/RNO.webp?fit=1190%2C1128&ssl=1\" \/>\n\t<meta property=\"og:image:width\" content=\"1190\" \/>\n\t<meta property=\"og:image:height\" content=\"1128\" \/>\n\t<meta property=\"og:image:type\" content=\"image\/webp\" \/>\n<meta name=\"author\" content=\"Ana P\u00e9rez Pardo\" \/>\n<meta name=\"twitter:card\" content=\"summary_large_image\" \/>\n<meta name=\"twitter:label1\" content=\"Written by\" \/>\n\t<meta name=\"twitter:data1\" content=\"Ana P\u00e9rez Pardo\" \/>\n\t<meta name=\"twitter:label2\" content=\"Estimated reading time\" \/>\n\t<meta name=\"twitter:data2\" content=\"4 minutes\" \/>\n<script type=\"application\/ld+json\" class=\"yoast-schema-graph\">{\"@context\":\"https:\\\/\\\/schema.org\",\"@graph\":[{\"@type\":\"Article\",\"@id\":\"https:\\\/\\\/velezylozano.com\\\/la-rno-y-su-papel-en-la-odontologia\\\/#article\",\"isPartOf\":{\"@id\":\"https:\\\/\\\/velezylozano.com\\\/la-rno-y-su-papel-en-la-odontologia\\\/\"},\"author\":{\"name\":\"Ana P\u00e9rez Pardo\",\"@id\":\"https:\\\/\\\/velezylozano.com\\\/#\\\/schema\\\/person\\\/a480d27e1238a4b596704c308bcfc69f\"},\"headline\":\"La RNO y su papel en la odontolog\u00eda\",\"datePublished\":\"2023-11-03T12:39:43+00:00\",\"dateModified\":\"2023-11-03T12:41:39+00:00\",\"mainEntityOfPage\":{\"@id\":\"https:\\\/\\\/velezylozano.com\\\/la-rno-y-su-papel-en-la-odontologia\\\/\"},\"wordCount\":744,\"commentCount\":0,\"publisher\":{\"@id\":\"https:\\\/\\\/velezylozano.com\\\/#organization\"},\"image\":{\"@id\":\"https:\\\/\\\/velezylozano.com\\\/la-rno-y-su-papel-en-la-odontologia\\\/#primaryimage\"},\"thumbnailUrl\":\"https:\\\/\\\/i0.wp.com\\\/velezylozano.com\\\/wp-content\\\/uploads\\\/2023\\\/11\\\/RNO.webp?fit=1190%2C1128&ssl=1\",\"keywords\":[\"ortodoncia\",\"rno\"],\"articleSection\":[\"2023\"],\"inLanguage\":\"en-GB\",\"potentialAction\":[{\"@type\":\"CommentAction\",\"name\":\"Comment\",\"target\":[\"https:\\\/\\\/velezylozano.com\\\/la-rno-y-su-papel-en-la-odontologia\\\/#respond\"]}]},{\"@type\":\"WebPage\",\"@id\":\"https:\\\/\\\/velezylozano.com\\\/la-rno-y-su-papel-en-la-odontologia\\\/\",\"url\":\"https:\\\/\\\/velezylozano.com\\\/la-rno-y-su-papel-en-la-odontologia\\\/\",\"name\":\"La RNO y su papel en la odontolog\u00eda - V\u00e9lez &amp; Lozano\",\"isPartOf\":{\"@id\":\"https:\\\/\\\/velezylozano.com\\\/#website\"},\"primaryImageOfPage\":{\"@id\":\"https:\\\/\\\/velezylozano.com\\\/la-rno-y-su-papel-en-la-odontologia\\\/#primaryimage\"},\"image\":{\"@id\":\"https:\\\/\\\/velezylozano.com\\\/la-rno-y-su-papel-en-la-odontologia\\\/#primaryimage\"},\"thumbnailUrl\":\"https:\\\/\\\/i0.wp.com\\\/velezylozano.com\\\/wp-content\\\/uploads\\\/2023\\\/11\\\/RNO.webp?fit=1190%2C1128&ssl=1\",\"datePublished\":\"2023-11-03T12:39:43+00:00\",\"dateModified\":\"2023-11-03T12:41:39+00:00\",\"breadcrumb\":{\"@id\":\"https:\\\/\\\/velezylozano.com\\\/la-rno-y-su-papel-en-la-odontologia\\\/#breadcrumb\"},\"inLanguage\":\"en-GB\",\"potentialAction\":[{\"@type\":\"ReadAction\",\"target\":[\"https:\\\/\\\/velezylozano.com\\\/la-rno-y-su-papel-en-la-odontologia\\\/\"]}]},{\"@type\":\"ImageObject\",\"inLanguage\":\"en-GB\",\"@id\":\"https:\\\/\\\/velezylozano.com\\\/la-rno-y-su-papel-en-la-odontologia\\\/#primaryimage\",\"url\":\"https:\\\/\\\/i0.wp.com\\\/velezylozano.com\\\/wp-content\\\/uploads\\\/2023\\\/11\\\/RNO.webp?fit=1190%2C1128&ssl=1\",\"contentUrl\":\"https:\\\/\\\/i0.wp.com\\\/velezylozano.com\\\/wp-content\\\/uploads\\\/2023\\\/11\\\/RNO.webp?fit=1190%2C1128&ssl=1\",\"width\":1190,\"height\":1128},{\"@type\":\"BreadcrumbList\",\"@id\":\"https:\\\/\\\/velezylozano.com\\\/la-rno-y-su-papel-en-la-odontologia\\\/#breadcrumb\",\"itemListElement\":[{\"@type\":\"ListItem\",\"position\":1,\"name\":\"Home\",\"item\":\"https:\\\/\\\/velezylozano.com\\\/\"},{\"@type\":\"ListItem\",\"position\":2,\"name\":\"La RNO y su papel en la odontolog\u00eda\"}]},{\"@type\":\"WebSite\",\"@id\":\"https:\\\/\\\/velezylozano.com\\\/#website\",\"url\":\"https:\\\/\\\/velezylozano.com\\\/\",\"name\":\"V\u00e9lez &amp; Lozano\",\"description\":\"Cl\u00ednica dental en Murcia desde 2008\",\"publisher\":{\"@id\":\"https:\\\/\\\/velezylozano.com\\\/#organization\"},\"potentialAction\":[{\"@type\":\"SearchAction\",\"target\":{\"@type\":\"EntryPoint\",\"urlTemplate\":\"https:\\\/\\\/velezylozano.com\\\/?s={search_term_string}\"},\"query-input\":{\"@type\":\"PropertyValueSpecification\",\"valueRequired\":true,\"valueName\":\"search_term_string\"}}],\"inLanguage\":\"en-GB\"},{\"@type\":\"Organization\",\"@id\":\"https:\\\/\\\/velezylozano.com\\\/#organization\",\"name\":\"V\u00e9lez &amp; Lozano\",\"url\":\"https:\\\/\\\/velezylozano.com\\\/\",\"logo\":{\"@type\":\"ImageObject\",\"inLanguage\":\"en-GB\",\"@id\":\"https:\\\/\\\/velezylozano.com\\\/#\\\/schema\\\/logo\\\/image\\\/\",\"url\":\"https:\\\/\\\/velezylozano.com\\\/wp-content\\\/uploads\\\/2021\\\/12\\\/velezlozanologo.svg\",\"contentUrl\":\"https:\\\/\\\/velezylozano.com\\\/wp-content\\\/uploads\\\/2021\\\/12\\\/velezlozanologo.svg\",\"width\":322,\"height\":33,\"caption\":\"V\u00e9lez &amp; Lozano\"},\"image\":{\"@id\":\"https:\\\/\\\/velezylozano.com\\\/#\\\/schema\\\/logo\\\/image\\\/\"}},{\"@type\":\"Person\",\"@id\":\"https:\\\/\\\/velezylozano.com\\\/#\\\/schema\\\/person\\\/a480d27e1238a4b596704c308bcfc69f\",\"name\":\"Ana P\u00e9rez Pardo\",\"image\":{\"@type\":\"ImageObject\",\"inLanguage\":\"en-GB\",\"@id\":\"https:\\\/\\\/secure.gravatar.com\\\/avatar\\\/8a2e3ff6a471e9789ff85da059022e617b559e98aad19c88b7b49149a69e3245?s=96&d=mm&r=g\",\"url\":\"https:\\\/\\\/secure.gravatar.com\\\/avatar\\\/8a2e3ff6a471e9789ff85da059022e617b559e98aad19c88b7b49149a69e3245?s=96&d=mm&r=g\",\"contentUrl\":\"https:\\\/\\\/secure.gravatar.com\\\/avatar\\\/8a2e3ff6a471e9789ff85da059022e617b559e98aad19c88b7b49149a69e3245?s=96&d=mm&r=g\",\"caption\":\"Ana P\u00e9rez Pardo\"},\"url\":\"https:\\\/\\\/velezylozano.com\\\/en\\\/author\\\/ana-perez-pardo\\\/\"}]}<\/script>\n<!-- \/ Yoast SEO plugin. -->","yoast_head_json":{"title":"The RNO and its role in dentistry - V\u00e9lez &amp; Lozano","robots":{"index":"index","follow":"follow","max-snippet":"max-snippet:-1","max-image-preview":"max-image-preview:large","max-video-preview":"max-video-preview:-1"},"canonical":"https:\/\/velezylozano.com\/en\/rno-and-its-role-in-dentistry\/","og_locale":"en_GB","og_type":"article","og_title":"La RNO y su papel en la odontolog\u00eda - V\u00e9lez &amp; Lozano","og_description":"La Rehabilitaci\u00f3n Neuro-Oclusal (RNO), aunque ahora est\u00e1 especialmente en tendencia, sobre todo gracias a las redes sociales, es una t\u00e9cnica desarrollada por el Dr. Pedro Planas en 1962. El Dr. Planas intent\u00f3 dar una respuesta funcionalista a todas las maloclusiones que se pueden encontrar en los pacientes de ortodoncia. Para ello intent\u00f3 tener una visi\u00f3n [&hellip;]","og_url":"https:\/\/velezylozano.com\/en\/rno-and-its-role-in-dentistry\/","og_site_name":"V\u00e9lez &amp; Lozano","article_published_time":"2023-11-03T12:39:43+00:00","article_modified_time":"2023-11-03T12:41:39+00:00","og_image":[{"width":1190,"height":1128,"url":"https:\/\/i0.wp.com\/velezylozano.com\/wp-content\/uploads\/2023\/11\/RNO.webp?fit=1190%2C1128&ssl=1","type":"image\/webp"}],"author":"Ana P\u00e9rez Pardo","twitter_card":"summary_large_image","twitter_misc":{"Written by":"Ana P\u00e9rez Pardo","Estimated reading time":"4 minutes"},"schema":{"@context":"https:\/\/schema.org","@graph":[{"@type":"Article","@id":"https:\/\/velezylozano.com\/la-rno-y-su-papel-en-la-odontologia\/#article","isPartOf":{"@id":"https:\/\/velezylozano.com\/la-rno-y-su-papel-en-la-odontologia\/"},"author":{"name":"Ana P\u00e9rez Pardo","@id":"https:\/\/velezylozano.com\/#\/schema\/person\/a480d27e1238a4b596704c308bcfc69f"},"headline":"La RNO y su papel en la odontolog\u00eda","datePublished":"2023-11-03T12:39:43+00:00","dateModified":"2023-11-03T12:41:39+00:00","mainEntityOfPage":{"@id":"https:\/\/velezylozano.com\/la-rno-y-su-papel-en-la-odontologia\/"},"wordCount":744,"commentCount":0,"publisher":{"@id":"https:\/\/velezylozano.com\/#organization"},"image":{"@id":"https:\/\/velezylozano.com\/la-rno-y-su-papel-en-la-odontologia\/#primaryimage"},"thumbnailUrl":"https:\/\/i0.wp.com\/velezylozano.com\/wp-content\/uploads\/2023\/11\/RNO.webp?fit=1190%2C1128&ssl=1","keywords":["ortodoncia","rno"],"articleSection":["2023"],"inLanguage":"en-GB","potentialAction":[{"@type":"CommentAction","name":"Comment","target":["https:\/\/velezylozano.com\/la-rno-y-su-papel-en-la-odontologia\/#respond"]}]},{"@type":"WebPage","@id":"https:\/\/velezylozano.com\/la-rno-y-su-papel-en-la-odontologia\/","url":"https:\/\/velezylozano.com\/la-rno-y-su-papel-en-la-odontologia\/","name":"The RNO and its role in dentistry - V\u00e9lez &amp; Lozano","isPartOf":{"@id":"https:\/\/velezylozano.com\/#website"},"primaryImageOfPage":{"@id":"https:\/\/velezylozano.com\/la-rno-y-su-papel-en-la-odontologia\/#primaryimage"},"image":{"@id":"https:\/\/velezylozano.com\/la-rno-y-su-papel-en-la-odontologia\/#primaryimage"},"thumbnailUrl":"https:\/\/i0.wp.com\/velezylozano.com\/wp-content\/uploads\/2023\/11\/RNO.webp?fit=1190%2C1128&ssl=1","datePublished":"2023-11-03T12:39:43+00:00","dateModified":"2023-11-03T12:41:39+00:00","breadcrumb":{"@id":"https:\/\/velezylozano.com\/la-rno-y-su-papel-en-la-odontologia\/#breadcrumb"},"inLanguage":"en-GB","potentialAction":[{"@type":"ReadAction","target":["https:\/\/velezylozano.com\/la-rno-y-su-papel-en-la-odontologia\/"]}]},{"@type":"ImageObject","inLanguage":"en-GB","@id":"https:\/\/velezylozano.com\/la-rno-y-su-papel-en-la-odontologia\/#primaryimage","url":"https:\/\/i0.wp.com\/velezylozano.com\/wp-content\/uploads\/2023\/11\/RNO.webp?fit=1190%2C1128&ssl=1","contentUrl":"https:\/\/i0.wp.com\/velezylozano.com\/wp-content\/uploads\/2023\/11\/RNO.webp?fit=1190%2C1128&ssl=1","width":1190,"height":1128},{"@type":"BreadcrumbList","@id":"https:\/\/velezylozano.com\/la-rno-y-su-papel-en-la-odontologia\/#breadcrumb","itemListElement":[{"@type":"ListItem","position":1,"name":"Home","item":"https:\/\/velezylozano.com\/"},{"@type":"ListItem","position":2,"name":"La RNO y su papel en la odontolog\u00eda"}]},{"@type":"WebSite","@id":"https:\/\/velezylozano.com\/#website","url":"https:\/\/velezylozano.com\/","name":"Velez &amp; Lozano","description":"Dental clinic in Murcia since 2008","publisher":{"@id":"https:\/\/velezylozano.com\/#organization"},"potentialAction":[{"@type":"SearchAction","target":{"@type":"EntryPoint","urlTemplate":"https:\/\/velezylozano.com\/?s={search_term_string}"},"query-input":{"@type":"PropertyValueSpecification","valueRequired":true,"valueName":"search_term_string"}}],"inLanguage":"en-GB"},{"@type":"Organization","@id":"https:\/\/velezylozano.com\/#organization","name":"Velez &amp; Lozano","url":"https:\/\/velezylozano.com\/","logo":{"@type":"ImageObject","inLanguage":"en-GB","@id":"https:\/\/velezylozano.com\/#\/schema\/logo\/image\/","url":"https:\/\/velezylozano.com\/wp-content\/uploads\/2021\/12\/velezlozanologo.svg","contentUrl":"https:\/\/velezylozano.com\/wp-content\/uploads\/2021\/12\/velezlozanologo.svg","width":322,"height":33,"caption":"V\u00e9lez &amp; Lozano"},"image":{"@id":"https:\/\/velezylozano.com\/#\/schema\/logo\/image\/"}},{"@type":"Person","@id":"https:\/\/velezylozano.com\/#\/schema\/person\/a480d27e1238a4b596704c308bcfc69f","name":"Ana P\u00e9rez Pardo","image":{"@type":"ImageObject","inLanguage":"en-GB","@id":"https:\/\/secure.gravatar.com\/avatar\/8a2e3ff6a471e9789ff85da059022e617b559e98aad19c88b7b49149a69e3245?s=96&d=mm&r=g","url":"https:\/\/secure.gravatar.com\/avatar\/8a2e3ff6a471e9789ff85da059022e617b559e98aad19c88b7b49149a69e3245?s=96&d=mm&r=g","contentUrl":"https:\/\/secure.gravatar.com\/avatar\/8a2e3ff6a471e9789ff85da059022e617b559e98aad19c88b7b49149a69e3245?s=96&d=mm&r=g","caption":"Ana P\u00e9rez Pardo"},"url":"https:\/\/velezylozano.com\/en\/author\/ana-perez-pardo\/"}]}},"jetpack_featured_media_url":"https:\/\/i0.wp.com\/velezylozano.com\/wp-content\/uploads\/2023\/11\/RNO.webp?fit=1190%2C1128&ssl=1","jetpack-related-posts":[{"id":11848,"url":"https:\/\/velezylozano.com\/en\/what-does-neuro-occlusal-rehabilitation-treatment-consist-of\/","url_meta":{"origin":12166,"position":0},"title":"What is Neuro-Occlusal Rehabilitative Treatment (RNO)?","author":"Francisco J.","date":"2 de June de 2023","format":false,"excerpt":"A trav\u00e9s de nuestras redes sociales estamos recibiendo un mont\u00f3n de feedback acerca de las diferentes opciones que podemos ofrecer a los padres que detectan que sus hijos son respiradores orales. Aunque actualmente esta es una v\u00eda a\u00fan en desarrollo en el campo de la ortodoncia, en nuestra cl\u00ednica dental\u2026","rel":"","context":"In &quot;2023&quot;","block_context":{"text":"2023","link":"https:\/\/velezylozano.com\/en\/category\/2023\/"},"img":{"alt_text":"","src":"https:\/\/i0.wp.com\/velezylozano.com\/wp-content\/uploads\/2023\/06\/Captura-de-pantalla-2023-06-02-a-las-9.57.44.png?fit=1190%2C1128&ssl=1&resize=350%2C200","width":350,"height":200,"srcset":"https:\/\/i0.wp.com\/velezylozano.com\/wp-content\/uploads\/2023\/06\/Captura-de-pantalla-2023-06-02-a-las-9.57.44.png?fit=1190%2C1128&ssl=1&resize=350%2C200 1x, https:\/\/i0.wp.com\/velezylozano.com\/wp-content\/uploads\/2023\/06\/Captura-de-pantalla-2023-06-02-a-las-9.57.44.png?fit=1190%2C1128&ssl=1&resize=525%2C300 1.5x, https:\/\/i0.wp.com\/velezylozano.com\/wp-content\/uploads\/2023\/06\/Captura-de-pantalla-2023-06-02-a-las-9.57.44.png?fit=1190%2C1128&ssl=1&resize=700%2C400 2x, https:\/\/i0.wp.com\/velezylozano.com\/wp-content\/uploads\/2023\/06\/Captura-de-pantalla-2023-06-02-a-las-9.57.44.png?fit=1190%2C1128&ssl=1&resize=1050%2C600 3x"},"classes":[]},{"id":11086,"url":"https:\/\/velezylozano.com\/en\/raquel-lucas-and-vanesa-rico-attend-a-course-on-orthodontics-and-rno\/","url_meta":{"origin":12166,"position":1},"title":"Raquel Lucas and Vanesa Rico attend a course on orthodontics and RNO","author":"Francisco J.","date":"27 de October de 2022","format":false,"excerpt":"La ortodoncista Raquel Lucas y la odontopediatra Vanesa Rico, odont\u00f3logas en nuestra cl\u00ednica dental en Murcia, asistieron durante el pasado fin de semana al curso 'Tratamientos de ortodoncia en dentici\u00f3n mixta siguiendo la metodolog\u00eda de Rehabilitaci\u00f3n Neuro-Oclusal (RNO)', organizado por el grupo GEMO e impartido por los doctores Jos\u00e9 Manuel\u2026","rel":"","context":"In &quot;Actualidad&quot;","block_context":{"text":"Actualidad","link":"https:\/\/velezylozano.com\/en\/category\/news-2\/"},"img":{"alt_text":"","src":"https:\/\/i0.wp.com\/velezylozano.com\/wp-content\/uploads\/2022\/10\/WhatsApp-Image-2022-10-22-at-1.28.46-PM-e1666883244721.jpeg?fit=774%2C1200&ssl=1&resize=350%2C200","width":350,"height":200,"srcset":"https:\/\/i0.wp.com\/velezylozano.com\/wp-content\/uploads\/2022\/10\/WhatsApp-Image-2022-10-22-at-1.28.46-PM-e1666883244721.jpeg?fit=774%2C1200&ssl=1&resize=350%2C200 1x, https:\/\/i0.wp.com\/velezylozano.com\/wp-content\/uploads\/2022\/10\/WhatsApp-Image-2022-10-22-at-1.28.46-PM-e1666883244721.jpeg?fit=774%2C1200&ssl=1&resize=525%2C300 1.5x, https:\/\/i0.wp.com\/velezylozano.com\/wp-content\/uploads\/2022\/10\/WhatsApp-Image-2022-10-22-at-1.28.46-PM-e1666883244721.jpeg?fit=774%2C1200&ssl=1&resize=700%2C400 2x"},"classes":[]},{"id":13137,"url":"https:\/\/velezylozano.com\/en\/first-prize-for-the-communication-of-our-orthodontist-ana-perez-on-respiratory-sleep-disorders-in-children\/","url_meta":{"origin":12166,"position":2},"title":"First prize for the communication of our orthodontist Ana P\u00e9rez on sleep disordered breathing in children.","author":"Francisco J.","date":"1 de April de 2025","format":false,"excerpt":"Nuestra ortodoncista Ana P\u00e9rez Pardo ha sido galardonada con el primer premio en el XIV Congreso Nacional de la Sociedad Espa\u00f1ola de Odontolog\u00eda Infantil gracias a su comunicaci\u00f3n titulada 'Transtornos respiratorios del sue\u00f1o en una poblaci\u00f3n infantil'. El congreso, que se celebr\u00f3 el pasado 27 de marzo y en el\u2026","rel":"","context":"In &quot;Actualidad&quot;","block_context":{"text":"Actualidad","link":"https:\/\/velezylozano.com\/en\/category\/news-2\/"},"img":{"alt_text":"","src":"https:\/\/i0.wp.com\/velezylozano.com\/wp-content\/uploads\/2025\/04\/WhatsApp-Image-2025-04-01-at-10.30.28.jpeg?fit=1200%2C900&ssl=1&resize=350%2C200","width":350,"height":200,"srcset":"https:\/\/i0.wp.com\/velezylozano.com\/wp-content\/uploads\/2025\/04\/WhatsApp-Image-2025-04-01-at-10.30.28.jpeg?fit=1200%2C900&ssl=1&resize=350%2C200 1x, https:\/\/i0.wp.com\/velezylozano.com\/wp-content\/uploads\/2025\/04\/WhatsApp-Image-2025-04-01-at-10.30.28.jpeg?fit=1200%2C900&ssl=1&resize=525%2C300 1.5x, https:\/\/i0.wp.com\/velezylozano.com\/wp-content\/uploads\/2025\/04\/WhatsApp-Image-2025-04-01-at-10.30.28.jpeg?fit=1200%2C900&ssl=1&resize=700%2C400 2x, https:\/\/i0.wp.com\/velezylozano.com\/wp-content\/uploads\/2025\/04\/WhatsApp-Image-2025-04-01-at-10.30.28.jpeg?fit=1200%2C900&ssl=1&resize=1050%2C600 3x"},"classes":[]},{"id":12490,"url":"https:\/\/velezylozano.com\/en\/our-partner-ana-advances-in-the-field-of-preventive-orthodontics\/","url_meta":{"origin":12166,"position":3},"title":"Our colleague Ana advances in the field of preventive orthodontics.","author":"Francisco J.","date":"14 de March de 2024","format":false,"excerpt":"Nuestra compa\u00f1era, odont\u00f3loga en el \u00e1rea de ortodoncia, Ana P\u00e9rez, prosigue su formaci\u00f3n orienta hacia la prevenci\u00f3n gracias al curso 'RNO, tratamiento precoz y ortodoncia con alineadores' que ha cursado en Valencia a lo largo de tres m\u00f3dulos. La formaci\u00f3n, impartida por Esmeralda Herrero, se ha centrado en obtener los\u2026","rel":"","context":"In &quot;Actualidad&quot;","block_context":{"text":"Actualidad","link":"https:\/\/velezylozano.com\/en\/category\/news-2\/"},"img":{"alt_text":"","src":"https:\/\/i0.wp.com\/velezylozano.com\/wp-content\/uploads\/2024\/03\/IMG_2178-1-scaled.jpg?fit=900%2C1200&ssl=1&resize=350%2C200","width":350,"height":200,"srcset":"https:\/\/i0.wp.com\/velezylozano.com\/wp-content\/uploads\/2024\/03\/IMG_2178-1-scaled.jpg?fit=900%2C1200&ssl=1&resize=350%2C200 1x, https:\/\/i0.wp.com\/velezylozano.com\/wp-content\/uploads\/2024\/03\/IMG_2178-1-scaled.jpg?fit=900%2C1200&ssl=1&resize=525%2C300 1.5x, https:\/\/i0.wp.com\/velezylozano.com\/wp-content\/uploads\/2024\/03\/IMG_2178-1-scaled.jpg?fit=900%2C1200&ssl=1&resize=700%2C400 2x"},"classes":[]},{"id":10674,"url":"https:\/\/velezylozano.com\/en\/raquel-lucas-trains-in-biological-dentistry\/","url_meta":{"origin":12166,"position":4},"title":"Raquel Lucas trains in biological dentistry","author":"Francisco J.","date":"19 de September de 2022","format":false,"excerpt":"Nuestra compa\u00f1era Raquel Lucas, odont\u00f3loga en el equipo de ortodoncia, tras acabar su curso de biomec\u00e1nica avanzada con alineadores, ha decidido que encaminar\u00e1 su formaci\u00f3n hacia la odontolog\u00eda biol\u00f3gica, gracias a un m\u00e1ster impartido por el doctor Emilio L\u00f3pez Jim\u00e9nez en Ciudad Real. La odontolog\u00eda biol\u00f3gica o RMR (Rehabilitaci\u00f3n de\u2026","rel":"","context":"In &quot;Actualidad&quot;","block_context":{"text":"Actualidad","link":"https:\/\/velezylozano.com\/en\/category\/news-2\/"},"img":{"alt_text":"","src":"https:\/\/i0.wp.com\/velezylozano.com\/wp-content\/uploads\/2022\/09\/raquel-ad.png?fit=1200%2C1200&ssl=1&resize=350%2C200","width":350,"height":200,"srcset":"https:\/\/i0.wp.com\/velezylozano.com\/wp-content\/uploads\/2022\/09\/raquel-ad.png?fit=1200%2C1200&ssl=1&resize=350%2C200 1x, https:\/\/i0.wp.com\/velezylozano.com\/wp-content\/uploads\/2022\/09\/raquel-ad.png?fit=1200%2C1200&ssl=1&resize=525%2C300 1.5x, https:\/\/i0.wp.com\/velezylozano.com\/wp-content\/uploads\/2022\/09\/raquel-ad.png?fit=1200%2C1200&ssl=1&resize=700%2C400 2x, https:\/\/i0.wp.com\/velezylozano.com\/wp-content\/uploads\/2022\/09\/raquel-ad.png?fit=1200%2C1200&ssl=1&resize=1050%2C600 3x"},"classes":[]},{"id":8196,"url":"https:\/\/velezylozano.com\/en\/orthodontic-treatment-in-ten-months-is-possible-orthodontics-murcia\/","url_meta":{"origin":12166,"position":5},"title":"Orthodontic treatment in ten months, is it possible? - Orthodontics Murcia","author":"Comunicaci\u00f3n V&amp;L","date":"13 de May de 2014","format":false,"excerpt":"La ortodoncia es la rama de la Odontolog\u00eda que se encarga de colocar los dientes en la posici\u00f3n ideal, tanto para que los pacientes mastiquen y ocluyan de forma arm\u00f3nica, equilibrada y ofrecer as\u00ed la posibilidad de que \u00e9stos tengan una situaci\u00f3n anat\u00f3mica favorable para el desarrollo de sus maxilares.\u2026","rel":"","context":"Similar post","block_context":{"text":"Similar post","link":""},"img":{"alt_text":"","src":"https:\/\/i0.wp.com\/velezylozano.com\/wp-content\/uploads\/2022\/01\/velez-y-lozano-clinica-dental-region-murcia-nacho-ignacio-vazquez-natividad-libro-sonrisas-instagram-scaled-1.jpg?fit=1200%2C800&ssl=1&resize=350%2C200","width":350,"height":200,"srcset":"https:\/\/i0.wp.com\/velezylozano.com\/wp-content\/uploads\/2022\/01\/velez-y-lozano-clinica-dental-region-murcia-nacho-ignacio-vazquez-natividad-libro-sonrisas-instagram-scaled-1.jpg?fit=1200%2C800&ssl=1&resize=350%2C200 1x, https:\/\/i0.wp.com\/velezylozano.com\/wp-content\/uploads\/2022\/01\/velez-y-lozano-clinica-dental-region-murcia-nacho-ignacio-vazquez-natividad-libro-sonrisas-instagram-scaled-1.jpg?fit=1200%2C800&ssl=1&resize=525%2C300 1.5x, https:\/\/i0.wp.com\/velezylozano.com\/wp-content\/uploads\/2022\/01\/velez-y-lozano-clinica-dental-region-murcia-nacho-ignacio-vazquez-natividad-libro-sonrisas-instagram-scaled-1.jpg?fit=1200%2C800&ssl=1&resize=700%2C400 2x, https:\/\/i0.wp.com\/velezylozano.com\/wp-content\/uploads\/2022\/01\/velez-y-lozano-clinica-dental-region-murcia-nacho-ignacio-vazquez-natividad-libro-sonrisas-instagram-scaled-1.jpg?fit=1200%2C800&ssl=1&resize=1050%2C600 3x"},"classes":[]}],"jetpack_sharing_enabled":true,"_links":{"self":[{"href":"https:\/\/velezylozano.com\/en\/wp-json\/wp\/v2\/posts\/12166","targetHints":{"allow":["GET"]}}],"collection":[{"href":"https:\/\/velezylozano.com\/en\/wp-json\/wp\/v2\/posts"}],"about":[{"href":"https:\/\/velezylozano.com\/en\/wp-json\/wp\/v2\/types\/post"}],"author":[{"embeddable":true,"href":"https:\/\/velezylozano.com\/en\/wp-json\/wp\/v2\/users\/10"}],"replies":[{"embeddable":true,"href":"https:\/\/velezylozano.com\/en\/wp-json\/wp\/v2\/comments?post=12166"}],"version-history":[{"count":3,"href":"https:\/\/velezylozano.com\/en\/wp-json\/wp\/v2\/posts\/12166\/revisions"}],"predecessor-version":[{"id":12169,"href":"https:\/\/velezylozano.com\/en\/wp-json\/wp\/v2\/posts\/12166\/revisions\/12169"}],"wp:featuredmedia":[{"embeddable":true,"href":"https:\/\/velezylozano.com\/en\/wp-json\/wp\/v2\/media\/12170"}],"wp:attachment":[{"href":"https:\/\/velezylozano.com\/en\/wp-json\/wp\/v2\/media?parent=12166"}],"wp:term":[{"taxonomy":"category","embeddable":true,"href":"https:\/\/velezylozano.com\/en\/wp-json\/wp\/v2\/categories?post=12166"},{"taxonomy":"post_tag","embeddable":true,"href":"https:\/\/velezylozano.com\/en\/wp-json\/wp\/v2\/tags?post=12166"}],"curies":[{"name":"wp","href":"https:\/\/api.w.org\/{rel}","templated":true}]}}