{"id":12993,"date":"2025-02-07T08:48:16","date_gmt":"2025-02-07T07:48:16","guid":{"rendered":"https:\/\/velezylozano.com\/?p=12993"},"modified":"2025-02-07T08:48:16","modified_gmt":"2025-02-07T07:48:16","slug":"there-is-a-link-between-dental-health-and-obesity","status":"publish","type":"post","link":"https:\/\/velezylozano.com\/en\/there-is-a-link-between-dental-health-and-obesity\/","title":{"rendered":"Is there a link between dental health and obesity?"},"content":{"rendered":"<p>As we have already mentioned on different occasions in this blog, the human body is a whole composed of different systems that are not totally independent of each other, i.e. changes that affect one of them, influence the rest. For this reason, the relationship between obesity and oral health is a subject that has gained attention in recent years in the scientific community, where several studies have shown that there is a significant connection between excess weight and the appearance of periodontal diseases.<\/p>\n<h2>What the studies show<\/h2>\n<p>The <a href=\"https:\/\/velezylozano.com\/en\/periodontal-disease-doesnt-just-affect-the-mouth\/\">periodontal disease <\/a>affects the tissues that surround and support the teeth. Recent research suggests that people with obesity have an increased risk of developing these diseases. A study published in the journal <a href=\"https:\/\/pubmed.ncbi.nlm.nih.gov\/31994205\/\"><em>Journal of Clinical Periodontology<\/em><\/a> found that individuals with a high body mass index (BMI) had a higher prevalence of periodontitis compared to those with a normal BMI.<\/p>\n<p>Although a priori one tends to think that the link between the two is poor eating habits, and sometimes it is and of course this does play a role, in reality the key to this link seems to lie, it is claimed, in inflammation. Adipose tissue in obese people releases pro-inflammatory cytokines, such as interleukin-6 (IL-6) and tumour necrosis factor-alpha (TNF-\u03b1). These substances can exacerbate the inflammatory response in the gums, increasing susceptibility to periodontal infections.<\/p>\n<p>Not only that, but obesity is often associated with a certain amount of insulin resistance, which alters the body's 'normal' or optimal immune response. This disruption can hinder the body's ability to fight infections, including, of course, those that affect our mouths, such as periodontal disease.<\/p>\n<h2>Prevention, a key role<\/h2>\n<p>To prevent periodontal disease, a proactive and personalised approach is essential. First, maintaining rigorous oral hygiene is the foundation for maintaining a healthy periodontium. This includes brushing at least twice a day with proper technique and flossing daily to remove plaque and food debris that accumulates between the teeth. In addition, choosing a toothbrush with soft bristles and using antiseptic rinses can enhance cleaning and reduce inflammation. Complementing this care with regular visits to the dentist allows early detection of signs of periodontitis and the application of preventive or corrective treatments as needed.<\/p>\n<p>Controlling risk factors such as obesity and an unbalanced diet is also essential to strengthen the health of the periodontium. A diet rich in nutrients, especially vitamin C and calcium, promotes tissue regeneration and immune response. Integrating these healthy habits, along with a proper dental care routine, helps to mitigate chronic inflammation that can damage the gums. In short, a combination of daily care, regular visits to your dentist and a balanced diet is the ideal strategy to keep your periodontium healthy and prevent periodontitis-related complications.<\/p>\n<h2>In conclusion<\/h2>\n<p>Scientific evidence supports a bidirectional relationship between obesity and gum health. Addressing obesity can have significant benefits in the prevention and treatment of periodontal disease, thereby improving oral and general health.<\/p>\n<p>That is why at V\u00e9lez &amp; Lozano we have always been committed to offering comprehensive advice to our patients, including dietary advice and the promotion of healthy habits, as we do through our social networks, newsletter and blog.<\/p>\n<p><iframe title=\"World Food Day\" width=\"800\" height=\"450\" src=\"https:\/\/www.youtube.com\/embed\/_sphmtToaqM?feature=oembed\" frameborder=\"0\" allow=\"accelerometer; autoplay; clipboard-write; encrypted-media; gyroscope; picture-in-picture; web-share\" referrerpolicy=\"strict-origin-when-cross-origin\" allowfullscreen><\/iframe><\/p>\n<p>If you need help with any of the issues we have set out here, you can <a href=\"https:\/\/velezylozano.com\/en\/online-appointment\/\">make an appointment with us here<\/a>.<\/p>","protected":false},"excerpt":{"rendered":"<p>As we have already mentioned on different occasions in this blog, the human body is a whole made up of different systems that are not totally independent of each other, i.e. changes that affect one of them influence the rest. For this reason, the relationship between obesity and oral health is a [...]<\/p>","protected":false},"author":4,"featured_media":12996,"comment_status":"open","ping_status":"open","sticky":false,"template":"","format":"standard","meta":{"_jetpack_memberships_contains_paid_content":false,"footnotes":""},"categories":[192],"tags":[193,65,101],"class_list":["post-12993","post","type-post","status-publish","format-standard","has-post-thumbnail","hentry","category-192","tag-obesidad","tag-periodontitis","tag-salud"],"yoast_head":"<!-- This site is optimized with the Yoast SEO plugin v27.4 - https:\/\/yoast.com\/product\/yoast-seo-wordpress\/ -->\n<title>\u00bfExiste relaci\u00f3n entre salud dental y obesidad? - V\u00e9lez &amp; Lozano<\/title>\n<meta name=\"description\" content=\"Descubre c\u00f3mo la obesidad impacta en la salud bucodental y qu\u00e9 estrategias adoptar para prevenir enfermedades periodontales.\" \/>\n<meta name=\"robots\" content=\"index, follow, max-snippet:-1, max-image-preview:large, max-video-preview:-1\" \/>\n<link rel=\"canonical\" href=\"https:\/\/velezylozano.com\/en\/there-is-a-link-between-dental-health-and-obesity\/\" \/>\n<meta property=\"og:locale\" content=\"en_GB\" \/>\n<meta property=\"og:type\" content=\"article\" \/>\n<meta property=\"og:title\" content=\"\u00bfExiste relaci\u00f3n entre salud dental y obesidad? - V\u00e9lez &amp; Lozano\" \/>\n<meta property=\"og:description\" content=\"Descubre c\u00f3mo la obesidad impacta en la salud bucodental y qu\u00e9 estrategias adoptar para prevenir enfermedades periodontales.\" \/>\n<meta property=\"og:url\" content=\"https:\/\/velezylozano.com\/en\/there-is-a-link-between-dental-health-and-obesity\/\" \/>\n<meta property=\"og:site_name\" content=\"V\u00e9lez &amp; Lozano\" \/>\n<meta property=\"article:published_time\" content=\"2025-02-07T07:48:16+00:00\" \/>\n<meta property=\"og:image\" content=\"https:\/\/velezylozano.com\/wp-content\/uploads\/2025\/02\/obesidad-salud-dental.jpg\" \/>\n\t<meta property=\"og:image:width\" content=\"818\" \/>\n\t<meta property=\"og:image:height\" content=\"385\" \/>\n\t<meta property=\"og:image:type\" content=\"image\/jpeg\" \/>\n<meta name=\"author\" content=\"Francisco J.\" \/>\n<meta name=\"twitter:card\" content=\"summary_large_image\" \/>\n<meta name=\"twitter:label1\" content=\"Written by\" \/>\n\t<meta name=\"twitter:data1\" content=\"Francisco J.\" \/>\n\t<meta name=\"twitter:label2\" content=\"Estimated reading time\" \/>\n\t<meta name=\"twitter:data2\" content=\"4 minutes\" \/>\n<script type=\"application\/ld+json\" class=\"yoast-schema-graph\">{\"@context\":\"https:\\\/\\\/schema.org\",\"@graph\":[{\"@type\":\"Article\",\"@id\":\"https:\\\/\\\/velezylozano.com\\\/existe-relacion-entre-salud-dental-y-obesidad\\\/#article\",\"isPartOf\":{\"@id\":\"https:\\\/\\\/velezylozano.com\\\/existe-relacion-entre-salud-dental-y-obesidad\\\/\"},\"author\":{\"name\":\"Francisco J.\",\"@id\":\"https:\\\/\\\/velezylozano.com\\\/#\\\/schema\\\/person\\\/398ff8f7c21db7df8107c871189b1d1e\"},\"headline\":\"\u00bfExiste relaci\u00f3n entre salud dental y obesidad?\",\"datePublished\":\"2025-02-07T07:48:16+00:00\",\"mainEntityOfPage\":{\"@id\":\"https:\\\/\\\/velezylozano.com\\\/existe-relacion-entre-salud-dental-y-obesidad\\\/\"},\"wordCount\":674,\"commentCount\":0,\"publisher\":{\"@id\":\"https:\\\/\\\/velezylozano.com\\\/#organization\"},\"image\":{\"@id\":\"https:\\\/\\\/velezylozano.com\\\/existe-relacion-entre-salud-dental-y-obesidad\\\/#primaryimage\"},\"thumbnailUrl\":\"https:\\\/\\\/i0.wp.com\\\/velezylozano.com\\\/wp-content\\\/uploads\\\/2025\\\/02\\\/obesidad-salud-dental.jpg?fit=818%2C385&ssl=1\",\"keywords\":[\"obesidad\",\"periodontitis\",\"salud\"],\"articleSection\":[\"2025\"],\"inLanguage\":\"en-GB\",\"potentialAction\":[{\"@type\":\"CommentAction\",\"name\":\"Comment\",\"target\":[\"https:\\\/\\\/velezylozano.com\\\/existe-relacion-entre-salud-dental-y-obesidad\\\/#respond\"]}]},{\"@type\":\"WebPage\",\"@id\":\"https:\\\/\\\/velezylozano.com\\\/existe-relacion-entre-salud-dental-y-obesidad\\\/\",\"url\":\"https:\\\/\\\/velezylozano.com\\\/existe-relacion-entre-salud-dental-y-obesidad\\\/\",\"name\":\"\u00bfExiste relaci\u00f3n entre salud dental y obesidad? - V\u00e9lez &amp; Lozano\",\"isPartOf\":{\"@id\":\"https:\\\/\\\/velezylozano.com\\\/#website\"},\"primaryImageOfPage\":{\"@id\":\"https:\\\/\\\/velezylozano.com\\\/existe-relacion-entre-salud-dental-y-obesidad\\\/#primaryimage\"},\"image\":{\"@id\":\"https:\\\/\\\/velezylozano.com\\\/existe-relacion-entre-salud-dental-y-obesidad\\\/#primaryimage\"},\"thumbnailUrl\":\"https:\\\/\\\/i0.wp.com\\\/velezylozano.com\\\/wp-content\\\/uploads\\\/2025\\\/02\\\/obesidad-salud-dental.jpg?fit=818%2C385&ssl=1\",\"datePublished\":\"2025-02-07T07:48:16+00:00\",\"description\":\"Descubre c\u00f3mo la obesidad impacta en la salud bucodental y qu\u00e9 estrategias adoptar para prevenir enfermedades periodontales.\",\"breadcrumb\":{\"@id\":\"https:\\\/\\\/velezylozano.com\\\/existe-relacion-entre-salud-dental-y-obesidad\\\/#breadcrumb\"},\"inLanguage\":\"en-GB\",\"potentialAction\":[{\"@type\":\"ReadAction\",\"target\":[\"https:\\\/\\\/velezylozano.com\\\/existe-relacion-entre-salud-dental-y-obesidad\\\/\"]}]},{\"@type\":\"ImageObject\",\"inLanguage\":\"en-GB\",\"@id\":\"https:\\\/\\\/velezylozano.com\\\/existe-relacion-entre-salud-dental-y-obesidad\\\/#primaryimage\",\"url\":\"https:\\\/\\\/i0.wp.com\\\/velezylozano.com\\\/wp-content\\\/uploads\\\/2025\\\/02\\\/obesidad-salud-dental.jpg?fit=818%2C385&ssl=1\",\"contentUrl\":\"https:\\\/\\\/i0.wp.com\\\/velezylozano.com\\\/wp-content\\\/uploads\\\/2025\\\/02\\\/obesidad-salud-dental.jpg?fit=818%2C385&ssl=1\",\"width\":818,\"height\":385,\"caption\":\"obesidad y salud dental\"},{\"@type\":\"BreadcrumbList\",\"@id\":\"https:\\\/\\\/velezylozano.com\\\/existe-relacion-entre-salud-dental-y-obesidad\\\/#breadcrumb\",\"itemListElement\":[{\"@type\":\"ListItem\",\"position\":1,\"name\":\"Home\",\"item\":\"https:\\\/\\\/velezylozano.com\\\/\"},{\"@type\":\"ListItem\",\"position\":2,\"name\":\"\u00bfExiste relaci\u00f3n entre salud dental y obesidad?\"}]},{\"@type\":\"WebSite\",\"@id\":\"https:\\\/\\\/velezylozano.com\\\/#website\",\"url\":\"https:\\\/\\\/velezylozano.com\\\/\",\"name\":\"V\u00e9lez &amp; Lozano\",\"description\":\"Cl\u00ednica dental en Murcia desde 2008\",\"publisher\":{\"@id\":\"https:\\\/\\\/velezylozano.com\\\/#organization\"},\"potentialAction\":[{\"@type\":\"SearchAction\",\"target\":{\"@type\":\"EntryPoint\",\"urlTemplate\":\"https:\\\/\\\/velezylozano.com\\\/?s={search_term_string}\"},\"query-input\":{\"@type\":\"PropertyValueSpecification\",\"valueRequired\":true,\"valueName\":\"search_term_string\"}}],\"inLanguage\":\"en-GB\"},{\"@type\":\"Organization\",\"@id\":\"https:\\\/\\\/velezylozano.com\\\/#organization\",\"name\":\"V\u00e9lez &amp; Lozano\",\"url\":\"https:\\\/\\\/velezylozano.com\\\/\",\"logo\":{\"@type\":\"ImageObject\",\"inLanguage\":\"en-GB\",\"@id\":\"https:\\\/\\\/velezylozano.com\\\/#\\\/schema\\\/logo\\\/image\\\/\",\"url\":\"https:\\\/\\\/velezylozano.com\\\/wp-content\\\/uploads\\\/2021\\\/12\\\/velezlozanologo.svg\",\"contentUrl\":\"https:\\\/\\\/velezylozano.com\\\/wp-content\\\/uploads\\\/2021\\\/12\\\/velezlozanologo.svg\",\"width\":322,\"height\":33,\"caption\":\"V\u00e9lez &amp; Lozano\"},\"image\":{\"@id\":\"https:\\\/\\\/velezylozano.com\\\/#\\\/schema\\\/logo\\\/image\\\/\"}},{\"@type\":\"Person\",\"@id\":\"https:\\\/\\\/velezylozano.com\\\/#\\\/schema\\\/person\\\/398ff8f7c21db7df8107c871189b1d1e\",\"name\":\"Francisco J.\",\"image\":{\"@type\":\"ImageObject\",\"inLanguage\":\"en-GB\",\"@id\":\"https:\\\/\\\/secure.gravatar.com\\\/avatar\\\/b056eb0e17a1840d21420e19579ca7ec0a72d573f65fbb56bc8851b1c131d355?s=96&d=mm&r=g\",\"url\":\"https:\\\/\\\/secure.gravatar.com\\\/avatar\\\/b056eb0e17a1840d21420e19579ca7ec0a72d573f65fbb56bc8851b1c131d355?s=96&d=mm&r=g\",\"contentUrl\":\"https:\\\/\\\/secure.gravatar.com\\\/avatar\\\/b056eb0e17a1840d21420e19579ca7ec0a72d573f65fbb56bc8851b1c131d355?s=96&d=mm&r=g\",\"caption\":\"Francisco J.\"},\"url\":\"https:\\\/\\\/velezylozano.com\\\/en\\\/author\\\/fran\\\/\"}]}<\/script>\n<!-- \/ Yoast SEO plugin. -->","yoast_head_json":{"title":"Is there a link between dental health and obesity? - Velez &amp; Lozano","description":"Find out how obesity impacts oral health and what strategies to adopt to prevent periodontal disease.","robots":{"index":"index","follow":"follow","max-snippet":"max-snippet:-1","max-image-preview":"max-image-preview:large","max-video-preview":"max-video-preview:-1"},"canonical":"https:\/\/velezylozano.com\/en\/there-is-a-link-between-dental-health-and-obesity\/","og_locale":"en_GB","og_type":"article","og_title":"\u00bfExiste relaci\u00f3n entre salud dental y obesidad? - V\u00e9lez &amp; Lozano","og_description":"Descubre c\u00f3mo la obesidad impacta en la salud bucodental y qu\u00e9 estrategias adoptar para prevenir enfermedades periodontales.","og_url":"https:\/\/velezylozano.com\/en\/there-is-a-link-between-dental-health-and-obesity\/","og_site_name":"V\u00e9lez &amp; Lozano","article_published_time":"2025-02-07T07:48:16+00:00","og_image":[{"width":818,"height":385,"url":"https:\/\/velezylozano.com\/wp-content\/uploads\/2025\/02\/obesidad-salud-dental.jpg","type":"image\/jpeg"}],"author":"Francisco J.","twitter_card":"summary_large_image","twitter_misc":{"Written by":"Francisco J.","Estimated reading time":"4 minutes"},"schema":{"@context":"https:\/\/schema.org","@graph":[{"@type":"Article","@id":"https:\/\/velezylozano.com\/existe-relacion-entre-salud-dental-y-obesidad\/#article","isPartOf":{"@id":"https:\/\/velezylozano.com\/existe-relacion-entre-salud-dental-y-obesidad\/"},"author":{"name":"Francisco J.","@id":"https:\/\/velezylozano.com\/#\/schema\/person\/398ff8f7c21db7df8107c871189b1d1e"},"headline":"\u00bfExiste relaci\u00f3n entre salud dental y obesidad?","datePublished":"2025-02-07T07:48:16+00:00","mainEntityOfPage":{"@id":"https:\/\/velezylozano.com\/existe-relacion-entre-salud-dental-y-obesidad\/"},"wordCount":674,"commentCount":0,"publisher":{"@id":"https:\/\/velezylozano.com\/#organization"},"image":{"@id":"https:\/\/velezylozano.com\/existe-relacion-entre-salud-dental-y-obesidad\/#primaryimage"},"thumbnailUrl":"https:\/\/i0.wp.com\/velezylozano.com\/wp-content\/uploads\/2025\/02\/obesidad-salud-dental.jpg?fit=818%2C385&ssl=1","keywords":["obesidad","periodontitis","salud"],"articleSection":["2025"],"inLanguage":"en-GB","potentialAction":[{"@type":"CommentAction","name":"Comment","target":["https:\/\/velezylozano.com\/existe-relacion-entre-salud-dental-y-obesidad\/#respond"]}]},{"@type":"WebPage","@id":"https:\/\/velezylozano.com\/existe-relacion-entre-salud-dental-y-obesidad\/","url":"https:\/\/velezylozano.com\/existe-relacion-entre-salud-dental-y-obesidad\/","name":"Is there a link between dental health and obesity? - Velez &amp; Lozano","isPartOf":{"@id":"https:\/\/velezylozano.com\/#website"},"primaryImageOfPage":{"@id":"https:\/\/velezylozano.com\/existe-relacion-entre-salud-dental-y-obesidad\/#primaryimage"},"image":{"@id":"https:\/\/velezylozano.com\/existe-relacion-entre-salud-dental-y-obesidad\/#primaryimage"},"thumbnailUrl":"https:\/\/i0.wp.com\/velezylozano.com\/wp-content\/uploads\/2025\/02\/obesidad-salud-dental.jpg?fit=818%2C385&ssl=1","datePublished":"2025-02-07T07:48:16+00:00","description":"Find out how obesity impacts oral health and what strategies to adopt to prevent periodontal disease.","breadcrumb":{"@id":"https:\/\/velezylozano.com\/existe-relacion-entre-salud-dental-y-obesidad\/#breadcrumb"},"inLanguage":"en-GB","potentialAction":[{"@type":"ReadAction","target":["https:\/\/velezylozano.com\/existe-relacion-entre-salud-dental-y-obesidad\/"]}]},{"@type":"ImageObject","inLanguage":"en-GB","@id":"https:\/\/velezylozano.com\/existe-relacion-entre-salud-dental-y-obesidad\/#primaryimage","url":"https:\/\/i0.wp.com\/velezylozano.com\/wp-content\/uploads\/2025\/02\/obesidad-salud-dental.jpg?fit=818%2C385&ssl=1","contentUrl":"https:\/\/i0.wp.com\/velezylozano.com\/wp-content\/uploads\/2025\/02\/obesidad-salud-dental.jpg?fit=818%2C385&ssl=1","width":818,"height":385,"caption":"obesidad y salud dental"},{"@type":"BreadcrumbList","@id":"https:\/\/velezylozano.com\/existe-relacion-entre-salud-dental-y-obesidad\/#breadcrumb","itemListElement":[{"@type":"ListItem","position":1,"name":"Home","item":"https:\/\/velezylozano.com\/"},{"@type":"ListItem","position":2,"name":"\u00bfExiste relaci\u00f3n entre salud dental y obesidad?"}]},{"@type":"WebSite","@id":"https:\/\/velezylozano.com\/#website","url":"https:\/\/velezylozano.com\/","name":"Velez &amp; Lozano","description":"Dental clinic in Murcia since 2008","publisher":{"@id":"https:\/\/velezylozano.com\/#organization"},"potentialAction":[{"@type":"SearchAction","target":{"@type":"EntryPoint","urlTemplate":"https:\/\/velezylozano.com\/?s={search_term_string}"},"query-input":{"@type":"PropertyValueSpecification","valueRequired":true,"valueName":"search_term_string"}}],"inLanguage":"en-GB"},{"@type":"Organization","@id":"https:\/\/velezylozano.com\/#organization","name":"Velez &amp; Lozano","url":"https:\/\/velezylozano.com\/","logo":{"@type":"ImageObject","inLanguage":"en-GB","@id":"https:\/\/velezylozano.com\/#\/schema\/logo\/image\/","url":"https:\/\/velezylozano.com\/wp-content\/uploads\/2021\/12\/velezlozanologo.svg","contentUrl":"https:\/\/velezylozano.com\/wp-content\/uploads\/2021\/12\/velezlozanologo.svg","width":322,"height":33,"caption":"V\u00e9lez &amp; Lozano"},"image":{"@id":"https:\/\/velezylozano.com\/#\/schema\/logo\/image\/"}},{"@type":"Person","@id":"https:\/\/velezylozano.com\/#\/schema\/person\/398ff8f7c21db7df8107c871189b1d1e","name":"Francisco J.","image":{"@type":"ImageObject","inLanguage":"en-GB","@id":"https:\/\/secure.gravatar.com\/avatar\/b056eb0e17a1840d21420e19579ca7ec0a72d573f65fbb56bc8851b1c131d355?s=96&d=mm&r=g","url":"https:\/\/secure.gravatar.com\/avatar\/b056eb0e17a1840d21420e19579ca7ec0a72d573f65fbb56bc8851b1c131d355?s=96&d=mm&r=g","contentUrl":"https:\/\/secure.gravatar.com\/avatar\/b056eb0e17a1840d21420e19579ca7ec0a72d573f65fbb56bc8851b1c131d355?s=96&d=mm&r=g","caption":"Francisco J."},"url":"https:\/\/velezylozano.com\/en\/author\/fran\/"}]}},"jetpack_featured_media_url":"https:\/\/i0.wp.com\/velezylozano.com\/wp-content\/uploads\/2025\/02\/obesidad-salud-dental.jpg?fit=818%2C385&ssl=1","jetpack-related-posts":[{"id":8113,"url":"https:\/\/velezylozano.com\/en\/diabetes-and-gum-disease\/","url_meta":{"origin":12993,"position":0},"title":"Diabetes and gum disease","author":"Comunicaci\u00f3n V&amp;L","date":"31 de August de 2013","format":false,"excerpt":"En los \u00faltimos a\u00f1os, numerosos estudios cient\u00edficos relacionan el mal control de la diabetes con enfermedades de las enc\u00edas, o enfermedades periodontales, algo que en la actualidad se afirma con rotundidad en la gran mayor\u00eda de las \u00faltimas publicaciones internacionales. Concretamente, las enfermedades periodontales afectan a m\u00e1s del 85% de\u2026","rel":"","context":"Similar post","block_context":{"text":"Similar post","link":""},"img":{"alt_text":"Controlar la enfermedad periodontal es de gran importancia en pacientes diab\u00e9ticos","src":"https:\/\/i0.wp.com\/www.velezylozano.com\/wp-content\/uploads\/2012\/10\/perio.jpg?resize=350%2C200&ssl=1","width":350,"height":200},"classes":[]},{"id":11271,"url":"https:\/\/velezylozano.com\/en\/periodontal-disease-doesnt-just-affect-the-mouth\/","url_meta":{"origin":12993,"position":1},"title":"Periodontal disease does not only affect the mouth.","author":"Francisco S\u00e1nchez-Alcaraz Mart\u00ednez","date":"9 de December de 2022","format":false,"excerpt":"Hemos hablado largo y tendido acerca de la enfermedad periodontal en este blog, pero casi siempre nos hemos limitado a tratar sus consecuencias a nivel sist\u00e9mico en el \u00e1mbito que m\u00e1s nos ata\u00f1e u ocupa, es decir, el oral. Sin embargo, desde diversas comunidades cient\u00edficas de peso tales como la\u2026","rel":"","context":"In &quot;2022&quot;","block_context":{"text":"2022","link":"https:\/\/velezylozano.com\/en\/category\/2022\/"},"img":{"alt_text":"","src":"https:\/\/i0.wp.com\/velezylozano.com\/wp-content\/uploads\/2022\/12\/Clinica-dental-BocaBoca-Malaga-salud-bucal.jpeg?fit=720%2C666&ssl=1&resize=350%2C200","width":350,"height":200,"srcset":"https:\/\/i0.wp.com\/velezylozano.com\/wp-content\/uploads\/2022\/12\/Clinica-dental-BocaBoca-Malaga-salud-bucal.jpeg?fit=720%2C666&ssl=1&resize=350%2C200 1x, https:\/\/i0.wp.com\/velezylozano.com\/wp-content\/uploads\/2022\/12\/Clinica-dental-BocaBoca-Malaga-salud-bucal.jpeg?fit=720%2C666&ssl=1&resize=525%2C300 1.5x, https:\/\/i0.wp.com\/velezylozano.com\/wp-content\/uploads\/2022\/12\/Clinica-dental-BocaBoca-Malaga-salud-bucal.jpeg?fit=720%2C666&ssl=1&resize=700%2C400 2x"},"classes":[]},{"id":13002,"url":"https:\/\/velezylozano.com\/en\/this-valentines-day-care-for-your-heart-through-your-mouth\/","url_meta":{"origin":12993,"position":2},"title":"This Valentine's Day care for your heart through your mouth","author":"Francisco J.","date":"14 de February de 2025","format":false,"excerpt":"Hoy 14 de febrero se celebra el amor, el d\u00eda de San Valent\u00edn, como bien sabemos todos, pero aprovechando lo ligada que est\u00e1 esta fecha al coraz\u00f3n, nuestro motor vital, \u00bfsab\u00edas que tambi\u00e9n se conmemora el d\u00eda de las Cardiopat\u00edas Cong\u00e9nitas? \u00bfY sab\u00edas que la salud bucodental puede llegar a\u2026","rel":"","context":"In &quot;2025&quot;","block_context":{"text":"2025","link":"https:\/\/velezylozano.com\/en\/category\/2025\/"},"img":{"alt_text":"","src":"https:\/\/i0.wp.com\/velezylozano.com\/wp-content\/uploads\/2025\/02\/san-valentin-dental.jpg?fit=724%2C483&ssl=1&resize=350%2C200","width":350,"height":200,"srcset":"https:\/\/i0.wp.com\/velezylozano.com\/wp-content\/uploads\/2025\/02\/san-valentin-dental.jpg?fit=724%2C483&ssl=1&resize=350%2C200 1x, https:\/\/i0.wp.com\/velezylozano.com\/wp-content\/uploads\/2025\/02\/san-valentin-dental.jpg?fit=724%2C483&ssl=1&resize=525%2C300 1.5x, https:\/\/i0.wp.com\/velezylozano.com\/wp-content\/uploads\/2025\/02\/san-valentin-dental.jpg?fit=724%2C483&ssl=1&resize=700%2C400 2x"},"classes":[]},{"id":8462,"url":"https:\/\/velezylozano.com\/en\/did-you-know-that-improving-your-childs-nutrition-helps-prevent-tooth-decay\/","url_meta":{"origin":12993,"position":3},"title":"Did you know that improving your child's nutrition helps prevent tooth decay?","author":"Comunicaci\u00f3n V&amp;L","date":"20 de February de 2021","format":false,"excerpt":"El consumo de productos con alto contenido en az\u00facar como zumos, batidos, refrescos, galletas, chocolatinas, golosinas\u2026 actualmente representa uno de los factores mas influyentes en la aparici\u00f3n de dichas caries. Por eso debemos de cuidar la alimentaci\u00f3n y ense\u00f1ar a comer saludable a nuestros hijos. La infancia es una de\u2026","rel":"","context":"In &quot;2021&quot;","block_context":{"text":"2021","link":"https:\/\/velezylozano.com\/en\/category\/2021\/"},"img":{"alt_text":"","src":"https:\/\/i0.wp.com\/velezylozano.com\/wp-content\/uploads\/2022\/01\/dessert-3129510_1920.jpg?fit=1200%2C799&ssl=1&resize=350%2C200","width":350,"height":200,"srcset":"https:\/\/i0.wp.com\/velezylozano.com\/wp-content\/uploads\/2022\/01\/dessert-3129510_1920.jpg?fit=1200%2C799&ssl=1&resize=350%2C200 1x, https:\/\/i0.wp.com\/velezylozano.com\/wp-content\/uploads\/2022\/01\/dessert-3129510_1920.jpg?fit=1200%2C799&ssl=1&resize=525%2C300 1.5x, https:\/\/i0.wp.com\/velezylozano.com\/wp-content\/uploads\/2022\/01\/dessert-3129510_1920.jpg?fit=1200%2C799&ssl=1&resize=700%2C400 2x, https:\/\/i0.wp.com\/velezylozano.com\/wp-content\/uploads\/2022\/01\/dessert-3129510_1920.jpg?fit=1200%2C799&ssl=1&resize=1050%2C600 3x"},"classes":[]},{"id":8338,"url":"https:\/\/velezylozano.com\/en\/your-mouth-a-cornerstone-of-your-cardiovascular-health\/","url_meta":{"origin":12993,"position":4},"title":"Your mouth, a cornerstone of cardiovascular health","author":"Comunicaci\u00f3n V&amp;L","date":"24 de December de 2018","format":false,"excerpt":"\u00bfSab\u00edas que algunas enfermedades de la boca tienen repercusi\u00f3n en todo el organismo? \u00bfTienes una enfermedad cardiovascular y quieres mantenerla controlada? Uno de los factores de riesgo m\u00e1s importantes se encuentra bajo tus enc\u00edas, te explicamos el porqu\u00e9 a continuaci\u00f3n. Las enfermedades cardiovasculares siguen siendo la principal causa de mortalidad\u2026","rel":"","context":"Similar post","block_context":{"text":"Similar post","link":""},"img":{"alt_text":"","src":"https:\/\/i0.wp.com\/velezylozano.com\/wp-content\/uploads\/2022\/01\/velez-y-lozano-clinica-dental-murcia-periodontitis-enfermedad-cardiovascular-scaled-1.jpg?fit=1200%2C800&ssl=1&resize=350%2C200","width":350,"height":200,"srcset":"https:\/\/i0.wp.com\/velezylozano.com\/wp-content\/uploads\/2022\/01\/velez-y-lozano-clinica-dental-murcia-periodontitis-enfermedad-cardiovascular-scaled-1.jpg?fit=1200%2C800&ssl=1&resize=350%2C200 1x, https:\/\/i0.wp.com\/velezylozano.com\/wp-content\/uploads\/2022\/01\/velez-y-lozano-clinica-dental-murcia-periodontitis-enfermedad-cardiovascular-scaled-1.jpg?fit=1200%2C800&ssl=1&resize=525%2C300 1.5x, https:\/\/i0.wp.com\/velezylozano.com\/wp-content\/uploads\/2022\/01\/velez-y-lozano-clinica-dental-murcia-periodontitis-enfermedad-cardiovascular-scaled-1.jpg?fit=1200%2C800&ssl=1&resize=700%2C400 2x, https:\/\/i0.wp.com\/velezylozano.com\/wp-content\/uploads\/2022\/01\/velez-y-lozano-clinica-dental-murcia-periodontitis-enfermedad-cardiovascular-scaled-1.jpg?fit=1200%2C800&ssl=1&resize=1050%2C600 3x"},"classes":[]},{"id":11634,"url":"https:\/\/velezylozano.com\/en\/there-is-a-link-between-oral-health-and-respiratory-diseases\/","url_meta":{"origin":12993,"position":5},"title":"Is there a link between oral health and respiratory diseases?","author":"Francisco J.","date":"3 de March de 2023","format":false,"excerpt":"Si est\u00e1s leyendo este art\u00edculo, es probable que padezcas alg\u00fan tipo de enfermedad respiratoria, ya sea cr\u00f3nica o transitoria, y te hayan contado que puede afectar a tu salud bucodental. Quiz\u00e1, como es el caso de varios pacientes de la cl\u00ednica, padeces una de estas enfermedades desde hace a\u00f1os, pero\u2026","rel":"","context":"In &quot;2023&quot;","block_context":{"text":"2023","link":"https:\/\/velezylozano.com\/en\/category\/2023\/"},"img":{"alt_text":"","src":"https:\/\/i0.wp.com\/velezylozano.com\/wp-content\/uploads\/2023\/03\/inhaladores-salud-bucal.jpg?fit=725%2C483&ssl=1&resize=350%2C200","width":350,"height":200,"srcset":"https:\/\/i0.wp.com\/velezylozano.com\/wp-content\/uploads\/2023\/03\/inhaladores-salud-bucal.jpg?fit=725%2C483&ssl=1&resize=350%2C200 1x, https:\/\/i0.wp.com\/velezylozano.com\/wp-content\/uploads\/2023\/03\/inhaladores-salud-bucal.jpg?fit=725%2C483&ssl=1&resize=525%2C300 1.5x, https:\/\/i0.wp.com\/velezylozano.com\/wp-content\/uploads\/2023\/03\/inhaladores-salud-bucal.jpg?fit=725%2C483&ssl=1&resize=700%2C400 2x"},"classes":[]}],"jetpack_sharing_enabled":true,"_links":{"self":[{"href":"https:\/\/velezylozano.com\/en\/wp-json\/wp\/v2\/posts\/12993","targetHints":{"allow":["GET"]}}],"collection":[{"href":"https:\/\/velezylozano.com\/en\/wp-json\/wp\/v2\/posts"}],"about":[{"href":"https:\/\/velezylozano.com\/en\/wp-json\/wp\/v2\/types\/post"}],"author":[{"embeddable":true,"href":"https:\/\/velezylozano.com\/en\/wp-json\/wp\/v2\/users\/4"}],"replies":[{"embeddable":true,"href":"https:\/\/velezylozano.com\/en\/wp-json\/wp\/v2\/comments?post=12993"}],"version-history":[{"count":1,"href":"https:\/\/velezylozano.com\/en\/wp-json\/wp\/v2\/posts\/12993\/revisions"}],"predecessor-version":[{"id":12995,"href":"https:\/\/velezylozano.com\/en\/wp-json\/wp\/v2\/posts\/12993\/revisions\/12995"}],"wp:featuredmedia":[{"embeddable":true,"href":"https:\/\/velezylozano.com\/en\/wp-json\/wp\/v2\/media\/12996"}],"wp:attachment":[{"href":"https:\/\/velezylozano.com\/en\/wp-json\/wp\/v2\/media?parent=12993"}],"wp:term":[{"taxonomy":"category","embeddable":true,"href":"https:\/\/velezylozano.com\/en\/wp-json\/wp\/v2\/categories?post=12993"},{"taxonomy":"post_tag","embeddable":true,"href":"https:\/\/velezylozano.com\/en\/wp-json\/wp\/v2\/tags?post=12993"}],"curies":[{"name":"wp","href":"https:\/\/api.w.org\/{rel}","templated":true}]}}