{"id":13111,"date":"2025-03-04T12:00:19","date_gmt":"2025-03-04T11:00:19","guid":{"rendered":"https:\/\/velezylozano.com\/?p=13111"},"modified":"2025-03-06T12:07:54","modified_gmt":"2025-03-06T11:07:54","slug":"orthodontics-month-returns","status":"publish","type":"post","link":"https:\/\/velezylozano.com\/en\/orthodontics-month-returns\/","title":{"rendered":"Orthodontics Month' returns"},"content":{"rendered":"<p>Once again we have chosen March to celebrate 'Orthodontics Month', with a 10% discount on all our orthodontic treatments - except orthopaedics - so if you've always been hesitant to take the plunge or know someone in those circumstances, it's the ideal time to finally start smiling with confidence and eating without worry.<\/p>\n<p>Remember that your ideal smile is just a few aligners away, so what are you waiting for? Start your change today!<\/p>\n<p>&nbsp;<\/p>\n<p><iframe title=\"Your ideal smile is just a few aligners away - Orthodontics Month 2025\" width=\"800\" height=\"450\" src=\"https:\/\/www.youtube.com\/embed\/KwFFqlK5GkY?feature=oembed\" frameborder=\"0\" allow=\"accelerometer; autoplay; clipboard-write; encrypted-media; gyroscope; picture-in-picture; web-share\" referrerpolicy=\"strict-origin-when-cross-origin\" allowfullscreen><\/iframe><\/p>","protected":false},"excerpt":{"rendered":"<p>Once again we have chosen March to celebrate 'Orthodontics Month', with a 10% discount on all our orthodontic treatments -except orthopaedics-, so if you have always been hesitating to take the plunge or know someone in those circumstances, now is the ideal time to finally take the plunge and [...]<\/p>","protected":false},"author":4,"featured_media":13112,"comment_status":"open","ping_status":"open","sticky":false,"template":"","format":"standard","meta":{"_jetpack_memberships_contains_paid_content":false,"footnotes":""},"categories":[15],"tags":[98,36,199],"class_list":["post-13111","post","type-post","status-publish","format-standard","has-post-thumbnail","hentry","category-actualidad","tag-nosotros","tag-ortodoncia","tag-promocion"],"yoast_head":"<!-- This site is optimized with the Yoast SEO plugin v27.5 - https:\/\/yoast.com\/product\/yoast-seo-wordpress\/ -->\n<title>Vuelve el &#039;Mes de la Ortodoncia&#039; - V\u00e9lez &amp; Lozano<\/title>\n<meta name=\"robots\" content=\"index, follow, max-snippet:-1, max-image-preview:large, max-video-preview:-1\" \/>\n<link rel=\"canonical\" href=\"https:\/\/velezylozano.com\/en\/orthodontics-month-returns\/\" \/>\n<meta property=\"og:locale\" content=\"en_GB\" \/>\n<meta property=\"og:type\" content=\"article\" \/>\n<meta property=\"og:title\" content=\"Vuelve el &#039;Mes de la Ortodoncia&#039; - V\u00e9lez &amp; Lozano\" \/>\n<meta property=\"og:description\" content=\"Un a\u00f1o m\u00e1s hemos escogido marzo para celebrar el &#8216;Mes de la Ortodoncia&#8217;, con un descuento de un 10% en todos nuestros tratamientos de ortodoncia -a excepci\u00f3n de ortopedia-, por lo que si siempre has estado dudando en dar el paso o conoces a alguien en esas circunstancias, es el momento ideal para al fin [&hellip;]\" \/>\n<meta property=\"og:url\" content=\"https:\/\/velezylozano.com\/en\/orthodontics-month-returns\/\" \/>\n<meta property=\"og:site_name\" content=\"V\u00e9lez &amp; Lozano\" \/>\n<meta property=\"article:published_time\" content=\"2025-03-04T11:00:19+00:00\" \/>\n<meta property=\"article:modified_time\" content=\"2025-03-06T11:07:54+00:00\" \/>\n<meta property=\"og:image\" content=\"https:\/\/velezylozano.com\/wp-content\/uploads\/2025\/03\/FOTO-LV-2.jpeg\" \/>\n\t<meta property=\"og:image:width\" content=\"640\" \/>\n\t<meta property=\"og:image:height\" content=\"480\" \/>\n\t<meta property=\"og:image:type\" content=\"image\/jpeg\" \/>\n<meta name=\"author\" content=\"Francisco J.\" \/>\n<meta name=\"twitter:card\" content=\"summary_large_image\" \/>\n<meta name=\"twitter:label1\" content=\"Written by\" \/>\n\t<meta name=\"twitter:data1\" content=\"Francisco J.\" \/>\n\t<meta name=\"twitter:label2\" content=\"Estimated reading time\" \/>\n\t<meta name=\"twitter:data2\" content=\"1 minute\" \/>\n<script type=\"application\/ld+json\" class=\"yoast-schema-graph\">{\"@context\":\"https:\\\/\\\/schema.org\",\"@graph\":[{\"@type\":\"Article\",\"@id\":\"https:\\\/\\\/velezylozano.com\\\/vuelve-el-mes-de-la-ortodoncia\\\/#article\",\"isPartOf\":{\"@id\":\"https:\\\/\\\/velezylozano.com\\\/vuelve-el-mes-de-la-ortodoncia\\\/\"},\"author\":{\"name\":\"Francisco J.\",\"@id\":\"https:\\\/\\\/velezylozano.com\\\/#\\\/schema\\\/person\\\/398ff8f7c21db7df8107c871189b1d1e\"},\"headline\":\"Vuelve el &#8216;Mes de la Ortodoncia&#8217;\",\"datePublished\":\"2025-03-04T11:00:19+00:00\",\"dateModified\":\"2025-03-06T11:07:54+00:00\",\"mainEntityOfPage\":{\"@id\":\"https:\\\/\\\/velezylozano.com\\\/vuelve-el-mes-de-la-ortodoncia\\\/\"},\"wordCount\":104,\"commentCount\":0,\"publisher\":{\"@id\":\"https:\\\/\\\/velezylozano.com\\\/#organization\"},\"image\":{\"@id\":\"https:\\\/\\\/velezylozano.com\\\/vuelve-el-mes-de-la-ortodoncia\\\/#primaryimage\"},\"thumbnailUrl\":\"https:\\\/\\\/i0.wp.com\\\/velezylozano.com\\\/wp-content\\\/uploads\\\/2025\\\/03\\\/FOTO-LV-2.jpeg?fit=640%2C480&ssl=1\",\"keywords\":[\"nosotros\",\"ortodoncia\",\"promoci\u00f3n\"],\"articleSection\":[\"Actualidad\"],\"inLanguage\":\"en-GB\",\"potentialAction\":[{\"@type\":\"CommentAction\",\"name\":\"Comment\",\"target\":[\"https:\\\/\\\/velezylozano.com\\\/vuelve-el-mes-de-la-ortodoncia\\\/#respond\"]}]},{\"@type\":\"WebPage\",\"@id\":\"https:\\\/\\\/velezylozano.com\\\/vuelve-el-mes-de-la-ortodoncia\\\/\",\"url\":\"https:\\\/\\\/velezylozano.com\\\/vuelve-el-mes-de-la-ortodoncia\\\/\",\"name\":\"Vuelve el 'Mes de la Ortodoncia' - V\u00e9lez &amp; Lozano\",\"isPartOf\":{\"@id\":\"https:\\\/\\\/velezylozano.com\\\/#website\"},\"primaryImageOfPage\":{\"@id\":\"https:\\\/\\\/velezylozano.com\\\/vuelve-el-mes-de-la-ortodoncia\\\/#primaryimage\"},\"image\":{\"@id\":\"https:\\\/\\\/velezylozano.com\\\/vuelve-el-mes-de-la-ortodoncia\\\/#primaryimage\"},\"thumbnailUrl\":\"https:\\\/\\\/i0.wp.com\\\/velezylozano.com\\\/wp-content\\\/uploads\\\/2025\\\/03\\\/FOTO-LV-2.jpeg?fit=640%2C480&ssl=1\",\"datePublished\":\"2025-03-04T11:00:19+00:00\",\"dateModified\":\"2025-03-06T11:07:54+00:00\",\"breadcrumb\":{\"@id\":\"https:\\\/\\\/velezylozano.com\\\/vuelve-el-mes-de-la-ortodoncia\\\/#breadcrumb\"},\"inLanguage\":\"en-GB\",\"potentialAction\":[{\"@type\":\"ReadAction\",\"target\":[\"https:\\\/\\\/velezylozano.com\\\/vuelve-el-mes-de-la-ortodoncia\\\/\"]}]},{\"@type\":\"ImageObject\",\"inLanguage\":\"en-GB\",\"@id\":\"https:\\\/\\\/velezylozano.com\\\/vuelve-el-mes-de-la-ortodoncia\\\/#primaryimage\",\"url\":\"https:\\\/\\\/i0.wp.com\\\/velezylozano.com\\\/wp-content\\\/uploads\\\/2025\\\/03\\\/FOTO-LV-2.jpeg?fit=640%2C480&ssl=1\",\"contentUrl\":\"https:\\\/\\\/i0.wp.com\\\/velezylozano.com\\\/wp-content\\\/uploads\\\/2025\\\/03\\\/FOTO-LV-2.jpeg?fit=640%2C480&ssl=1\",\"width\":640,\"height\":480},{\"@type\":\"BreadcrumbList\",\"@id\":\"https:\\\/\\\/velezylozano.com\\\/vuelve-el-mes-de-la-ortodoncia\\\/#breadcrumb\",\"itemListElement\":[{\"@type\":\"ListItem\",\"position\":1,\"name\":\"Home\",\"item\":\"https:\\\/\\\/velezylozano.com\\\/\"},{\"@type\":\"ListItem\",\"position\":2,\"name\":\"Vuelve el &#8216;Mes de la Ortodoncia&#8217;\"}]},{\"@type\":\"WebSite\",\"@id\":\"https:\\\/\\\/velezylozano.com\\\/#website\",\"url\":\"https:\\\/\\\/velezylozano.com\\\/\",\"name\":\"V\u00e9lez &amp; Lozano\",\"description\":\"Cl\u00ednica dental en Murcia desde 2008\",\"publisher\":{\"@id\":\"https:\\\/\\\/velezylozano.com\\\/#organization\"},\"potentialAction\":[{\"@type\":\"SearchAction\",\"target\":{\"@type\":\"EntryPoint\",\"urlTemplate\":\"https:\\\/\\\/velezylozano.com\\\/?s={search_term_string}\"},\"query-input\":{\"@type\":\"PropertyValueSpecification\",\"valueRequired\":true,\"valueName\":\"search_term_string\"}}],\"inLanguage\":\"en-GB\"},{\"@type\":\"Organization\",\"@id\":\"https:\\\/\\\/velezylozano.com\\\/#organization\",\"name\":\"V\u00e9lez &amp; Lozano\",\"url\":\"https:\\\/\\\/velezylozano.com\\\/\",\"logo\":{\"@type\":\"ImageObject\",\"inLanguage\":\"en-GB\",\"@id\":\"https:\\\/\\\/velezylozano.com\\\/#\\\/schema\\\/logo\\\/image\\\/\",\"url\":\"https:\\\/\\\/velezylozano.com\\\/wp-content\\\/uploads\\\/2021\\\/12\\\/velezlozanologo.svg\",\"contentUrl\":\"https:\\\/\\\/velezylozano.com\\\/wp-content\\\/uploads\\\/2021\\\/12\\\/velezlozanologo.svg\",\"width\":322,\"height\":33,\"caption\":\"V\u00e9lez &amp; Lozano\"},\"image\":{\"@id\":\"https:\\\/\\\/velezylozano.com\\\/#\\\/schema\\\/logo\\\/image\\\/\"}},{\"@type\":\"Person\",\"@id\":\"https:\\\/\\\/velezylozano.com\\\/#\\\/schema\\\/person\\\/398ff8f7c21db7df8107c871189b1d1e\",\"name\":\"Francisco J.\",\"image\":{\"@type\":\"ImageObject\",\"inLanguage\":\"en-GB\",\"@id\":\"https:\\\/\\\/secure.gravatar.com\\\/avatar\\\/b056eb0e17a1840d21420e19579ca7ec0a72d573f65fbb56bc8851b1c131d355?s=96&d=mm&r=g\",\"url\":\"https:\\\/\\\/secure.gravatar.com\\\/avatar\\\/b056eb0e17a1840d21420e19579ca7ec0a72d573f65fbb56bc8851b1c131d355?s=96&d=mm&r=g\",\"contentUrl\":\"https:\\\/\\\/secure.gravatar.com\\\/avatar\\\/b056eb0e17a1840d21420e19579ca7ec0a72d573f65fbb56bc8851b1c131d355?s=96&d=mm&r=g\",\"caption\":\"Francisco J.\"},\"url\":\"https:\\\/\\\/velezylozano.com\\\/en\\\/author\\\/fran\\\/\"}]}<\/script>\n<!-- \/ Yoast SEO plugin. -->","yoast_head_json":{"title":"Orthodontics Month' is back - V\u00e9lez &amp; Lozano","robots":{"index":"index","follow":"follow","max-snippet":"max-snippet:-1","max-image-preview":"max-image-preview:large","max-video-preview":"max-video-preview:-1"},"canonical":"https:\/\/velezylozano.com\/en\/orthodontics-month-returns\/","og_locale":"en_GB","og_type":"article","og_title":"Vuelve el 'Mes de la Ortodoncia' - V\u00e9lez &amp; Lozano","og_description":"Un a\u00f1o m\u00e1s hemos escogido marzo para celebrar el &#8216;Mes de la Ortodoncia&#8217;, con un descuento de un 10% en todos nuestros tratamientos de ortodoncia -a excepci\u00f3n de ortopedia-, por lo que si siempre has estado dudando en dar el paso o conoces a alguien en esas circunstancias, es el momento ideal para al fin [&hellip;]","og_url":"https:\/\/velezylozano.com\/en\/orthodontics-month-returns\/","og_site_name":"V\u00e9lez &amp; Lozano","article_published_time":"2025-03-04T11:00:19+00:00","article_modified_time":"2025-03-06T11:07:54+00:00","og_image":[{"width":640,"height":480,"url":"https:\/\/velezylozano.com\/wp-content\/uploads\/2025\/03\/FOTO-LV-2.jpeg","type":"image\/jpeg"}],"author":"Francisco J.","twitter_card":"summary_large_image","twitter_misc":{"Written by":"Francisco J.","Estimated reading time":"1 minute"},"schema":{"@context":"https:\/\/schema.org","@graph":[{"@type":"Article","@id":"https:\/\/velezylozano.com\/vuelve-el-mes-de-la-ortodoncia\/#article","isPartOf":{"@id":"https:\/\/velezylozano.com\/vuelve-el-mes-de-la-ortodoncia\/"},"author":{"name":"Francisco J.","@id":"https:\/\/velezylozano.com\/#\/schema\/person\/398ff8f7c21db7df8107c871189b1d1e"},"headline":"Vuelve el &#8216;Mes de la Ortodoncia&#8217;","datePublished":"2025-03-04T11:00:19+00:00","dateModified":"2025-03-06T11:07:54+00:00","mainEntityOfPage":{"@id":"https:\/\/velezylozano.com\/vuelve-el-mes-de-la-ortodoncia\/"},"wordCount":104,"commentCount":0,"publisher":{"@id":"https:\/\/velezylozano.com\/#organization"},"image":{"@id":"https:\/\/velezylozano.com\/vuelve-el-mes-de-la-ortodoncia\/#primaryimage"},"thumbnailUrl":"https:\/\/i0.wp.com\/velezylozano.com\/wp-content\/uploads\/2025\/03\/FOTO-LV-2.jpeg?fit=640%2C480&ssl=1","keywords":["nosotros","ortodoncia","promoci\u00f3n"],"articleSection":["Actualidad"],"inLanguage":"en-GB","potentialAction":[{"@type":"CommentAction","name":"Comment","target":["https:\/\/velezylozano.com\/vuelve-el-mes-de-la-ortodoncia\/#respond"]}]},{"@type":"WebPage","@id":"https:\/\/velezylozano.com\/vuelve-el-mes-de-la-ortodoncia\/","url":"https:\/\/velezylozano.com\/vuelve-el-mes-de-la-ortodoncia\/","name":"Orthodontics Month' is back - V\u00e9lez &amp; Lozano","isPartOf":{"@id":"https:\/\/velezylozano.com\/#website"},"primaryImageOfPage":{"@id":"https:\/\/velezylozano.com\/vuelve-el-mes-de-la-ortodoncia\/#primaryimage"},"image":{"@id":"https:\/\/velezylozano.com\/vuelve-el-mes-de-la-ortodoncia\/#primaryimage"},"thumbnailUrl":"https:\/\/i0.wp.com\/velezylozano.com\/wp-content\/uploads\/2025\/03\/FOTO-LV-2.jpeg?fit=640%2C480&ssl=1","datePublished":"2025-03-04T11:00:19+00:00","dateModified":"2025-03-06T11:07:54+00:00","breadcrumb":{"@id":"https:\/\/velezylozano.com\/vuelve-el-mes-de-la-ortodoncia\/#breadcrumb"},"inLanguage":"en-GB","potentialAction":[{"@type":"ReadAction","target":["https:\/\/velezylozano.com\/vuelve-el-mes-de-la-ortodoncia\/"]}]},{"@type":"ImageObject","inLanguage":"en-GB","@id":"https:\/\/velezylozano.com\/vuelve-el-mes-de-la-ortodoncia\/#primaryimage","url":"https:\/\/i0.wp.com\/velezylozano.com\/wp-content\/uploads\/2025\/03\/FOTO-LV-2.jpeg?fit=640%2C480&ssl=1","contentUrl":"https:\/\/i0.wp.com\/velezylozano.com\/wp-content\/uploads\/2025\/03\/FOTO-LV-2.jpeg?fit=640%2C480&ssl=1","width":640,"height":480},{"@type":"BreadcrumbList","@id":"https:\/\/velezylozano.com\/vuelve-el-mes-de-la-ortodoncia\/#breadcrumb","itemListElement":[{"@type":"ListItem","position":1,"name":"Home","item":"https:\/\/velezylozano.com\/"},{"@type":"ListItem","position":2,"name":"Vuelve el &#8216;Mes de la Ortodoncia&#8217;"}]},{"@type":"WebSite","@id":"https:\/\/velezylozano.com\/#website","url":"https:\/\/velezylozano.com\/","name":"Velez &amp; Lozano","description":"Dental clinic in Murcia since 2008","publisher":{"@id":"https:\/\/velezylozano.com\/#organization"},"potentialAction":[{"@type":"SearchAction","target":{"@type":"EntryPoint","urlTemplate":"https:\/\/velezylozano.com\/?s={search_term_string}"},"query-input":{"@type":"PropertyValueSpecification","valueRequired":true,"valueName":"search_term_string"}}],"inLanguage":"en-GB"},{"@type":"Organization","@id":"https:\/\/velezylozano.com\/#organization","name":"Velez &amp; Lozano","url":"https:\/\/velezylozano.com\/","logo":{"@type":"ImageObject","inLanguage":"en-GB","@id":"https:\/\/velezylozano.com\/#\/schema\/logo\/image\/","url":"https:\/\/velezylozano.com\/wp-content\/uploads\/2021\/12\/velezlozanologo.svg","contentUrl":"https:\/\/velezylozano.com\/wp-content\/uploads\/2021\/12\/velezlozanologo.svg","width":322,"height":33,"caption":"V\u00e9lez &amp; Lozano"},"image":{"@id":"https:\/\/velezylozano.com\/#\/schema\/logo\/image\/"}},{"@type":"Person","@id":"https:\/\/velezylozano.com\/#\/schema\/person\/398ff8f7c21db7df8107c871189b1d1e","name":"Francisco J.","image":{"@type":"ImageObject","inLanguage":"en-GB","@id":"https:\/\/secure.gravatar.com\/avatar\/b056eb0e17a1840d21420e19579ca7ec0a72d573f65fbb56bc8851b1c131d355?s=96&d=mm&r=g","url":"https:\/\/secure.gravatar.com\/avatar\/b056eb0e17a1840d21420e19579ca7ec0a72d573f65fbb56bc8851b1c131d355?s=96&d=mm&r=g","contentUrl":"https:\/\/secure.gravatar.com\/avatar\/b056eb0e17a1840d21420e19579ca7ec0a72d573f65fbb56bc8851b1c131d355?s=96&d=mm&r=g","caption":"Francisco J."},"url":"https:\/\/velezylozano.com\/en\/author\/fran\/"}]}},"jetpack_featured_media_url":"https:\/\/i0.wp.com\/velezylozano.com\/wp-content\/uploads\/2025\/03\/FOTO-LV-2.jpeg?fit=640%2C480&ssl=1","jetpack-related-posts":[{"id":8196,"url":"https:\/\/velezylozano.com\/en\/orthodontic-treatment-in-ten-months-is-possible-orthodontics-murcia\/","url_meta":{"origin":13111,"position":0},"title":"Orthodontic treatment in ten months, is it possible? - Orthodontics Murcia","author":"Comunicaci\u00f3n V&amp;L","date":"13 de May de 2014","format":false,"excerpt":"La ortodoncia es la rama de la Odontolog\u00eda que se encarga de colocar los dientes en la posici\u00f3n ideal, tanto para que los pacientes mastiquen y ocluyan de forma arm\u00f3nica, equilibrada y ofrecer as\u00ed la posibilidad de que \u00e9stos tengan una situaci\u00f3n anat\u00f3mica favorable para el desarrollo de sus maxilares.\u2026","rel":"","context":"Similar post","block_context":{"text":"Similar post","link":""},"img":{"alt_text":"","src":"https:\/\/i0.wp.com\/velezylozano.com\/wp-content\/uploads\/2022\/01\/velez-y-lozano-clinica-dental-region-murcia-nacho-ignacio-vazquez-natividad-libro-sonrisas-instagram-scaled-1.jpg?fit=1200%2C800&ssl=1&resize=350%2C200","width":350,"height":200,"srcset":"https:\/\/i0.wp.com\/velezylozano.com\/wp-content\/uploads\/2022\/01\/velez-y-lozano-clinica-dental-region-murcia-nacho-ignacio-vazquez-natividad-libro-sonrisas-instagram-scaled-1.jpg?fit=1200%2C800&ssl=1&resize=350%2C200 1x, https:\/\/i0.wp.com\/velezylozano.com\/wp-content\/uploads\/2022\/01\/velez-y-lozano-clinica-dental-region-murcia-nacho-ignacio-vazquez-natividad-libro-sonrisas-instagram-scaled-1.jpg?fit=1200%2C800&ssl=1&resize=525%2C300 1.5x, https:\/\/i0.wp.com\/velezylozano.com\/wp-content\/uploads\/2022\/01\/velez-y-lozano-clinica-dental-region-murcia-nacho-ignacio-vazquez-natividad-libro-sonrisas-instagram-scaled-1.jpg?fit=1200%2C800&ssl=1&resize=700%2C400 2x, https:\/\/i0.wp.com\/velezylozano.com\/wp-content\/uploads\/2022\/01\/velez-y-lozano-clinica-dental-region-murcia-nacho-ignacio-vazquez-natividad-libro-sonrisas-instagram-scaled-1.jpg?fit=1200%2C800&ssl=1&resize=1050%2C600 3x"},"classes":[]},{"id":11776,"url":"https:\/\/velezylozano.com\/en\/the-most-demanded-treatments-at-the-end-of-orthodontics\/","url_meta":{"origin":13111,"position":1},"title":"The most popular treatments at the end of orthodontic treatment","author":"Diego Saura Mi\u00f1ano","date":"4 de May de 2023","format":false,"excerpt":"Cuando un paciente acude a nuestra cl\u00ednica dental, puede deberse a diferentes motivos, pero casi siempre podemos separarlos en tres categor\u00edas principales: general, que ser\u00edan aquellas visitas de revisi\u00f3n, limpieza o, dicho de otra forma, \u2018mantenimiento\u2019; urgencia, que son aquellas que vienen a resolver una molestia puntual, lo cual no\u2026","rel":"","context":"In &quot;2023&quot;","block_context":{"text":"2023","link":"https:\/\/velezylozano.com\/en\/category\/2023\/"},"img":{"alt_text":"","src":"https:\/\/i0.wp.com\/velezylozano.com\/wp-content\/uploads\/2023\/05\/Captura-de-pantalla-2023-05-03-a-las-11.27.40.png?fit=448%2C430&ssl=1&resize=350%2C200","width":350,"height":200},"classes":[]},{"id":8018,"url":"https:\/\/velezylozano.com\/en\/lingual-orthodontics-in-murcia\/","url_meta":{"origin":13111,"position":2},"title":"Lingual orthodontics in Murcia","author":"Comunicaci\u00f3n V&amp;L","date":"1 de September de 2012","format":false,"excerpt":"Empieza el mes de septiembre y, con un curso nuevo, todos nos hacemos firmes prop\u00f3sitos de cambiar y mejorar cosas. L\u00f3gico y normal. Siempre ha sido as\u00ed, y posiblemente sea uno de los rasgos m\u00e1s caracter\u00edsticos del ser humano... a fin de cuentas, somos el \u00fanico animal que tropieza dos\u2026","rel":"","context":"Similar post","block_context":{"text":"Similar post","link":""},"img":{"alt_text":"","src":"https:\/\/i0.wp.com\/velezylozano.com\/wp-content\/uploads\/2022\/01\/ortodoncia_lingual_CABECERA_879239.png?fit=1200%2C525&ssl=1&resize=350%2C200","width":350,"height":200,"srcset":"https:\/\/i0.wp.com\/velezylozano.com\/wp-content\/uploads\/2022\/01\/ortodoncia_lingual_CABECERA_879239.png?fit=1200%2C525&ssl=1&resize=350%2C200 1x, https:\/\/i0.wp.com\/velezylozano.com\/wp-content\/uploads\/2022\/01\/ortodoncia_lingual_CABECERA_879239.png?fit=1200%2C525&ssl=1&resize=525%2C300 1.5x, https:\/\/i0.wp.com\/velezylozano.com\/wp-content\/uploads\/2022\/01\/ortodoncia_lingual_CABECERA_879239.png?fit=1200%2C525&ssl=1&resize=700%2C400 2x, https:\/\/i0.wp.com\/velezylozano.com\/wp-content\/uploads\/2022\/01\/ortodoncia_lingual_CABECERA_879239.png?fit=1200%2C525&ssl=1&resize=1050%2C600 3x"},"classes":[]},{"id":8202,"url":"https:\/\/velezylozano.com\/en\/can-i-have-invisalign-if-i-have-missing-teeth-or-molars-orthodontics-santomera\/","url_meta":{"origin":13111,"position":3},"title":"Can I have Invisalign if I have missing teeth or molars? - Orthodontics Santomera","author":"Comunicaci\u00f3n V&amp;L","date":"22 de May de 2014","format":false,"excerpt":"Disfrutar de una sonrisa sana, con dientes alineados que cumplan su funci\u00f3n masticatoria de forma ideal, que permitan una higiene adecuada sin que existan recovecos entre ellos que acumulen comida, y que nos ayuden a sonreir de forma natural y despreocupada, es un deseo compartido por muchas personas de la\u2026","rel":"","context":"Similar post","block_context":{"text":"Similar post","link":""},"img":{"alt_text":"","src":"https:\/\/i0.wp.com\/velezylozano.com\/wp-content\/uploads\/2022\/01\/21032017-_DSC0970-scaled-1.jpg?fit=1200%2C800&ssl=1&resize=350%2C200","width":350,"height":200,"srcset":"https:\/\/i0.wp.com\/velezylozano.com\/wp-content\/uploads\/2022\/01\/21032017-_DSC0970-scaled-1.jpg?fit=1200%2C800&ssl=1&resize=350%2C200 1x, https:\/\/i0.wp.com\/velezylozano.com\/wp-content\/uploads\/2022\/01\/21032017-_DSC0970-scaled-1.jpg?fit=1200%2C800&ssl=1&resize=525%2C300 1.5x, https:\/\/i0.wp.com\/velezylozano.com\/wp-content\/uploads\/2022\/01\/21032017-_DSC0970-scaled-1.jpg?fit=1200%2C800&ssl=1&resize=700%2C400 2x, https:\/\/i0.wp.com\/velezylozano.com\/wp-content\/uploads\/2022\/01\/21032017-_DSC0970-scaled-1.jpg?fit=1200%2C800&ssl=1&resize=1050%2C600 3x"},"classes":[]},{"id":9135,"url":"https:\/\/velezylozano.com\/en\/lingual-orthodontics-murcia\/","url_meta":{"origin":13111,"position":4},"title":"Is lingual orthodontics for me?","author":"Ana P\u00e9rez Pardo","date":"28 de January de 2022","format":false,"excerpt":"Ya sea porque has decidido comenzar el a\u00f1o con ortodoncia y te planteas la opci\u00f3n de la lingual o si simplemente te genera curiosidad y quieres saber m\u00e1s sobre ella, \u00a1est\u00e1s en el sitio adecuado! Son muchos los pacientes que nos preguntan por las diferencias entre este tipo de ortodoncia\u2026","rel":"","context":"In &quot;2022&quot;","block_context":{"text":"2022","link":"https:\/\/velezylozano.com\/en\/category\/2022\/"},"img":{"alt_text":"","src":"https:\/\/i0.wp.com\/velezylozano.com\/wp-content\/uploads\/2022\/01\/ortodoncia-lingual.jpeg?fit=1093%2C614&ssl=1&resize=350%2C200","width":350,"height":200,"srcset":"https:\/\/i0.wp.com\/velezylozano.com\/wp-content\/uploads\/2022\/01\/ortodoncia-lingual.jpeg?fit=1093%2C614&ssl=1&resize=350%2C200 1x, https:\/\/i0.wp.com\/velezylozano.com\/wp-content\/uploads\/2022\/01\/ortodoncia-lingual.jpeg?fit=1093%2C614&ssl=1&resize=525%2C300 1.5x, https:\/\/i0.wp.com\/velezylozano.com\/wp-content\/uploads\/2022\/01\/ortodoncia-lingual.jpeg?fit=1093%2C614&ssl=1&resize=700%2C400 2x, https:\/\/i0.wp.com\/velezylozano.com\/wp-content\/uploads\/2022\/01\/ortodoncia-lingual.jpeg?fit=1093%2C614&ssl=1&resize=1050%2C600 3x"},"classes":[]},{"id":8454,"url":"https:\/\/velezylozano.com\/en\/the-other-side-of-orthodontics\/","url_meta":{"origin":13111,"position":5},"title":"The other side of Orthodontics","author":"Comunicaci\u00f3n V&amp;L","date":"16 de January de 2021","format":false,"excerpt":"\u00bfCu\u00e1l es la edad ideal para ponerle ortodoncia a mi hijo\/a? Muchos padres nos preguntan en numerosas ocasiones: \u00bfcu\u00e1l es la edad ideal para ponerle ortodoncia a mi hijo\/a? Lo cierto es que la respuesta es relativa, pues en muchos casos es necesario actuar desde los 6 a\u00f1os cuando nuestros\u2026","rel":"","context":"In &quot;2021&quot;","block_context":{"text":"2021","link":"https:\/\/velezylozano.com\/en\/category\/2021\/"},"img":{"alt_text":"","src":"https:\/\/i0.wp.com\/velezylozano.com\/wp-content\/uploads\/2022\/01\/otra-cara-ortodoncia-nin%CC%83os.jpg?fit=900%2C600&ssl=1&resize=350%2C200","width":350,"height":200,"srcset":"https:\/\/i0.wp.com\/velezylozano.com\/wp-content\/uploads\/2022\/01\/otra-cara-ortodoncia-nin%CC%83os.jpg?fit=900%2C600&ssl=1&resize=350%2C200 1x, https:\/\/i0.wp.com\/velezylozano.com\/wp-content\/uploads\/2022\/01\/otra-cara-ortodoncia-nin%CC%83os.jpg?fit=900%2C600&ssl=1&resize=525%2C300 1.5x, https:\/\/i0.wp.com\/velezylozano.com\/wp-content\/uploads\/2022\/01\/otra-cara-ortodoncia-nin%CC%83os.jpg?fit=900%2C600&ssl=1&resize=700%2C400 2x"},"classes":[]}],"jetpack_sharing_enabled":true,"_links":{"self":[{"href":"https:\/\/velezylozano.com\/en\/wp-json\/wp\/v2\/posts\/13111","targetHints":{"allow":["GET"]}}],"collection":[{"href":"https:\/\/velezylozano.com\/en\/wp-json\/wp\/v2\/posts"}],"about":[{"href":"https:\/\/velezylozano.com\/en\/wp-json\/wp\/v2\/types\/post"}],"author":[{"embeddable":true,"href":"https:\/\/velezylozano.com\/en\/wp-json\/wp\/v2\/users\/4"}],"replies":[{"embeddable":true,"href":"https:\/\/velezylozano.com\/en\/wp-json\/wp\/v2\/comments?post=13111"}],"version-history":[{"count":2,"href":"https:\/\/velezylozano.com\/en\/wp-json\/wp\/v2\/posts\/13111\/revisions"}],"predecessor-version":[{"id":13123,"href":"https:\/\/velezylozano.com\/en\/wp-json\/wp\/v2\/posts\/13111\/revisions\/13123"}],"wp:featuredmedia":[{"embeddable":true,"href":"https:\/\/velezylozano.com\/en\/wp-json\/wp\/v2\/media\/13112"}],"wp:attachment":[{"href":"https:\/\/velezylozano.com\/en\/wp-json\/wp\/v2\/media?parent=13111"}],"wp:term":[{"taxonomy":"category","embeddable":true,"href":"https:\/\/velezylozano.com\/en\/wp-json\/wp\/v2\/categories?post=13111"},{"taxonomy":"post_tag","embeddable":true,"href":"https:\/\/velezylozano.com\/en\/wp-json\/wp\/v2\/tags?post=13111"}],"curies":[{"name":"wp","href":"https:\/\/api.w.org\/{rel}","templated":true}]}}