{"id":5564,"date":"2020-04-26T14:05:00","date_gmt":"2020-04-26T14:05:00","guid":{"rendered":"https:\/\/velezylozano.com\/?p=5564"},"modified":"2020-04-26T14:05:00","modified_gmt":"2020-04-26T14:05:00","slug":"sara-perez-attends-the-european-meeting-of-ambassadors-of-dental-monitoring","status":"publish","type":"post","link":"https:\/\/velezylozano.com\/en\/sara-perez-attends-the-european-meeting-of-ambassadors-of-dental-monitoring\/","title":{"rendered":"Dr. Sara P\u00e9rez D\u00edaz attends Dental Monitoring's European Ambassadors Meeting"},"content":{"rendered":"<p>Sara P\u00e9rez D\u00edaz, orthodontist at <a href=\"https:\/\/velezylozano.com\/en\/\">Velez &amp; Lozano<\/a>on 20 April, attended the <strong>European Dental Monitoring Ambassadors Meeting<\/strong>.<\/p>\n\n\n\n<p>Dental Monitoring is a pioneer in virtual monitoring in dentistry using artificial intelligence. Through the mobile application, patients can <strong>\"monitor\" your orthodontic treatment from home. <\/strong>This application will ask the patient for a series of records that will be analysed by the artificial intelligence, and will provide clinical data to professionals in order to subsequently indicate to patients what the next steps are.<\/p>\n\n\n\n<p>Innovation applied to the <strong>Dentistry<\/strong> has completely revolutionised the entire sector: patients can carry out orthodontic treatment semi-attendantly, so that, from home, they maintain close contact with the orthodontist, who will give them all the information and indications for the treatment.<\/p>\n\n\n\n<blockquote class=\"wp-block-quote is-layout-flow wp-block-quote-is-layout-flow\"><p>Dr. Sara P\u00e9rez emphasises that \"<strong>is very convenient for patients, as patients are scanned in less than 1 minute.<\/strong>moments later, they can see on their mobile phone the progress of their treatment and the indications that we recommend they follow at the clinic. Undoubtedly, in these times of pandemic, the reduction of travel is an important factor for patients to feel at ease\".<\/p><\/blockquote>\n\n\n\n<p><\/p>","protected":false},"excerpt":{"rendered":"<p>Sara P\u00e9rez D\u00edaz, orthodontist at V\u00e9lez &amp; Lozano, attended Dental Monitoring's European Ambassadors Meeting on 20 April. Dental Monitoring is a pioneer in virtual monitoring in dentistry using artificial intelligence. Through the mobile application, patients can \"monitor\" their orthodontic treatment from home. This application will ask the patient to [...]<\/p>","protected":false},"author":3,"featured_media":5605,"comment_status":"closed","ping_status":"closed","sticky":false,"template":"","format":"standard","meta":{"_jetpack_memberships_contains_paid_content":false,"footnotes":""},"categories":[15],"tags":[],"class_list":["post-5564","post","type-post","status-publish","format-standard","has-post-thumbnail","hentry","category-actualidad"],"yoast_head":"<!-- This site is optimized with the Yoast SEO plugin v27.5 - https:\/\/yoast.com\/product\/yoast-seo-wordpress\/ -->\n<title>Sara P\u00e9rez acude al Encuentro de Embajadores de Dental Monitoring<\/title>\n<meta name=\"description\" content=\"Sara P\u00e9rez D\u00edaz, ortodoncista de V\u00e9lez &amp; Lozano, asisti\u00f3 el pasado 20 de abril al Encuentro Europeo de Embajadores de Dental Monitoring.\" \/>\n<meta name=\"robots\" content=\"index, follow, max-snippet:-1, max-image-preview:large, max-video-preview:-1\" \/>\n<link rel=\"canonical\" href=\"https:\/\/velezylozano.com\/en\/sara-perez-attends-the-european-meeting-of-ambassadors-of-dental-monitoring\/\" \/>\n<meta property=\"og:locale\" content=\"en_GB\" \/>\n<meta property=\"og:type\" content=\"article\" \/>\n<meta property=\"og:title\" content=\"Sara P\u00e9rez acude al Encuentro de Embajadores de Dental Monitoring\" \/>\n<meta property=\"og:description\" content=\"Sara P\u00e9rez D\u00edaz, ortodoncista de V\u00e9lez &amp; Lozano, asisti\u00f3 el pasado 20 de abril al Encuentro Europeo de Embajadores de Dental Monitoring.\" \/>\n<meta property=\"og:url\" content=\"https:\/\/velezylozano.com\/en\/sara-perez-attends-the-european-meeting-of-ambassadors-of-dental-monitoring\/\" \/>\n<meta property=\"og:site_name\" content=\"V\u00e9lez &amp; Lozano\" \/>\n<meta property=\"article:published_time\" content=\"2020-04-26T14:05:00+00:00\" \/>\n<meta property=\"og:image\" content=\"https:\/\/i0.wp.com\/velezylozano.com\/wp-content\/uploads\/2020\/04\/sara-perez-diaz-dentalmonitoringjpg.jpg?fit=614%2C439&ssl=1\" \/>\n\t<meta property=\"og:image:width\" content=\"614\" \/>\n\t<meta property=\"og:image:height\" content=\"439\" \/>\n\t<meta property=\"og:image:type\" content=\"image\/jpeg\" \/>\n<meta name=\"author\" content=\"Comunicaci\u00f3n V&amp;L\" \/>\n<meta name=\"twitter:card\" content=\"summary_large_image\" \/>\n<meta name=\"twitter:label1\" content=\"Written by\" \/>\n\t<meta name=\"twitter:data1\" content=\"Comunicaci\u00f3n V&amp;L\" \/>\n\t<meta name=\"twitter:label2\" content=\"Estimated reading time\" \/>\n\t<meta name=\"twitter:data2\" content=\"1 minute\" \/>\n<script type=\"application\/ld+json\" class=\"yoast-schema-graph\">{\"@context\":\"https:\\\/\\\/schema.org\",\"@graph\":[{\"@type\":\"Article\",\"@id\":\"https:\\\/\\\/velezylozano.com\\\/sara-perez-acude-al-encuentro-europeo-de-embajadores-de-dental-monitoring\\\/#article\",\"isPartOf\":{\"@id\":\"https:\\\/\\\/velezylozano.com\\\/sara-perez-acude-al-encuentro-europeo-de-embajadores-de-dental-monitoring\\\/\"},\"author\":{\"name\":\"Comunicaci\u00f3n V&amp;L\",\"@id\":\"https:\\\/\\\/velezylozano.com\\\/#\\\/schema\\\/person\\\/1c56e3cf63dd58194e47c0f52ee1acd5\"},\"headline\":\"La Dr. Sara P\u00e9rez D\u00edaz acude al Encuentro Europeo de Embajadores de Dental Monitoring\",\"datePublished\":\"2020-04-26T14:05:00+00:00\",\"mainEntityOfPage\":{\"@id\":\"https:\\\/\\\/velezylozano.com\\\/sara-perez-acude-al-encuentro-europeo-de-embajadores-de-dental-monitoring\\\/\"},\"wordCount\":236,\"publisher\":{\"@id\":\"https:\\\/\\\/velezylozano.com\\\/#organization\"},\"image\":{\"@id\":\"https:\\\/\\\/velezylozano.com\\\/sara-perez-acude-al-encuentro-europeo-de-embajadores-de-dental-monitoring\\\/#primaryimage\"},\"thumbnailUrl\":\"https:\\\/\\\/i0.wp.com\\\/velezylozano.com\\\/wp-content\\\/uploads\\\/2020\\\/04\\\/sara-perez-diaz-dentalmonitoringjpg.jpg?fit=614%2C439&ssl=1\",\"articleSection\":[\"Actualidad\"],\"inLanguage\":\"en-GB\"},{\"@type\":\"WebPage\",\"@id\":\"https:\\\/\\\/velezylozano.com\\\/sara-perez-acude-al-encuentro-europeo-de-embajadores-de-dental-monitoring\\\/\",\"url\":\"https:\\\/\\\/velezylozano.com\\\/sara-perez-acude-al-encuentro-europeo-de-embajadores-de-dental-monitoring\\\/\",\"name\":\"Sara P\u00e9rez acude al Encuentro de Embajadores de Dental Monitoring\",\"isPartOf\":{\"@id\":\"https:\\\/\\\/velezylozano.com\\\/#website\"},\"primaryImageOfPage\":{\"@id\":\"https:\\\/\\\/velezylozano.com\\\/sara-perez-acude-al-encuentro-europeo-de-embajadores-de-dental-monitoring\\\/#primaryimage\"},\"image\":{\"@id\":\"https:\\\/\\\/velezylozano.com\\\/sara-perez-acude-al-encuentro-europeo-de-embajadores-de-dental-monitoring\\\/#primaryimage\"},\"thumbnailUrl\":\"https:\\\/\\\/i0.wp.com\\\/velezylozano.com\\\/wp-content\\\/uploads\\\/2020\\\/04\\\/sara-perez-diaz-dentalmonitoringjpg.jpg?fit=614%2C439&ssl=1\",\"datePublished\":\"2020-04-26T14:05:00+00:00\",\"description\":\"Sara P\u00e9rez D\u00edaz, ortodoncista de V\u00e9lez & Lozano, asisti\u00f3 el pasado 20 de abril al Encuentro Europeo de Embajadores de Dental Monitoring.\",\"breadcrumb\":{\"@id\":\"https:\\\/\\\/velezylozano.com\\\/sara-perez-acude-al-encuentro-europeo-de-embajadores-de-dental-monitoring\\\/#breadcrumb\"},\"inLanguage\":\"en-GB\",\"potentialAction\":[{\"@type\":\"ReadAction\",\"target\":[\"https:\\\/\\\/velezylozano.com\\\/sara-perez-acude-al-encuentro-europeo-de-embajadores-de-dental-monitoring\\\/\"]}]},{\"@type\":\"ImageObject\",\"inLanguage\":\"en-GB\",\"@id\":\"https:\\\/\\\/velezylozano.com\\\/sara-perez-acude-al-encuentro-europeo-de-embajadores-de-dental-monitoring\\\/#primaryimage\",\"url\":\"https:\\\/\\\/i0.wp.com\\\/velezylozano.com\\\/wp-content\\\/uploads\\\/2020\\\/04\\\/sara-perez-diaz-dentalmonitoringjpg.jpg?fit=614%2C439&ssl=1\",\"contentUrl\":\"https:\\\/\\\/i0.wp.com\\\/velezylozano.com\\\/wp-content\\\/uploads\\\/2020\\\/04\\\/sara-perez-diaz-dentalmonitoringjpg.jpg?fit=614%2C439&ssl=1\",\"width\":614,\"height\":439},{\"@type\":\"BreadcrumbList\",\"@id\":\"https:\\\/\\\/velezylozano.com\\\/sara-perez-acude-al-encuentro-europeo-de-embajadores-de-dental-monitoring\\\/#breadcrumb\",\"itemListElement\":[{\"@type\":\"ListItem\",\"position\":1,\"name\":\"Home\",\"item\":\"https:\\\/\\\/velezylozano.com\\\/\"},{\"@type\":\"ListItem\",\"position\":2,\"name\":\"La Dr. Sara P\u00e9rez D\u00edaz acude al Encuentro Europeo de Embajadores de Dental Monitoring\"}]},{\"@type\":\"WebSite\",\"@id\":\"https:\\\/\\\/velezylozano.com\\\/#website\",\"url\":\"https:\\\/\\\/velezylozano.com\\\/\",\"name\":\"V\u00e9lez &amp; Lozano\",\"description\":\"Cl\u00ednica dental en Murcia desde 2008\",\"publisher\":{\"@id\":\"https:\\\/\\\/velezylozano.com\\\/#organization\"},\"potentialAction\":[{\"@type\":\"SearchAction\",\"target\":{\"@type\":\"EntryPoint\",\"urlTemplate\":\"https:\\\/\\\/velezylozano.com\\\/?s={search_term_string}\"},\"query-input\":{\"@type\":\"PropertyValueSpecification\",\"valueRequired\":true,\"valueName\":\"search_term_string\"}}],\"inLanguage\":\"en-GB\"},{\"@type\":\"Organization\",\"@id\":\"https:\\\/\\\/velezylozano.com\\\/#organization\",\"name\":\"V\u00e9lez &amp; Lozano\",\"url\":\"https:\\\/\\\/velezylozano.com\\\/\",\"logo\":{\"@type\":\"ImageObject\",\"inLanguage\":\"en-GB\",\"@id\":\"https:\\\/\\\/velezylozano.com\\\/#\\\/schema\\\/logo\\\/image\\\/\",\"url\":\"https:\\\/\\\/velezylozano.com\\\/wp-content\\\/uploads\\\/2021\\\/12\\\/velezlozanologo.svg\",\"contentUrl\":\"https:\\\/\\\/velezylozano.com\\\/wp-content\\\/uploads\\\/2021\\\/12\\\/velezlozanologo.svg\",\"width\":322,\"height\":33,\"caption\":\"V\u00e9lez &amp; Lozano\"},\"image\":{\"@id\":\"https:\\\/\\\/velezylozano.com\\\/#\\\/schema\\\/logo\\\/image\\\/\"}},{\"@type\":\"Person\",\"@id\":\"https:\\\/\\\/velezylozano.com\\\/#\\\/schema\\\/person\\\/1c56e3cf63dd58194e47c0f52ee1acd5\",\"name\":\"Comunicaci\u00f3n V&amp;L\",\"image\":{\"@type\":\"ImageObject\",\"inLanguage\":\"en-GB\",\"@id\":\"https:\\\/\\\/secure.gravatar.com\\\/avatar\\\/c71847bdb2db2b82cf103719836121929bea3f2c1e8f242954e5cc67e1346522?s=96&d=mm&r=g\",\"url\":\"https:\\\/\\\/secure.gravatar.com\\\/avatar\\\/c71847bdb2db2b82cf103719836121929bea3f2c1e8f242954e5cc67e1346522?s=96&d=mm&r=g\",\"contentUrl\":\"https:\\\/\\\/secure.gravatar.com\\\/avatar\\\/c71847bdb2db2b82cf103719836121929bea3f2c1e8f242954e5cc67e1346522?s=96&d=mm&r=g\",\"caption\":\"Comunicaci\u00f3n V&amp;L\"},\"url\":\"https:\\\/\\\/velezylozano.com\\\/en\\\/author\\\/andres\\\/\"}]}<\/script>\n<!-- \/ Yoast SEO plugin. -->","yoast_head_json":{"title":"Sara P\u00e9rez attends Dental Monitoring's Ambassadors' Meeting","description":"Sara P\u00e9rez D\u00edaz, orthodontist at V\u00e9lez &amp; Lozano, attended Dental Monitoring's European Ambassadors Meeting on 20 April.","robots":{"index":"index","follow":"follow","max-snippet":"max-snippet:-1","max-image-preview":"max-image-preview:large","max-video-preview":"max-video-preview:-1"},"canonical":"https:\/\/velezylozano.com\/en\/sara-perez-attends-the-european-meeting-of-ambassadors-of-dental-monitoring\/","og_locale":"en_GB","og_type":"article","og_title":"Sara P\u00e9rez acude al Encuentro de Embajadores de Dental Monitoring","og_description":"Sara P\u00e9rez D\u00edaz, ortodoncista de V\u00e9lez & Lozano, asisti\u00f3 el pasado 20 de abril al Encuentro Europeo de Embajadores de Dental Monitoring.","og_url":"https:\/\/velezylozano.com\/en\/sara-perez-attends-the-european-meeting-of-ambassadors-of-dental-monitoring\/","og_site_name":"V\u00e9lez &amp; Lozano","article_published_time":"2020-04-26T14:05:00+00:00","og_image":[{"width":614,"height":439,"url":"https:\/\/i0.wp.com\/velezylozano.com\/wp-content\/uploads\/2020\/04\/sara-perez-diaz-dentalmonitoringjpg.jpg?fit=614%2C439&ssl=1","type":"image\/jpeg"}],"author":"Comunicaci\u00f3n V&amp;L","twitter_card":"summary_large_image","twitter_misc":{"Written by":"Comunicaci\u00f3n V&amp;L","Estimated reading time":"1 minute"},"schema":{"@context":"https:\/\/schema.org","@graph":[{"@type":"Article","@id":"https:\/\/velezylozano.com\/sara-perez-acude-al-encuentro-europeo-de-embajadores-de-dental-monitoring\/#article","isPartOf":{"@id":"https:\/\/velezylozano.com\/sara-perez-acude-al-encuentro-europeo-de-embajadores-de-dental-monitoring\/"},"author":{"name":"Comunicaci\u00f3n V&amp;L","@id":"https:\/\/velezylozano.com\/#\/schema\/person\/1c56e3cf63dd58194e47c0f52ee1acd5"},"headline":"La Dr. Sara P\u00e9rez D\u00edaz acude al Encuentro Europeo de Embajadores de Dental Monitoring","datePublished":"2020-04-26T14:05:00+00:00","mainEntityOfPage":{"@id":"https:\/\/velezylozano.com\/sara-perez-acude-al-encuentro-europeo-de-embajadores-de-dental-monitoring\/"},"wordCount":236,"publisher":{"@id":"https:\/\/velezylozano.com\/#organization"},"image":{"@id":"https:\/\/velezylozano.com\/sara-perez-acude-al-encuentro-europeo-de-embajadores-de-dental-monitoring\/#primaryimage"},"thumbnailUrl":"https:\/\/i0.wp.com\/velezylozano.com\/wp-content\/uploads\/2020\/04\/sara-perez-diaz-dentalmonitoringjpg.jpg?fit=614%2C439&ssl=1","articleSection":["Actualidad"],"inLanguage":"en-GB"},{"@type":"WebPage","@id":"https:\/\/velezylozano.com\/sara-perez-acude-al-encuentro-europeo-de-embajadores-de-dental-monitoring\/","url":"https:\/\/velezylozano.com\/sara-perez-acude-al-encuentro-europeo-de-embajadores-de-dental-monitoring\/","name":"Sara P\u00e9rez attends Dental Monitoring's Ambassadors' Meeting","isPartOf":{"@id":"https:\/\/velezylozano.com\/#website"},"primaryImageOfPage":{"@id":"https:\/\/velezylozano.com\/sara-perez-acude-al-encuentro-europeo-de-embajadores-de-dental-monitoring\/#primaryimage"},"image":{"@id":"https:\/\/velezylozano.com\/sara-perez-acude-al-encuentro-europeo-de-embajadores-de-dental-monitoring\/#primaryimage"},"thumbnailUrl":"https:\/\/i0.wp.com\/velezylozano.com\/wp-content\/uploads\/2020\/04\/sara-perez-diaz-dentalmonitoringjpg.jpg?fit=614%2C439&ssl=1","datePublished":"2020-04-26T14:05:00+00:00","description":"Sara P\u00e9rez D\u00edaz, orthodontist at V\u00e9lez &amp; Lozano, attended Dental Monitoring's European Ambassadors Meeting on 20 April.","breadcrumb":{"@id":"https:\/\/velezylozano.com\/sara-perez-acude-al-encuentro-europeo-de-embajadores-de-dental-monitoring\/#breadcrumb"},"inLanguage":"en-GB","potentialAction":[{"@type":"ReadAction","target":["https:\/\/velezylozano.com\/sara-perez-acude-al-encuentro-europeo-de-embajadores-de-dental-monitoring\/"]}]},{"@type":"ImageObject","inLanguage":"en-GB","@id":"https:\/\/velezylozano.com\/sara-perez-acude-al-encuentro-europeo-de-embajadores-de-dental-monitoring\/#primaryimage","url":"https:\/\/i0.wp.com\/velezylozano.com\/wp-content\/uploads\/2020\/04\/sara-perez-diaz-dentalmonitoringjpg.jpg?fit=614%2C439&ssl=1","contentUrl":"https:\/\/i0.wp.com\/velezylozano.com\/wp-content\/uploads\/2020\/04\/sara-perez-diaz-dentalmonitoringjpg.jpg?fit=614%2C439&ssl=1","width":614,"height":439},{"@type":"BreadcrumbList","@id":"https:\/\/velezylozano.com\/sara-perez-acude-al-encuentro-europeo-de-embajadores-de-dental-monitoring\/#breadcrumb","itemListElement":[{"@type":"ListItem","position":1,"name":"Home","item":"https:\/\/velezylozano.com\/"},{"@type":"ListItem","position":2,"name":"La Dr. Sara P\u00e9rez D\u00edaz acude al Encuentro Europeo de Embajadores de Dental Monitoring"}]},{"@type":"WebSite","@id":"https:\/\/velezylozano.com\/#website","url":"https:\/\/velezylozano.com\/","name":"Velez &amp; Lozano","description":"Dental clinic in Murcia since 2008","publisher":{"@id":"https:\/\/velezylozano.com\/#organization"},"potentialAction":[{"@type":"SearchAction","target":{"@type":"EntryPoint","urlTemplate":"https:\/\/velezylozano.com\/?s={search_term_string}"},"query-input":{"@type":"PropertyValueSpecification","valueRequired":true,"valueName":"search_term_string"}}],"inLanguage":"en-GB"},{"@type":"Organization","@id":"https:\/\/velezylozano.com\/#organization","name":"Velez &amp; Lozano","url":"https:\/\/velezylozano.com\/","logo":{"@type":"ImageObject","inLanguage":"en-GB","@id":"https:\/\/velezylozano.com\/#\/schema\/logo\/image\/","url":"https:\/\/velezylozano.com\/wp-content\/uploads\/2021\/12\/velezlozanologo.svg","contentUrl":"https:\/\/velezylozano.com\/wp-content\/uploads\/2021\/12\/velezlozanologo.svg","width":322,"height":33,"caption":"V\u00e9lez &amp; Lozano"},"image":{"@id":"https:\/\/velezylozano.com\/#\/schema\/logo\/image\/"}},{"@type":"Person","@id":"https:\/\/velezylozano.com\/#\/schema\/person\/1c56e3cf63dd58194e47c0f52ee1acd5","name":"V&amp;L Communication","image":{"@type":"ImageObject","inLanguage":"en-GB","@id":"https:\/\/secure.gravatar.com\/avatar\/c71847bdb2db2b82cf103719836121929bea3f2c1e8f242954e5cc67e1346522?s=96&d=mm&r=g","url":"https:\/\/secure.gravatar.com\/avatar\/c71847bdb2db2b82cf103719836121929bea3f2c1e8f242954e5cc67e1346522?s=96&d=mm&r=g","contentUrl":"https:\/\/secure.gravatar.com\/avatar\/c71847bdb2db2b82cf103719836121929bea3f2c1e8f242954e5cc67e1346522?s=96&d=mm&r=g","caption":"Comunicaci\u00f3n V&amp;L"},"url":"https:\/\/velezylozano.com\/en\/author\/andres\/"}]}},"jetpack_featured_media_url":"https:\/\/i0.wp.com\/velezylozano.com\/wp-content\/uploads\/2020\/04\/sara-perez-diaz-dentalmonitoringjpg.jpg?fit=614%2C439&ssl=1","jetpack-related-posts":[{"id":5569,"url":"https:\/\/velezylozano.com\/en\/sara-perez-diaz-gives-the-dental-monitoring-webinar\/","url_meta":{"origin":5564,"position":0},"title":"Sara P\u00e9rez D\u00edaz gives the webinar \"Dental Monitoring: from theory to practice\".","author":"Comunicaci\u00f3n V&amp;L","date":"29 de April de 2021","format":false,"excerpt":"La Dra. Sara P\u00e9rez D\u00edaz, ortodoncista en V\u00e9lez & Lozano imparti\u00f3 el pasado 22 de abril el webinar \u201cDental Monitoring: de la teor\u00eda a la pr\u00e1ctica\u201d. Dental Monitoring es pionera en seguimientos virtuales en odontolog\u00eda mediante inteligencia artificial. A trav\u00e9s de la aplicaci\u00f3n m\u00f3vil, los pacientes pueden \u201cmonitorizar\u201d su tratamiento\u2026","rel":"","context":"In &quot;Actualidad&quot;","block_context":{"text":"Actualidad","link":"https:\/\/velezylozano.com\/en\/category\/news-2\/"},"img":{"alt_text":"","src":"https:\/\/i0.wp.com\/velezylozano.com\/wp-content\/uploads\/2021\/05\/FOTO-4.jpg?fit=1125%2C1103&ssl=1&resize=350%2C200","width":350,"height":200,"srcset":"https:\/\/i0.wp.com\/velezylozano.com\/wp-content\/uploads\/2021\/05\/FOTO-4.jpg?fit=1125%2C1103&ssl=1&resize=350%2C200 1x, https:\/\/i0.wp.com\/velezylozano.com\/wp-content\/uploads\/2021\/05\/FOTO-4.jpg?fit=1125%2C1103&ssl=1&resize=525%2C300 1.5x, https:\/\/i0.wp.com\/velezylozano.com\/wp-content\/uploads\/2021\/05\/FOTO-4.jpg?fit=1125%2C1103&ssl=1&resize=700%2C400 2x, https:\/\/i0.wp.com\/velezylozano.com\/wp-content\/uploads\/2021\/05\/FOTO-4.jpg?fit=1125%2C1103&ssl=1&resize=1050%2C600 3x"},"classes":[]},{"id":5559,"url":"https:\/\/velezylozano.com\/en\/sara-perez-diaz-master-in-plastic-orthodontics\/","url_meta":{"origin":5564,"position":1},"title":"Dr. Sara P\u00e9rez D\u00edaz attends Dr. Arturo Vela's Intensive Master's Degree in Plastic Orthodontics module.","author":"Comunicaci\u00f3n V&amp;L","date":"21 de October de 2020","format":false,"excerpt":"La Dra. Sara P\u00e9rez D\u00edaz, ortodoncista de V\u00e9lez & Lozano, acudi\u00f3 el pasado 16 de octubre al \u00faltimo m\u00f3dulo del M\u00e1ster intensivo de Ortodoncia Pl\u00e1stica, impartido por el Dr. Arturo Vela en Madrid. El Dr. Arturo Vela-Hern\u00e1ndez es Doctor en Medicina y Ortodoncista de pr\u00e1ctica exclusiva y profesor del M\u00e1ster\u2026","rel":"","context":"In &quot;Actualidad&quot;","block_context":{"text":"Actualidad","link":"https:\/\/velezylozano.com\/en\/category\/news-2\/"},"img":{"alt_text":"","src":"https:\/\/i0.wp.com\/velezylozano.com\/wp-content\/uploads\/2020\/10\/sara-perez-velez-y-lozano-scaled-1.jpg?fit=1200%2C857&ssl=1&resize=350%2C200","width":350,"height":200,"srcset":"https:\/\/i0.wp.com\/velezylozano.com\/wp-content\/uploads\/2020\/10\/sara-perez-velez-y-lozano-scaled-1.jpg?fit=1200%2C857&ssl=1&resize=350%2C200 1x, https:\/\/i0.wp.com\/velezylozano.com\/wp-content\/uploads\/2020\/10\/sara-perez-velez-y-lozano-scaled-1.jpg?fit=1200%2C857&ssl=1&resize=525%2C300 1.5x, https:\/\/i0.wp.com\/velezylozano.com\/wp-content\/uploads\/2020\/10\/sara-perez-velez-y-lozano-scaled-1.jpg?fit=1200%2C857&ssl=1&resize=700%2C400 2x, https:\/\/i0.wp.com\/velezylozano.com\/wp-content\/uploads\/2020\/10\/sara-perez-velez-y-lozano-scaled-1.jpg?fit=1200%2C857&ssl=1&resize=1050%2C600 3x"},"classes":[]},{"id":1574,"url":"https:\/\/velezylozano.com\/en\/sara-perez-diaz-lecturer-of-the-orthodoncis-junior-group\/","url_meta":{"origin":5564,"position":2},"title":"Sara P\u00e9rez D\u00edaz, lecturer of the Ortodoncis Junior Group","author":"Comunicaci\u00f3n V&amp;L","date":"2 de July de 2020","format":false,"excerpt":"Sara P\u00e9rez D\u00edaz, ortodoncista en V\u00e9lez y Lozano, realiz\u00f3 el pasado 8 de Abril una ponencia online titulada \u201cManejo de pacientes en crecimiento y DOD severa con alineadores\u201d, junto al resto de miembros del grupo Ortodoncis Junior, un grupo de j\u00f3venes ortodoncistas que trabajan mano a mano con los miembros\u2026","rel":"","context":"In &quot;Actualidad&quot;","block_context":{"text":"Actualidad","link":"https:\/\/velezylozano.com\/en\/category\/news-2\/"},"img":{"alt_text":"","src":"","width":0,"height":0},"classes":[]},{"id":8512,"url":"https:\/\/velezylozano.com\/en\/types-of-orthodontics\/","url_meta":{"origin":5564,"position":3},"title":"Types of orthodontics: Which one to choose?","author":"Comunicaci\u00f3n V&amp;L","date":"13 de August de 2021","format":false,"excerpt":"\u00bfQu\u00e9 es la ortodoncia? Estamos seguros de que la mayor\u00eda de vosotros sabe lo que es la ortodoncia: la rama de la odontolog\u00eda que trata de mejorar la oclusi\u00f3n y la alineaci\u00f3n de los dientes mediante la prevenci\u00f3n y correcci\u00f3n de las alteraciones en las formas y posici\u00f3n tanto de\u2026","rel":"","context":"In &quot;2021&quot;","block_context":{"text":"2021","link":"https:\/\/velezylozano.com\/en\/category\/2021\/"},"img":{"alt_text":"","src":"https:\/\/i0.wp.com\/velezylozano.com\/wp-content\/uploads\/2022\/01\/alitosis-web.jpg?fit=1195%2C956&ssl=1&resize=350%2C200","width":350,"height":200,"srcset":"https:\/\/i0.wp.com\/velezylozano.com\/wp-content\/uploads\/2022\/01\/alitosis-web.jpg?fit=1195%2C956&ssl=1&resize=350%2C200 1x, https:\/\/i0.wp.com\/velezylozano.com\/wp-content\/uploads\/2022\/01\/alitosis-web.jpg?fit=1195%2C956&ssl=1&resize=525%2C300 1.5x, https:\/\/i0.wp.com\/velezylozano.com\/wp-content\/uploads\/2022\/01\/alitosis-web.jpg?fit=1195%2C956&ssl=1&resize=700%2C400 2x, https:\/\/i0.wp.com\/velezylozano.com\/wp-content\/uploads\/2022\/01\/alitosis-web.jpg?fit=1195%2C956&ssl=1&resize=1050%2C600 3x"},"classes":[]},{"id":8480,"url":"https:\/\/velezylozano.com\/en\/velez-lozano-dental-clinic-murcia\/","url_meta":{"origin":5564,"position":4},"title":"V\u00e9lez &amp; Lozano: your dental clinic in Murcia","author":"Comunicaci\u00f3n V&amp;L","date":"27 de March de 2021","format":false,"excerpt":"En V\u00e9lez y Lozano tenemos muy presente nuestro objetivo: hacerte sonre\u00edr. Nuestra cl\u00ednica dental, fundada en 2008, se ha convertido en un referente de la odontolog\u00eda en Murcia gracias a la confianza de nuestros pacientes y la profesionalidad de nuestro equipo. Llevamos m\u00e1s de diez a\u00f1os ofreciendo soluciones adaptadas a\u2026","rel":"","context":"In &quot;2021&quot;","block_context":{"text":"2021","link":"https:\/\/velezylozano.com\/en\/category\/2021\/"},"img":{"alt_text":"","src":"https:\/\/i0.wp.com\/velezylozano.com\/wp-content\/uploads\/2022\/01\/velez-y-lozano-clinica-dental-murcia-dentista-5-scaled-1.jpg?fit=1200%2C750&ssl=1&resize=350%2C200","width":350,"height":200,"srcset":"https:\/\/i0.wp.com\/velezylozano.com\/wp-content\/uploads\/2022\/01\/velez-y-lozano-clinica-dental-murcia-dentista-5-scaled-1.jpg?fit=1200%2C750&ssl=1&resize=350%2C200 1x, https:\/\/i0.wp.com\/velezylozano.com\/wp-content\/uploads\/2022\/01\/velez-y-lozano-clinica-dental-murcia-dentista-5-scaled-1.jpg?fit=1200%2C750&ssl=1&resize=525%2C300 1.5x, https:\/\/i0.wp.com\/velezylozano.com\/wp-content\/uploads\/2022\/01\/velez-y-lozano-clinica-dental-murcia-dentista-5-scaled-1.jpg?fit=1200%2C750&ssl=1&resize=700%2C400 2x, https:\/\/i0.wp.com\/velezylozano.com\/wp-content\/uploads\/2022\/01\/velez-y-lozano-clinica-dental-murcia-dentista-5-scaled-1.jpg?fit=1200%2C750&ssl=1&resize=1050%2C600 3x"},"classes":[]},{"id":5556,"url":"https:\/\/velezylozano.com\/en\/sara-perez-diaz-invisalign-certification-course\/","url_meta":{"origin":5564,"position":5},"title":"Dr. Sara P\u00e9rez D\u00edaz completes Invisalign Certification Course","author":"Comunicaci\u00f3n V&amp;L","date":"28 de March de 2021","format":false,"excerpt":"El pasado 26 de marzo, la Dra. Sara P\u00e9rez D\u00edaz, ortodoncista en V\u00e9lez & Lozano, asisti\u00f3 al \u00faltimo m\u00f3dulo del curso de Certificaci\u00f3n en Invisalign, impartido por el Dr. Manuel Rom\u00e1n en M\u00e1laga. El Dr. Manuel Rom\u00e1n es pionero en la t\u00e9cnica de ortodoncia con alineadores transparentes. Actualmente dirige el\u2026","rel":"","context":"In &quot;Actualidad&quot;","block_context":{"text":"Actualidad","link":"https:\/\/velezylozano.com\/en\/category\/news-2\/"},"img":{"alt_text":"","src":"https:\/\/i0.wp.com\/velezylozano.com\/wp-content\/uploads\/2021\/04\/IMG_9927-scaled-e1620721471118.jpg?fit=1036%2C1200&ssl=1&resize=350%2C200","width":350,"height":200,"srcset":"https:\/\/i0.wp.com\/velezylozano.com\/wp-content\/uploads\/2021\/04\/IMG_9927-scaled-e1620721471118.jpg?fit=1036%2C1200&ssl=1&resize=350%2C200 1x, https:\/\/i0.wp.com\/velezylozano.com\/wp-content\/uploads\/2021\/04\/IMG_9927-scaled-e1620721471118.jpg?fit=1036%2C1200&ssl=1&resize=525%2C300 1.5x, https:\/\/i0.wp.com\/velezylozano.com\/wp-content\/uploads\/2021\/04\/IMG_9927-scaled-e1620721471118.jpg?fit=1036%2C1200&ssl=1&resize=700%2C400 2x"},"classes":[]}],"jetpack_sharing_enabled":true,"_links":{"self":[{"href":"https:\/\/velezylozano.com\/en\/wp-json\/wp\/v2\/posts\/5564","targetHints":{"allow":["GET"]}}],"collection":[{"href":"https:\/\/velezylozano.com\/en\/wp-json\/wp\/v2\/posts"}],"about":[{"href":"https:\/\/velezylozano.com\/en\/wp-json\/wp\/v2\/types\/post"}],"author":[{"embeddable":true,"href":"https:\/\/velezylozano.com\/en\/wp-json\/wp\/v2\/users\/3"}],"replies":[{"embeddable":true,"href":"https:\/\/velezylozano.com\/en\/wp-json\/wp\/v2\/comments?post=5564"}],"version-history":[{"count":0,"href":"https:\/\/velezylozano.com\/en\/wp-json\/wp\/v2\/posts\/5564\/revisions"}],"wp:featuredmedia":[{"embeddable":true,"href":"https:\/\/velezylozano.com\/en\/wp-json\/wp\/v2\/media\/5605"}],"wp:attachment":[{"href":"https:\/\/velezylozano.com\/en\/wp-json\/wp\/v2\/media?parent=5564"}],"wp:term":[{"taxonomy":"category","embeddable":true,"href":"https:\/\/velezylozano.com\/en\/wp-json\/wp\/v2\/categories?post=5564"},{"taxonomy":"post_tag","embeddable":true,"href":"https:\/\/velezylozano.com\/en\/wp-json\/wp\/v2\/tags?post=5564"}],"curies":[{"name":"wp","href":"https:\/\/api.w.org\/{rel}","templated":true}]}}