{"id":7589,"date":"2021-12-01T17:05:46","date_gmt":"2021-12-01T17:05:46","guid":{"rendered":"https:\/\/velezylozano.com\/?p=7589"},"modified":"2022-02-21T10:21:23","modified_gmt":"2022-02-21T10:21:23","slug":"formative-weekend-for-much-of-velez-and-lozano","status":"publish","type":"post","link":"https:\/\/velezylozano.com\/en\/formative-weekend-for-much-of-velez-and-lozano\/","title":{"rendered":"Formative weekend for much of Velez and Lozano"},"content":{"rendered":"<p>This past weekend has been particularly productive in terms of training for the dental clinic's staff. <a href=\"https:\/\/velezylozano.com\/en\/\">V\u00e9lez and Lozano<\/a>.<\/p>\n\n\n\n<p>First of all, part of the clinical team attended, as has been the custom in all its editions (except for the one suspended in 2020 due to Covid), Sepa, the fair organised by the Spanish Society of Periodontology and Osseointegration, which this year took place <a href=\"https:\/\/sepa2021.es\/\">in Seville <\/a>from 25 to 27 November. In particular, the following attended <strong>Fernando Garc\u00eda V\u00e9lez<\/strong>clinical director and dentist in Murcia, expert in Implantology and Surgery, as a dentist, and <strong>Juan Jos\u00e9<\/strong> <strong>Mart\u00ednez V\u00e1zquez<\/strong>, <strong>Maica Dav\u00f3 <\/strong>y <strong>Marina Mill\u00e1n <\/strong>as hygienists.<\/p>\n\n\n\n<p>During the weekend, almost 50 training activities were held, including symposiums, live streaming of surgeries, debates and lectures ranging from surgery and periodontics to clinical management and the application of digital technology to the field of dental practice.<\/p>\n\n\n\n<p>This year's ambitious programme featured more than 100 speakers, including professionals of the stature of <strong>Daniel Buser<\/strong>who performed surgery live from Switzerland, before flying directly to the congress, or <strong>Tord<\/strong> <strong>Berglundh<\/strong>who won the prestigious Platinum Award presented by the society, among many others.<\/p>\n\n\n\n<figure class=\"wp-block-image size-large\"><img data-recalc-dims=\"1\" fetchpriority=\"high\" decoding=\"async\" width=\"768\" height=\"1024\" src=\"https:\/\/i0.wp.com\/velezylozano.com\/wp-content\/uploads\/2021\/12\/WhatsApp-Image-2021-11-29-at-14.46.48.jpeg?resize=768%2C1024&#038;ssl=1\" alt=\"\" class=\"wp-image-7591\" srcset=\"https:\/\/i0.wp.com\/velezylozano.com\/wp-content\/uploads\/2021\/12\/WhatsApp-Image-2021-11-29-at-14.46.48.jpeg?resize=768%2C1024&amp;ssl=1 768w, https:\/\/i0.wp.com\/velezylozano.com\/wp-content\/uploads\/2021\/12\/WhatsApp-Image-2021-11-29-at-14.46.48.jpeg?resize=225%2C300&amp;ssl=1 225w, https:\/\/i0.wp.com\/velezylozano.com\/wp-content\/uploads\/2021\/12\/WhatsApp-Image-2021-11-29-at-14.46.48.jpeg?resize=1152%2C1536&amp;ssl=1 1152w, https:\/\/i0.wp.com\/velezylozano.com\/wp-content\/uploads\/2021\/12\/WhatsApp-Image-2021-11-29-at-14.46.48.jpeg?w=1200&amp;ssl=1 1200w\" sizes=\"(max-width: 768px) 100vw, 768px\" \/><figcaption>Marina Mill\u00e1n and Maica Dav\u00f3 pose next to the Sepa 22 poster.<\/figcaption><\/figure>\n\n\n\n<p>On the other hand, in Murcia, Drs. <strong>Diego Saura<\/strong>, <strong>Francisco S\u00e1nchez-Alcaraz<\/strong> y <strong>Javier Arroniz<\/strong> attended a course given by the prosthodontics expert <strong>Ernest Mallat<\/strong>.<\/p>\n\n\n\n<p>The course, organised by the <strong>Odontostomatology Study Group of Murcia<\/strong> (GEMO), of which V\u00e9lez y Lozano's medical director, Fernando Garc\u00eda V\u00e9lez, is vice-president, was held at the Hotel Agalia on 26 and 27 November.<\/p>\n\n\n\n<p>Mallat gave a course on '<em>fixed prosthetic oral rehabilitation<\/em>He is an expert on this subject and has written many books that have positioned him as a reference in the field.<\/p>\n\n\n\n<p>In this respect, Dr. Saura stressed \"the need to be up to date\".<\/p>\n\n\n\n<figure class=\"wp-block-image size-large\"><img data-recalc-dims=\"1\" decoding=\"async\" width=\"768\" height=\"1024\" src=\"https:\/\/i0.wp.com\/velezylozano.com\/wp-content\/uploads\/2021\/12\/WhatsApp-Image-2021-11-27-at-11.34.25.jpeg?resize=768%2C1024&#038;ssl=1\" alt=\"\" class=\"wp-image-7592\" srcset=\"https:\/\/i0.wp.com\/velezylozano.com\/wp-content\/uploads\/2021\/12\/WhatsApp-Image-2021-11-27-at-11.34.25.jpeg?resize=768%2C1024&amp;ssl=1 768w, https:\/\/i0.wp.com\/velezylozano.com\/wp-content\/uploads\/2021\/12\/WhatsApp-Image-2021-11-27-at-11.34.25.jpeg?resize=225%2C300&amp;ssl=1 225w, https:\/\/i0.wp.com\/velezylozano.com\/wp-content\/uploads\/2021\/12\/WhatsApp-Image-2021-11-27-at-11.34.25.jpeg?resize=1152%2C1536&amp;ssl=1 1152w, https:\/\/i0.wp.com\/velezylozano.com\/wp-content\/uploads\/2021\/12\/WhatsApp-Image-2021-11-27-at-11.34.25.jpeg?w=1536&amp;ssl=1 1536w\" sizes=\"(max-width: 768px) 100vw, 768px\" \/><figcaption>Doctors S\u00e1nchez-Alcaraz, Arroniz and Saura pose with Mallat. <\/figcaption><\/figure>\n\n\n\n<p>That was not all, because also in Murcia, and in keeping with V\u00e9lez and Lozano's commitment to always keep up to date with current regulations, those members of the clinical team who did not have the necessary qualifications to operate X-ray equipment attended a special course which was also held last weekend at the Blume Academy.<\/p>","protected":false},"excerpt":{"rendered":"<p>This past weekend has been particularly productive in terms of training for the staff of the V\u00e9lez y Lozano dental clinic. First of all, part of the clinical team attended, as has been the custom in all its editions (except for the one suspended in 2020 due to Covid), Sepa, the [...]<\/p>","protected":false},"author":4,"featured_media":7593,"comment_status":"closed","ping_status":"closed","sticky":false,"template":"","format":"standard","meta":{"_jetpack_memberships_contains_paid_content":false,"footnotes":""},"categories":[15],"tags":[],"class_list":["post-7589","post","type-post","status-publish","format-standard","has-post-thumbnail","hentry","category-actualidad"],"yoast_head":"<!-- This site is optimized with the Yoast SEO plugin v27.5 - https:\/\/yoast.com\/product\/yoast-seo-wordpress\/ -->\n<title>Fin de semana formativo para gran parte de V\u00e9lez y Lozano - V\u00e9lez &amp; Lozano<\/title>\n<meta name=\"description\" content=\"El equipo ha acudido a Sepa, a un curso de pr\u00f3tesis fija en GEMO y, tambi\u00e9n, a obtener la titulaci\u00f3n de manejo de equipos de Rayos X.\" \/>\n<meta name=\"robots\" content=\"index, follow, max-snippet:-1, max-image-preview:large, max-video-preview:-1\" \/>\n<link rel=\"canonical\" href=\"https:\/\/velezylozano.com\/en\/formative-weekend-for-much-of-velez-and-lozano\/\" \/>\n<meta property=\"og:locale\" content=\"en_GB\" \/>\n<meta property=\"og:type\" content=\"article\" \/>\n<meta property=\"og:title\" content=\"Fin de semana formativo para gran parte de V\u00e9lez y Lozano - V\u00e9lez &amp; Lozano\" \/>\n<meta property=\"og:description\" content=\"El equipo ha acudido a Sepa, a un curso de pr\u00f3tesis fija en GEMO y, tambi\u00e9n, a obtener la titulaci\u00f3n de manejo de equipos de Rayos X.\" \/>\n<meta property=\"og:url\" content=\"https:\/\/velezylozano.com\/en\/formative-weekend-for-much-of-velez-and-lozano\/\" \/>\n<meta property=\"og:site_name\" content=\"V\u00e9lez &amp; Lozano\" \/>\n<meta property=\"article:published_time\" content=\"2021-12-01T17:05:46+00:00\" \/>\n<meta property=\"article:modified_time\" content=\"2022-02-21T10:21:23+00:00\" \/>\n<meta property=\"og:image\" content=\"https:\/\/i0.wp.com\/velezylozano.com\/wp-content\/uploads\/2021\/12\/WhatsApp-Image-2021-11-29-at-14.46.36.jpeg?fit=1200%2C1600&ssl=1\" \/>\n\t<meta property=\"og:image:width\" content=\"1200\" \/>\n\t<meta property=\"og:image:height\" content=\"1600\" \/>\n\t<meta property=\"og:image:type\" content=\"image\/jpeg\" \/>\n<meta name=\"author\" content=\"Francisco J.\" \/>\n<meta name=\"twitter:card\" content=\"summary_large_image\" \/>\n<meta name=\"twitter:label1\" content=\"Written by\" \/>\n\t<meta name=\"twitter:data1\" content=\"Francisco J.\" \/>\n\t<meta name=\"twitter:label2\" content=\"Estimated reading time\" \/>\n\t<meta name=\"twitter:data2\" content=\"3 minutes\" \/>\n<script type=\"application\/ld+json\" class=\"yoast-schema-graph\">{\"@context\":\"https:\\\/\\\/schema.org\",\"@graph\":[{\"@type\":\"Article\",\"@id\":\"https:\\\/\\\/velezylozano.com\\\/fin-de-semana-formativo-para-gran-parte-de-velez-y-lozano\\\/#article\",\"isPartOf\":{\"@id\":\"https:\\\/\\\/velezylozano.com\\\/fin-de-semana-formativo-para-gran-parte-de-velez-y-lozano\\\/\"},\"author\":{\"name\":\"Francisco J.\",\"@id\":\"https:\\\/\\\/velezylozano.com\\\/#\\\/schema\\\/person\\\/398ff8f7c21db7df8107c871189b1d1e\"},\"headline\":\"Fin de semana formativo para gran parte de V\u00e9lez y Lozano\",\"datePublished\":\"2021-12-01T17:05:46+00:00\",\"dateModified\":\"2022-02-21T10:21:23+00:00\",\"mainEntityOfPage\":{\"@id\":\"https:\\\/\\\/velezylozano.com\\\/fin-de-semana-formativo-para-gran-parte-de-velez-y-lozano\\\/\"},\"wordCount\":467,\"publisher\":{\"@id\":\"https:\\\/\\\/velezylozano.com\\\/#organization\"},\"image\":{\"@id\":\"https:\\\/\\\/velezylozano.com\\\/fin-de-semana-formativo-para-gran-parte-de-velez-y-lozano\\\/#primaryimage\"},\"thumbnailUrl\":\"https:\\\/\\\/i0.wp.com\\\/velezylozano.com\\\/wp-content\\\/uploads\\\/2021\\\/12\\\/WhatsApp-Image-2021-11-29-at-14.46.36.jpeg?fit=1200%2C1600&ssl=1\",\"articleSection\":[\"Actualidad\"],\"inLanguage\":\"en-GB\"},{\"@type\":\"WebPage\",\"@id\":\"https:\\\/\\\/velezylozano.com\\\/fin-de-semana-formativo-para-gran-parte-de-velez-y-lozano\\\/\",\"url\":\"https:\\\/\\\/velezylozano.com\\\/fin-de-semana-formativo-para-gran-parte-de-velez-y-lozano\\\/\",\"name\":\"Fin de semana formativo para gran parte de V\u00e9lez y Lozano - V\u00e9lez &amp; Lozano\",\"isPartOf\":{\"@id\":\"https:\\\/\\\/velezylozano.com\\\/#website\"},\"primaryImageOfPage\":{\"@id\":\"https:\\\/\\\/velezylozano.com\\\/fin-de-semana-formativo-para-gran-parte-de-velez-y-lozano\\\/#primaryimage\"},\"image\":{\"@id\":\"https:\\\/\\\/velezylozano.com\\\/fin-de-semana-formativo-para-gran-parte-de-velez-y-lozano\\\/#primaryimage\"},\"thumbnailUrl\":\"https:\\\/\\\/i0.wp.com\\\/velezylozano.com\\\/wp-content\\\/uploads\\\/2021\\\/12\\\/WhatsApp-Image-2021-11-29-at-14.46.36.jpeg?fit=1200%2C1600&ssl=1\",\"datePublished\":\"2021-12-01T17:05:46+00:00\",\"dateModified\":\"2022-02-21T10:21:23+00:00\",\"description\":\"El equipo ha acudido a Sepa, a un curso de pr\u00f3tesis fija en GEMO y, tambi\u00e9n, a obtener la titulaci\u00f3n de manejo de equipos de Rayos X.\",\"breadcrumb\":{\"@id\":\"https:\\\/\\\/velezylozano.com\\\/fin-de-semana-formativo-para-gran-parte-de-velez-y-lozano\\\/#breadcrumb\"},\"inLanguage\":\"en-GB\",\"potentialAction\":[{\"@type\":\"ReadAction\",\"target\":[\"https:\\\/\\\/velezylozano.com\\\/fin-de-semana-formativo-para-gran-parte-de-velez-y-lozano\\\/\"]}]},{\"@type\":\"ImageObject\",\"inLanguage\":\"en-GB\",\"@id\":\"https:\\\/\\\/velezylozano.com\\\/fin-de-semana-formativo-para-gran-parte-de-velez-y-lozano\\\/#primaryimage\",\"url\":\"https:\\\/\\\/i0.wp.com\\\/velezylozano.com\\\/wp-content\\\/uploads\\\/2021\\\/12\\\/WhatsApp-Image-2021-11-29-at-14.46.36.jpeg?fit=1200%2C1600&ssl=1\",\"contentUrl\":\"https:\\\/\\\/i0.wp.com\\\/velezylozano.com\\\/wp-content\\\/uploads\\\/2021\\\/12\\\/WhatsApp-Image-2021-11-29-at-14.46.36.jpeg?fit=1200%2C1600&ssl=1\",\"width\":1200,\"height\":1600},{\"@type\":\"BreadcrumbList\",\"@id\":\"https:\\\/\\\/velezylozano.com\\\/fin-de-semana-formativo-para-gran-parte-de-velez-y-lozano\\\/#breadcrumb\",\"itemListElement\":[{\"@type\":\"ListItem\",\"position\":1,\"name\":\"Home\",\"item\":\"https:\\\/\\\/velezylozano.com\\\/\"},{\"@type\":\"ListItem\",\"position\":2,\"name\":\"Fin de semana formativo para gran parte de V\u00e9lez y Lozano\"}]},{\"@type\":\"WebSite\",\"@id\":\"https:\\\/\\\/velezylozano.com\\\/#website\",\"url\":\"https:\\\/\\\/velezylozano.com\\\/\",\"name\":\"V\u00e9lez &amp; Lozano\",\"description\":\"Cl\u00ednica dental en Murcia desde 2008\",\"publisher\":{\"@id\":\"https:\\\/\\\/velezylozano.com\\\/#organization\"},\"potentialAction\":[{\"@type\":\"SearchAction\",\"target\":{\"@type\":\"EntryPoint\",\"urlTemplate\":\"https:\\\/\\\/velezylozano.com\\\/?s={search_term_string}\"},\"query-input\":{\"@type\":\"PropertyValueSpecification\",\"valueRequired\":true,\"valueName\":\"search_term_string\"}}],\"inLanguage\":\"en-GB\"},{\"@type\":\"Organization\",\"@id\":\"https:\\\/\\\/velezylozano.com\\\/#organization\",\"name\":\"V\u00e9lez &amp; Lozano\",\"url\":\"https:\\\/\\\/velezylozano.com\\\/\",\"logo\":{\"@type\":\"ImageObject\",\"inLanguage\":\"en-GB\",\"@id\":\"https:\\\/\\\/velezylozano.com\\\/#\\\/schema\\\/logo\\\/image\\\/\",\"url\":\"https:\\\/\\\/velezylozano.com\\\/wp-content\\\/uploads\\\/2021\\\/12\\\/velezlozanologo.svg\",\"contentUrl\":\"https:\\\/\\\/velezylozano.com\\\/wp-content\\\/uploads\\\/2021\\\/12\\\/velezlozanologo.svg\",\"width\":322,\"height\":33,\"caption\":\"V\u00e9lez &amp; Lozano\"},\"image\":{\"@id\":\"https:\\\/\\\/velezylozano.com\\\/#\\\/schema\\\/logo\\\/image\\\/\"}},{\"@type\":\"Person\",\"@id\":\"https:\\\/\\\/velezylozano.com\\\/#\\\/schema\\\/person\\\/398ff8f7c21db7df8107c871189b1d1e\",\"name\":\"Francisco J.\",\"image\":{\"@type\":\"ImageObject\",\"inLanguage\":\"en-GB\",\"@id\":\"https:\\\/\\\/secure.gravatar.com\\\/avatar\\\/b056eb0e17a1840d21420e19579ca7ec0a72d573f65fbb56bc8851b1c131d355?s=96&d=mm&r=g\",\"url\":\"https:\\\/\\\/secure.gravatar.com\\\/avatar\\\/b056eb0e17a1840d21420e19579ca7ec0a72d573f65fbb56bc8851b1c131d355?s=96&d=mm&r=g\",\"contentUrl\":\"https:\\\/\\\/secure.gravatar.com\\\/avatar\\\/b056eb0e17a1840d21420e19579ca7ec0a72d573f65fbb56bc8851b1c131d355?s=96&d=mm&r=g\",\"caption\":\"Francisco J.\"},\"url\":\"https:\\\/\\\/velezylozano.com\\\/en\\\/author\\\/fran\\\/\"}]}<\/script>\n<!-- \/ Yoast SEO plugin. -->","yoast_head_json":{"title":"Formative weekend for a large part of V\u00e9lez &amp; Lozano - V\u00e9lez &amp; Lozano","description":"The team has attended Sepa, a course in fixed prosthetics at GEMO, as well as a course in X-ray equipment handling.","robots":{"index":"index","follow":"follow","max-snippet":"max-snippet:-1","max-image-preview":"max-image-preview:large","max-video-preview":"max-video-preview:-1"},"canonical":"https:\/\/velezylozano.com\/en\/formative-weekend-for-much-of-velez-and-lozano\/","og_locale":"en_GB","og_type":"article","og_title":"Fin de semana formativo para gran parte de V\u00e9lez y Lozano - V\u00e9lez &amp; Lozano","og_description":"El equipo ha acudido a Sepa, a un curso de pr\u00f3tesis fija en GEMO y, tambi\u00e9n, a obtener la titulaci\u00f3n de manejo de equipos de Rayos X.","og_url":"https:\/\/velezylozano.com\/en\/formative-weekend-for-much-of-velez-and-lozano\/","og_site_name":"V\u00e9lez &amp; Lozano","article_published_time":"2021-12-01T17:05:46+00:00","article_modified_time":"2022-02-21T10:21:23+00:00","og_image":[{"width":1200,"height":1600,"url":"https:\/\/i0.wp.com\/velezylozano.com\/wp-content\/uploads\/2021\/12\/WhatsApp-Image-2021-11-29-at-14.46.36.jpeg?fit=1200%2C1600&ssl=1","type":"image\/jpeg"}],"author":"Francisco J.","twitter_card":"summary_large_image","twitter_misc":{"Written by":"Francisco J.","Estimated reading time":"3 minutes"},"schema":{"@context":"https:\/\/schema.org","@graph":[{"@type":"Article","@id":"https:\/\/velezylozano.com\/fin-de-semana-formativo-para-gran-parte-de-velez-y-lozano\/#article","isPartOf":{"@id":"https:\/\/velezylozano.com\/fin-de-semana-formativo-para-gran-parte-de-velez-y-lozano\/"},"author":{"name":"Francisco J.","@id":"https:\/\/velezylozano.com\/#\/schema\/person\/398ff8f7c21db7df8107c871189b1d1e"},"headline":"Fin de semana formativo para gran parte de V\u00e9lez y Lozano","datePublished":"2021-12-01T17:05:46+00:00","dateModified":"2022-02-21T10:21:23+00:00","mainEntityOfPage":{"@id":"https:\/\/velezylozano.com\/fin-de-semana-formativo-para-gran-parte-de-velez-y-lozano\/"},"wordCount":467,"publisher":{"@id":"https:\/\/velezylozano.com\/#organization"},"image":{"@id":"https:\/\/velezylozano.com\/fin-de-semana-formativo-para-gran-parte-de-velez-y-lozano\/#primaryimage"},"thumbnailUrl":"https:\/\/i0.wp.com\/velezylozano.com\/wp-content\/uploads\/2021\/12\/WhatsApp-Image-2021-11-29-at-14.46.36.jpeg?fit=1200%2C1600&ssl=1","articleSection":["Actualidad"],"inLanguage":"en-GB"},{"@type":"WebPage","@id":"https:\/\/velezylozano.com\/fin-de-semana-formativo-para-gran-parte-de-velez-y-lozano\/","url":"https:\/\/velezylozano.com\/fin-de-semana-formativo-para-gran-parte-de-velez-y-lozano\/","name":"Formative weekend for a large part of V\u00e9lez &amp; Lozano - V\u00e9lez &amp; Lozano","isPartOf":{"@id":"https:\/\/velezylozano.com\/#website"},"primaryImageOfPage":{"@id":"https:\/\/velezylozano.com\/fin-de-semana-formativo-para-gran-parte-de-velez-y-lozano\/#primaryimage"},"image":{"@id":"https:\/\/velezylozano.com\/fin-de-semana-formativo-para-gran-parte-de-velez-y-lozano\/#primaryimage"},"thumbnailUrl":"https:\/\/i0.wp.com\/velezylozano.com\/wp-content\/uploads\/2021\/12\/WhatsApp-Image-2021-11-29-at-14.46.36.jpeg?fit=1200%2C1600&ssl=1","datePublished":"2021-12-01T17:05:46+00:00","dateModified":"2022-02-21T10:21:23+00:00","description":"The team has attended Sepa, a course in fixed prosthetics at GEMO, as well as a course in X-ray equipment handling.","breadcrumb":{"@id":"https:\/\/velezylozano.com\/fin-de-semana-formativo-para-gran-parte-de-velez-y-lozano\/#breadcrumb"},"inLanguage":"en-GB","potentialAction":[{"@type":"ReadAction","target":["https:\/\/velezylozano.com\/fin-de-semana-formativo-para-gran-parte-de-velez-y-lozano\/"]}]},{"@type":"ImageObject","inLanguage":"en-GB","@id":"https:\/\/velezylozano.com\/fin-de-semana-formativo-para-gran-parte-de-velez-y-lozano\/#primaryimage","url":"https:\/\/i0.wp.com\/velezylozano.com\/wp-content\/uploads\/2021\/12\/WhatsApp-Image-2021-11-29-at-14.46.36.jpeg?fit=1200%2C1600&ssl=1","contentUrl":"https:\/\/i0.wp.com\/velezylozano.com\/wp-content\/uploads\/2021\/12\/WhatsApp-Image-2021-11-29-at-14.46.36.jpeg?fit=1200%2C1600&ssl=1","width":1200,"height":1600},{"@type":"BreadcrumbList","@id":"https:\/\/velezylozano.com\/fin-de-semana-formativo-para-gran-parte-de-velez-y-lozano\/#breadcrumb","itemListElement":[{"@type":"ListItem","position":1,"name":"Home","item":"https:\/\/velezylozano.com\/"},{"@type":"ListItem","position":2,"name":"Fin de semana formativo para gran parte de V\u00e9lez y Lozano"}]},{"@type":"WebSite","@id":"https:\/\/velezylozano.com\/#website","url":"https:\/\/velezylozano.com\/","name":"Velez &amp; Lozano","description":"Dental clinic in Murcia since 2008","publisher":{"@id":"https:\/\/velezylozano.com\/#organization"},"potentialAction":[{"@type":"SearchAction","target":{"@type":"EntryPoint","urlTemplate":"https:\/\/velezylozano.com\/?s={search_term_string}"},"query-input":{"@type":"PropertyValueSpecification","valueRequired":true,"valueName":"search_term_string"}}],"inLanguage":"en-GB"},{"@type":"Organization","@id":"https:\/\/velezylozano.com\/#organization","name":"Velez &amp; Lozano","url":"https:\/\/velezylozano.com\/","logo":{"@type":"ImageObject","inLanguage":"en-GB","@id":"https:\/\/velezylozano.com\/#\/schema\/logo\/image\/","url":"https:\/\/velezylozano.com\/wp-content\/uploads\/2021\/12\/velezlozanologo.svg","contentUrl":"https:\/\/velezylozano.com\/wp-content\/uploads\/2021\/12\/velezlozanologo.svg","width":322,"height":33,"caption":"V\u00e9lez &amp; Lozano"},"image":{"@id":"https:\/\/velezylozano.com\/#\/schema\/logo\/image\/"}},{"@type":"Person","@id":"https:\/\/velezylozano.com\/#\/schema\/person\/398ff8f7c21db7df8107c871189b1d1e","name":"Francisco J.","image":{"@type":"ImageObject","inLanguage":"en-GB","@id":"https:\/\/secure.gravatar.com\/avatar\/b056eb0e17a1840d21420e19579ca7ec0a72d573f65fbb56bc8851b1c131d355?s=96&d=mm&r=g","url":"https:\/\/secure.gravatar.com\/avatar\/b056eb0e17a1840d21420e19579ca7ec0a72d573f65fbb56bc8851b1c131d355?s=96&d=mm&r=g","contentUrl":"https:\/\/secure.gravatar.com\/avatar\/b056eb0e17a1840d21420e19579ca7ec0a72d573f65fbb56bc8851b1c131d355?s=96&d=mm&r=g","caption":"Francisco J."},"url":"https:\/\/velezylozano.com\/en\/author\/fran\/"}]}},"jetpack_featured_media_url":"https:\/\/i0.wp.com\/velezylozano.com\/wp-content\/uploads\/2021\/12\/WhatsApp-Image-2021-11-29-at-14.46.36.jpeg?fit=1200%2C1600&ssl=1","jetpack-related-posts":[{"id":6548,"url":"https:\/\/velezylozano.com\/en\/3d-printing-dentistry-murcia\/","url_meta":{"origin":7589,"position":0},"title":"V\u00e9lez y Lozano hosts course on 3D printing in dentistry","author":"Comunicaci\u00f3n V&amp;L","date":"6 de September de 2021","format":false,"excerpt":"Las instalaciones de la Cl\u00ednica Dental en Murcia V\u00e9lez y Lozano han servido durante este fin de semana del 4 y 5 de septiembre de 2021 para acoger el curso formativo \u2018Deep Learning en Impresi\u00f3n 3D\u2019 que imparte el pionero en la materia Wenceslao Piedra, al que han asistido dos\u2026","rel":"","context":"In &quot;Actualidad&quot;","block_context":{"text":"Actualidad","link":"https:\/\/velezylozano.com\/en\/category\/news-2\/"},"img":{"alt_text":"","src":"https:\/\/i0.wp.com\/velezylozano.com\/wp-content\/uploads\/2021\/09\/6sept.jpg?fit=898%2C480&ssl=1&resize=350%2C200","width":350,"height":200,"srcset":"https:\/\/i0.wp.com\/velezylozano.com\/wp-content\/uploads\/2021\/09\/6sept.jpg?fit=898%2C480&ssl=1&resize=350%2C200 1x, https:\/\/i0.wp.com\/velezylozano.com\/wp-content\/uploads\/2021\/09\/6sept.jpg?fit=898%2C480&ssl=1&resize=525%2C300 1.5x, https:\/\/i0.wp.com\/velezylozano.com\/wp-content\/uploads\/2021\/09\/6sept.jpg?fit=898%2C480&ssl=1&resize=700%2C400 2x"},"classes":[]},{"id":8350,"url":"https:\/\/velezylozano.com\/en\/dental-holidays\/","url_meta":{"origin":7589,"position":1},"title":"Dental holidays?","author":"Comunicaci\u00f3n V&amp;L","date":"1 de March de 2018","format":false,"excerpt":"Perhaps you have never heard of the concept of dental tourism or it seems strange to relate these two words, however it is currently a growing phenomenon that moves millions of people from all over the world. But what exactly is a dental holiday? Numerous patients from all over the world travel to dental tourism in order to...","rel":"","context":"Similar post","block_context":{"text":"Similar post","link":""},"img":{"alt_text":"","src":"https:\/\/i0.wp.com\/velezylozano.com\/wp-content\/uploads\/2022\/01\/velez-y-lozano-clinica-dental-region-murcia-reunion-sala-multiusos-risas-felicidad-vacaciones.jpg?fit=1200%2C800&ssl=1&resize=350%2C200","width":350,"height":200,"srcset":"https:\/\/i0.wp.com\/velezylozano.com\/wp-content\/uploads\/2022\/01\/velez-y-lozano-clinica-dental-region-murcia-reunion-sala-multiusos-risas-felicidad-vacaciones.jpg?fit=1200%2C800&ssl=1&resize=350%2C200 1x, https:\/\/i0.wp.com\/velezylozano.com\/wp-content\/uploads\/2022\/01\/velez-y-lozano-clinica-dental-region-murcia-reunion-sala-multiusos-risas-felicidad-vacaciones.jpg?fit=1200%2C800&ssl=1&resize=525%2C300 1.5x, https:\/\/i0.wp.com\/velezylozano.com\/wp-content\/uploads\/2022\/01\/velez-y-lozano-clinica-dental-region-murcia-reunion-sala-multiusos-risas-felicidad-vacaciones.jpg?fit=1200%2C800&ssl=1&resize=700%2C400 2x, https:\/\/i0.wp.com\/velezylozano.com\/wp-content\/uploads\/2022\/01\/velez-y-lozano-clinica-dental-region-murcia-reunion-sala-multiusos-risas-felicidad-vacaciones.jpg?fit=1200%2C800&ssl=1&resize=1050%2C600 3x"},"classes":[]},{"id":12160,"url":"https:\/\/velezylozano.com\/en\/velez-lozano-collaborates-in-the-xxi-national-open-air-painting-competition-of-santa-maria-de-gracia\/","url_meta":{"origin":7589,"position":2},"title":"V\u00e9lez &amp; Lozano collaborates in the XXI National Open Air Painting Competition of Santa Mar\u00eda de Gracia","author":"Francisco J.","date":"25 de October de 2023","format":false,"excerpt":"Este pasado fin de semana, en concreto el domingo 22 de octubre, tuvo lugar el XXI Certamen Nacional de Pintura al Aire Libre, organizado por la Asociaci\u00f3n Cultural Amigos del Arte Santa Mar\u00eda de Gracia, en la que fuimos invitados a colaborar por el p\u00e1rroco local. Como entre nuestros valores\u2026","rel":"","context":"In &quot;Actualidad&quot;","block_context":{"text":"Actualidad","link":"https:\/\/velezylozano.com\/en\/category\/news-2\/"},"img":{"alt_text":"","src":"https:\/\/i0.wp.com\/velezylozano.com\/wp-content\/uploads\/2023\/10\/IMG_8261-scaled-e1698233142366.jpg?fit=733%2C1200&ssl=1&resize=350%2C200","width":350,"height":200,"srcset":"https:\/\/i0.wp.com\/velezylozano.com\/wp-content\/uploads\/2023\/10\/IMG_8261-scaled-e1698233142366.jpg?fit=733%2C1200&ssl=1&resize=350%2C200 1x, https:\/\/i0.wp.com\/velezylozano.com\/wp-content\/uploads\/2023\/10\/IMG_8261-scaled-e1698233142366.jpg?fit=733%2C1200&ssl=1&resize=525%2C300 1.5x, https:\/\/i0.wp.com\/velezylozano.com\/wp-content\/uploads\/2023\/10\/IMG_8261-scaled-e1698233142366.jpg?fit=733%2C1200&ssl=1&resize=700%2C400 2x"},"classes":[]},{"id":7150,"url":"https:\/\/velezylozano.com\/en\/new-incorporation-invisible-orthodontics-murcia\/","url_meta":{"origin":7589,"position":3},"title":"Ana P\u00e9rez joins V\u00e9lez y Lozano's orthodontic team","author":"Comunicaci\u00f3n V&amp;L","date":"26 de October de 2021","format":false,"excerpt":"La ortodoncista Ana P\u00e9rez Pardo ya forma parte del equipo de ortodoncia de V\u00e9lez y Lozano en nuestra Cl\u00ednica Dental en Murcia. Ana tiene una sobrada y conocida formaci\u00f3n y experiencia en el campo de la ortodoncia, desde que se licenciase en Odontolog\u00eda en la Universidad de Murcia en el\u2026","rel":"","context":"In &quot;Actualidad&quot;","block_context":{"text":"Actualidad","link":"https:\/\/velezylozano.com\/en\/category\/news-2\/"},"img":{"alt_text":"ortodoncia-invisible-murcia","src":"https:\/\/i0.wp.com\/velezylozano.com\/wp-content\/uploads\/2021\/10\/ana-scaled-1.jpg?fit=937%2C1200&ssl=1&resize=350%2C200","width":350,"height":200,"srcset":"https:\/\/i0.wp.com\/velezylozano.com\/wp-content\/uploads\/2021\/10\/ana-scaled-1.jpg?fit=937%2C1200&ssl=1&resize=350%2C200 1x, https:\/\/i0.wp.com\/velezylozano.com\/wp-content\/uploads\/2021\/10\/ana-scaled-1.jpg?fit=937%2C1200&ssl=1&resize=525%2C300 1.5x, https:\/\/i0.wp.com\/velezylozano.com\/wp-content\/uploads\/2021\/10\/ana-scaled-1.jpg?fit=937%2C1200&ssl=1&resize=700%2C400 2x"},"classes":[]},{"id":8318,"url":"https:\/\/velezylozano.com\/en\/halloween-invades-velez-and-lozano-participates-in-hoyasustoyo\/","url_meta":{"origin":7589,"position":4},"title":"Halloween invades V\u00e9lez and Lozano. Participate in #HoyAsustoYo.","author":"Comunicaci\u00f3n V&amp;L","date":"24 de October de 2016","format":false,"excerpt":"BASES DEL CONCURSO HALLOWEEN CONDICIONES DE PATICIPACI\u00d3N Y \u00c1MBITO DEL CONCURSO. Cl\u00ednica Dental V\u00e9lez&Lozano, organiza este concurso, con premios descritos m\u00e1s adelante, en el que podr\u00e1n participar todas aquellas personas f\u00edsicas que cumplan los requisitos descritos en las bases proporcionadas a continuaci\u00f3n. Podr\u00e1n participar en el concurso todas las personas\u2026","rel":"","context":"Similar post","block_context":{"text":"Similar post","link":""},"img":{"alt_text":"","src":"https:\/\/i0.wp.com\/velezylozano.com\/wp-content\/uploads\/2022\/01\/halloween-velez-y-lozano-calabazas.jpg?fit=850%2C1191&ssl=1&resize=350%2C200","width":350,"height":200,"srcset":"https:\/\/i0.wp.com\/velezylozano.com\/wp-content\/uploads\/2022\/01\/halloween-velez-y-lozano-calabazas.jpg?fit=850%2C1191&ssl=1&resize=350%2C200 1x, https:\/\/i0.wp.com\/velezylozano.com\/wp-content\/uploads\/2022\/01\/halloween-velez-y-lozano-calabazas.jpg?fit=850%2C1191&ssl=1&resize=525%2C300 1.5x, https:\/\/i0.wp.com\/velezylozano.com\/wp-content\/uploads\/2022\/01\/halloween-velez-y-lozano-calabazas.jpg?fit=850%2C1191&ssl=1&resize=700%2C400 2x"},"classes":[]},{"id":11721,"url":"https:\/\/velezylozano.com\/en\/get-to-know-velez-lozano-our-company-philosophy\/","url_meta":{"origin":7589,"position":5},"title":"Get to know V\u00e9lez &amp; Lozano: our company philosophy","author":"Francisco J.","date":"14 de April de 2023","format":false,"excerpt":"Desde que creamos este blog, su intenci\u00f3n ha sido mayormente divulgativa, ofreciendo contenidos de diversa \u00edndole pero siempre con la intenci\u00f3n de educar sobre odontolog\u00eda a nivel paciente. Sin embargo, alguna vez, las menos, nos hemos desviado de esta l\u00ednea con alg\u00fan contenido especial, como el que hoy pretendemos ofreceros.\u2026","rel":"","context":"In &quot;2023&quot;","block_context":{"text":"2023","link":"https:\/\/velezylozano.com\/en\/category\/2023\/"},"img":{"alt_text":"","src":"https:\/\/i0.wp.com\/velezylozano.com\/wp-content\/uploads\/2023\/04\/CLINICA-VL-6-scaled.jpg?fit=1200%2C800&ssl=1&resize=350%2C200","width":350,"height":200,"srcset":"https:\/\/i0.wp.com\/velezylozano.com\/wp-content\/uploads\/2023\/04\/CLINICA-VL-6-scaled.jpg?fit=1200%2C800&ssl=1&resize=350%2C200 1x, https:\/\/i0.wp.com\/velezylozano.com\/wp-content\/uploads\/2023\/04\/CLINICA-VL-6-scaled.jpg?fit=1200%2C800&ssl=1&resize=525%2C300 1.5x, https:\/\/i0.wp.com\/velezylozano.com\/wp-content\/uploads\/2023\/04\/CLINICA-VL-6-scaled.jpg?fit=1200%2C800&ssl=1&resize=700%2C400 2x, https:\/\/i0.wp.com\/velezylozano.com\/wp-content\/uploads\/2023\/04\/CLINICA-VL-6-scaled.jpg?fit=1200%2C800&ssl=1&resize=1050%2C600 3x"},"classes":[]}],"jetpack_sharing_enabled":true,"_links":{"self":[{"href":"https:\/\/velezylozano.com\/en\/wp-json\/wp\/v2\/posts\/7589","targetHints":{"allow":["GET"]}}],"collection":[{"href":"https:\/\/velezylozano.com\/en\/wp-json\/wp\/v2\/posts"}],"about":[{"href":"https:\/\/velezylozano.com\/en\/wp-json\/wp\/v2\/types\/post"}],"author":[{"embeddable":true,"href":"https:\/\/velezylozano.com\/en\/wp-json\/wp\/v2\/users\/4"}],"replies":[{"embeddable":true,"href":"https:\/\/velezylozano.com\/en\/wp-json\/wp\/v2\/comments?post=7589"}],"version-history":[{"count":1,"href":"https:\/\/velezylozano.com\/en\/wp-json\/wp\/v2\/posts\/7589\/revisions"}],"predecessor-version":[{"id":9446,"href":"https:\/\/velezylozano.com\/en\/wp-json\/wp\/v2\/posts\/7589\/revisions\/9446"}],"wp:featuredmedia":[{"embeddable":true,"href":"https:\/\/velezylozano.com\/en\/wp-json\/wp\/v2\/media\/7593"}],"wp:attachment":[{"href":"https:\/\/velezylozano.com\/en\/wp-json\/wp\/v2\/media?parent=7589"}],"wp:term":[{"taxonomy":"category","embeddable":true,"href":"https:\/\/velezylozano.com\/en\/wp-json\/wp\/v2\/categories?post=7589"},{"taxonomy":"post_tag","embeddable":true,"href":"https:\/\/velezylozano.com\/en\/wp-json\/wp\/v2\/tags?post=7589"}],"curies":[{"name":"wp","href":"https:\/\/api.w.org\/{rel}","templated":true}]}}