{"id":8005,"date":"2012-08-04T09:34:05","date_gmt":"2012-08-04T09:34:05","guid":{"rendered":"https:\/\/velezylozano.com\/dentista-en-agosto-en-murcia\/"},"modified":"2012-08-04T09:34:05","modified_gmt":"2012-08-04T09:34:05","slug":"dentist-in-august-in-murcia","status":"publish","type":"post","link":"https:\/\/velezylozano.com\/en\/dentist-in-august-in-murcia\/","title":{"rendered":"Dentist in August in Murcia"},"content":{"rendered":"<p>\"Murcia is empty during the month of August\". That phrase, a few years ago a reality repeated ad nauseam, has recently been replaced by \"it is no longer the same, Murcia used to be empty in summer\", and it is true that the living habits of the inhabitants of this city have changed considerably, and fewer and fewer citizens take holidays in August, in favour of other months of the year.<\/p>\n<p>This, however, sometimes makes it difficult to locate a dentist, either because you do not know where to go to find out which clinics are 'on call' in the capital, or because the dentist you trust is enjoying a well-deserved holiday after a year of intense work.<\/p>\n<figure id=\"attachment_46\" aria-describedby=\"caption-attachment-46\" style=\"width: 300px\" class=\"wp-caption alignnone\"><a href=\"https:\/\/i0.wp.com\/www.velezylozano.com\/wp-content\/uploads\/2012\/08\/velezylozano4_grande.jpg?ssl=1\"><img data-recalc-dims=\"1\" decoding=\"async\" class=\"size-medium wp-image-46\" title=\"A state-of-the-art dental clinic in Murcia, also open in summer\" src=\"https:\/\/i0.wp.com\/www.velezylozano.com\/wp-content\/uploads\/2012\/08\/velezylozano4_grande.jpg?resize=300%2C123&#038;ssl=1\" alt=\"A state-of-the-art dental clinic in Murcia, also open in summer\" width=\"300\" height=\"123\"><\/a><figcaption id=\"caption-attachment-46\" class=\"wp-caption-text\">A state-of-the-art dental clinic in Murcia, also open in summer<\/figcaption><\/figure>\n<p><a href=\"https:\/\/velezylozano.com\/en\/\">V\u00e9lez&amp;Lozano<\/a>in Murcia, is one of the leading clinics in the capital that keeps its facilities open during the month of August, with the same opening hours and facilities as during the rest of the year: from 9 am to 9 pm, every working day.<\/p>\n<p>Thus, residents in Murcia, Molina de Segura, Torres de Cotillas, Alguazas, or any other city around the capital of the Region who wish to take advantage of these dates to carry out their dental treatments, or those who have an emergency or pain of dental origin, can make an appointment on 968.28.46.28, within these opening hours, and enjoy minimally invasive dentistry with a maximum level of quality.<\/p>","protected":false},"excerpt":{"rendered":"<p>\u00abMurcia se queda vac\u00eda durante el mes de agosto\u00bb. Esa frase, hace unos a\u00f1os una realidad repetida hasta la saciedad, se ha visto recientemente sustitu\u00edda por la de \u00abya no es lo mismo, antes Murcia se quedaba vac\u00eda en verano\u00bb, y es cierto que los h\u00e1bitos de vida de los habitantes de esta ciudad han [&hellip;]<\/p>","protected":false},"author":3,"featured_media":8006,"comment_status":"closed","ping_status":"closed","sticky":false,"template":"","format":"standard","meta":{"_jetpack_memberships_contains_paid_content":false,"footnotes":""},"categories":[],"tags":[],"class_list":["post-8005","post","type-post","status-publish","format-standard","has-post-thumbnail","hentry"],"yoast_head":"<!-- This site is optimized with the Yoast SEO plugin v27.5 - https:\/\/yoast.com\/product\/yoast-seo-wordpress\/ -->\n<title>Dentista en agosto en Murcia - V\u00e9lez &amp; Lozano<\/title>\n<meta name=\"robots\" content=\"index, follow, max-snippet:-1, max-image-preview:large, max-video-preview:-1\" \/>\n<link rel=\"canonical\" href=\"https:\/\/velezylozano.com\/en\/dentist-in-august-in-murcia\/\" \/>\n<meta property=\"og:locale\" content=\"en_GB\" \/>\n<meta property=\"og:type\" content=\"article\" \/>\n<meta property=\"og:title\" content=\"Dentista en agosto en Murcia - V\u00e9lez &amp; Lozano\" \/>\n<meta property=\"og:description\" content=\"\u00abMurcia se queda vac\u00eda durante el mes de agosto\u00bb. Esa frase, hace unos a\u00f1os una realidad repetida hasta la saciedad, se ha visto recientemente sustitu\u00edda por la de \u00abya no es lo mismo, antes Murcia se quedaba vac\u00eda en verano\u00bb, y es cierto que los h\u00e1bitos de vida de los habitantes de esta ciudad han [&hellip;]\" \/>\n<meta property=\"og:url\" content=\"https:\/\/velezylozano.com\/en\/dentist-in-august-in-murcia\/\" \/>\n<meta property=\"og:site_name\" content=\"V\u00e9lez &amp; Lozano\" \/>\n<meta property=\"article:published_time\" content=\"2012-08-04T09:34:05+00:00\" \/>\n<meta property=\"og:image\" content=\"https:\/\/i0.wp.com\/velezylozano.com\/wp-content\/uploads\/2022\/01\/velez-y-lozano-clinica-dental-murcia-valeria-primavera-scaled-1.jpg?fit=2560%2C1839&ssl=1\" \/>\n\t<meta property=\"og:image:width\" content=\"2560\" \/>\n\t<meta property=\"og:image:height\" content=\"1839\" \/>\n\t<meta property=\"og:image:type\" content=\"image\/jpeg\" \/>\n<meta name=\"author\" content=\"Comunicaci\u00f3n V&amp;L\" \/>\n<meta name=\"twitter:card\" content=\"summary_large_image\" \/>\n<meta name=\"twitter:label1\" content=\"Written by\" \/>\n\t<meta name=\"twitter:data1\" content=\"Comunicaci\u00f3n V&amp;L\" \/>\n\t<meta name=\"twitter:label2\" content=\"Estimated reading time\" \/>\n\t<meta name=\"twitter:data2\" content=\"1 minute\" \/>\n<script type=\"application\/ld+json\" class=\"yoast-schema-graph\">{\"@context\":\"https:\\\/\\\/schema.org\",\"@graph\":[{\"@type\":\"Article\",\"@id\":\"https:\\\/\\\/velezylozano.com\\\/dentista-en-agosto-en-murcia\\\/#article\",\"isPartOf\":{\"@id\":\"https:\\\/\\\/velezylozano.com\\\/dentista-en-agosto-en-murcia\\\/\"},\"author\":{\"name\":\"Comunicaci\u00f3n V&amp;L\",\"@id\":\"https:\\\/\\\/velezylozano.com\\\/#\\\/schema\\\/person\\\/1c56e3cf63dd58194e47c0f52ee1acd5\"},\"headline\":\"Dentista en agosto en Murcia\",\"datePublished\":\"2012-08-04T09:34:05+00:00\",\"mainEntityOfPage\":{\"@id\":\"https:\\\/\\\/velezylozano.com\\\/dentista-en-agosto-en-murcia\\\/\"},\"wordCount\":298,\"publisher\":{\"@id\":\"https:\\\/\\\/velezylozano.com\\\/#organization\"},\"image\":{\"@id\":\"https:\\\/\\\/velezylozano.com\\\/dentista-en-agosto-en-murcia\\\/#primaryimage\"},\"thumbnailUrl\":\"https:\\\/\\\/i0.wp.com\\\/velezylozano.com\\\/wp-content\\\/uploads\\\/2022\\\/01\\\/velez-y-lozano-clinica-dental-murcia-valeria-primavera-scaled-1.jpg?fit=2560%2C1839&ssl=1\",\"inLanguage\":\"en-GB\"},{\"@type\":\"WebPage\",\"@id\":\"https:\\\/\\\/velezylozano.com\\\/dentista-en-agosto-en-murcia\\\/\",\"url\":\"https:\\\/\\\/velezylozano.com\\\/dentista-en-agosto-en-murcia\\\/\",\"name\":\"Dentista en agosto en Murcia - V\u00e9lez &amp; Lozano\",\"isPartOf\":{\"@id\":\"https:\\\/\\\/velezylozano.com\\\/#website\"},\"primaryImageOfPage\":{\"@id\":\"https:\\\/\\\/velezylozano.com\\\/dentista-en-agosto-en-murcia\\\/#primaryimage\"},\"image\":{\"@id\":\"https:\\\/\\\/velezylozano.com\\\/dentista-en-agosto-en-murcia\\\/#primaryimage\"},\"thumbnailUrl\":\"https:\\\/\\\/i0.wp.com\\\/velezylozano.com\\\/wp-content\\\/uploads\\\/2022\\\/01\\\/velez-y-lozano-clinica-dental-murcia-valeria-primavera-scaled-1.jpg?fit=2560%2C1839&ssl=1\",\"datePublished\":\"2012-08-04T09:34:05+00:00\",\"breadcrumb\":{\"@id\":\"https:\\\/\\\/velezylozano.com\\\/dentista-en-agosto-en-murcia\\\/#breadcrumb\"},\"inLanguage\":\"en-GB\",\"potentialAction\":[{\"@type\":\"ReadAction\",\"target\":[\"https:\\\/\\\/velezylozano.com\\\/dentista-en-agosto-en-murcia\\\/\"]}]},{\"@type\":\"ImageObject\",\"inLanguage\":\"en-GB\",\"@id\":\"https:\\\/\\\/velezylozano.com\\\/dentista-en-agosto-en-murcia\\\/#primaryimage\",\"url\":\"https:\\\/\\\/i0.wp.com\\\/velezylozano.com\\\/wp-content\\\/uploads\\\/2022\\\/01\\\/velez-y-lozano-clinica-dental-murcia-valeria-primavera-scaled-1.jpg?fit=2560%2C1839&ssl=1\",\"contentUrl\":\"https:\\\/\\\/i0.wp.com\\\/velezylozano.com\\\/wp-content\\\/uploads\\\/2022\\\/01\\\/velez-y-lozano-clinica-dental-murcia-valeria-primavera-scaled-1.jpg?fit=2560%2C1839&ssl=1\",\"width\":2560,\"height\":1839},{\"@type\":\"BreadcrumbList\",\"@id\":\"https:\\\/\\\/velezylozano.com\\\/dentista-en-agosto-en-murcia\\\/#breadcrumb\",\"itemListElement\":[{\"@type\":\"ListItem\",\"position\":1,\"name\":\"Home\",\"item\":\"https:\\\/\\\/velezylozano.com\\\/\"},{\"@type\":\"ListItem\",\"position\":2,\"name\":\"Dentista en agosto en Murcia\"}]},{\"@type\":\"WebSite\",\"@id\":\"https:\\\/\\\/velezylozano.com\\\/#website\",\"url\":\"https:\\\/\\\/velezylozano.com\\\/\",\"name\":\"V\u00e9lez &amp; Lozano\",\"description\":\"Cl\u00ednica dental en Murcia desde 2008\",\"publisher\":{\"@id\":\"https:\\\/\\\/velezylozano.com\\\/#organization\"},\"potentialAction\":[{\"@type\":\"SearchAction\",\"target\":{\"@type\":\"EntryPoint\",\"urlTemplate\":\"https:\\\/\\\/velezylozano.com\\\/?s={search_term_string}\"},\"query-input\":{\"@type\":\"PropertyValueSpecification\",\"valueRequired\":true,\"valueName\":\"search_term_string\"}}],\"inLanguage\":\"en-GB\"},{\"@type\":\"Organization\",\"@id\":\"https:\\\/\\\/velezylozano.com\\\/#organization\",\"name\":\"V\u00e9lez &amp; Lozano\",\"url\":\"https:\\\/\\\/velezylozano.com\\\/\",\"logo\":{\"@type\":\"ImageObject\",\"inLanguage\":\"en-GB\",\"@id\":\"https:\\\/\\\/velezylozano.com\\\/#\\\/schema\\\/logo\\\/image\\\/\",\"url\":\"https:\\\/\\\/velezylozano.com\\\/wp-content\\\/uploads\\\/2021\\\/12\\\/velezlozanologo.svg\",\"contentUrl\":\"https:\\\/\\\/velezylozano.com\\\/wp-content\\\/uploads\\\/2021\\\/12\\\/velezlozanologo.svg\",\"width\":322,\"height\":33,\"caption\":\"V\u00e9lez &amp; Lozano\"},\"image\":{\"@id\":\"https:\\\/\\\/velezylozano.com\\\/#\\\/schema\\\/logo\\\/image\\\/\"}},{\"@type\":\"Person\",\"@id\":\"https:\\\/\\\/velezylozano.com\\\/#\\\/schema\\\/person\\\/1c56e3cf63dd58194e47c0f52ee1acd5\",\"name\":\"Comunicaci\u00f3n V&amp;L\",\"image\":{\"@type\":\"ImageObject\",\"inLanguage\":\"en-GB\",\"@id\":\"https:\\\/\\\/secure.gravatar.com\\\/avatar\\\/c71847bdb2db2b82cf103719836121929bea3f2c1e8f242954e5cc67e1346522?s=96&d=mm&r=g\",\"url\":\"https:\\\/\\\/secure.gravatar.com\\\/avatar\\\/c71847bdb2db2b82cf103719836121929bea3f2c1e8f242954e5cc67e1346522?s=96&d=mm&r=g\",\"contentUrl\":\"https:\\\/\\\/secure.gravatar.com\\\/avatar\\\/c71847bdb2db2b82cf103719836121929bea3f2c1e8f242954e5cc67e1346522?s=96&d=mm&r=g\",\"caption\":\"Comunicaci\u00f3n V&amp;L\"},\"url\":\"https:\\\/\\\/velezylozano.com\\\/en\\\/author\\\/andres\\\/\"}]}<\/script>\n<!-- \/ Yoast SEO plugin. -->","yoast_head_json":{"title":"Dentist in August in Murcia - V\u00e9lez &amp; Lozano","robots":{"index":"index","follow":"follow","max-snippet":"max-snippet:-1","max-image-preview":"max-image-preview:large","max-video-preview":"max-video-preview:-1"},"canonical":"https:\/\/velezylozano.com\/en\/dentist-in-august-in-murcia\/","og_locale":"en_GB","og_type":"article","og_title":"Dentista en agosto en Murcia - V\u00e9lez &amp; Lozano","og_description":"\u00abMurcia se queda vac\u00eda durante el mes de agosto\u00bb. Esa frase, hace unos a\u00f1os una realidad repetida hasta la saciedad, se ha visto recientemente sustitu\u00edda por la de \u00abya no es lo mismo, antes Murcia se quedaba vac\u00eda en verano\u00bb, y es cierto que los h\u00e1bitos de vida de los habitantes de esta ciudad han [&hellip;]","og_url":"https:\/\/velezylozano.com\/en\/dentist-in-august-in-murcia\/","og_site_name":"V\u00e9lez &amp; Lozano","article_published_time":"2012-08-04T09:34:05+00:00","og_image":[{"width":2560,"height":1839,"url":"https:\/\/i0.wp.com\/velezylozano.com\/wp-content\/uploads\/2022\/01\/velez-y-lozano-clinica-dental-murcia-valeria-primavera-scaled-1.jpg?fit=2560%2C1839&ssl=1","type":"image\/jpeg"}],"author":"Comunicaci\u00f3n V&amp;L","twitter_card":"summary_large_image","twitter_misc":{"Written by":"Comunicaci\u00f3n V&amp;L","Estimated reading time":"1 minute"},"schema":{"@context":"https:\/\/schema.org","@graph":[{"@type":"Article","@id":"https:\/\/velezylozano.com\/dentista-en-agosto-en-murcia\/#article","isPartOf":{"@id":"https:\/\/velezylozano.com\/dentista-en-agosto-en-murcia\/"},"author":{"name":"Comunicaci\u00f3n V&amp;L","@id":"https:\/\/velezylozano.com\/#\/schema\/person\/1c56e3cf63dd58194e47c0f52ee1acd5"},"headline":"Dentista en agosto en Murcia","datePublished":"2012-08-04T09:34:05+00:00","mainEntityOfPage":{"@id":"https:\/\/velezylozano.com\/dentista-en-agosto-en-murcia\/"},"wordCount":298,"publisher":{"@id":"https:\/\/velezylozano.com\/#organization"},"image":{"@id":"https:\/\/velezylozano.com\/dentista-en-agosto-en-murcia\/#primaryimage"},"thumbnailUrl":"https:\/\/i0.wp.com\/velezylozano.com\/wp-content\/uploads\/2022\/01\/velez-y-lozano-clinica-dental-murcia-valeria-primavera-scaled-1.jpg?fit=2560%2C1839&ssl=1","inLanguage":"en-GB"},{"@type":"WebPage","@id":"https:\/\/velezylozano.com\/dentista-en-agosto-en-murcia\/","url":"https:\/\/velezylozano.com\/dentista-en-agosto-en-murcia\/","name":"Dentist in August in Murcia - V\u00e9lez &amp; Lozano","isPartOf":{"@id":"https:\/\/velezylozano.com\/#website"},"primaryImageOfPage":{"@id":"https:\/\/velezylozano.com\/dentista-en-agosto-en-murcia\/#primaryimage"},"image":{"@id":"https:\/\/velezylozano.com\/dentista-en-agosto-en-murcia\/#primaryimage"},"thumbnailUrl":"https:\/\/i0.wp.com\/velezylozano.com\/wp-content\/uploads\/2022\/01\/velez-y-lozano-clinica-dental-murcia-valeria-primavera-scaled-1.jpg?fit=2560%2C1839&ssl=1","datePublished":"2012-08-04T09:34:05+00:00","breadcrumb":{"@id":"https:\/\/velezylozano.com\/dentista-en-agosto-en-murcia\/#breadcrumb"},"inLanguage":"en-GB","potentialAction":[{"@type":"ReadAction","target":["https:\/\/velezylozano.com\/dentista-en-agosto-en-murcia\/"]}]},{"@type":"ImageObject","inLanguage":"en-GB","@id":"https:\/\/velezylozano.com\/dentista-en-agosto-en-murcia\/#primaryimage","url":"https:\/\/i0.wp.com\/velezylozano.com\/wp-content\/uploads\/2022\/01\/velez-y-lozano-clinica-dental-murcia-valeria-primavera-scaled-1.jpg?fit=2560%2C1839&ssl=1","contentUrl":"https:\/\/i0.wp.com\/velezylozano.com\/wp-content\/uploads\/2022\/01\/velez-y-lozano-clinica-dental-murcia-valeria-primavera-scaled-1.jpg?fit=2560%2C1839&ssl=1","width":2560,"height":1839},{"@type":"BreadcrumbList","@id":"https:\/\/velezylozano.com\/dentista-en-agosto-en-murcia\/#breadcrumb","itemListElement":[{"@type":"ListItem","position":1,"name":"Home","item":"https:\/\/velezylozano.com\/"},{"@type":"ListItem","position":2,"name":"Dentista en agosto en Murcia"}]},{"@type":"WebSite","@id":"https:\/\/velezylozano.com\/#website","url":"https:\/\/velezylozano.com\/","name":"Velez &amp; Lozano","description":"Dental clinic in Murcia since 2008","publisher":{"@id":"https:\/\/velezylozano.com\/#organization"},"potentialAction":[{"@type":"SearchAction","target":{"@type":"EntryPoint","urlTemplate":"https:\/\/velezylozano.com\/?s={search_term_string}"},"query-input":{"@type":"PropertyValueSpecification","valueRequired":true,"valueName":"search_term_string"}}],"inLanguage":"en-GB"},{"@type":"Organization","@id":"https:\/\/velezylozano.com\/#organization","name":"Velez &amp; Lozano","url":"https:\/\/velezylozano.com\/","logo":{"@type":"ImageObject","inLanguage":"en-GB","@id":"https:\/\/velezylozano.com\/#\/schema\/logo\/image\/","url":"https:\/\/velezylozano.com\/wp-content\/uploads\/2021\/12\/velezlozanologo.svg","contentUrl":"https:\/\/velezylozano.com\/wp-content\/uploads\/2021\/12\/velezlozanologo.svg","width":322,"height":33,"caption":"V\u00e9lez &amp; Lozano"},"image":{"@id":"https:\/\/velezylozano.com\/#\/schema\/logo\/image\/"}},{"@type":"Person","@id":"https:\/\/velezylozano.com\/#\/schema\/person\/1c56e3cf63dd58194e47c0f52ee1acd5","name":"V&amp;L Communication","image":{"@type":"ImageObject","inLanguage":"en-GB","@id":"https:\/\/secure.gravatar.com\/avatar\/c71847bdb2db2b82cf103719836121929bea3f2c1e8f242954e5cc67e1346522?s=96&d=mm&r=g","url":"https:\/\/secure.gravatar.com\/avatar\/c71847bdb2db2b82cf103719836121929bea3f2c1e8f242954e5cc67e1346522?s=96&d=mm&r=g","contentUrl":"https:\/\/secure.gravatar.com\/avatar\/c71847bdb2db2b82cf103719836121929bea3f2c1e8f242954e5cc67e1346522?s=96&d=mm&r=g","caption":"Comunicaci\u00f3n V&amp;L"},"url":"https:\/\/velezylozano.com\/en\/author\/andres\/"}]}},"jetpack_featured_media_url":"https:\/\/i0.wp.com\/velezylozano.com\/wp-content\/uploads\/2022\/01\/velez-y-lozano-clinica-dental-murcia-valeria-primavera-scaled-1.jpg?fit=2560%2C1839&ssl=1","jetpack-related-posts":[{"id":10590,"url":"https:\/\/velezylozano.com\/en\/velez-y-lozano-your-emergency-dentist-in-murcia\/","url_meta":{"origin":8005,"position":0},"title":"V\u00e9lez y Lozano, your emergency dentist in Murcia","author":"Francisco J.","date":"1 de August de 2022","format":false,"excerpt":"Otro a\u00f1o m\u00e1s, ha llegado agosto y con \u00e9l las vacaciones de miles de murcianos. Sin embargo, otro a\u00f1o m\u00e1s, nosotros permanecemos abiertos en nuestro horario habitual de lunes a viernes y atendemos urgencias. Os recordamos que no cerramos a mediod\u00eda y abrimos de las 8 de la ma\u00f1ana a\u2026","rel":"","context":"In &quot;Actualidad&quot;","block_context":{"text":"Actualidad","link":"https:\/\/velezylozano.com\/en\/category\/news-2\/"},"img":{"alt_text":"","src":"https:\/\/i0.wp.com\/velezylozano.com\/wp-content\/uploads\/2022\/07\/muro.png?fit=961%2C1200&ssl=1&resize=350%2C200","width":350,"height":200,"srcset":"https:\/\/i0.wp.com\/velezylozano.com\/wp-content\/uploads\/2022\/07\/muro.png?fit=961%2C1200&ssl=1&resize=350%2C200 1x, https:\/\/i0.wp.com\/velezylozano.com\/wp-content\/uploads\/2022\/07\/muro.png?fit=961%2C1200&ssl=1&resize=525%2C300 1.5x, https:\/\/i0.wp.com\/velezylozano.com\/wp-content\/uploads\/2022\/07\/muro.png?fit=961%2C1200&ssl=1&resize=700%2C400 2x"},"classes":[]},{"id":8254,"url":"https:\/\/velezylozano.com\/en\/i-have-a-sore-in-my-mouth-what-can-i-do-dentista-murcia\/","url_meta":{"origin":8005,"position":1},"title":"I have a sore in my mouth, what can I do? - Dentist Murcia","author":"Comunicaci\u00f3n V&amp;L","date":"5 de April de 2016","format":false,"excerpt":"Una consulta frecuente en cl\u00ednicas dentales de la Regi\u00f3n de Murcia es la que se deriva de llagas o \u00falceras que se producen en tejidos mucosos dentro de la boca de los pacientes, un factor que, si bien en ocasiones se considera que no tiene demasiada importancia, merece una peque\u00f1a\u2026","rel":"","context":"Similar post","block_context":{"text":"Similar post","link":""},"img":{"alt_text":"","src":"https:\/\/i0.wp.com\/velezylozano.com\/wp-content\/uploads\/2022\/01\/kinga-cichewicz-FVRTLKgQ700-unsplash-scaled-1.jpg?fit=1200%2C801&ssl=1&resize=350%2C200","width":350,"height":200,"srcset":"https:\/\/i0.wp.com\/velezylozano.com\/wp-content\/uploads\/2022\/01\/kinga-cichewicz-FVRTLKgQ700-unsplash-scaled-1.jpg?fit=1200%2C801&ssl=1&resize=350%2C200 1x, https:\/\/i0.wp.com\/velezylozano.com\/wp-content\/uploads\/2022\/01\/kinga-cichewicz-FVRTLKgQ700-unsplash-scaled-1.jpg?fit=1200%2C801&ssl=1&resize=525%2C300 1.5x, https:\/\/i0.wp.com\/velezylozano.com\/wp-content\/uploads\/2022\/01\/kinga-cichewicz-FVRTLKgQ700-unsplash-scaled-1.jpg?fit=1200%2C801&ssl=1&resize=700%2C400 2x, https:\/\/i0.wp.com\/velezylozano.com\/wp-content\/uploads\/2022\/01\/kinga-cichewicz-FVRTLKgQ700-unsplash-scaled-1.jpg?fit=1200%2C801&ssl=1&resize=1050%2C600 3x"},"classes":[]},{"id":8390,"url":"https:\/\/velezylozano.com\/en\/disadvantages-of-low-cost-dentistry-in-murcia-implants-dentist\/","url_meta":{"origin":8005,"position":2},"title":"Disadvantages of low cost dentistry in Murcia - Dentista Implantes","author":"Comunicaci\u00f3n V&amp;L","date":"15 de July de 2014","format":false,"excerpt":"","rel":"","context":"Similar post","block_context":{"text":"Similar post","link":""},"img":{"alt_text":"","src":"https:\/\/i0.wp.com\/velezylozano.com\/wp-content\/uploads\/2022\/01\/Dientes-Torcidos-Solucio%CC%81n-Ortodoncia-Clinica-Dental-MiBO.png?fit=800%2C600&ssl=1&resize=350%2C200","width":350,"height":200,"srcset":"https:\/\/i0.wp.com\/velezylozano.com\/wp-content\/uploads\/2022\/01\/Dientes-Torcidos-Solucio%CC%81n-Ortodoncia-Clinica-Dental-MiBO.png?fit=800%2C600&ssl=1&resize=350%2C200 1x, https:\/\/i0.wp.com\/velezylozano.com\/wp-content\/uploads\/2022\/01\/Dientes-Torcidos-Solucio%CC%81n-Ortodoncia-Clinica-Dental-MiBO.png?fit=800%2C600&ssl=1&resize=525%2C300 1.5x, https:\/\/i0.wp.com\/velezylozano.com\/wp-content\/uploads\/2022\/01\/Dientes-Torcidos-Solucio%CC%81n-Ortodoncia-Clinica-Dental-MiBO.png?fit=800%2C600&ssl=1&resize=700%2C400 2x"},"classes":[]},{"id":8292,"url":"https:\/\/velezylozano.com\/en\/dental-tips-if-you-are-travelling-this-summer\/","url_meta":{"origin":8005,"position":3},"title":"Dental tips if you are travelling this summer","author":"Comunicaci\u00f3n V&amp;L","date":"2 de August de 2016","format":false,"excerpt":"Muchos estar\u00e1n disfrutando actualmente de sus merecidas vacaciones. Otros, sin embargo, tendr\u00e1n que esperar un poco m\u00e1s para poder cogerse unos d\u00edas de relax, alejados de las responsabilidades cotidianas. De un modo u otro, el verano es tiempo de vacaciones, viajes, planes con amigos y desconexi\u00f3n de la rutina. Por\u2026","rel":"","context":"Similar post","block_context":{"text":"Similar post","link":""},"img":{"alt_text":"","src":"https:\/\/i0.wp.com\/velezylozano.com\/wp-content\/uploads\/2022\/01\/blanqueamiento-dental-verano-clinica-dental-madrid-luciano-badanelli.jpg?fit=800%2C553&ssl=1&resize=350%2C200","width":350,"height":200,"srcset":"https:\/\/i0.wp.com\/velezylozano.com\/wp-content\/uploads\/2022\/01\/blanqueamiento-dental-verano-clinica-dental-madrid-luciano-badanelli.jpg?fit=800%2C553&ssl=1&resize=350%2C200 1x, https:\/\/i0.wp.com\/velezylozano.com\/wp-content\/uploads\/2022\/01\/blanqueamiento-dental-verano-clinica-dental-madrid-luciano-badanelli.jpg?fit=800%2C553&ssl=1&resize=525%2C300 1.5x, https:\/\/i0.wp.com\/velezylozano.com\/wp-content\/uploads\/2022\/01\/blanqueamiento-dental-verano-clinica-dental-madrid-luciano-badanelli.jpg?fit=800%2C553&ssl=1&resize=700%2C400 2x"},"classes":[]},{"id":8232,"url":"https:\/\/velezylozano.com\/en\/periodontics-and-systemic-diseases-dentist-murcia\/","url_meta":{"origin":8005,"position":4},"title":"Periodontics and systemic diseases - Dentist Murcia","author":"Comunicaci\u00f3n V&amp;L","date":"30 de September de 2014","format":false,"excerpt":"La enfermedad periodontal, com\u00fanmente conocida como \u2018piorrea\u2019, es una enfermedad inflamatoria de origen mayoritariamente bacteriano, que en algunos casos puede desarrollarse con p\u00e9rdida del hueso maxilar que \u2018sujeta\u2019 los dientes. Se trata, por tanto, de una enfermedad que afecta a los tejidos de soporte del diente y que, adem\u00e1s, comparte\u2026","rel":"","context":"Similar post","block_context":{"text":"Similar post","link":""},"img":{"alt_text":"","src":"https:\/\/i0.wp.com\/velezylozano.com\/wp-content\/uploads\/2022\/01\/velez-y-lozano-clinica-dental-region-murcia-articulo-dientes-enfermedades-periodontales-scaled-1.jpg?fit=1200%2C800&ssl=1&resize=350%2C200","width":350,"height":200,"srcset":"https:\/\/i0.wp.com\/velezylozano.com\/wp-content\/uploads\/2022\/01\/velez-y-lozano-clinica-dental-region-murcia-articulo-dientes-enfermedades-periodontales-scaled-1.jpg?fit=1200%2C800&ssl=1&resize=350%2C200 1x, https:\/\/i0.wp.com\/velezylozano.com\/wp-content\/uploads\/2022\/01\/velez-y-lozano-clinica-dental-region-murcia-articulo-dientes-enfermedades-periodontales-scaled-1.jpg?fit=1200%2C800&ssl=1&resize=525%2C300 1.5x, https:\/\/i0.wp.com\/velezylozano.com\/wp-content\/uploads\/2022\/01\/velez-y-lozano-clinica-dental-region-murcia-articulo-dientes-enfermedades-periodontales-scaled-1.jpg?fit=1200%2C800&ssl=1&resize=700%2C400 2x, https:\/\/i0.wp.com\/velezylozano.com\/wp-content\/uploads\/2022\/01\/velez-y-lozano-clinica-dental-region-murcia-articulo-dientes-enfermedades-periodontales-scaled-1.jpg?fit=1200%2C800&ssl=1&resize=1050%2C600 3x"},"classes":[]},{"id":8095,"url":"https:\/\/velezylozano.com\/en\/oral-health-campaign-pregnancy-2013-murcia\/","url_meta":{"origin":8005,"position":5},"title":"Oral Health and Pregnancy Campaign 2013 in Murcia","author":"Comunicaci\u00f3n V&amp;L","date":"13 de May de 2013","format":false,"excerpt":"El Consejo de Dentistas de Espa\u00f1a, con el patrocinio de L\u00e1cer, ha puesto en marcha la 'Campa\u00f1a Salud Oral y Embarazo 2013', dirigida a mujeres embarazadas, o que han dado a luz recientemente, a quienes una selecci\u00f3n de \u00a0dentistas de la Regi\u00f3n de Murcia asesorar\u00e1n gratuitamente sobre los cuidados necesarios\u2026","rel":"","context":"Similar post","block_context":{"text":"Similar post","link":""},"img":{"alt_text":"Salud Oral y Embarazo","src":"https:\/\/i0.wp.com\/www.velezylozano.com\/wp-content\/uploads\/2013\/05\/salud-oral-embarazo.png?resize=350%2C200&ssl=1","width":350,"height":200},"classes":[]}],"jetpack_sharing_enabled":true,"_links":{"self":[{"href":"https:\/\/velezylozano.com\/en\/wp-json\/wp\/v2\/posts\/8005","targetHints":{"allow":["GET"]}}],"collection":[{"href":"https:\/\/velezylozano.com\/en\/wp-json\/wp\/v2\/posts"}],"about":[{"href":"https:\/\/velezylozano.com\/en\/wp-json\/wp\/v2\/types\/post"}],"author":[{"embeddable":true,"href":"https:\/\/velezylozano.com\/en\/wp-json\/wp\/v2\/users\/3"}],"replies":[{"embeddable":true,"href":"https:\/\/velezylozano.com\/en\/wp-json\/wp\/v2\/comments?post=8005"}],"version-history":[{"count":0,"href":"https:\/\/velezylozano.com\/en\/wp-json\/wp\/v2\/posts\/8005\/revisions"}],"wp:featuredmedia":[{"embeddable":true,"href":"https:\/\/velezylozano.com\/en\/wp-json\/wp\/v2\/media\/8006"}],"wp:attachment":[{"href":"https:\/\/velezylozano.com\/en\/wp-json\/wp\/v2\/media?parent=8005"}],"wp:term":[{"taxonomy":"category","embeddable":true,"href":"https:\/\/velezylozano.com\/en\/wp-json\/wp\/v2\/categories?post=8005"},{"taxonomy":"post_tag","embeddable":true,"href":"https:\/\/velezylozano.com\/en\/wp-json\/wp\/v2\/tags?post=8005"}],"curies":[{"name":"wp","href":"https:\/\/api.w.org\/{rel}","templated":true}]}}