{"id":8088,"date":"2013-05-12T20:31:35","date_gmt":"2013-05-12T20:31:35","guid":{"rendered":"https:\/\/velezylozano.com\/como-colocan-brackets-aparato-dental\/"},"modified":"2013-05-12T20:31:35","modified_gmt":"2013-05-12T20:31:35","slug":"how-brackets-are-fitted","status":"publish","type":"post","link":"https:\/\/velezylozano.com\/en\/how-brackets-are-fitted\/","title":{"rendered":"How are the brackets of a dental 'appliance' fitted?"},"content":{"rendered":"<p>Orthodontic treatment is a wise decision in the life of anyone who wishes to improve their mastication, achieving a more balanced diet, thanks to better digestion of food, and a personal aesthetic that will make them more attractive to themselves and to others.<\/p>\n<p>Thus, before starting, many <a href=\"https:\/\/velezylozano.com\/en\/cita-localizacion\/\">patients in the city of Murcia<\/a> they ask themselves numerous questions about the sensations they will experience, the possible situations they may face, how many check-ups they will have... which must be answered before starting treatment by a <a href=\"https:\/\/velezylozano.com\/en\/treatments\/orthodontics\/lingual-estetica\/\">experienced orthodontist<\/a> and with in-depth knowledge of the system to be used.<\/p>\n<p>In this blog post we will address one of them: in which position are brackets placed on the teeth?<\/p>\n<p>And the answer is that depending on the type of malocclusion or problem each patient has, the orthodontist will decide to use one technique or another, which will determine the final position of the tooth.<\/p>\n<p>In any case, in general terms, it is true that brackets are usually placed at a predefined distance in each technique, with respect to the edge of each tooth, so that a harmonious, aesthetic and, above all, functional final distribution is achieved, so that the patient can chew correctly.<\/p>\n<p>Thus, the 'taller' teeth, i.e. the canines or 'fangs' and the incisors or 'paddles', will be higher than other 'lower' teeth, such as the premolars or molars (which are wider than they are tall).<\/p>\n<p>For this, the orthodontist will use height measuring 'stars', as well as being able to use brackets with 'positioners' that allow them to have a reference of how far from the bracket slot (where the 'arch' or 'wire' will pass) to the chewing edge.<\/p>\n<figure id=\"attachment_422\" aria-describedby=\"caption-attachment-422\" style=\"width: 300px\" class=\"wp-caption aligncenter\"><a href=\"https:\/\/i0.wp.com\/www.velezylozano.com\/wp-content\/uploads\/2013\/05\/estrella-posicionadora-brackets.jpg?ssl=1\"><img data-recalc-dims=\"1\" fetchpriority=\"high\" decoding=\"async\" class=\"size-medium wp-image-422\" alt=\"A bracket positioning star allows us to work with millimetre accuracy.\" src=\"https:\/\/i0.wp.com\/www.velezylozano.com\/wp-content\/uploads\/2013\/05\/estrella-posicionadora-brackets.jpg?resize=300%2C300&#038;ssl=1\" width=\"300\" height=\"300\"><\/a><figcaption id=\"caption-attachment-422\" class=\"wp-caption-text\">A bracket positioning star allows us to work with millimetre accuracy.<\/figcaption><\/figure>\n<p>In addition to this, innovative 'jig' systems allow the practitioner to have a better reference of the tooth axis, so that the alignment is always in the desired direction, to shorten treatment times and achieve efficient treatment.<\/p>\n<figure id=\"attachment_423\" aria-describedby=\"caption-attachment-423\" style=\"width: 300px\" class=\"wp-caption aligncenter\"><a href=\"https:\/\/i0.wp.com\/www.velezylozano.com\/wp-content\/uploads\/2013\/05\/img_6603.jpg?ssl=1\"><img data-recalc-dims=\"1\" decoding=\"async\" class=\"size-medium wp-image-423\" alt=\"Bracket jigs help us to position the bracket in the best position in the two dimensions of space in which we want to change its position.\" src=\"https:\/\/i0.wp.com\/www.velezylozano.com\/wp-content\/uploads\/2013\/05\/img_6603.jpg?resize=300%2C200&#038;ssl=1\" width=\"300\" height=\"200\"><\/a><figcaption id=\"caption-attachment-423\" class=\"wp-caption-text\">Jigs' or 'positioners' for brackets <a href=\"http:\/\/www.tip-edge.com\/why-tip-edge-plus\/\">Tip Edge Plus by TP Orthodontics<\/a>The brackets help us to ensure that the bracket is in the best position in the two dimensions of space in which we want to change its position.<\/figcaption><\/figure>\n<p>Therefore, we must remember that the position of the bracket is important, as it will be definitive for the treatment to run as smoothly as possible, so we must go to an<a href=\"https:\/\/velezylozano.com\/en\/the-clinic\/\"> expert orthodontist<\/a> to obtain reliable and predictable results in our smile.<\/p>","protected":false},"excerpt":{"rendered":"<p>Orthodontic treatment is a wise decision in the life of anyone who wishes to improve their chewing, achieving a more balanced diet, thanks to better digestion of food, and a personal aesthetic that will make them more attractive to themselves and to others. Thus, before starting, many patients of [...]<\/p>","protected":false},"author":3,"featured_media":8089,"comment_status":"closed","ping_status":"closed","sticky":false,"template":"","format":"standard","meta":{"_jetpack_memberships_contains_paid_content":false,"footnotes":""},"categories":[],"tags":[],"class_list":["post-8088","post","type-post","status-publish","format-standard","has-post-thumbnail","hentry"],"yoast_head":"<!-- This site is optimized with the Yoast SEO plugin v27.5 - https:\/\/yoast.com\/product\/yoast-seo-wordpress\/ -->\n<title>\u00bfC\u00f3mo se colocan los brackets de un \u2018aparato\u2019 dental? - V\u00e9lez &amp; Lozano<\/title>\n<meta name=\"robots\" content=\"index, follow, max-snippet:-1, max-image-preview:large, max-video-preview:-1\" \/>\n<link rel=\"canonical\" href=\"https:\/\/velezylozano.com\/en\/how-brackets-are-fitted\/\" \/>\n<meta property=\"og:locale\" content=\"en_GB\" \/>\n<meta property=\"og:type\" content=\"article\" \/>\n<meta property=\"og:title\" content=\"\u00bfC\u00f3mo se colocan los brackets de un \u2018aparato\u2019 dental? - V\u00e9lez &amp; Lozano\" \/>\n<meta property=\"og:description\" content=\"Un tratamiento de ortodoncia es una decisi\u00f3n acertada en la vida de cualquier persona que desee mejorar su masticaci\u00f3n, consiguiendo una alimentaci\u00f3n m\u00e1s equilibrada, gracias a una mejor digesti\u00f3n de los alimentos, y una est\u00e9tica personal que le har\u00e1 m\u00e1s atractivo para s\u00ed mismo y para los dem\u00e1s. As\u00ed, antes de empezar, muchos pacientes de [&hellip;]\" \/>\n<meta property=\"og:url\" content=\"https:\/\/velezylozano.com\/en\/how-brackets-are-fitted\/\" \/>\n<meta property=\"og:site_name\" content=\"V\u00e9lez &amp; Lozano\" \/>\n<meta property=\"article:published_time\" content=\"2013-05-12T20:31:35+00:00\" \/>\n<meta property=\"og:image\" content=\"https:\/\/i0.wp.com\/velezylozano.com\/wp-content\/uploads\/2022\/01\/tipos-de-brackets.jpg?fit=1920%2C1280&ssl=1\" \/>\n\t<meta property=\"og:image:width\" content=\"1920\" \/>\n\t<meta property=\"og:image:height\" content=\"1280\" \/>\n\t<meta property=\"og:image:type\" content=\"image\/jpeg\" \/>\n<meta name=\"author\" content=\"Comunicaci\u00f3n V&amp;L\" \/>\n<meta name=\"twitter:card\" content=\"summary_large_image\" \/>\n<meta name=\"twitter:label1\" content=\"Written by\" \/>\n\t<meta name=\"twitter:data1\" content=\"Comunicaci\u00f3n V&amp;L\" \/>\n\t<meta name=\"twitter:label2\" content=\"Estimated reading time\" \/>\n\t<meta name=\"twitter:data2\" content=\"2 minutes\" \/>\n<script type=\"application\/ld+json\" class=\"yoast-schema-graph\">{\"@context\":\"https:\\\/\\\/schema.org\",\"@graph\":[{\"@type\":\"Article\",\"@id\":\"https:\\\/\\\/velezylozano.com\\\/como-colocan-brackets-aparato-dental\\\/#article\",\"isPartOf\":{\"@id\":\"https:\\\/\\\/velezylozano.com\\\/como-colocan-brackets-aparato-dental\\\/\"},\"author\":{\"name\":\"Comunicaci\u00f3n V&amp;L\",\"@id\":\"https:\\\/\\\/velezylozano.com\\\/#\\\/schema\\\/person\\\/1c56e3cf63dd58194e47c0f52ee1acd5\"},\"headline\":\"\u00bfC\u00f3mo se colocan los brackets de un \u2018aparato\u2019 dental?\",\"datePublished\":\"2013-05-12T20:31:35+00:00\",\"mainEntityOfPage\":{\"@id\":\"https:\\\/\\\/velezylozano.com\\\/como-colocan-brackets-aparato-dental\\\/\"},\"wordCount\":485,\"publisher\":{\"@id\":\"https:\\\/\\\/velezylozano.com\\\/#organization\"},\"image\":{\"@id\":\"https:\\\/\\\/velezylozano.com\\\/como-colocan-brackets-aparato-dental\\\/#primaryimage\"},\"thumbnailUrl\":\"https:\\\/\\\/i0.wp.com\\\/velezylozano.com\\\/wp-content\\\/uploads\\\/2022\\\/01\\\/tipos-de-brackets.jpg?fit=1920%2C1280&ssl=1\",\"inLanguage\":\"en-GB\"},{\"@type\":\"WebPage\",\"@id\":\"https:\\\/\\\/velezylozano.com\\\/como-colocan-brackets-aparato-dental\\\/\",\"url\":\"https:\\\/\\\/velezylozano.com\\\/como-colocan-brackets-aparato-dental\\\/\",\"name\":\"\u00bfC\u00f3mo se colocan los brackets de un \u2018aparato\u2019 dental? - V\u00e9lez &amp; Lozano\",\"isPartOf\":{\"@id\":\"https:\\\/\\\/velezylozano.com\\\/#website\"},\"primaryImageOfPage\":{\"@id\":\"https:\\\/\\\/velezylozano.com\\\/como-colocan-brackets-aparato-dental\\\/#primaryimage\"},\"image\":{\"@id\":\"https:\\\/\\\/velezylozano.com\\\/como-colocan-brackets-aparato-dental\\\/#primaryimage\"},\"thumbnailUrl\":\"https:\\\/\\\/i0.wp.com\\\/velezylozano.com\\\/wp-content\\\/uploads\\\/2022\\\/01\\\/tipos-de-brackets.jpg?fit=1920%2C1280&ssl=1\",\"datePublished\":\"2013-05-12T20:31:35+00:00\",\"breadcrumb\":{\"@id\":\"https:\\\/\\\/velezylozano.com\\\/como-colocan-brackets-aparato-dental\\\/#breadcrumb\"},\"inLanguage\":\"en-GB\",\"potentialAction\":[{\"@type\":\"ReadAction\",\"target\":[\"https:\\\/\\\/velezylozano.com\\\/como-colocan-brackets-aparato-dental\\\/\"]}]},{\"@type\":\"ImageObject\",\"inLanguage\":\"en-GB\",\"@id\":\"https:\\\/\\\/velezylozano.com\\\/como-colocan-brackets-aparato-dental\\\/#primaryimage\",\"url\":\"https:\\\/\\\/i0.wp.com\\\/velezylozano.com\\\/wp-content\\\/uploads\\\/2022\\\/01\\\/tipos-de-brackets.jpg?fit=1920%2C1280&ssl=1\",\"contentUrl\":\"https:\\\/\\\/i0.wp.com\\\/velezylozano.com\\\/wp-content\\\/uploads\\\/2022\\\/01\\\/tipos-de-brackets.jpg?fit=1920%2C1280&ssl=1\",\"width\":1920,\"height\":1280},{\"@type\":\"BreadcrumbList\",\"@id\":\"https:\\\/\\\/velezylozano.com\\\/como-colocan-brackets-aparato-dental\\\/#breadcrumb\",\"itemListElement\":[{\"@type\":\"ListItem\",\"position\":1,\"name\":\"Home\",\"item\":\"https:\\\/\\\/velezylozano.com\\\/\"},{\"@type\":\"ListItem\",\"position\":2,\"name\":\"\u00bfC\u00f3mo se colocan los brackets de un \u2018aparato\u2019 dental?\"}]},{\"@type\":\"WebSite\",\"@id\":\"https:\\\/\\\/velezylozano.com\\\/#website\",\"url\":\"https:\\\/\\\/velezylozano.com\\\/\",\"name\":\"V\u00e9lez &amp; Lozano\",\"description\":\"Cl\u00ednica dental en Murcia desde 2008\",\"publisher\":{\"@id\":\"https:\\\/\\\/velezylozano.com\\\/#organization\"},\"potentialAction\":[{\"@type\":\"SearchAction\",\"target\":{\"@type\":\"EntryPoint\",\"urlTemplate\":\"https:\\\/\\\/velezylozano.com\\\/?s={search_term_string}\"},\"query-input\":{\"@type\":\"PropertyValueSpecification\",\"valueRequired\":true,\"valueName\":\"search_term_string\"}}],\"inLanguage\":\"en-GB\"},{\"@type\":\"Organization\",\"@id\":\"https:\\\/\\\/velezylozano.com\\\/#organization\",\"name\":\"V\u00e9lez &amp; Lozano\",\"url\":\"https:\\\/\\\/velezylozano.com\\\/\",\"logo\":{\"@type\":\"ImageObject\",\"inLanguage\":\"en-GB\",\"@id\":\"https:\\\/\\\/velezylozano.com\\\/#\\\/schema\\\/logo\\\/image\\\/\",\"url\":\"https:\\\/\\\/velezylozano.com\\\/wp-content\\\/uploads\\\/2021\\\/12\\\/velezlozanologo.svg\",\"contentUrl\":\"https:\\\/\\\/velezylozano.com\\\/wp-content\\\/uploads\\\/2021\\\/12\\\/velezlozanologo.svg\",\"width\":322,\"height\":33,\"caption\":\"V\u00e9lez &amp; Lozano\"},\"image\":{\"@id\":\"https:\\\/\\\/velezylozano.com\\\/#\\\/schema\\\/logo\\\/image\\\/\"}},{\"@type\":\"Person\",\"@id\":\"https:\\\/\\\/velezylozano.com\\\/#\\\/schema\\\/person\\\/1c56e3cf63dd58194e47c0f52ee1acd5\",\"name\":\"Comunicaci\u00f3n V&amp;L\",\"image\":{\"@type\":\"ImageObject\",\"inLanguage\":\"en-GB\",\"@id\":\"https:\\\/\\\/secure.gravatar.com\\\/avatar\\\/c71847bdb2db2b82cf103719836121929bea3f2c1e8f242954e5cc67e1346522?s=96&d=mm&r=g\",\"url\":\"https:\\\/\\\/secure.gravatar.com\\\/avatar\\\/c71847bdb2db2b82cf103719836121929bea3f2c1e8f242954e5cc67e1346522?s=96&d=mm&r=g\",\"contentUrl\":\"https:\\\/\\\/secure.gravatar.com\\\/avatar\\\/c71847bdb2db2b82cf103719836121929bea3f2c1e8f242954e5cc67e1346522?s=96&d=mm&r=g\",\"caption\":\"Comunicaci\u00f3n V&amp;L\"},\"url\":\"https:\\\/\\\/velezylozano.com\\\/en\\\/author\\\/andres\\\/\"}]}<\/script>\n<!-- \/ Yoast SEO plugin. -->","yoast_head_json":{"title":"How are the brackets of a dental 'appliance' fitted? - Velez &amp; Lozano","robots":{"index":"index","follow":"follow","max-snippet":"max-snippet:-1","max-image-preview":"max-image-preview:large","max-video-preview":"max-video-preview:-1"},"canonical":"https:\/\/velezylozano.com\/en\/how-brackets-are-fitted\/","og_locale":"en_GB","og_type":"article","og_title":"\u00bfC\u00f3mo se colocan los brackets de un \u2018aparato\u2019 dental? - V\u00e9lez &amp; Lozano","og_description":"Un tratamiento de ortodoncia es una decisi\u00f3n acertada en la vida de cualquier persona que desee mejorar su masticaci\u00f3n, consiguiendo una alimentaci\u00f3n m\u00e1s equilibrada, gracias a una mejor digesti\u00f3n de los alimentos, y una est\u00e9tica personal que le har\u00e1 m\u00e1s atractivo para s\u00ed mismo y para los dem\u00e1s. As\u00ed, antes de empezar, muchos pacientes de [&hellip;]","og_url":"https:\/\/velezylozano.com\/en\/how-brackets-are-fitted\/","og_site_name":"V\u00e9lez &amp; Lozano","article_published_time":"2013-05-12T20:31:35+00:00","og_image":[{"width":1920,"height":1280,"url":"https:\/\/i0.wp.com\/velezylozano.com\/wp-content\/uploads\/2022\/01\/tipos-de-brackets.jpg?fit=1920%2C1280&ssl=1","type":"image\/jpeg"}],"author":"Comunicaci\u00f3n V&amp;L","twitter_card":"summary_large_image","twitter_misc":{"Written by":"Comunicaci\u00f3n V&amp;L","Estimated reading time":"2 minutes"},"schema":{"@context":"https:\/\/schema.org","@graph":[{"@type":"Article","@id":"https:\/\/velezylozano.com\/como-colocan-brackets-aparato-dental\/#article","isPartOf":{"@id":"https:\/\/velezylozano.com\/como-colocan-brackets-aparato-dental\/"},"author":{"name":"Comunicaci\u00f3n V&amp;L","@id":"https:\/\/velezylozano.com\/#\/schema\/person\/1c56e3cf63dd58194e47c0f52ee1acd5"},"headline":"\u00bfC\u00f3mo se colocan los brackets de un \u2018aparato\u2019 dental?","datePublished":"2013-05-12T20:31:35+00:00","mainEntityOfPage":{"@id":"https:\/\/velezylozano.com\/como-colocan-brackets-aparato-dental\/"},"wordCount":485,"publisher":{"@id":"https:\/\/velezylozano.com\/#organization"},"image":{"@id":"https:\/\/velezylozano.com\/como-colocan-brackets-aparato-dental\/#primaryimage"},"thumbnailUrl":"https:\/\/i0.wp.com\/velezylozano.com\/wp-content\/uploads\/2022\/01\/tipos-de-brackets.jpg?fit=1920%2C1280&ssl=1","inLanguage":"en-GB"},{"@type":"WebPage","@id":"https:\/\/velezylozano.com\/como-colocan-brackets-aparato-dental\/","url":"https:\/\/velezylozano.com\/como-colocan-brackets-aparato-dental\/","name":"How are the brackets of a dental 'appliance' fitted? - Velez &amp; Lozano","isPartOf":{"@id":"https:\/\/velezylozano.com\/#website"},"primaryImageOfPage":{"@id":"https:\/\/velezylozano.com\/como-colocan-brackets-aparato-dental\/#primaryimage"},"image":{"@id":"https:\/\/velezylozano.com\/como-colocan-brackets-aparato-dental\/#primaryimage"},"thumbnailUrl":"https:\/\/i0.wp.com\/velezylozano.com\/wp-content\/uploads\/2022\/01\/tipos-de-brackets.jpg?fit=1920%2C1280&ssl=1","datePublished":"2013-05-12T20:31:35+00:00","breadcrumb":{"@id":"https:\/\/velezylozano.com\/como-colocan-brackets-aparato-dental\/#breadcrumb"},"inLanguage":"en-GB","potentialAction":[{"@type":"ReadAction","target":["https:\/\/velezylozano.com\/como-colocan-brackets-aparato-dental\/"]}]},{"@type":"ImageObject","inLanguage":"en-GB","@id":"https:\/\/velezylozano.com\/como-colocan-brackets-aparato-dental\/#primaryimage","url":"https:\/\/i0.wp.com\/velezylozano.com\/wp-content\/uploads\/2022\/01\/tipos-de-brackets.jpg?fit=1920%2C1280&ssl=1","contentUrl":"https:\/\/i0.wp.com\/velezylozano.com\/wp-content\/uploads\/2022\/01\/tipos-de-brackets.jpg?fit=1920%2C1280&ssl=1","width":1920,"height":1280},{"@type":"BreadcrumbList","@id":"https:\/\/velezylozano.com\/como-colocan-brackets-aparato-dental\/#breadcrumb","itemListElement":[{"@type":"ListItem","position":1,"name":"Home","item":"https:\/\/velezylozano.com\/"},{"@type":"ListItem","position":2,"name":"\u00bfC\u00f3mo se colocan los brackets de un \u2018aparato\u2019 dental?"}]},{"@type":"WebSite","@id":"https:\/\/velezylozano.com\/#website","url":"https:\/\/velezylozano.com\/","name":"Velez &amp; Lozano","description":"Dental clinic in Murcia since 2008","publisher":{"@id":"https:\/\/velezylozano.com\/#organization"},"potentialAction":[{"@type":"SearchAction","target":{"@type":"EntryPoint","urlTemplate":"https:\/\/velezylozano.com\/?s={search_term_string}"},"query-input":{"@type":"PropertyValueSpecification","valueRequired":true,"valueName":"search_term_string"}}],"inLanguage":"en-GB"},{"@type":"Organization","@id":"https:\/\/velezylozano.com\/#organization","name":"Velez &amp; Lozano","url":"https:\/\/velezylozano.com\/","logo":{"@type":"ImageObject","inLanguage":"en-GB","@id":"https:\/\/velezylozano.com\/#\/schema\/logo\/image\/","url":"https:\/\/velezylozano.com\/wp-content\/uploads\/2021\/12\/velezlozanologo.svg","contentUrl":"https:\/\/velezylozano.com\/wp-content\/uploads\/2021\/12\/velezlozanologo.svg","width":322,"height":33,"caption":"V\u00e9lez &amp; Lozano"},"image":{"@id":"https:\/\/velezylozano.com\/#\/schema\/logo\/image\/"}},{"@type":"Person","@id":"https:\/\/velezylozano.com\/#\/schema\/person\/1c56e3cf63dd58194e47c0f52ee1acd5","name":"V&amp;L Communication","image":{"@type":"ImageObject","inLanguage":"en-GB","@id":"https:\/\/secure.gravatar.com\/avatar\/c71847bdb2db2b82cf103719836121929bea3f2c1e8f242954e5cc67e1346522?s=96&d=mm&r=g","url":"https:\/\/secure.gravatar.com\/avatar\/c71847bdb2db2b82cf103719836121929bea3f2c1e8f242954e5cc67e1346522?s=96&d=mm&r=g","contentUrl":"https:\/\/secure.gravatar.com\/avatar\/c71847bdb2db2b82cf103719836121929bea3f2c1e8f242954e5cc67e1346522?s=96&d=mm&r=g","caption":"Comunicaci\u00f3n V&amp;L"},"url":"https:\/\/velezylozano.com\/en\/author\/andres\/"}]}},"jetpack_featured_media_url":"https:\/\/i0.wp.com\/velezylozano.com\/wp-content\/uploads\/2022\/01\/tipos-de-brackets.jpg?fit=1920%2C1280&ssl=1","jetpack-related-posts":[{"id":8228,"url":"https:\/\/velezylozano.com\/en\/what-are-the-differences-between-the-different-types-of-brackets-orthodontics-murcia\/","url_meta":{"origin":8088,"position":0},"title":"What are the differences between the different types of braces? - Murcia Orthodontics","author":"Comunicaci\u00f3n V&amp;L","date":"4 de July de 2014","format":false,"excerpt":"Brackets de zafiro, brackets de composite, brackets de cer\u00e1mica, brackets de pl\u00e1stico, brackets de porcelana, brackets Clarity, brackets Damon, brackets Tip-Edge, brackets de acero, brackets met\u00e1licos,\u2026 las posibilidades de la ortodoncia moderna son cada vez m\u00e1s amplias, lo que hace que los dentistas tengan m\u00e1s herramientas para tratar las maloclusiones\u2026","rel":"","context":"Similar post","block_context":{"text":"Similar post","link":""},"img":{"alt_text":"","src":"https:\/\/i0.wp.com\/velezylozano.com\/wp-content\/uploads\/2022\/01\/velez-y-lozano-clinica-dental-region-murcia-articulo-ortodoncia-invisible-invisalign-brackets-comparacion-scaled-1.jpg?fit=1200%2C857&ssl=1&resize=350%2C200","width":350,"height":200,"srcset":"https:\/\/i0.wp.com\/velezylozano.com\/wp-content\/uploads\/2022\/01\/velez-y-lozano-clinica-dental-region-murcia-articulo-ortodoncia-invisible-invisalign-brackets-comparacion-scaled-1.jpg?fit=1200%2C857&ssl=1&resize=350%2C200 1x, https:\/\/i0.wp.com\/velezylozano.com\/wp-content\/uploads\/2022\/01\/velez-y-lozano-clinica-dental-region-murcia-articulo-ortodoncia-invisible-invisalign-brackets-comparacion-scaled-1.jpg?fit=1200%2C857&ssl=1&resize=525%2C300 1.5x, https:\/\/i0.wp.com\/velezylozano.com\/wp-content\/uploads\/2022\/01\/velez-y-lozano-clinica-dental-region-murcia-articulo-ortodoncia-invisible-invisalign-brackets-comparacion-scaled-1.jpg?fit=1200%2C857&ssl=1&resize=700%2C400 2x, https:\/\/i0.wp.com\/velezylozano.com\/wp-content\/uploads\/2022\/01\/velez-y-lozano-clinica-dental-region-murcia-articulo-ortodoncia-invisible-invisalign-brackets-comparacion-scaled-1.jpg?fit=1200%2C857&ssl=1&resize=1050%2C600 3x"},"classes":[]},{"id":8101,"url":"https:\/\/velezylozano.com\/en\/fast-orthodontics-what-all-patients-want-and-what-their-orthodontists-want-too\/","url_meta":{"origin":8088,"position":1},"title":"Fast orthodontics: what all patients want... and their orthodontists too!","author":"Comunicaci\u00f3n V&amp;L","date":"5 de July de 2013","format":false,"excerpt":"Un tratamiento de ortodoncia para alinear los dientes de un pacientes, consiguiendo una masticaci\u00f3n funcional y una est\u00e9tica sobresaliente, exige que el paciente lleve durante un tiempo brackets o alineadores transparentes, algo que, en muchas ocasiones hace que una persona no se decida a mejorar su sonrisa y su oclusi\u00f3n\u2026","rel":"","context":"Similar post","block_context":{"text":"Similar post","link":""},"img":{"alt_text":"","src":"https:\/\/i0.wp.com\/velezylozano.com\/wp-content\/uploads\/2022\/01\/como-cepillarse-los-dientes-cuando-llevas-brackets.jpg?fit=992%2C558&ssl=1&resize=350%2C200","width":350,"height":200,"srcset":"https:\/\/i0.wp.com\/velezylozano.com\/wp-content\/uploads\/2022\/01\/como-cepillarse-los-dientes-cuando-llevas-brackets.jpg?fit=992%2C558&ssl=1&resize=350%2C200 1x, https:\/\/i0.wp.com\/velezylozano.com\/wp-content\/uploads\/2022\/01\/como-cepillarse-los-dientes-cuando-llevas-brackets.jpg?fit=992%2C558&ssl=1&resize=525%2C300 1.5x, https:\/\/i0.wp.com\/velezylozano.com\/wp-content\/uploads\/2022\/01\/como-cepillarse-los-dientes-cuando-llevas-brackets.jpg?fit=992%2C558&ssl=1&resize=700%2C400 2x"},"classes":[]},{"id":8120,"url":"https:\/\/velezylozano.com\/en\/what-is-the-most-powerful-bracket-for-correcting-a-class-two-or-three-denture\/","url_meta":{"origin":8088,"position":2},"title":"What is the most powerful bracket for correcting a class two or three denture?","author":"Comunicaci\u00f3n V&amp;L","date":"4 de November de 2013","format":false,"excerpt":"En muchas ocasiones los ciudadanos de la Regi\u00f3n de Murcia acuden a su dentista de confianza a plantearle la posibilidad de llevar un tratamiento de ortodoncia, el cual determinar\u00e1 cu\u00e1les son las necesidades del paciente. En algunos casos, el problema fundamental pueden ser dientes muy api\u00f1ados, por una falta de\u2026","rel":"","context":"Similar post","block_context":{"text":"Similar post","link":""},"img":{"alt_text":"","src":"https:\/\/i0.wp.com\/velezylozano.com\/wp-content\/uploads\/2022\/01\/imagen-del-bracket-con-los-dos-arcos-que-mejoran-la-correccic3b3n-de-clase.jpg?fit=1020%2C600&ssl=1&resize=350%2C200","width":350,"height":200,"srcset":"https:\/\/i0.wp.com\/velezylozano.com\/wp-content\/uploads\/2022\/01\/imagen-del-bracket-con-los-dos-arcos-que-mejoran-la-correccic3b3n-de-clase.jpg?fit=1020%2C600&ssl=1&resize=350%2C200 1x, https:\/\/i0.wp.com\/velezylozano.com\/wp-content\/uploads\/2022\/01\/imagen-del-bracket-con-los-dos-arcos-que-mejoran-la-correccic3b3n-de-clase.jpg?fit=1020%2C600&ssl=1&resize=525%2C300 1.5x, https:\/\/i0.wp.com\/velezylozano.com\/wp-content\/uploads\/2022\/01\/imagen-del-bracket-con-los-dos-arcos-que-mejoran-la-correccic3b3n-de-clase.jpg?fit=1020%2C600&ssl=1&resize=700%2C400 2x"},"classes":[]},{"id":8250,"url":"https:\/\/velezylozano.com\/en\/what-are-the-differences-between-metal-wires-and-white-wires-in-orthodontic-braces-in-murcia\/","url_meta":{"origin":8088,"position":3},"title":"What are the differences between metal wires and white wires in braces? - Murcia Orthodontist","author":"Comunicaci\u00f3n V&amp;L","date":"22 de March de 2016","format":false,"excerpt":"La est\u00e9tica es algo fundamental en la sociedad espa\u00f1ola y en la Regi\u00f3n de Murcia, lo que hace que cada vez sean m\u00e1s las personas que se deciden a iniciar un tratamiento de ortodoncia, con el objetivo de mejorar su salud bucodental corrigiendo una maloclusi\u00f3n, pero tambi\u00e9n de alcanzar una\u2026","rel":"","context":"Similar post","block_context":{"text":"Similar post","link":""},"img":{"alt_text":"","src":"https:\/\/i0.wp.com\/velezylozano.com\/wp-content\/uploads\/2022\/01\/Clean-Teeth-After-Brushing-1024x610-1.jpg?fit=1024%2C610&ssl=1&resize=350%2C200","width":350,"height":200,"srcset":"https:\/\/i0.wp.com\/velezylozano.com\/wp-content\/uploads\/2022\/01\/Clean-Teeth-After-Brushing-1024x610-1.jpg?fit=1024%2C610&ssl=1&resize=350%2C200 1x, https:\/\/i0.wp.com\/velezylozano.com\/wp-content\/uploads\/2022\/01\/Clean-Teeth-After-Brushing-1024x610-1.jpg?fit=1024%2C610&ssl=1&resize=525%2C300 1.5x, https:\/\/i0.wp.com\/velezylozano.com\/wp-content\/uploads\/2022\/01\/Clean-Teeth-After-Brushing-1024x610-1.jpg?fit=1024%2C610&ssl=1&resize=700%2C400 2x"},"classes":[]},{"id":8056,"url":"https:\/\/velezylozano.com\/en\/is-lingual-orthodontics-uncomfortable\/","url_meta":{"origin":8088,"position":4},"title":"Is lingual orthodontics uncomfortable?","author":"Comunicaci\u00f3n V&amp;L","date":"20 de January de 2013","format":false,"excerpt":"La importancia que se concede a la est\u00e9tica facial y, en concreto, a la sonrisa, ha crecido enormemente en los \u00faltimos a\u00f1os, existiendo estudios que relacionan el \u00e9xito profesional y laboral con una sonrisa bonita y arm\u00f3nica e, incluso, que hablan de la felicidad o de mayores oportunidades de \u00e9xito\u2026","rel":"","context":"Similar post","block_context":{"text":"Similar post","link":""},"img":{"alt_text":"","src":"https:\/\/i0.wp.com\/velezylozano.com\/wp-content\/uploads\/2022\/01\/incc3b3gnito-brackets.jpg?fit=560%2C445&ssl=1&resize=350%2C200","width":350,"height":200,"srcset":"https:\/\/i0.wp.com\/velezylozano.com\/wp-content\/uploads\/2022\/01\/incc3b3gnito-brackets.jpg?fit=560%2C445&ssl=1&resize=350%2C200 1x, https:\/\/i0.wp.com\/velezylozano.com\/wp-content\/uploads\/2022\/01\/incc3b3gnito-brackets.jpg?fit=560%2C445&ssl=1&resize=525%2C300 1.5x"},"classes":[]},{"id":8288,"url":"https:\/\/velezylozano.com\/en\/which-orthodontics-to-choose-advantages-and-disadvantages-of-brackets-and-aligners\/","url_meta":{"origin":8088,"position":5},"title":"Which orthodontics to choose? Advantages and disadvantages of brackets and aligners","author":"Comunicaci\u00f3n V&amp;L","date":"26 de July de 2016","format":false,"excerpt":"Una de las dudas m\u00e1s frecuentes en las cl\u00ednicas dentales en las que se realizan tratamientos de ortodoncia avanzada, como el caso de V\u00e9lez y Lozano en Murcia, es la elecci\u00f3n de una u otra t\u00e9cnica de tratamiento. En esta entrada intentaremos aclarar las ventajas fundamentales de cada una de\u2026","rel":"","context":"Similar post","block_context":{"text":"Similar post","link":""},"img":{"alt_text":"","src":"https:\/\/i0.wp.com\/velezylozano.com\/wp-content\/uploads\/2022\/01\/velez-y-lozano-clinica-dental-region-murcia-sonrisa-comparacion-ortodoncia-scaled-1.jpg?fit=1200%2C800&ssl=1&resize=350%2C200","width":350,"height":200,"srcset":"https:\/\/i0.wp.com\/velezylozano.com\/wp-content\/uploads\/2022\/01\/velez-y-lozano-clinica-dental-region-murcia-sonrisa-comparacion-ortodoncia-scaled-1.jpg?fit=1200%2C800&ssl=1&resize=350%2C200 1x, https:\/\/i0.wp.com\/velezylozano.com\/wp-content\/uploads\/2022\/01\/velez-y-lozano-clinica-dental-region-murcia-sonrisa-comparacion-ortodoncia-scaled-1.jpg?fit=1200%2C800&ssl=1&resize=525%2C300 1.5x, https:\/\/i0.wp.com\/velezylozano.com\/wp-content\/uploads\/2022\/01\/velez-y-lozano-clinica-dental-region-murcia-sonrisa-comparacion-ortodoncia-scaled-1.jpg?fit=1200%2C800&ssl=1&resize=700%2C400 2x, https:\/\/i0.wp.com\/velezylozano.com\/wp-content\/uploads\/2022\/01\/velez-y-lozano-clinica-dental-region-murcia-sonrisa-comparacion-ortodoncia-scaled-1.jpg?fit=1200%2C800&ssl=1&resize=1050%2C600 3x"},"classes":[]}],"jetpack_sharing_enabled":true,"_links":{"self":[{"href":"https:\/\/velezylozano.com\/en\/wp-json\/wp\/v2\/posts\/8088","targetHints":{"allow":["GET"]}}],"collection":[{"href":"https:\/\/velezylozano.com\/en\/wp-json\/wp\/v2\/posts"}],"about":[{"href":"https:\/\/velezylozano.com\/en\/wp-json\/wp\/v2\/types\/post"}],"author":[{"embeddable":true,"href":"https:\/\/velezylozano.com\/en\/wp-json\/wp\/v2\/users\/3"}],"replies":[{"embeddable":true,"href":"https:\/\/velezylozano.com\/en\/wp-json\/wp\/v2\/comments?post=8088"}],"version-history":[{"count":0,"href":"https:\/\/velezylozano.com\/en\/wp-json\/wp\/v2\/posts\/8088\/revisions"}],"wp:featuredmedia":[{"embeddable":true,"href":"https:\/\/velezylozano.com\/en\/wp-json\/wp\/v2\/media\/8089"}],"wp:attachment":[{"href":"https:\/\/velezylozano.com\/en\/wp-json\/wp\/v2\/media?parent=8088"}],"wp:term":[{"taxonomy":"category","embeddable":true,"href":"https:\/\/velezylozano.com\/en\/wp-json\/wp\/v2\/categories?post=8088"},{"taxonomy":"post_tag","embeddable":true,"href":"https:\/\/velezylozano.com\/en\/wp-json\/wp\/v2\/tags?post=8088"}],"curies":[{"name":"wp","href":"https:\/\/api.w.org\/{rel}","templated":true}]}}