{"id":8107,"date":"2013-07-22T11:13:03","date_gmt":"2013-07-22T11:13:03","guid":{"rendered":"https:\/\/velezylozano.com\/los-labios-tambien-son-parte-de-la-boca\/"},"modified":"2013-07-22T11:13:03","modified_gmt":"2013-07-22T11:13:03","slug":"the-lips-are-also-part-of-the-mouth","status":"publish","type":"post","link":"https:\/\/velezylozano.com\/en\/the-lips-are-also-part-of-the-mouth\/","title":{"rendered":"Lips are also part of the mouth!"},"content":{"rendered":"<p>In these days of summer, especially in areas such as the <a href=\"http:\/\/www.velezylozano.com\/es\/cita-localizacion\/\">Region of Murcia<\/a> where it is very hot, and where sun exposure is often high during this time of year, we need to be very aware of a part of the mouth that we only tend to remember in winter: our mouths. <b>lips<\/b>.<\/p>\n<figure id=\"attachment_552\" aria-describedby=\"caption-attachment-552\" style=\"width: 300px\" class=\"wp-caption aligncenter\"><a href=\"https:\/\/i0.wp.com\/www.velezylozano.com\/wp-content\/uploads\/2013\/07\/labios-sanos-y-protegidos.jpg?ssl=1\"><img data-recalc-dims=\"1\" fetchpriority=\"high\" decoding=\"async\" class=\"size-medium wp-image-552\" alt=\"To enjoy healthy and beautiful lips throughout your life, you need to protect them in summer as well.\" src=\"https:\/\/i0.wp.com\/www.velezylozano.com\/wp-content\/uploads\/2013\/07\/labios-sanos-y-protegidos.jpg?resize=300%2C200&#038;ssl=1\" width=\"300\" height=\"200\"><\/a><figcaption id=\"caption-attachment-552\" class=\"wp-caption-text\">To enjoy healthy and beautiful lips throughout your life, you need to protect them in summer as well.<\/figcaption><\/figure>\n<p>The&nbsp;<a href=\"http:\/\/www.velezylozano.com\/es\/tratamientos\/estetica\/blanqueamiento-dental-de-por-vida\/\">dental professionals<\/a>Together with dermatologists, they are responsible for lip care advice, which should mainly be carried out with lip care cocoa, a cosmetic product that also acts as an insulator, helping to keep our lips moisturised and in good condition.<\/p>\n<figure id=\"attachment_551\" aria-describedby=\"caption-attachment-551\" style=\"width: 300px\" class=\"wp-caption aligncenter\"><a href=\"https:\/\/i0.wp.com\/www.velezylozano.com\/wp-content\/uploads\/2013\/07\/cacao-verano.jpg?ssl=1\"><img data-recalc-dims=\"1\" decoding=\"async\" class=\"size-full wp-image-551\" alt=\"We must take care of our lips from sun exposure during the summer.\" src=\"https:\/\/i0.wp.com\/www.velezylozano.com\/wp-content\/uploads\/2013\/07\/cacao-verano.jpg?resize=300%2C299&#038;ssl=1\" width=\"300\" height=\"299\"><\/a><figcaption id=\"caption-attachment-551\" class=\"wp-caption-text\">We must take care of our lips from sun exposure during the summer.<\/figcaption><\/figure>\n<p>So, just as when we go to the beach we apply sunscreen to protect our skin from the effects of the sun, our lips are a very sensitive part that we must protect properly. For this purpose, there are various lip protectors in the form of cocoa and petroleum jelly with sun protection factor, mainly based on <b>zinc or titanium oxide<\/b>which will help block ultraviolet rays, thus preventing us from burning our lips.<\/p>\n<p>In addition to this, we should know that they usually have some of the following components:<\/p>\n<p>- Vitamin E, characterised by its antioxidant capacity<\/p>\n<p>- Moisturising oils, such as castor oil, almond oil, jojoba oil, etc.<\/p>\n<p>- Moisturising butters, such as cocoa or shea butter<\/p>\n<p>- Protective waxes, extracted from a plant or chemically processed<\/p>\n<figure id=\"attachment_553\" aria-describedby=\"caption-attachment-553\" style=\"width: 300px\" class=\"wp-caption aligncenter\"><a href=\"https:\/\/i0.wp.com\/www.velezylozano.com\/wp-content\/uploads\/2013\/07\/protector-labial.jpg?ssl=1\"><img data-recalc-dims=\"1\" decoding=\"async\" class=\"size-medium wp-image-553\" alt=\"Ask your dentist which lip balm is best suited to your needs.\" src=\"https:\/\/i0.wp.com\/www.velezylozano.com\/wp-content\/uploads\/2013\/07\/protector-labial.jpg?resize=300%2C225&#038;ssl=1\" width=\"300\" height=\"225\"><\/a><figcaption id=\"caption-attachment-553\" class=\"wp-caption-text\">Ask your dentist which lip balm is best suited to your needs.<\/figcaption><\/figure>\n<p>Do not hesitate to consult your <a href=\"http:\/\/www.velezylozano.com\/es\/la-clinica\/\">trusted dentist<\/a>with your dermatologist or your <a href=\"http:\/\/kefren.cofrm.com\/web\/app.nsf\/cgi?openagent&amp;md=index\">pharmacist<\/a> what is the best formula to protect your lips in this time of high sun exposure: remember that the consequences of not protecting your lips range from simple itching or burning to painful burns or even malignant lesions.<\/p>","protected":false},"excerpt":{"rendered":"<p>In these summer days, especially in areas such as the Region of Murcia where it is very hot, and where sun exposure is often high during this time, we have to take into account a part of the mouth that we only tend to remember in winter: our lips. Dental professionals, together with [...]<\/p>","protected":false},"author":3,"featured_media":8108,"comment_status":"closed","ping_status":"closed","sticky":false,"template":"","format":"standard","meta":{"_jetpack_memberships_contains_paid_content":false,"footnotes":""},"categories":[],"tags":[],"class_list":["post-8107","post","type-post","status-publish","format-standard","has-post-thumbnail","hentry"],"yoast_head":"<!-- This site is optimized with the Yoast SEO plugin v27.4 - https:\/\/yoast.com\/product\/yoast-seo-wordpress\/ -->\n<title>\u00a1Los labios tambi\u00e9n son parte de la boca! - V\u00e9lez &amp; Lozano<\/title>\n<meta name=\"robots\" content=\"index, follow, max-snippet:-1, max-image-preview:large, max-video-preview:-1\" \/>\n<link rel=\"canonical\" href=\"https:\/\/velezylozano.com\/en\/the-lips-are-also-part-of-the-mouth\/\" \/>\n<meta property=\"og:locale\" content=\"en_GB\" \/>\n<meta property=\"og:type\" content=\"article\" \/>\n<meta property=\"og:title\" content=\"\u00a1Los labios tambi\u00e9n son parte de la boca! - V\u00e9lez &amp; Lozano\" \/>\n<meta property=\"og:description\" content=\"En estos d\u00edas de verano, sobre todo en zonas como la Regi\u00f3n de Murcia donde hace mucho calor, y donde la exposici\u00f3n solar es frecuentemente elevada durante esta \u00e9poca, tenemos que tener muy en cuenta una parte de la boca de la que s\u00f3lo nos solemos acordar en invierno: nuestros labios. Los&nbsp;profesionales dentales, junto con [&hellip;]\" \/>\n<meta property=\"og:url\" content=\"https:\/\/velezylozano.com\/en\/the-lips-are-also-part-of-the-mouth\/\" \/>\n<meta property=\"og:site_name\" content=\"V\u00e9lez &amp; Lozano\" \/>\n<meta property=\"article:published_time\" content=\"2013-07-22T11:13:03+00:00\" \/>\n<meta property=\"og:image\" content=\"https:\/\/i0.wp.com\/velezylozano.com\/wp-content\/uploads\/2022\/01\/velez-y-lozano-clinica-dental-murcia-carillas-2.jpg?fit=1080%2C1080&ssl=1\" \/>\n\t<meta property=\"og:image:width\" content=\"1080\" \/>\n\t<meta property=\"og:image:height\" content=\"1080\" \/>\n\t<meta property=\"og:image:type\" content=\"image\/jpeg\" \/>\n<meta name=\"author\" content=\"Comunicaci\u00f3n V&amp;L\" \/>\n<meta name=\"twitter:card\" content=\"summary_large_image\" \/>\n<meta name=\"twitter:label1\" content=\"Written by\" \/>\n\t<meta name=\"twitter:data1\" content=\"Comunicaci\u00f3n V&amp;L\" \/>\n\t<meta name=\"twitter:label2\" content=\"Estimated reading time\" \/>\n\t<meta name=\"twitter:data2\" content=\"2 minutes\" \/>\n<script type=\"application\/ld+json\" class=\"yoast-schema-graph\">{\"@context\":\"https:\\\/\\\/schema.org\",\"@graph\":[{\"@type\":\"Article\",\"@id\":\"https:\\\/\\\/velezylozano.com\\\/los-labios-tambien-son-parte-de-la-boca\\\/#article\",\"isPartOf\":{\"@id\":\"https:\\\/\\\/velezylozano.com\\\/los-labios-tambien-son-parte-de-la-boca\\\/\"},\"author\":{\"name\":\"Comunicaci\u00f3n V&amp;L\",\"@id\":\"https:\\\/\\\/velezylozano.com\\\/#\\\/schema\\\/person\\\/1c56e3cf63dd58194e47c0f52ee1acd5\"},\"headline\":\"\u00a1Los labios tambi\u00e9n son parte de la boca!\",\"datePublished\":\"2013-07-22T11:13:03+00:00\",\"mainEntityOfPage\":{\"@id\":\"https:\\\/\\\/velezylozano.com\\\/los-labios-tambien-son-parte-de-la-boca\\\/\"},\"wordCount\":397,\"publisher\":{\"@id\":\"https:\\\/\\\/velezylozano.com\\\/#organization\"},\"image\":{\"@id\":\"https:\\\/\\\/velezylozano.com\\\/los-labios-tambien-son-parte-de-la-boca\\\/#primaryimage\"},\"thumbnailUrl\":\"https:\\\/\\\/i0.wp.com\\\/velezylozano.com\\\/wp-content\\\/uploads\\\/2022\\\/01\\\/velez-y-lozano-clinica-dental-murcia-carillas-2.jpg?fit=1080%2C1080&ssl=1\",\"inLanguage\":\"en-GB\"},{\"@type\":\"WebPage\",\"@id\":\"https:\\\/\\\/velezylozano.com\\\/los-labios-tambien-son-parte-de-la-boca\\\/\",\"url\":\"https:\\\/\\\/velezylozano.com\\\/los-labios-tambien-son-parte-de-la-boca\\\/\",\"name\":\"\u00a1Los labios tambi\u00e9n son parte de la boca! - V\u00e9lez &amp; Lozano\",\"isPartOf\":{\"@id\":\"https:\\\/\\\/velezylozano.com\\\/#website\"},\"primaryImageOfPage\":{\"@id\":\"https:\\\/\\\/velezylozano.com\\\/los-labios-tambien-son-parte-de-la-boca\\\/#primaryimage\"},\"image\":{\"@id\":\"https:\\\/\\\/velezylozano.com\\\/los-labios-tambien-son-parte-de-la-boca\\\/#primaryimage\"},\"thumbnailUrl\":\"https:\\\/\\\/i0.wp.com\\\/velezylozano.com\\\/wp-content\\\/uploads\\\/2022\\\/01\\\/velez-y-lozano-clinica-dental-murcia-carillas-2.jpg?fit=1080%2C1080&ssl=1\",\"datePublished\":\"2013-07-22T11:13:03+00:00\",\"breadcrumb\":{\"@id\":\"https:\\\/\\\/velezylozano.com\\\/los-labios-tambien-son-parte-de-la-boca\\\/#breadcrumb\"},\"inLanguage\":\"en-GB\",\"potentialAction\":[{\"@type\":\"ReadAction\",\"target\":[\"https:\\\/\\\/velezylozano.com\\\/los-labios-tambien-son-parte-de-la-boca\\\/\"]}]},{\"@type\":\"ImageObject\",\"inLanguage\":\"en-GB\",\"@id\":\"https:\\\/\\\/velezylozano.com\\\/los-labios-tambien-son-parte-de-la-boca\\\/#primaryimage\",\"url\":\"https:\\\/\\\/i0.wp.com\\\/velezylozano.com\\\/wp-content\\\/uploads\\\/2022\\\/01\\\/velez-y-lozano-clinica-dental-murcia-carillas-2.jpg?fit=1080%2C1080&ssl=1\",\"contentUrl\":\"https:\\\/\\\/i0.wp.com\\\/velezylozano.com\\\/wp-content\\\/uploads\\\/2022\\\/01\\\/velez-y-lozano-clinica-dental-murcia-carillas-2.jpg?fit=1080%2C1080&ssl=1\",\"width\":1080,\"height\":1080},{\"@type\":\"BreadcrumbList\",\"@id\":\"https:\\\/\\\/velezylozano.com\\\/los-labios-tambien-son-parte-de-la-boca\\\/#breadcrumb\",\"itemListElement\":[{\"@type\":\"ListItem\",\"position\":1,\"name\":\"Home\",\"item\":\"https:\\\/\\\/velezylozano.com\\\/\"},{\"@type\":\"ListItem\",\"position\":2,\"name\":\"\u00a1Los labios tambi\u00e9n son parte de la boca!\"}]},{\"@type\":\"WebSite\",\"@id\":\"https:\\\/\\\/velezylozano.com\\\/#website\",\"url\":\"https:\\\/\\\/velezylozano.com\\\/\",\"name\":\"V\u00e9lez &amp; Lozano\",\"description\":\"Cl\u00ednica dental en Murcia desde 2008\",\"publisher\":{\"@id\":\"https:\\\/\\\/velezylozano.com\\\/#organization\"},\"potentialAction\":[{\"@type\":\"SearchAction\",\"target\":{\"@type\":\"EntryPoint\",\"urlTemplate\":\"https:\\\/\\\/velezylozano.com\\\/?s={search_term_string}\"},\"query-input\":{\"@type\":\"PropertyValueSpecification\",\"valueRequired\":true,\"valueName\":\"search_term_string\"}}],\"inLanguage\":\"en-GB\"},{\"@type\":\"Organization\",\"@id\":\"https:\\\/\\\/velezylozano.com\\\/#organization\",\"name\":\"V\u00e9lez &amp; Lozano\",\"url\":\"https:\\\/\\\/velezylozano.com\\\/\",\"logo\":{\"@type\":\"ImageObject\",\"inLanguage\":\"en-GB\",\"@id\":\"https:\\\/\\\/velezylozano.com\\\/#\\\/schema\\\/logo\\\/image\\\/\",\"url\":\"https:\\\/\\\/velezylozano.com\\\/wp-content\\\/uploads\\\/2021\\\/12\\\/velezlozanologo.svg\",\"contentUrl\":\"https:\\\/\\\/velezylozano.com\\\/wp-content\\\/uploads\\\/2021\\\/12\\\/velezlozanologo.svg\",\"width\":322,\"height\":33,\"caption\":\"V\u00e9lez &amp; Lozano\"},\"image\":{\"@id\":\"https:\\\/\\\/velezylozano.com\\\/#\\\/schema\\\/logo\\\/image\\\/\"}},{\"@type\":\"Person\",\"@id\":\"https:\\\/\\\/velezylozano.com\\\/#\\\/schema\\\/person\\\/1c56e3cf63dd58194e47c0f52ee1acd5\",\"name\":\"Comunicaci\u00f3n V&amp;L\",\"image\":{\"@type\":\"ImageObject\",\"inLanguage\":\"en-GB\",\"@id\":\"https:\\\/\\\/secure.gravatar.com\\\/avatar\\\/c71847bdb2db2b82cf103719836121929bea3f2c1e8f242954e5cc67e1346522?s=96&d=mm&r=g\",\"url\":\"https:\\\/\\\/secure.gravatar.com\\\/avatar\\\/c71847bdb2db2b82cf103719836121929bea3f2c1e8f242954e5cc67e1346522?s=96&d=mm&r=g\",\"contentUrl\":\"https:\\\/\\\/secure.gravatar.com\\\/avatar\\\/c71847bdb2db2b82cf103719836121929bea3f2c1e8f242954e5cc67e1346522?s=96&d=mm&r=g\",\"caption\":\"Comunicaci\u00f3n V&amp;L\"},\"url\":\"https:\\\/\\\/velezylozano.com\\\/en\\\/author\\\/andres\\\/\"}]}<\/script>\n<!-- \/ Yoast SEO plugin. -->","yoast_head_json":{"title":"Lips are also part of the mouth! - Velez &amp; Lozano","robots":{"index":"index","follow":"follow","max-snippet":"max-snippet:-1","max-image-preview":"max-image-preview:large","max-video-preview":"max-video-preview:-1"},"canonical":"https:\/\/velezylozano.com\/en\/the-lips-are-also-part-of-the-mouth\/","og_locale":"en_GB","og_type":"article","og_title":"\u00a1Los labios tambi\u00e9n son parte de la boca! - V\u00e9lez &amp; Lozano","og_description":"En estos d\u00edas de verano, sobre todo en zonas como la Regi\u00f3n de Murcia donde hace mucho calor, y donde la exposici\u00f3n solar es frecuentemente elevada durante esta \u00e9poca, tenemos que tener muy en cuenta una parte de la boca de la que s\u00f3lo nos solemos acordar en invierno: nuestros labios. Los&nbsp;profesionales dentales, junto con [&hellip;]","og_url":"https:\/\/velezylozano.com\/en\/the-lips-are-also-part-of-the-mouth\/","og_site_name":"V\u00e9lez &amp; Lozano","article_published_time":"2013-07-22T11:13:03+00:00","og_image":[{"width":1080,"height":1080,"url":"https:\/\/i0.wp.com\/velezylozano.com\/wp-content\/uploads\/2022\/01\/velez-y-lozano-clinica-dental-murcia-carillas-2.jpg?fit=1080%2C1080&ssl=1","type":"image\/jpeg"}],"author":"Comunicaci\u00f3n V&amp;L","twitter_card":"summary_large_image","twitter_misc":{"Written by":"Comunicaci\u00f3n V&amp;L","Estimated reading time":"2 minutes"},"schema":{"@context":"https:\/\/schema.org","@graph":[{"@type":"Article","@id":"https:\/\/velezylozano.com\/los-labios-tambien-son-parte-de-la-boca\/#article","isPartOf":{"@id":"https:\/\/velezylozano.com\/los-labios-tambien-son-parte-de-la-boca\/"},"author":{"name":"Comunicaci\u00f3n V&amp;L","@id":"https:\/\/velezylozano.com\/#\/schema\/person\/1c56e3cf63dd58194e47c0f52ee1acd5"},"headline":"\u00a1Los labios tambi\u00e9n son parte de la boca!","datePublished":"2013-07-22T11:13:03+00:00","mainEntityOfPage":{"@id":"https:\/\/velezylozano.com\/los-labios-tambien-son-parte-de-la-boca\/"},"wordCount":397,"publisher":{"@id":"https:\/\/velezylozano.com\/#organization"},"image":{"@id":"https:\/\/velezylozano.com\/los-labios-tambien-son-parte-de-la-boca\/#primaryimage"},"thumbnailUrl":"https:\/\/i0.wp.com\/velezylozano.com\/wp-content\/uploads\/2022\/01\/velez-y-lozano-clinica-dental-murcia-carillas-2.jpg?fit=1080%2C1080&ssl=1","inLanguage":"en-GB"},{"@type":"WebPage","@id":"https:\/\/velezylozano.com\/los-labios-tambien-son-parte-de-la-boca\/","url":"https:\/\/velezylozano.com\/los-labios-tambien-son-parte-de-la-boca\/","name":"Lips are also part of the mouth! - Velez &amp; Lozano","isPartOf":{"@id":"https:\/\/velezylozano.com\/#website"},"primaryImageOfPage":{"@id":"https:\/\/velezylozano.com\/los-labios-tambien-son-parte-de-la-boca\/#primaryimage"},"image":{"@id":"https:\/\/velezylozano.com\/los-labios-tambien-son-parte-de-la-boca\/#primaryimage"},"thumbnailUrl":"https:\/\/i0.wp.com\/velezylozano.com\/wp-content\/uploads\/2022\/01\/velez-y-lozano-clinica-dental-murcia-carillas-2.jpg?fit=1080%2C1080&ssl=1","datePublished":"2013-07-22T11:13:03+00:00","breadcrumb":{"@id":"https:\/\/velezylozano.com\/los-labios-tambien-son-parte-de-la-boca\/#breadcrumb"},"inLanguage":"en-GB","potentialAction":[{"@type":"ReadAction","target":["https:\/\/velezylozano.com\/los-labios-tambien-son-parte-de-la-boca\/"]}]},{"@type":"ImageObject","inLanguage":"en-GB","@id":"https:\/\/velezylozano.com\/los-labios-tambien-son-parte-de-la-boca\/#primaryimage","url":"https:\/\/i0.wp.com\/velezylozano.com\/wp-content\/uploads\/2022\/01\/velez-y-lozano-clinica-dental-murcia-carillas-2.jpg?fit=1080%2C1080&ssl=1","contentUrl":"https:\/\/i0.wp.com\/velezylozano.com\/wp-content\/uploads\/2022\/01\/velez-y-lozano-clinica-dental-murcia-carillas-2.jpg?fit=1080%2C1080&ssl=1","width":1080,"height":1080},{"@type":"BreadcrumbList","@id":"https:\/\/velezylozano.com\/los-labios-tambien-son-parte-de-la-boca\/#breadcrumb","itemListElement":[{"@type":"ListItem","position":1,"name":"Home","item":"https:\/\/velezylozano.com\/"},{"@type":"ListItem","position":2,"name":"\u00a1Los labios tambi\u00e9n son parte de la boca!"}]},{"@type":"WebSite","@id":"https:\/\/velezylozano.com\/#website","url":"https:\/\/velezylozano.com\/","name":"Velez &amp; Lozano","description":"Dental clinic in Murcia since 2008","publisher":{"@id":"https:\/\/velezylozano.com\/#organization"},"potentialAction":[{"@type":"SearchAction","target":{"@type":"EntryPoint","urlTemplate":"https:\/\/velezylozano.com\/?s={search_term_string}"},"query-input":{"@type":"PropertyValueSpecification","valueRequired":true,"valueName":"search_term_string"}}],"inLanguage":"en-GB"},{"@type":"Organization","@id":"https:\/\/velezylozano.com\/#organization","name":"Velez &amp; Lozano","url":"https:\/\/velezylozano.com\/","logo":{"@type":"ImageObject","inLanguage":"en-GB","@id":"https:\/\/velezylozano.com\/#\/schema\/logo\/image\/","url":"https:\/\/velezylozano.com\/wp-content\/uploads\/2021\/12\/velezlozanologo.svg","contentUrl":"https:\/\/velezylozano.com\/wp-content\/uploads\/2021\/12\/velezlozanologo.svg","width":322,"height":33,"caption":"V\u00e9lez &amp; Lozano"},"image":{"@id":"https:\/\/velezylozano.com\/#\/schema\/logo\/image\/"}},{"@type":"Person","@id":"https:\/\/velezylozano.com\/#\/schema\/person\/1c56e3cf63dd58194e47c0f52ee1acd5","name":"V&amp;L Communication","image":{"@type":"ImageObject","inLanguage":"en-GB","@id":"https:\/\/secure.gravatar.com\/avatar\/c71847bdb2db2b82cf103719836121929bea3f2c1e8f242954e5cc67e1346522?s=96&d=mm&r=g","url":"https:\/\/secure.gravatar.com\/avatar\/c71847bdb2db2b82cf103719836121929bea3f2c1e8f242954e5cc67e1346522?s=96&d=mm&r=g","contentUrl":"https:\/\/secure.gravatar.com\/avatar\/c71847bdb2db2b82cf103719836121929bea3f2c1e8f242954e5cc67e1346522?s=96&d=mm&r=g","caption":"Comunicaci\u00f3n V&amp;L"},"url":"https:\/\/velezylozano.com\/en\/author\/andres\/"}]}},"jetpack_featured_media_url":"https:\/\/i0.wp.com\/velezylozano.com\/wp-content\/uploads\/2022\/01\/velez-y-lozano-clinica-dental-murcia-carillas-2.jpg?fit=1080%2C1080&ssl=1","jetpack-related-posts":[{"id":8378,"url":"https:\/\/velezylozano.com\/en\/piercing-in-the-oral-cavity\/","url_meta":{"origin":8107,"position":0},"title":"PIERCING IN THE ORAL CAVITY","author":"Comunicaci\u00f3n V&amp;L","date":"29 de April de 2020","format":false,"excerpt":"Hablamos sobre los piercing en la boca, lengua y dem\u00e1s partes de la cavidad oral. En los \u00faltimos a\u00f1os, el uso de piercings en la cavidad oral ha experimentado un gran auge en los pa\u00edses occidentales, especialmente entre los j\u00f3venes. Los piercings orales se suelen colocar en la lengua o\u2026","rel":"","context":"Similar post","block_context":{"text":"Similar post","link":""},"img":{"alt_text":"","src":"https:\/\/i0.wp.com\/velezylozano.com\/wp-content\/uploads\/2022\/01\/Opale-langue-barre-5mm-gemme-droite-Barbell-14G-acier-chirurgical-cristal-pierre-mode-corps-Piercing-bijoux.jpg?fit=1200%2C1200&ssl=1&resize=350%2C200","width":350,"height":200,"srcset":"https:\/\/i0.wp.com\/velezylozano.com\/wp-content\/uploads\/2022\/01\/Opale-langue-barre-5mm-gemme-droite-Barbell-14G-acier-chirurgical-cristal-pierre-mode-corps-Piercing-bijoux.jpg?fit=1200%2C1200&ssl=1&resize=350%2C200 1x, https:\/\/i0.wp.com\/velezylozano.com\/wp-content\/uploads\/2022\/01\/Opale-langue-barre-5mm-gemme-droite-Barbell-14G-acier-chirurgical-cristal-pierre-mode-corps-Piercing-bijoux.jpg?fit=1200%2C1200&ssl=1&resize=525%2C300 1.5x, https:\/\/i0.wp.com\/velezylozano.com\/wp-content\/uploads\/2022\/01\/Opale-langue-barre-5mm-gemme-droite-Barbell-14G-acier-chirurgical-cristal-pierre-mode-corps-Piercing-bijoux.jpg?fit=1200%2C1200&ssl=1&resize=700%2C400 2x, https:\/\/i0.wp.com\/velezylozano.com\/wp-content\/uploads\/2022\/01\/Opale-langue-barre-5mm-gemme-droite-Barbell-14G-acier-chirurgical-cristal-pierre-mode-corps-Piercing-bijoux.jpg?fit=1200%2C1200&ssl=1&resize=1050%2C600 3x"},"classes":[]},{"id":12144,"url":"https:\/\/velezylozano.com\/en\/for-the-world-food-day-we-remember-its-importance-for-our-dental-health\/","url_meta":{"origin":8107,"position":1},"title":"For World Food Day, we remember its importance for our dental health.","author":"Francisco J.","date":"16 de October de 2023","format":false,"excerpt":"Hoy es el\u00a0D\u00eda Mundial de la Alimentaci\u00f3n, un tema que est\u00e1 tan relacionado con la salud dental que ya lo hemos abordado en multitud de ocasiones tanto aqu\u00ed en nuestra web y blog como en diferentes v\u00eddeos y a trav\u00e9s de las redes sociales. Por eso, en esta ocasi\u00f3n, hemos\u2026","rel":"","context":"In &quot;Actualidad&quot;","block_context":{"text":"Actualidad","link":"https:\/\/velezylozano.com\/en\/category\/news-2\/"},"img":{"alt_text":"","src":"https:\/\/i0.wp.com\/velezylozano.com\/wp-content\/uploads\/2023\/10\/Dia-de-la-salud-mental-1.png?fit=1200%2C675&ssl=1&resize=350%2C200","width":350,"height":200,"srcset":"https:\/\/i0.wp.com\/velezylozano.com\/wp-content\/uploads\/2023\/10\/Dia-de-la-salud-mental-1.png?fit=1200%2C675&ssl=1&resize=350%2C200 1x, https:\/\/i0.wp.com\/velezylozano.com\/wp-content\/uploads\/2023\/10\/Dia-de-la-salud-mental-1.png?fit=1200%2C675&ssl=1&resize=525%2C300 1.5x, https:\/\/i0.wp.com\/velezylozano.com\/wp-content\/uploads\/2023\/10\/Dia-de-la-salud-mental-1.png?fit=1200%2C675&ssl=1&resize=700%2C400 2x, https:\/\/i0.wp.com\/velezylozano.com\/wp-content\/uploads\/2023\/10\/Dia-de-la-salud-mental-1.png?fit=1200%2C675&ssl=1&resize=1050%2C600 3x"},"classes":[]},{"id":8254,"url":"https:\/\/velezylozano.com\/en\/i-have-a-sore-in-my-mouth-what-can-i-do-dentista-murcia\/","url_meta":{"origin":8107,"position":2},"title":"I have a sore in my mouth, what can I do? - Dentist Murcia","author":"Comunicaci\u00f3n V&amp;L","date":"5 de April de 2016","format":false,"excerpt":"Una consulta frecuente en cl\u00ednicas dentales de la Regi\u00f3n de Murcia es la que se deriva de llagas o \u00falceras que se producen en tejidos mucosos dentro de la boca de los pacientes, un factor que, si bien en ocasiones se considera que no tiene demasiada importancia, merece una peque\u00f1a\u2026","rel":"","context":"Similar post","block_context":{"text":"Similar post","link":""},"img":{"alt_text":"","src":"https:\/\/i0.wp.com\/velezylozano.com\/wp-content\/uploads\/2022\/01\/kinga-cichewicz-FVRTLKgQ700-unsplash-scaled-1.jpg?fit=1200%2C801&ssl=1&resize=350%2C200","width":350,"height":200,"srcset":"https:\/\/i0.wp.com\/velezylozano.com\/wp-content\/uploads\/2022\/01\/kinga-cichewicz-FVRTLKgQ700-unsplash-scaled-1.jpg?fit=1200%2C801&ssl=1&resize=350%2C200 1x, https:\/\/i0.wp.com\/velezylozano.com\/wp-content\/uploads\/2022\/01\/kinga-cichewicz-FVRTLKgQ700-unsplash-scaled-1.jpg?fit=1200%2C801&ssl=1&resize=525%2C300 1.5x, https:\/\/i0.wp.com\/velezylozano.com\/wp-content\/uploads\/2022\/01\/kinga-cichewicz-FVRTLKgQ700-unsplash-scaled-1.jpg?fit=1200%2C801&ssl=1&resize=700%2C400 2x, https:\/\/i0.wp.com\/velezylozano.com\/wp-content\/uploads\/2022\/01\/kinga-cichewicz-FVRTLKgQ700-unsplash-scaled-1.jpg?fit=1200%2C801&ssl=1&resize=1050%2C600 3x"},"classes":[]},{"id":8300,"url":"https:\/\/velezylozano.com\/en\/body-modification-in-the-mouth\/","url_meta":{"origin":8107,"position":3},"title":"Body modification in the mouth","author":"Comunicaci\u00f3n V&amp;L","date":"11 de August de 2016","format":false,"excerpt":"\u00a0La creatividad humana no tiene l\u00edmites, y la est\u00e9tica personal y el propio cuerpo han sido durante siglos su primer y m\u00e1s valorado lienzo. Tanto el mundo del tatuaje, como el del piercing est\u00e1n hoy muy arraigados en la cultura occidental y son una buena muestra de este intento de\u2026","rel":"","context":"Similar post","block_context":{"text":"Similar post","link":""},"img":{"alt_text":"","src":"https:\/\/i0.wp.com\/velezylozano.com\/wp-content\/uploads\/2022\/01\/modificacion-1.jpg?fit=450%2C315&ssl=1&resize=350%2C200","width":350,"height":200},"classes":[]},{"id":12739,"url":"https:\/\/velezylozano.com\/en\/summer-and-dental-health-some-practical-tips\/","url_meta":{"origin":8107,"position":4},"title":"Summer and dental health: some practical tips","author":"Francisco J.","date":"16 de August de 2024","format":false,"excerpt":"Con la llegada del verano, muchos de nosotros estamos listos para disfrutar del sol, las vacaciones y las actividades al aire libre. Sin embargo, durante esta \u00e9poca es crucial no descuidar nuestra salud dental. En V\u00e9lez & Lozano queremos compartir algunos consejos pr\u00e1cticos -como ya hemos hecho alg\u00fan a\u00f1o que\u2026","rel":"","context":"In &quot;2024&quot;","block_context":{"text":"2024","link":"https:\/\/velezylozano.com\/en\/category\/2024\/"},"img":{"alt_text":"","src":"https:\/\/i0.wp.com\/velezylozano.com\/wp-content\/uploads\/2024\/08\/saluddental-verano.png?fit=900%2C600&ssl=1&resize=350%2C200","width":350,"height":200,"srcset":"https:\/\/i0.wp.com\/velezylozano.com\/wp-content\/uploads\/2024\/08\/saluddental-verano.png?fit=900%2C600&ssl=1&resize=350%2C200 1x, https:\/\/i0.wp.com\/velezylozano.com\/wp-content\/uploads\/2024\/08\/saluddental-verano.png?fit=900%2C600&ssl=1&resize=525%2C300 1.5x, https:\/\/i0.wp.com\/velezylozano.com\/wp-content\/uploads\/2024\/08\/saluddental-verano.png?fit=900%2C600&ssl=1&resize=700%2C400 2x"},"classes":[]},{"id":11845,"url":"https:\/\/velezylozano.com\/en\/for-nutrition-that-promotes-dental-health\/","url_meta":{"origin":8107,"position":5},"title":"For nutrition that promotes dental health","author":"Francisco J.","date":"28 de May de 2023","format":false,"excerpt":"Hoy es el D\u00eda Nacional de la Nutrici\u00f3n, y desde V\u00e9lez y Lozano queremos, una vez m\u00e1s, recordar su importancia a la hora de mantener una correcta salud bucodental. Una boca saludable es sin\u00f3nimo de una buena alimentaci\u00f3n (entre otros buenos h\u00e1bitos) y viceversa. Por eso, queremos ofreceros una serie\u2026","rel":"","context":"In &quot;Actualidad&quot;","block_context":{"text":"Actualidad","link":"https:\/\/velezylozano.com\/en\/category\/news-2\/"},"img":{"alt_text":"","src":"https:\/\/i0.wp.com\/velezylozano.com\/wp-content\/uploads\/2023\/05\/Captura-de-pantalla-2023-03-07-a-las-15.34.23-scaled.jpg?fit=1200%2C800&ssl=1&resize=350%2C200","width":350,"height":200,"srcset":"https:\/\/i0.wp.com\/velezylozano.com\/wp-content\/uploads\/2023\/05\/Captura-de-pantalla-2023-03-07-a-las-15.34.23-scaled.jpg?fit=1200%2C800&ssl=1&resize=350%2C200 1x, https:\/\/i0.wp.com\/velezylozano.com\/wp-content\/uploads\/2023\/05\/Captura-de-pantalla-2023-03-07-a-las-15.34.23-scaled.jpg?fit=1200%2C800&ssl=1&resize=525%2C300 1.5x, https:\/\/i0.wp.com\/velezylozano.com\/wp-content\/uploads\/2023\/05\/Captura-de-pantalla-2023-03-07-a-las-15.34.23-scaled.jpg?fit=1200%2C800&ssl=1&resize=700%2C400 2x, https:\/\/i0.wp.com\/velezylozano.com\/wp-content\/uploads\/2023\/05\/Captura-de-pantalla-2023-03-07-a-las-15.34.23-scaled.jpg?fit=1200%2C800&ssl=1&resize=1050%2C600 3x"},"classes":[]}],"jetpack_sharing_enabled":true,"_links":{"self":[{"href":"https:\/\/velezylozano.com\/en\/wp-json\/wp\/v2\/posts\/8107","targetHints":{"allow":["GET"]}}],"collection":[{"href":"https:\/\/velezylozano.com\/en\/wp-json\/wp\/v2\/posts"}],"about":[{"href":"https:\/\/velezylozano.com\/en\/wp-json\/wp\/v2\/types\/post"}],"author":[{"embeddable":true,"href":"https:\/\/velezylozano.com\/en\/wp-json\/wp\/v2\/users\/3"}],"replies":[{"embeddable":true,"href":"https:\/\/velezylozano.com\/en\/wp-json\/wp\/v2\/comments?post=8107"}],"version-history":[{"count":0,"href":"https:\/\/velezylozano.com\/en\/wp-json\/wp\/v2\/posts\/8107\/revisions"}],"wp:featuredmedia":[{"embeddable":true,"href":"https:\/\/velezylozano.com\/en\/wp-json\/wp\/v2\/media\/8108"}],"wp:attachment":[{"href":"https:\/\/velezylozano.com\/en\/wp-json\/wp\/v2\/media?parent=8107"}],"wp:term":[{"taxonomy":"category","embeddable":true,"href":"https:\/\/velezylozano.com\/en\/wp-json\/wp\/v2\/categories?post=8107"},{"taxonomy":"post_tag","embeddable":true,"href":"https:\/\/velezylozano.com\/en\/wp-json\/wp\/v2\/tags?post=8107"}],"curies":[{"name":"wp","href":"https:\/\/api.w.org\/{rel}","templated":true}]}}