{"id":8116,"date":"2013-08-27T16:48:52","date_gmt":"2013-08-27T16:48:52","guid":{"rendered":"https:\/\/velezylozano.com\/los-brackets-mas-esteticos-del-mundo-ahora-en-murcia\/"},"modified":"2013-08-27T16:48:52","modified_gmt":"2013-08-27T16:48:52","slug":"the-most-aesthetic-brackets-in-the-world-now-in-murcia","status":"publish","type":"post","link":"https:\/\/velezylozano.com\/en\/the-most-aesthetic-brackets-in-the-world-now-in-murcia\/","title":{"rendered":"The most aesthetic braces in the world, now in Murcia"},"content":{"rendered":"<p><em>\u00a0Have you ever thought about having orthodontic treatment to improve your occlusion or the aesthetics of your smile? Would you like to have perfectly aligned teeth like the ones you see in your favourite films?<\/em><\/p>\n<p>Until a few years ago, orthodontic treatments required the patient to wear orthodontic appliances based on metal brackets that were difficult to conceal, the aesthetics of which have improved in recent years with the appearance of new materials such as sapphire, ceramic, composite... as well as the emergence of transparent aligners and lingual brackets.<\/p>\n<p>On this occasion, in our blog post we are going to present what are possibly the most aesthetic brackets in the world, which are already available in the most popular <a href=\"http:\/\/www.velezylozano.com\/es\/cita-localizacion\/\">most exclusive dental clinics in the Murcia Region<\/a>by the hand of<a href=\"http:\/\/www.tportho.com\/products\/\"> TP Orthodontics<\/a>.<\/p>\n\n<p><b>What's new in InVu?<\/b><\/p>\n<p>We are talking about <a href=\"http:\/\/www.invubraces.com\/spanish\/index.html\">InVu<\/a>The new technology incorporates a number of revolutionary patents in the world of orthodontics:<\/p>\n<p>- They are made of a special material that assimilates the colour of your teeth, thanks to the revolutionary Colour Matching Technology.<b><sup>\u00ae<\/sup><\/b>The bracket is amazingly aesthetically pleasing.<\/p>\n<figure id=\"attachment_644\" aria-describedby=\"caption-attachment-644\" style=\"width: 300px\" class=\"wp-caption aligncenter\"><a href=\"https:\/\/i0.wp.com\/www.velezylozano.com\/wp-content\/uploads\/2013\/08\/guia-de-color-con-brackets.jpg?ssl=1\"><img data-recalc-dims=\"1\" decoding=\"async\" class=\"size-medium wp-image-644\" alt=\"The bracket mimics the colour of the tooth underneath it, which is unique in the world.\" src=\"https:\/\/i0.wp.com\/www.velezylozano.com\/wp-content\/uploads\/2013\/08\/guia-de-color-con-brackets.jpg?resize=300%2C83&#038;ssl=1\" width=\"300\" height=\"83\" \/><\/a><figcaption id=\"caption-attachment-644\" class=\"wp-caption-text\">The bracket mimics the colour of the tooth underneath it, which is unique in the world.<\/figcaption><\/figure>\n<p>- They are made of a state-of-the-art ceramic that does not change colour even if the patient smokes, drinks coffee or eats foods with a lot of pigments.<\/p>\n<p>- They do not have any metal parts, so they will go completely unnoticed by other people.<\/p>\n<p><b>What does the <a href=\"http:\/\/www.invubraces.com\/spanish\/aboutinvu.html\">Colour Matching Technology<\/a><\/b><a href=\"http:\/\/www.invubraces.com\/spanish\/aboutinvu.html\"><b><sup>\u00ae<\/sup><\/b><\/a><b>?<\/b><\/p>\n<p>Personalized Color-Matching Technology is an exclusive TP Orthodontics patent based on the light refraction produced by light hitting your teeth.<\/p>\n<p>While other bracket systems are standard for each patient, independent of the colour of their teeth, which can be lighter or darker and therefore clash with the appliance, this technology maintains the light refraction spectrum, assimilating the colour of the tooth as its own.<\/p>\n\n<p>Like a chameleon standing on a branch and mimicking its colour, this technology is set to become a real aesthetic improvement for the hundreds of thousands of patients all over the world who are looking for a more aesthetic and economical solution for their orthodontic treatment every day.<\/p>\n<figure id=\"attachment_645\" aria-describedby=\"caption-attachment-645\" style=\"width: 241px\" class=\"wp-caption aligncenter\"><a href=\"https:\/\/i0.wp.com\/www.velezylozano.com\/wp-content\/uploads\/2013\/08\/brackets-esteticos-ceramica-invu.jpg?ssl=1\"><img data-recalc-dims=\"1\" fetchpriority=\"high\" decoding=\"async\" class=\"size-medium wp-image-645\" alt=\"The aesthetic results of PCMT technology are astonishing.\" src=\"https:\/\/i0.wp.com\/www.velezylozano.com\/wp-content\/uploads\/2013\/08\/brackets-esteticos-ceramica-invu.jpg?resize=241%2C300&#038;ssl=1\" width=\"241\" height=\"300\" \/><\/a><figcaption id=\"caption-attachment-645\" class=\"wp-caption-text\">The aesthetic results of PCMT technology are astonishing.<\/figcaption><\/figure>\n<p><b>Are the brackets comfortable?<\/b><\/p>\n<p>In addition, InVu brackets are designed to provide you with comfortable treatment, thanks to improvements in their design:<\/p>\n<p>- They are smaller than traditional brackets, but their unique manufacturing process makes them as strong as metal brackets.<\/p>\n<p>- Their low profile makes them low-bulk, while a unique polymer base makes them easy to peel off after treatment.<\/p>\n<p>- Its ultra-smooth surface, thanks to injection moulding, does not rub cheeks or lips.<\/p>\n<p>So if you are considering orthodontic treatment, InVu's technology will help to make the process more manageable, so don't hesitate to consult with InVu's orthodontists. <a href=\"http:\/\/www.velezylozano.com\/es\/tratamientos\/ortodoncia\/lingual-estetica\/\">licensed orthodontists<\/a> to develop this technique in the city of Murcia.<\/p>\n<p>[youtube=http:\/\/www.youtube.com\/watch?v=zavwTKNXKc8&amp;w=560&amp;h=315]<\/p>","protected":false},"excerpt":{"rendered":"<p>\u00a0Have you ever thought about having orthodontic treatment to improve your occlusion or the aesthetics of your smile? Would you like to have perfectly aligned teeth like those you see in your favourite films? Until a few years ago, orthodontic treatments required the patient to wear an orthodontic appliance based [...]<\/p>","protected":false},"author":3,"featured_media":8117,"comment_status":"closed","ping_status":"closed","sticky":false,"template":"","format":"standard","meta":{"_jetpack_memberships_contains_paid_content":false,"footnotes":""},"categories":[],"tags":[],"class_list":["post-8116","post","type-post","status-publish","format-standard","has-post-thumbnail","hentry"],"yoast_head":"<!-- This site is optimized with the Yoast SEO plugin v27.5 - https:\/\/yoast.com\/product\/yoast-seo-wordpress\/ -->\n<title>Los brackets m\u00e1s est\u00e9ticos del mundo, ahora en Murcia - V\u00e9lez &amp; Lozano<\/title>\n<meta name=\"robots\" content=\"index, follow, max-snippet:-1, max-image-preview:large, max-video-preview:-1\" \/>\n<link rel=\"canonical\" href=\"https:\/\/velezylozano.com\/en\/the-most-aesthetic-brackets-in-the-world-now-in-murcia\/\" \/>\n<meta property=\"og:locale\" content=\"en_GB\" \/>\n<meta property=\"og:type\" content=\"article\" \/>\n<meta property=\"og:title\" content=\"Los brackets m\u00e1s est\u00e9ticos del mundo, ahora en Murcia - V\u00e9lez &amp; Lozano\" \/>\n<meta property=\"og:description\" content=\"\u00a0\u00bfAlguna vez ha pensado en realizarse un tratamiento de ortodoncia para mejorar su oclusi\u00f3n o la est\u00e9tica de su sonrisa? \u00bfLe gustar\u00eda tener unos dientes perfectamente alineados como los que ve en los protagonistas de sus pel\u00edculas preferidas? Hasta hace unos a\u00f1os, los tratamientos de ortodoncia exig\u00edan que el paciente llevase una aparatolog\u00eda ortod\u00f3ncica basada [&hellip;]\" \/>\n<meta property=\"og:url\" content=\"https:\/\/velezylozano.com\/en\/the-most-aesthetic-brackets-in-the-world-now-in-murcia\/\" \/>\n<meta property=\"og:site_name\" content=\"V\u00e9lez &amp; Lozano\" \/>\n<meta property=\"article:published_time\" content=\"2013-08-27T16:48:52+00:00\" \/>\n<meta property=\"og:image\" content=\"https:\/\/i0.wp.com\/velezylozano.com\/wp-content\/uploads\/2022\/01\/brackets-esteticos-ceramica-invu.jpg?fit=1181%2C1470&ssl=1\" \/>\n\t<meta property=\"og:image:width\" content=\"1181\" \/>\n\t<meta property=\"og:image:height\" content=\"1470\" \/>\n\t<meta property=\"og:image:type\" content=\"image\/jpeg\" \/>\n<meta name=\"author\" content=\"Comunicaci\u00f3n V&amp;L\" \/>\n<meta name=\"twitter:card\" content=\"summary_large_image\" \/>\n<meta name=\"twitter:label1\" content=\"Written by\" \/>\n\t<meta name=\"twitter:data1\" content=\"Comunicaci\u00f3n V&amp;L\" \/>\n\t<meta name=\"twitter:label2\" content=\"Estimated reading time\" \/>\n\t<meta name=\"twitter:data2\" content=\"5 minutes\" \/>\n<script type=\"application\/ld+json\" class=\"yoast-schema-graph\">{\"@context\":\"https:\\\/\\\/schema.org\",\"@graph\":[{\"@type\":\"Article\",\"@id\":\"https:\\\/\\\/velezylozano.com\\\/los-brackets-mas-esteticos-del-mundo-ahora-en-murcia\\\/#article\",\"isPartOf\":{\"@id\":\"https:\\\/\\\/velezylozano.com\\\/los-brackets-mas-esteticos-del-mundo-ahora-en-murcia\\\/\"},\"author\":{\"name\":\"Comunicaci\u00f3n V&amp;L\",\"@id\":\"https:\\\/\\\/velezylozano.com\\\/#\\\/schema\\\/person\\\/1c56e3cf63dd58194e47c0f52ee1acd5\"},\"headline\":\"Los brackets m\u00e1s est\u00e9ticos del mundo, ahora en Murcia\",\"datePublished\":\"2013-08-27T16:48:52+00:00\",\"mainEntityOfPage\":{\"@id\":\"https:\\\/\\\/velezylozano.com\\\/los-brackets-mas-esteticos-del-mundo-ahora-en-murcia\\\/\"},\"wordCount\":1054,\"publisher\":{\"@id\":\"https:\\\/\\\/velezylozano.com\\\/#organization\"},\"image\":{\"@id\":\"https:\\\/\\\/velezylozano.com\\\/los-brackets-mas-esteticos-del-mundo-ahora-en-murcia\\\/#primaryimage\"},\"thumbnailUrl\":\"https:\\\/\\\/i0.wp.com\\\/velezylozano.com\\\/wp-content\\\/uploads\\\/2022\\\/01\\\/brackets-esteticos-ceramica-invu.jpg?fit=1181%2C1470&ssl=1\",\"inLanguage\":\"en-GB\"},{\"@type\":\"WebPage\",\"@id\":\"https:\\\/\\\/velezylozano.com\\\/los-brackets-mas-esteticos-del-mundo-ahora-en-murcia\\\/\",\"url\":\"https:\\\/\\\/velezylozano.com\\\/los-brackets-mas-esteticos-del-mundo-ahora-en-murcia\\\/\",\"name\":\"Los brackets m\u00e1s est\u00e9ticos del mundo, ahora en Murcia - V\u00e9lez &amp; Lozano\",\"isPartOf\":{\"@id\":\"https:\\\/\\\/velezylozano.com\\\/#website\"},\"primaryImageOfPage\":{\"@id\":\"https:\\\/\\\/velezylozano.com\\\/los-brackets-mas-esteticos-del-mundo-ahora-en-murcia\\\/#primaryimage\"},\"image\":{\"@id\":\"https:\\\/\\\/velezylozano.com\\\/los-brackets-mas-esteticos-del-mundo-ahora-en-murcia\\\/#primaryimage\"},\"thumbnailUrl\":\"https:\\\/\\\/i0.wp.com\\\/velezylozano.com\\\/wp-content\\\/uploads\\\/2022\\\/01\\\/brackets-esteticos-ceramica-invu.jpg?fit=1181%2C1470&ssl=1\",\"datePublished\":\"2013-08-27T16:48:52+00:00\",\"breadcrumb\":{\"@id\":\"https:\\\/\\\/velezylozano.com\\\/los-brackets-mas-esteticos-del-mundo-ahora-en-murcia\\\/#breadcrumb\"},\"inLanguage\":\"en-GB\",\"potentialAction\":[{\"@type\":\"ReadAction\",\"target\":[\"https:\\\/\\\/velezylozano.com\\\/los-brackets-mas-esteticos-del-mundo-ahora-en-murcia\\\/\"]}]},{\"@type\":\"ImageObject\",\"inLanguage\":\"en-GB\",\"@id\":\"https:\\\/\\\/velezylozano.com\\\/los-brackets-mas-esteticos-del-mundo-ahora-en-murcia\\\/#primaryimage\",\"url\":\"https:\\\/\\\/i0.wp.com\\\/velezylozano.com\\\/wp-content\\\/uploads\\\/2022\\\/01\\\/brackets-esteticos-ceramica-invu.jpg?fit=1181%2C1470&ssl=1\",\"contentUrl\":\"https:\\\/\\\/i0.wp.com\\\/velezylozano.com\\\/wp-content\\\/uploads\\\/2022\\\/01\\\/brackets-esteticos-ceramica-invu.jpg?fit=1181%2C1470&ssl=1\",\"width\":1181,\"height\":1470},{\"@type\":\"BreadcrumbList\",\"@id\":\"https:\\\/\\\/velezylozano.com\\\/los-brackets-mas-esteticos-del-mundo-ahora-en-murcia\\\/#breadcrumb\",\"itemListElement\":[{\"@type\":\"ListItem\",\"position\":1,\"name\":\"Home\",\"item\":\"https:\\\/\\\/velezylozano.com\\\/\"},{\"@type\":\"ListItem\",\"position\":2,\"name\":\"Los brackets m\u00e1s est\u00e9ticos del mundo, ahora en Murcia\"}]},{\"@type\":\"WebSite\",\"@id\":\"https:\\\/\\\/velezylozano.com\\\/#website\",\"url\":\"https:\\\/\\\/velezylozano.com\\\/\",\"name\":\"V\u00e9lez &amp; Lozano\",\"description\":\"Cl\u00ednica dental en Murcia desde 2008\",\"publisher\":{\"@id\":\"https:\\\/\\\/velezylozano.com\\\/#organization\"},\"potentialAction\":[{\"@type\":\"SearchAction\",\"target\":{\"@type\":\"EntryPoint\",\"urlTemplate\":\"https:\\\/\\\/velezylozano.com\\\/?s={search_term_string}\"},\"query-input\":{\"@type\":\"PropertyValueSpecification\",\"valueRequired\":true,\"valueName\":\"search_term_string\"}}],\"inLanguage\":\"en-GB\"},{\"@type\":\"Organization\",\"@id\":\"https:\\\/\\\/velezylozano.com\\\/#organization\",\"name\":\"V\u00e9lez &amp; Lozano\",\"url\":\"https:\\\/\\\/velezylozano.com\\\/\",\"logo\":{\"@type\":\"ImageObject\",\"inLanguage\":\"en-GB\",\"@id\":\"https:\\\/\\\/velezylozano.com\\\/#\\\/schema\\\/logo\\\/image\\\/\",\"url\":\"https:\\\/\\\/velezylozano.com\\\/wp-content\\\/uploads\\\/2021\\\/12\\\/velezlozanologo.svg\",\"contentUrl\":\"https:\\\/\\\/velezylozano.com\\\/wp-content\\\/uploads\\\/2021\\\/12\\\/velezlozanologo.svg\",\"width\":322,\"height\":33,\"caption\":\"V\u00e9lez &amp; Lozano\"},\"image\":{\"@id\":\"https:\\\/\\\/velezylozano.com\\\/#\\\/schema\\\/logo\\\/image\\\/\"}},{\"@type\":\"Person\",\"@id\":\"https:\\\/\\\/velezylozano.com\\\/#\\\/schema\\\/person\\\/1c56e3cf63dd58194e47c0f52ee1acd5\",\"name\":\"Comunicaci\u00f3n V&amp;L\",\"image\":{\"@type\":\"ImageObject\",\"inLanguage\":\"en-GB\",\"@id\":\"https:\\\/\\\/secure.gravatar.com\\\/avatar\\\/c71847bdb2db2b82cf103719836121929bea3f2c1e8f242954e5cc67e1346522?s=96&d=mm&r=g\",\"url\":\"https:\\\/\\\/secure.gravatar.com\\\/avatar\\\/c71847bdb2db2b82cf103719836121929bea3f2c1e8f242954e5cc67e1346522?s=96&d=mm&r=g\",\"contentUrl\":\"https:\\\/\\\/secure.gravatar.com\\\/avatar\\\/c71847bdb2db2b82cf103719836121929bea3f2c1e8f242954e5cc67e1346522?s=96&d=mm&r=g\",\"caption\":\"Comunicaci\u00f3n V&amp;L\"},\"url\":\"https:\\\/\\\/velezylozano.com\\\/en\\\/author\\\/andres\\\/\"}]}<\/script>\n<!-- \/ Yoast SEO plugin. -->","yoast_head_json":{"title":"The most aesthetic braces in the world, now in Murcia - V\u00e9lez &amp; Lozano","robots":{"index":"index","follow":"follow","max-snippet":"max-snippet:-1","max-image-preview":"max-image-preview:large","max-video-preview":"max-video-preview:-1"},"canonical":"https:\/\/velezylozano.com\/en\/the-most-aesthetic-brackets-in-the-world-now-in-murcia\/","og_locale":"en_GB","og_type":"article","og_title":"Los brackets m\u00e1s est\u00e9ticos del mundo, ahora en Murcia - V\u00e9lez &amp; Lozano","og_description":"\u00a0\u00bfAlguna vez ha pensado en realizarse un tratamiento de ortodoncia para mejorar su oclusi\u00f3n o la est\u00e9tica de su sonrisa? \u00bfLe gustar\u00eda tener unos dientes perfectamente alineados como los que ve en los protagonistas de sus pel\u00edculas preferidas? Hasta hace unos a\u00f1os, los tratamientos de ortodoncia exig\u00edan que el paciente llevase una aparatolog\u00eda ortod\u00f3ncica basada [&hellip;]","og_url":"https:\/\/velezylozano.com\/en\/the-most-aesthetic-brackets-in-the-world-now-in-murcia\/","og_site_name":"V\u00e9lez &amp; Lozano","article_published_time":"2013-08-27T16:48:52+00:00","og_image":[{"width":1181,"height":1470,"url":"https:\/\/i0.wp.com\/velezylozano.com\/wp-content\/uploads\/2022\/01\/brackets-esteticos-ceramica-invu.jpg?fit=1181%2C1470&ssl=1","type":"image\/jpeg"}],"author":"Comunicaci\u00f3n V&amp;L","twitter_card":"summary_large_image","twitter_misc":{"Written by":"Comunicaci\u00f3n V&amp;L","Estimated reading time":"5 minutes"},"schema":{"@context":"https:\/\/schema.org","@graph":[{"@type":"Article","@id":"https:\/\/velezylozano.com\/los-brackets-mas-esteticos-del-mundo-ahora-en-murcia\/#article","isPartOf":{"@id":"https:\/\/velezylozano.com\/los-brackets-mas-esteticos-del-mundo-ahora-en-murcia\/"},"author":{"name":"Comunicaci\u00f3n V&amp;L","@id":"https:\/\/velezylozano.com\/#\/schema\/person\/1c56e3cf63dd58194e47c0f52ee1acd5"},"headline":"Los brackets m\u00e1s est\u00e9ticos del mundo, ahora en Murcia","datePublished":"2013-08-27T16:48:52+00:00","mainEntityOfPage":{"@id":"https:\/\/velezylozano.com\/los-brackets-mas-esteticos-del-mundo-ahora-en-murcia\/"},"wordCount":1054,"publisher":{"@id":"https:\/\/velezylozano.com\/#organization"},"image":{"@id":"https:\/\/velezylozano.com\/los-brackets-mas-esteticos-del-mundo-ahora-en-murcia\/#primaryimage"},"thumbnailUrl":"https:\/\/i0.wp.com\/velezylozano.com\/wp-content\/uploads\/2022\/01\/brackets-esteticos-ceramica-invu.jpg?fit=1181%2C1470&ssl=1","inLanguage":"en-GB"},{"@type":"WebPage","@id":"https:\/\/velezylozano.com\/los-brackets-mas-esteticos-del-mundo-ahora-en-murcia\/","url":"https:\/\/velezylozano.com\/los-brackets-mas-esteticos-del-mundo-ahora-en-murcia\/","name":"The most aesthetic braces in the world, now in Murcia - V\u00e9lez &amp; Lozano","isPartOf":{"@id":"https:\/\/velezylozano.com\/#website"},"primaryImageOfPage":{"@id":"https:\/\/velezylozano.com\/los-brackets-mas-esteticos-del-mundo-ahora-en-murcia\/#primaryimage"},"image":{"@id":"https:\/\/velezylozano.com\/los-brackets-mas-esteticos-del-mundo-ahora-en-murcia\/#primaryimage"},"thumbnailUrl":"https:\/\/i0.wp.com\/velezylozano.com\/wp-content\/uploads\/2022\/01\/brackets-esteticos-ceramica-invu.jpg?fit=1181%2C1470&ssl=1","datePublished":"2013-08-27T16:48:52+00:00","breadcrumb":{"@id":"https:\/\/velezylozano.com\/los-brackets-mas-esteticos-del-mundo-ahora-en-murcia\/#breadcrumb"},"inLanguage":"en-GB","potentialAction":[{"@type":"ReadAction","target":["https:\/\/velezylozano.com\/los-brackets-mas-esteticos-del-mundo-ahora-en-murcia\/"]}]},{"@type":"ImageObject","inLanguage":"en-GB","@id":"https:\/\/velezylozano.com\/los-brackets-mas-esteticos-del-mundo-ahora-en-murcia\/#primaryimage","url":"https:\/\/i0.wp.com\/velezylozano.com\/wp-content\/uploads\/2022\/01\/brackets-esteticos-ceramica-invu.jpg?fit=1181%2C1470&ssl=1","contentUrl":"https:\/\/i0.wp.com\/velezylozano.com\/wp-content\/uploads\/2022\/01\/brackets-esteticos-ceramica-invu.jpg?fit=1181%2C1470&ssl=1","width":1181,"height":1470},{"@type":"BreadcrumbList","@id":"https:\/\/velezylozano.com\/los-brackets-mas-esteticos-del-mundo-ahora-en-murcia\/#breadcrumb","itemListElement":[{"@type":"ListItem","position":1,"name":"Home","item":"https:\/\/velezylozano.com\/"},{"@type":"ListItem","position":2,"name":"Los brackets m\u00e1s est\u00e9ticos del mundo, ahora en Murcia"}]},{"@type":"WebSite","@id":"https:\/\/velezylozano.com\/#website","url":"https:\/\/velezylozano.com\/","name":"Velez &amp; Lozano","description":"Dental clinic in Murcia since 2008","publisher":{"@id":"https:\/\/velezylozano.com\/#organization"},"potentialAction":[{"@type":"SearchAction","target":{"@type":"EntryPoint","urlTemplate":"https:\/\/velezylozano.com\/?s={search_term_string}"},"query-input":{"@type":"PropertyValueSpecification","valueRequired":true,"valueName":"search_term_string"}}],"inLanguage":"en-GB"},{"@type":"Organization","@id":"https:\/\/velezylozano.com\/#organization","name":"Velez &amp; Lozano","url":"https:\/\/velezylozano.com\/","logo":{"@type":"ImageObject","inLanguage":"en-GB","@id":"https:\/\/velezylozano.com\/#\/schema\/logo\/image\/","url":"https:\/\/velezylozano.com\/wp-content\/uploads\/2021\/12\/velezlozanologo.svg","contentUrl":"https:\/\/velezylozano.com\/wp-content\/uploads\/2021\/12\/velezlozanologo.svg","width":322,"height":33,"caption":"V\u00e9lez &amp; Lozano"},"image":{"@id":"https:\/\/velezylozano.com\/#\/schema\/logo\/image\/"}},{"@type":"Person","@id":"https:\/\/velezylozano.com\/#\/schema\/person\/1c56e3cf63dd58194e47c0f52ee1acd5","name":"V&amp;L Communication","image":{"@type":"ImageObject","inLanguage":"en-GB","@id":"https:\/\/secure.gravatar.com\/avatar\/c71847bdb2db2b82cf103719836121929bea3f2c1e8f242954e5cc67e1346522?s=96&d=mm&r=g","url":"https:\/\/secure.gravatar.com\/avatar\/c71847bdb2db2b82cf103719836121929bea3f2c1e8f242954e5cc67e1346522?s=96&d=mm&r=g","contentUrl":"https:\/\/secure.gravatar.com\/avatar\/c71847bdb2db2b82cf103719836121929bea3f2c1e8f242954e5cc67e1346522?s=96&d=mm&r=g","caption":"Comunicaci\u00f3n V&amp;L"},"url":"https:\/\/velezylozano.com\/en\/author\/andres\/"}]}},"jetpack_featured_media_url":"https:\/\/i0.wp.com\/velezylozano.com\/wp-content\/uploads\/2022\/01\/brackets-esteticos-ceramica-invu.jpg?fit=1181%2C1470&ssl=1","jetpack-related-posts":[{"id":8250,"url":"https:\/\/velezylozano.com\/en\/what-are-the-differences-between-metal-wires-and-white-wires-in-orthodontic-braces-in-murcia\/","url_meta":{"origin":8116,"position":0},"title":"What are the differences between metal wires and white wires in braces? - Murcia Orthodontist","author":"Comunicaci\u00f3n V&amp;L","date":"22 de March de 2016","format":false,"excerpt":"La est\u00e9tica es algo fundamental en la sociedad espa\u00f1ola y en la Regi\u00f3n de Murcia, lo que hace que cada vez sean m\u00e1s las personas que se deciden a iniciar un tratamiento de ortodoncia, con el objetivo de mejorar su salud bucodental corrigiendo una maloclusi\u00f3n, pero tambi\u00e9n de alcanzar una\u2026","rel":"","context":"Similar post","block_context":{"text":"Similar post","link":""},"img":{"alt_text":"","src":"https:\/\/i0.wp.com\/velezylozano.com\/wp-content\/uploads\/2022\/01\/Clean-Teeth-After-Brushing-1024x610-1.jpg?fit=1024%2C610&ssl=1&resize=350%2C200","width":350,"height":200,"srcset":"https:\/\/i0.wp.com\/velezylozano.com\/wp-content\/uploads\/2022\/01\/Clean-Teeth-After-Brushing-1024x610-1.jpg?fit=1024%2C610&ssl=1&resize=350%2C200 1x, https:\/\/i0.wp.com\/velezylozano.com\/wp-content\/uploads\/2022\/01\/Clean-Teeth-After-Brushing-1024x610-1.jpg?fit=1024%2C610&ssl=1&resize=525%2C300 1.5x, https:\/\/i0.wp.com\/velezylozano.com\/wp-content\/uploads\/2022\/01\/Clean-Teeth-After-Brushing-1024x610-1.jpg?fit=1024%2C610&ssl=1&resize=700%2C400 2x"},"classes":[]},{"id":8288,"url":"https:\/\/velezylozano.com\/en\/which-orthodontics-to-choose-advantages-and-disadvantages-of-brackets-and-aligners\/","url_meta":{"origin":8116,"position":1},"title":"Which orthodontics to choose? Advantages and disadvantages of brackets and aligners","author":"Comunicaci\u00f3n V&amp;L","date":"26 de July de 2016","format":false,"excerpt":"Una de las dudas m\u00e1s frecuentes en las cl\u00ednicas dentales en las que se realizan tratamientos de ortodoncia avanzada, como el caso de V\u00e9lez y Lozano en Murcia, es la elecci\u00f3n de una u otra t\u00e9cnica de tratamiento. En esta entrada intentaremos aclarar las ventajas fundamentales de cada una de\u2026","rel":"","context":"Similar post","block_context":{"text":"Similar post","link":""},"img":{"alt_text":"","src":"https:\/\/i0.wp.com\/velezylozano.com\/wp-content\/uploads\/2022\/01\/velez-y-lozano-clinica-dental-region-murcia-sonrisa-comparacion-ortodoncia-scaled-1.jpg?fit=1200%2C800&ssl=1&resize=350%2C200","width":350,"height":200,"srcset":"https:\/\/i0.wp.com\/velezylozano.com\/wp-content\/uploads\/2022\/01\/velez-y-lozano-clinica-dental-region-murcia-sonrisa-comparacion-ortodoncia-scaled-1.jpg?fit=1200%2C800&ssl=1&resize=350%2C200 1x, https:\/\/i0.wp.com\/velezylozano.com\/wp-content\/uploads\/2022\/01\/velez-y-lozano-clinica-dental-region-murcia-sonrisa-comparacion-ortodoncia-scaled-1.jpg?fit=1200%2C800&ssl=1&resize=525%2C300 1.5x, https:\/\/i0.wp.com\/velezylozano.com\/wp-content\/uploads\/2022\/01\/velez-y-lozano-clinica-dental-region-murcia-sonrisa-comparacion-ortodoncia-scaled-1.jpg?fit=1200%2C800&ssl=1&resize=700%2C400 2x, https:\/\/i0.wp.com\/velezylozano.com\/wp-content\/uploads\/2022\/01\/velez-y-lozano-clinica-dental-region-murcia-sonrisa-comparacion-ortodoncia-scaled-1.jpg?fit=1200%2C800&ssl=1&resize=1050%2C600 3x"},"classes":[]},{"id":8101,"url":"https:\/\/velezylozano.com\/en\/fast-orthodontics-what-all-patients-want-and-what-their-orthodontists-want-too\/","url_meta":{"origin":8116,"position":2},"title":"Fast orthodontics: what all patients want... and their orthodontists too!","author":"Comunicaci\u00f3n V&amp;L","date":"5 de July de 2013","format":false,"excerpt":"Un tratamiento de ortodoncia para alinear los dientes de un pacientes, consiguiendo una masticaci\u00f3n funcional y una est\u00e9tica sobresaliente, exige que el paciente lleve durante un tiempo brackets o alineadores transparentes, algo que, en muchas ocasiones hace que una persona no se decida a mejorar su sonrisa y su oclusi\u00f3n\u2026","rel":"","context":"Similar post","block_context":{"text":"Similar post","link":""},"img":{"alt_text":"","src":"https:\/\/i0.wp.com\/velezylozano.com\/wp-content\/uploads\/2022\/01\/como-cepillarse-los-dientes-cuando-llevas-brackets.jpg?fit=992%2C558&ssl=1&resize=350%2C200","width":350,"height":200,"srcset":"https:\/\/i0.wp.com\/velezylozano.com\/wp-content\/uploads\/2022\/01\/como-cepillarse-los-dientes-cuando-llevas-brackets.jpg?fit=992%2C558&ssl=1&resize=350%2C200 1x, https:\/\/i0.wp.com\/velezylozano.com\/wp-content\/uploads\/2022\/01\/como-cepillarse-los-dientes-cuando-llevas-brackets.jpg?fit=992%2C558&ssl=1&resize=525%2C300 1.5x, https:\/\/i0.wp.com\/velezylozano.com\/wp-content\/uploads\/2022\/01\/como-cepillarse-los-dientes-cuando-llevas-brackets.jpg?fit=992%2C558&ssl=1&resize=700%2C400 2x"},"classes":[]},{"id":8044,"url":"https:\/\/velezylozano.com\/en\/incognito-lingual-orthodontics-murcia\/","url_meta":{"origin":8116,"position":3},"title":"Incognito lingual orthodontics in Murcia","author":"Comunicaci\u00f3n V&amp;L","date":"2 de December de 2012","format":false,"excerpt":"\u00bfHa o\u00eddo hablar de la ortodoncia lingual pero no sabe en qu\u00e9 consiste? \u00bfLe gustar\u00eda tratarse en una cl\u00ednica dental certificada que disfrute de las ventajas de la t\u00e9cnica inc\u00f3gnito de 3M Unitek? Hemos preparado una infograf\u00eda que resume para usted las caracter\u00edsticas de la ortodoncia lingual, una revoluci\u00f3n est\u00e9tica\u2026","rel":"","context":"Similar post","block_context":{"text":"Similar post","link":""},"img":{"alt_text":"","src":"https:\/\/i0.wp.com\/velezylozano.com\/wp-content\/uploads\/2022\/01\/brackets-linguales-preguntas-frecuentes-640x300-1.jpg?fit=640%2C300&ssl=1&resize=350%2C200","width":350,"height":200,"srcset":"https:\/\/i0.wp.com\/velezylozano.com\/wp-content\/uploads\/2022\/01\/brackets-linguales-preguntas-frecuentes-640x300-1.jpg?fit=640%2C300&ssl=1&resize=350%2C200 1x, https:\/\/i0.wp.com\/velezylozano.com\/wp-content\/uploads\/2022\/01\/brackets-linguales-preguntas-frecuentes-640x300-1.jpg?fit=640%2C300&ssl=1&resize=525%2C300 1.5x"},"classes":[]},{"id":8118,"url":"https:\/\/velezylozano.com\/en\/braces-invisible-to-the-cameras-smile-naturally\/","url_meta":{"origin":8116,"position":4},"title":"Invisible braces for cameras: smile naturally","author":"Comunicaci\u00f3n V&amp;L","date":"25 de August de 2013","format":false,"excerpt":"Uno de los comentarios m\u00e1s frecuentes entre los pacientes que llevan brackets para mejorar su sonrisa y la forma en la que muerden es que les \u2018cuesta\u2019 sonre\u00edr cuando se hacen fotograf\u00edas en actos sociales, en parte por no querer mostrar el aparato que llevan, y en parte por si\u2026","rel":"","context":"Similar post","block_context":{"text":"Similar post","link":""},"img":{"alt_text":"","src":"https:\/\/i0.wp.com\/velezylozano.com\/wp-content\/uploads\/2022\/01\/un-camalec3b3n-consigue-un-efecto-de-camuflaje-como-el-de-click-it.jpg?fit=1024%2C766&ssl=1&resize=350%2C200","width":350,"height":200,"srcset":"https:\/\/i0.wp.com\/velezylozano.com\/wp-content\/uploads\/2022\/01\/un-camalec3b3n-consigue-un-efecto-de-camuflaje-como-el-de-click-it.jpg?fit=1024%2C766&ssl=1&resize=350%2C200 1x, https:\/\/i0.wp.com\/velezylozano.com\/wp-content\/uploads\/2022\/01\/un-camalec3b3n-consigue-un-efecto-de-camuflaje-como-el-de-click-it.jpg?fit=1024%2C766&ssl=1&resize=525%2C300 1.5x, https:\/\/i0.wp.com\/velezylozano.com\/wp-content\/uploads\/2022\/01\/un-camalec3b3n-consigue-un-efecto-de-camuflaje-como-el-de-click-it.jpg?fit=1024%2C766&ssl=1&resize=700%2C400 2x"},"classes":[]},{"id":8148,"url":"https:\/\/velezylozano.com\/en\/acceledent-the-fastest-orthodontics-in-the-world-at-last-in-murcia\/","url_meta":{"origin":8116,"position":5},"title":"Acceledent: the fastest orthodontics in the world, at last in Murcia","author":"Comunicaci\u00f3n V&amp;L","date":"19 de January de 2014","format":false,"excerpt":"Disfrutar una sonrisa bonita, blanca y alineada es sin lugar a dudas algo m\u00e1s importante para la mayor\u00eda de la poblaci\u00f3n, toda vez que estudios realizados por la Academia Americana de Odontolog\u00eda Est\u00e9tica se\u00f1alan que esto es un factor de importancia para encontrar pareja o ser contratado para un puesto\u2026","rel":"","context":"Similar post","block_context":{"text":"Similar post","link":""},"img":{"alt_text":"","src":"https:\/\/i0.wp.com\/velezylozano.com\/wp-content\/uploads\/2022\/01\/acceledent-invisalign-ortodoncia-comodidad.jpg?fit=1200%2C800&ssl=1&resize=350%2C200","width":350,"height":200,"srcset":"https:\/\/i0.wp.com\/velezylozano.com\/wp-content\/uploads\/2022\/01\/acceledent-invisalign-ortodoncia-comodidad.jpg?fit=1200%2C800&ssl=1&resize=350%2C200 1x, https:\/\/i0.wp.com\/velezylozano.com\/wp-content\/uploads\/2022\/01\/acceledent-invisalign-ortodoncia-comodidad.jpg?fit=1200%2C800&ssl=1&resize=525%2C300 1.5x, https:\/\/i0.wp.com\/velezylozano.com\/wp-content\/uploads\/2022\/01\/acceledent-invisalign-ortodoncia-comodidad.jpg?fit=1200%2C800&ssl=1&resize=700%2C400 2x, https:\/\/i0.wp.com\/velezylozano.com\/wp-content\/uploads\/2022\/01\/acceledent-invisalign-ortodoncia-comodidad.jpg?fit=1200%2C800&ssl=1&resize=1050%2C600 3x"},"classes":[]}],"jetpack_sharing_enabled":true,"_links":{"self":[{"href":"https:\/\/velezylozano.com\/en\/wp-json\/wp\/v2\/posts\/8116","targetHints":{"allow":["GET"]}}],"collection":[{"href":"https:\/\/velezylozano.com\/en\/wp-json\/wp\/v2\/posts"}],"about":[{"href":"https:\/\/velezylozano.com\/en\/wp-json\/wp\/v2\/types\/post"}],"author":[{"embeddable":true,"href":"https:\/\/velezylozano.com\/en\/wp-json\/wp\/v2\/users\/3"}],"replies":[{"embeddable":true,"href":"https:\/\/velezylozano.com\/en\/wp-json\/wp\/v2\/comments?post=8116"}],"version-history":[{"count":0,"href":"https:\/\/velezylozano.com\/en\/wp-json\/wp\/v2\/posts\/8116\/revisions"}],"wp:featuredmedia":[{"embeddable":true,"href":"https:\/\/velezylozano.com\/en\/wp-json\/wp\/v2\/media\/8117"}],"wp:attachment":[{"href":"https:\/\/velezylozano.com\/en\/wp-json\/wp\/v2\/media?parent=8116"}],"wp:term":[{"taxonomy":"category","embeddable":true,"href":"https:\/\/velezylozano.com\/en\/wp-json\/wp\/v2\/categories?post=8116"},{"taxonomy":"post_tag","embeddable":true,"href":"https:\/\/velezylozano.com\/en\/wp-json\/wp\/v2\/tags?post=8116"}],"curies":[{"name":"wp","href":"https:\/\/api.w.org\/{rel}","templated":true}]}}