{"id":8124,"date":"2013-10-01T15:55:12","date_gmt":"2013-10-01T15:55:12","guid":{"rendered":"https:\/\/velezylozano.com\/dental-home-hogar-dental-murcia\/"},"modified":"2013-10-01T15:55:12","modified_gmt":"2013-10-01T15:55:12","slug":"dental-home-dental-home-murcia","status":"publish","type":"post","link":"https:\/\/velezylozano.com\/en\/dental-home-dental-home-murcia\/","title":{"rendered":"What is a 'Dental Home'?"},"content":{"rendered":"<p>The <b>Prevention<\/b> at <b>Dentistry <\/b>is becoming increasingly important in today's society. We have incorporated many measures into our way of life to prevent multiple diseases, including those related to the mouth and teeth.<\/p>\n<p>However, in spite of these efforts, the <a href=\"http:\/\/www.odontologiapediatrica.com\/img\/10PREGUNTASCARIES.pdf\"><b>Early Onset Caries<\/b><\/a> (that which appears before the age of 6) is becoming increasingly common (in the United States it has been confirmed as the most prevalent chronic disease in childhood), so much so that it has become the most common chronic disease of childhood. <span style=\"text-decoration:underline;\">five times more common than asthma and seven times more common than allergy fever<\/span>In other words, this is a real public health problem.<\/p>\n<p>For this reason, <a href=\"http:\/\/www.aapd.org\/assets\/1\/7\/P_DentalHome.pdf#xml=http:\/\/pr-dtsearch001.americaneagle.com\/service\/search.asp?cmd=pdfhits&amp;DocId=855&amp;Index=F%3a%5cdtSearch%5caapd%2eorg&amp;HitCount=48&amp;hits=7+8+29+2a+38+39+4c+54+55+7d+ab+b5+b6+bf+c0+c2+e3+f7+113+123+124+129+13d+13e+18f+1a4+1a5+1b0+1b1+1d2+1f5+227+231+232+269+2d1+2e7+2ea+305+31e+31f+353+354+3a0+3e3+3e4+414+415+&amp;hc=31954&amp;req=dental+home\">multiple international oral health associations<\/a>\u00a0propose that all children be seen by a paediatric dentist or trained oral health personnel in order to establish an appropriate <b>dental and oral health programme<\/b> around the <b>year of age<\/b> or from the eruption of the first tooth.<\/p>\n<p>This is the origin of the concept of \"<b>Dental Home<\/b>\" o \"<b>Dental Home<\/b>\"which is defined as the ongoing relationship between the dentist and the patient, including all aspects of oral health care that is comprehensive, continuous, accessible, coordinated and family involved and committed to staying healthy.<\/p>\n<figure id=\"attachment_676\" aria-describedby=\"caption-attachment-676\" style=\"width: 300px\" class=\"wp-caption aligncenter\"><a href=\"https:\/\/i0.wp.com\/www.velezylozano.com\/wp-content\/uploads\/2013\/10\/dental-home-nic3b1os-toothbrush-cepillo-dientes-hogar.jpg?ssl=1\"><img data-recalc-dims=\"1\" fetchpriority=\"high\" decoding=\"async\" class=\"size-medium wp-image-676\" alt=\"The Dental Home concept is still underdeveloped in Spain.\" src=\"https:\/\/i0.wp.com\/www.velezylozano.com\/wp-content\/uploads\/2013\/10\/dental-home-nic3b1os-toothbrush-cepillo-dientes-hogar.jpg?resize=300%2C189&#038;ssl=1\" width=\"300\" height=\"189\" \/><\/a><figcaption id=\"caption-attachment-676\" class=\"wp-caption-text\">The Dental Home concept is still underdeveloped in Spain.<\/figcaption><\/figure>\n<p>The establishment of a Dental Home has not become widespread in medical practice in the Region of Murcia or in Spain despite the fact that <b>the alarming signs of increasing tooth decay in children<\/b>The main reason for this is poor dietary and hygiene habits, with such initiatives only being found in <a href=\"http:\/\/www.velezylozano.com\/es\/tratamientos\/odontopediatria\/plan-atencion-dental-infantil\/\">high-level dental clinics staffed by experts in paediatric care<\/a>.<\/p>\n<p>In any case, it is very important that the <b>family oral health<\/b> is good for preventing the transmission of caries-causing bacteria from parent to child. In this regard, it is recommended that a <b>pregnant women should go for dental check-ups<\/b> where, in addition to your own care, you already receive information about your future baby's oral health.<\/p>\n<p>Once the child is born, the Dental Home will be established, where a comprehensive individualised prevention plan will be put in place, based on:<\/p>\n<ul>\n<li>Caries risk analysis<\/li>\n<li>Instructions on healthy diet and dental hygiene<\/li>\n<li>Oral care advice for children.<\/li>\n<li>Periodic reviews.<\/li>\n<\/ul>\n<p align=\"right\">Clara Serna Mu\u00f1oz<\/p>\n<p align=\"right\">Master's Degree in Paediatric Dentistry from the San Rafael Hospital in Madrid.<\/p>\n<p align=\"right\"><a href=\"http:\/\/www.velezylozano.com\/es\/noticias\/?url=la-doctora-clara-serna-munoz-entre-los-odontopediatras-asistentes-al-primer-curso-de-odontologia-para-bebes-celebrado-en-espana-\">Exclusive Paediatric Dentistry Practice in Murcia<\/a><\/p>\n<p align=\"right\">Lecturer in Paediatric Dentistry, University of Murcia<\/p>","protected":false},"excerpt":{"rendered":"<p>Prevention in dentistry is becoming increasingly important in today's society. There are many measures that we have incorporated into our way of life to prevent multiple diseases, including those related to the mouth and teeth. However, in spite of these efforts, Early Onset Caries (that which appears before [...]<\/p>","protected":false},"author":3,"featured_media":0,"comment_status":"closed","ping_status":"closed","sticky":false,"template":"","format":"standard","meta":{"_jetpack_memberships_contains_paid_content":false,"footnotes":""},"categories":[],"tags":[],"class_list":["post-8124","post","type-post","status-publish","format-standard","hentry"],"yoast_head":"<!-- This site is optimized with the Yoast SEO plugin v27.5 - https:\/\/yoast.com\/product\/yoast-seo-wordpress\/ -->\n<title>\u00bfQu\u00e9 es un \u2018Dental Home\u2019 u &#039;Hogar Dental&#039;? - V\u00e9lez &amp; Lozano<\/title>\n<meta name=\"robots\" content=\"index, follow, max-snippet:-1, max-image-preview:large, max-video-preview:-1\" \/>\n<link rel=\"canonical\" href=\"https:\/\/velezylozano.com\/en\/dental-home-dental-home-murcia\/\" \/>\n<meta property=\"og:locale\" content=\"en_GB\" \/>\n<meta property=\"og:type\" content=\"article\" \/>\n<meta property=\"og:title\" content=\"\u00bfQu\u00e9 es un \u2018Dental Home\u2019 u &#039;Hogar Dental&#039;? - V\u00e9lez &amp; Lozano\" \/>\n<meta property=\"og:description\" content=\"La Prevenci\u00f3n en Odontolog\u00eda est\u00e1 tomando cada vez m\u00e1s importancia en la sociedad actual. Son muchas las medidas que hemos incorporado a nuestro modo de vida para prevenir m\u00faltiples enfermedades, entre ellas las referidas a boca y dientes. Sin embargo, a pesar de estos esfuerzos, la Caries de Inicio Temprano (aquella que aparece antes de [&hellip;]\" \/>\n<meta property=\"og:url\" content=\"https:\/\/velezylozano.com\/en\/dental-home-dental-home-murcia\/\" \/>\n<meta property=\"og:site_name\" content=\"V\u00e9lez &amp; Lozano\" \/>\n<meta property=\"article:published_time\" content=\"2013-10-01T15:55:12+00:00\" \/>\n<meta property=\"og:image\" content=\"https:\/\/www.velezylozano.com\/wp-content\/uploads\/2013\/10\/dental-home-nic3b1os-toothbrush-cepillo-dientes-hogar.jpg?w=300\" \/>\n<meta name=\"author\" content=\"Comunicaci\u00f3n V&amp;L\" \/>\n<meta name=\"twitter:card\" content=\"summary_large_image\" \/>\n<meta name=\"twitter:label1\" content=\"Written by\" \/>\n\t<meta name=\"twitter:data1\" content=\"Comunicaci\u00f3n V&amp;L\" \/>\n\t<meta name=\"twitter:label2\" content=\"Estimated reading time\" \/>\n\t<meta name=\"twitter:data2\" content=\"2 minutes\" \/>\n<script type=\"application\/ld+json\" class=\"yoast-schema-graph\">{\"@context\":\"https:\\\/\\\/schema.org\",\"@graph\":[{\"@type\":\"Article\",\"@id\":\"https:\\\/\\\/velezylozano.com\\\/dental-home-hogar-dental-murcia\\\/#article\",\"isPartOf\":{\"@id\":\"https:\\\/\\\/velezylozano.com\\\/dental-home-hogar-dental-murcia\\\/\"},\"author\":{\"name\":\"Comunicaci\u00f3n V&amp;L\",\"@id\":\"https:\\\/\\\/velezylozano.com\\\/#\\\/schema\\\/person\\\/1c56e3cf63dd58194e47c0f52ee1acd5\"},\"headline\":\"\u00bfQu\u00e9 es un \u2018Dental Home\u2019 u &#8216;Hogar Dental&#8217;?\",\"datePublished\":\"2013-10-01T15:55:12+00:00\",\"mainEntityOfPage\":{\"@id\":\"https:\\\/\\\/velezylozano.com\\\/dental-home-hogar-dental-murcia\\\/\"},\"wordCount\":477,\"publisher\":{\"@id\":\"https:\\\/\\\/velezylozano.com\\\/#organization\"},\"image\":{\"@id\":\"https:\\\/\\\/velezylozano.com\\\/dental-home-hogar-dental-murcia\\\/#primaryimage\"},\"thumbnailUrl\":\"https:\\\/\\\/www.velezylozano.com\\\/wp-content\\\/uploads\\\/2013\\\/10\\\/dental-home-nic3b1os-toothbrush-cepillo-dientes-hogar.jpg?w=300\",\"inLanguage\":\"en-GB\"},{\"@type\":\"WebPage\",\"@id\":\"https:\\\/\\\/velezylozano.com\\\/dental-home-hogar-dental-murcia\\\/\",\"url\":\"https:\\\/\\\/velezylozano.com\\\/dental-home-hogar-dental-murcia\\\/\",\"name\":\"\u00bfQu\u00e9 es un \u2018Dental Home\u2019 u 'Hogar Dental'? - V\u00e9lez &amp; Lozano\",\"isPartOf\":{\"@id\":\"https:\\\/\\\/velezylozano.com\\\/#website\"},\"primaryImageOfPage\":{\"@id\":\"https:\\\/\\\/velezylozano.com\\\/dental-home-hogar-dental-murcia\\\/#primaryimage\"},\"image\":{\"@id\":\"https:\\\/\\\/velezylozano.com\\\/dental-home-hogar-dental-murcia\\\/#primaryimage\"},\"thumbnailUrl\":\"https:\\\/\\\/www.velezylozano.com\\\/wp-content\\\/uploads\\\/2013\\\/10\\\/dental-home-nic3b1os-toothbrush-cepillo-dientes-hogar.jpg?w=300\",\"datePublished\":\"2013-10-01T15:55:12+00:00\",\"breadcrumb\":{\"@id\":\"https:\\\/\\\/velezylozano.com\\\/dental-home-hogar-dental-murcia\\\/#breadcrumb\"},\"inLanguage\":\"en-GB\",\"potentialAction\":[{\"@type\":\"ReadAction\",\"target\":[\"https:\\\/\\\/velezylozano.com\\\/dental-home-hogar-dental-murcia\\\/\"]}]},{\"@type\":\"ImageObject\",\"inLanguage\":\"en-GB\",\"@id\":\"https:\\\/\\\/velezylozano.com\\\/dental-home-hogar-dental-murcia\\\/#primaryimage\",\"url\":\"https:\\\/\\\/www.velezylozano.com\\\/wp-content\\\/uploads\\\/2013\\\/10\\\/dental-home-nic3b1os-toothbrush-cepillo-dientes-hogar.jpg?w=300\",\"contentUrl\":\"https:\\\/\\\/www.velezylozano.com\\\/wp-content\\\/uploads\\\/2013\\\/10\\\/dental-home-nic3b1os-toothbrush-cepillo-dientes-hogar.jpg?w=300\"},{\"@type\":\"BreadcrumbList\",\"@id\":\"https:\\\/\\\/velezylozano.com\\\/dental-home-hogar-dental-murcia\\\/#breadcrumb\",\"itemListElement\":[{\"@type\":\"ListItem\",\"position\":1,\"name\":\"Home\",\"item\":\"https:\\\/\\\/velezylozano.com\\\/\"},{\"@type\":\"ListItem\",\"position\":2,\"name\":\"\u00bfQu\u00e9 es un \u2018Dental Home\u2019 u &#8216;Hogar Dental&#8217;?\"}]},{\"@type\":\"WebSite\",\"@id\":\"https:\\\/\\\/velezylozano.com\\\/#website\",\"url\":\"https:\\\/\\\/velezylozano.com\\\/\",\"name\":\"V\u00e9lez &amp; Lozano\",\"description\":\"Cl\u00ednica dental en Murcia desde 2008\",\"publisher\":{\"@id\":\"https:\\\/\\\/velezylozano.com\\\/#organization\"},\"potentialAction\":[{\"@type\":\"SearchAction\",\"target\":{\"@type\":\"EntryPoint\",\"urlTemplate\":\"https:\\\/\\\/velezylozano.com\\\/?s={search_term_string}\"},\"query-input\":{\"@type\":\"PropertyValueSpecification\",\"valueRequired\":true,\"valueName\":\"search_term_string\"}}],\"inLanguage\":\"en-GB\"},{\"@type\":\"Organization\",\"@id\":\"https:\\\/\\\/velezylozano.com\\\/#organization\",\"name\":\"V\u00e9lez &amp; Lozano\",\"url\":\"https:\\\/\\\/velezylozano.com\\\/\",\"logo\":{\"@type\":\"ImageObject\",\"inLanguage\":\"en-GB\",\"@id\":\"https:\\\/\\\/velezylozano.com\\\/#\\\/schema\\\/logo\\\/image\\\/\",\"url\":\"https:\\\/\\\/velezylozano.com\\\/wp-content\\\/uploads\\\/2021\\\/12\\\/velezlozanologo.svg\",\"contentUrl\":\"https:\\\/\\\/velezylozano.com\\\/wp-content\\\/uploads\\\/2021\\\/12\\\/velezlozanologo.svg\",\"width\":322,\"height\":33,\"caption\":\"V\u00e9lez &amp; Lozano\"},\"image\":{\"@id\":\"https:\\\/\\\/velezylozano.com\\\/#\\\/schema\\\/logo\\\/image\\\/\"}},{\"@type\":\"Person\",\"@id\":\"https:\\\/\\\/velezylozano.com\\\/#\\\/schema\\\/person\\\/1c56e3cf63dd58194e47c0f52ee1acd5\",\"name\":\"Comunicaci\u00f3n V&amp;L\",\"image\":{\"@type\":\"ImageObject\",\"inLanguage\":\"en-GB\",\"@id\":\"https:\\\/\\\/secure.gravatar.com\\\/avatar\\\/c71847bdb2db2b82cf103719836121929bea3f2c1e8f242954e5cc67e1346522?s=96&d=mm&r=g\",\"url\":\"https:\\\/\\\/secure.gravatar.com\\\/avatar\\\/c71847bdb2db2b82cf103719836121929bea3f2c1e8f242954e5cc67e1346522?s=96&d=mm&r=g\",\"contentUrl\":\"https:\\\/\\\/secure.gravatar.com\\\/avatar\\\/c71847bdb2db2b82cf103719836121929bea3f2c1e8f242954e5cc67e1346522?s=96&d=mm&r=g\",\"caption\":\"Comunicaci\u00f3n V&amp;L\"},\"url\":\"https:\\\/\\\/velezylozano.com\\\/en\\\/author\\\/andres\\\/\"}]}<\/script>\n<!-- \/ Yoast SEO plugin. -->","yoast_head_json":{"title":"What is a 'Dental Home' or 'Dental Home'? - Velez &amp; Lozano","robots":{"index":"index","follow":"follow","max-snippet":"max-snippet:-1","max-image-preview":"max-image-preview:large","max-video-preview":"max-video-preview:-1"},"canonical":"https:\/\/velezylozano.com\/en\/dental-home-dental-home-murcia\/","og_locale":"en_GB","og_type":"article","og_title":"\u00bfQu\u00e9 es un \u2018Dental Home\u2019 u 'Hogar Dental'? - V\u00e9lez &amp; Lozano","og_description":"La Prevenci\u00f3n en Odontolog\u00eda est\u00e1 tomando cada vez m\u00e1s importancia en la sociedad actual. Son muchas las medidas que hemos incorporado a nuestro modo de vida para prevenir m\u00faltiples enfermedades, entre ellas las referidas a boca y dientes. Sin embargo, a pesar de estos esfuerzos, la Caries de Inicio Temprano (aquella que aparece antes de [&hellip;]","og_url":"https:\/\/velezylozano.com\/en\/dental-home-dental-home-murcia\/","og_site_name":"V\u00e9lez &amp; Lozano","article_published_time":"2013-10-01T15:55:12+00:00","og_image":[{"url":"https:\/\/www.velezylozano.com\/wp-content\/uploads\/2013\/10\/dental-home-nic3b1os-toothbrush-cepillo-dientes-hogar.jpg?w=300","type":"","width":"","height":""}],"author":"Comunicaci\u00f3n V&amp;L","twitter_card":"summary_large_image","twitter_misc":{"Written by":"Comunicaci\u00f3n V&amp;L","Estimated reading time":"2 minutes"},"schema":{"@context":"https:\/\/schema.org","@graph":[{"@type":"Article","@id":"https:\/\/velezylozano.com\/dental-home-hogar-dental-murcia\/#article","isPartOf":{"@id":"https:\/\/velezylozano.com\/dental-home-hogar-dental-murcia\/"},"author":{"name":"Comunicaci\u00f3n V&amp;L","@id":"https:\/\/velezylozano.com\/#\/schema\/person\/1c56e3cf63dd58194e47c0f52ee1acd5"},"headline":"\u00bfQu\u00e9 es un \u2018Dental Home\u2019 u &#8216;Hogar Dental&#8217;?","datePublished":"2013-10-01T15:55:12+00:00","mainEntityOfPage":{"@id":"https:\/\/velezylozano.com\/dental-home-hogar-dental-murcia\/"},"wordCount":477,"publisher":{"@id":"https:\/\/velezylozano.com\/#organization"},"image":{"@id":"https:\/\/velezylozano.com\/dental-home-hogar-dental-murcia\/#primaryimage"},"thumbnailUrl":"https:\/\/www.velezylozano.com\/wp-content\/uploads\/2013\/10\/dental-home-nic3b1os-toothbrush-cepillo-dientes-hogar.jpg?w=300","inLanguage":"en-GB"},{"@type":"WebPage","@id":"https:\/\/velezylozano.com\/dental-home-hogar-dental-murcia\/","url":"https:\/\/velezylozano.com\/dental-home-hogar-dental-murcia\/","name":"What is a 'Dental Home' or 'Dental Home'? - Velez &amp; Lozano","isPartOf":{"@id":"https:\/\/velezylozano.com\/#website"},"primaryImageOfPage":{"@id":"https:\/\/velezylozano.com\/dental-home-hogar-dental-murcia\/#primaryimage"},"image":{"@id":"https:\/\/velezylozano.com\/dental-home-hogar-dental-murcia\/#primaryimage"},"thumbnailUrl":"https:\/\/www.velezylozano.com\/wp-content\/uploads\/2013\/10\/dental-home-nic3b1os-toothbrush-cepillo-dientes-hogar.jpg?w=300","datePublished":"2013-10-01T15:55:12+00:00","breadcrumb":{"@id":"https:\/\/velezylozano.com\/dental-home-hogar-dental-murcia\/#breadcrumb"},"inLanguage":"en-GB","potentialAction":[{"@type":"ReadAction","target":["https:\/\/velezylozano.com\/dental-home-hogar-dental-murcia\/"]}]},{"@type":"ImageObject","inLanguage":"en-GB","@id":"https:\/\/velezylozano.com\/dental-home-hogar-dental-murcia\/#primaryimage","url":"https:\/\/www.velezylozano.com\/wp-content\/uploads\/2013\/10\/dental-home-nic3b1os-toothbrush-cepillo-dientes-hogar.jpg?w=300","contentUrl":"https:\/\/www.velezylozano.com\/wp-content\/uploads\/2013\/10\/dental-home-nic3b1os-toothbrush-cepillo-dientes-hogar.jpg?w=300"},{"@type":"BreadcrumbList","@id":"https:\/\/velezylozano.com\/dental-home-hogar-dental-murcia\/#breadcrumb","itemListElement":[{"@type":"ListItem","position":1,"name":"Home","item":"https:\/\/velezylozano.com\/"},{"@type":"ListItem","position":2,"name":"\u00bfQu\u00e9 es un \u2018Dental Home\u2019 u &#8216;Hogar Dental&#8217;?"}]},{"@type":"WebSite","@id":"https:\/\/velezylozano.com\/#website","url":"https:\/\/velezylozano.com\/","name":"Velez &amp; Lozano","description":"Dental clinic in Murcia since 2008","publisher":{"@id":"https:\/\/velezylozano.com\/#organization"},"potentialAction":[{"@type":"SearchAction","target":{"@type":"EntryPoint","urlTemplate":"https:\/\/velezylozano.com\/?s={search_term_string}"},"query-input":{"@type":"PropertyValueSpecification","valueRequired":true,"valueName":"search_term_string"}}],"inLanguage":"en-GB"},{"@type":"Organization","@id":"https:\/\/velezylozano.com\/#organization","name":"Velez &amp; Lozano","url":"https:\/\/velezylozano.com\/","logo":{"@type":"ImageObject","inLanguage":"en-GB","@id":"https:\/\/velezylozano.com\/#\/schema\/logo\/image\/","url":"https:\/\/velezylozano.com\/wp-content\/uploads\/2021\/12\/velezlozanologo.svg","contentUrl":"https:\/\/velezylozano.com\/wp-content\/uploads\/2021\/12\/velezlozanologo.svg","width":322,"height":33,"caption":"V\u00e9lez &amp; Lozano"},"image":{"@id":"https:\/\/velezylozano.com\/#\/schema\/logo\/image\/"}},{"@type":"Person","@id":"https:\/\/velezylozano.com\/#\/schema\/person\/1c56e3cf63dd58194e47c0f52ee1acd5","name":"V&amp;L Communication","image":{"@type":"ImageObject","inLanguage":"en-GB","@id":"https:\/\/secure.gravatar.com\/avatar\/c71847bdb2db2b82cf103719836121929bea3f2c1e8f242954e5cc67e1346522?s=96&d=mm&r=g","url":"https:\/\/secure.gravatar.com\/avatar\/c71847bdb2db2b82cf103719836121929bea3f2c1e8f242954e5cc67e1346522?s=96&d=mm&r=g","contentUrl":"https:\/\/secure.gravatar.com\/avatar\/c71847bdb2db2b82cf103719836121929bea3f2c1e8f242954e5cc67e1346522?s=96&d=mm&r=g","caption":"Comunicaci\u00f3n V&amp;L"},"url":"https:\/\/velezylozano.com\/en\/author\/andres\/"}]}},"jetpack_featured_media_url":"","jetpack-related-posts":[{"id":13356,"url":"https:\/\/velezylozano.com\/en\/por-que-cada-vez-mas-adultos-llevan-ortodoncia\/","url_meta":{"origin":8124,"position":0},"title":"\u00bfPor qu\u00e9 cada vez m\u00e1s adultos llevan ortodoncia?","author":"Francisco J.","date":"21 de November de 2025","format":false,"excerpt":"La ortodoncia ha estado asociada tradicionalmente en el imaginario com\u00fan con los brackets y los patios de colegio, una realidad que ha cambiado mucho en la actualidad, ya que cada vez m\u00e1s adultos desde los 30 a los 60 a\u00f1os deciden corregir su sonrisa o solucionar sus problemas de mordida,\u2026","rel":"","context":"In &quot;2025&quot;","block_context":{"text":"2025","link":"https:\/\/velezylozano.com\/en\/category\/2025\/"},"img":{"alt_text":"","src":"https:\/\/i0.wp.com\/velezylozano.com\/wp-content\/uploads\/2025\/11\/ChatGPT-Image-19-nov-2025-10_21_01.png?fit=1200%2C800&ssl=1&resize=350%2C200","width":350,"height":200,"srcset":"https:\/\/i0.wp.com\/velezylozano.com\/wp-content\/uploads\/2025\/11\/ChatGPT-Image-19-nov-2025-10_21_01.png?fit=1200%2C800&ssl=1&resize=350%2C200 1x, https:\/\/i0.wp.com\/velezylozano.com\/wp-content\/uploads\/2025\/11\/ChatGPT-Image-19-nov-2025-10_21_01.png?fit=1200%2C800&ssl=1&resize=525%2C300 1.5x, https:\/\/i0.wp.com\/velezylozano.com\/wp-content\/uploads\/2025\/11\/ChatGPT-Image-19-nov-2025-10_21_01.png?fit=1200%2C800&ssl=1&resize=700%2C400 2x, https:\/\/i0.wp.com\/velezylozano.com\/wp-content\/uploads\/2025\/11\/ChatGPT-Image-19-nov-2025-10_21_01.png?fit=1200%2C800&ssl=1&resize=1050%2C600 3x"},"classes":[]},{"id":12424,"url":"https:\/\/velezylozano.com\/en\/what-is-a-torus-and-what-consequences-does-it-have-on-our-oral-health\/","url_meta":{"origin":8124,"position":1},"title":"What is a torus and what are the consequences for our oral health?","author":"Fernando Garc\u00eda V\u00e9lez","date":"23 de February de 2024","format":false,"excerpt":"Sometimes we receive patients in our dental clinic in Murcia who are worried because a lump has suddenly appeared in their oral cavity and they fear that it could be indicative of oral cancer. Once in the consultation room, and after the relevant x-ray to prove it, we realise that the lump is...","rel":"","context":"In &quot;2024&quot;","block_context":{"text":"2024","link":"https:\/\/velezylozano.com\/en\/category\/2024\/"},"img":{"alt_text":"","src":"https:\/\/i0.wp.com\/velezylozano.com\/wp-content\/uploads\/2024\/02\/2.png?fit=1080%2C1080&ssl=1&resize=350%2C200","width":350,"height":200,"srcset":"https:\/\/i0.wp.com\/velezylozano.com\/wp-content\/uploads\/2024\/02\/2.png?fit=1080%2C1080&ssl=1&resize=350%2C200 1x, https:\/\/i0.wp.com\/velezylozano.com\/wp-content\/uploads\/2024\/02\/2.png?fit=1080%2C1080&ssl=1&resize=525%2C300 1.5x, https:\/\/i0.wp.com\/velezylozano.com\/wp-content\/uploads\/2024\/02\/2.png?fit=1080%2C1080&ssl=1&resize=700%2C400 2x, https:\/\/i0.wp.com\/velezylozano.com\/wp-content\/uploads\/2024\/02\/2.png?fit=1080%2C1080&ssl=1&resize=1050%2C600 3x"},"classes":[]},{"id":10134,"url":"https:\/\/velezylozano.com\/en\/auxiliary-beauty-treatments\/","url_meta":{"origin":8124,"position":2},"title":"Ancillary beauty treatments","author":"Fernando Garc\u00eda V\u00e9lez","date":"4 de March de 2022","format":false,"excerpt":"Si hablamos de est\u00e9tica dental, lo m\u00e1s habitual en la gran mayor\u00eda de los casos es el pensar en tratamientos como las carillas o el blanqueamiento dental. Y es que efectivamente son la \u2018l\u00ednea de frente\u2019 de esta especialidad, siendo los tratamientos m\u00e1s solicitados y realizados en las cl\u00ednicas dentales\u2026","rel":"","context":"In &quot;2022&quot;","block_context":{"text":"2022","link":"https:\/\/velezylozano.com\/en\/category\/2022\/"},"img":{"alt_text":"","src":"https:\/\/i0.wp.com\/velezylozano.com\/wp-content\/uploads\/2022\/03\/arroniz-nata-mer2.png?fit=1200%2C1200&ssl=1&resize=350%2C200","width":350,"height":200,"srcset":"https:\/\/i0.wp.com\/velezylozano.com\/wp-content\/uploads\/2022\/03\/arroniz-nata-mer2.png?fit=1200%2C1200&ssl=1&resize=350%2C200 1x, https:\/\/i0.wp.com\/velezylozano.com\/wp-content\/uploads\/2022\/03\/arroniz-nata-mer2.png?fit=1200%2C1200&ssl=1&resize=525%2C300 1.5x, https:\/\/i0.wp.com\/velezylozano.com\/wp-content\/uploads\/2022\/03\/arroniz-nata-mer2.png?fit=1200%2C1200&ssl=1&resize=700%2C400 2x, https:\/\/i0.wp.com\/velezylozano.com\/wp-content\/uploads\/2022\/03\/arroniz-nata-mer2.png?fit=1200%2C1200&ssl=1&resize=1050%2C600 3x"},"classes":[]},{"id":8519,"url":"https:\/\/velezylozano.com\/en\/what-does-a-dental-cleaning-in-velez-lozano-consist-of\/","url_meta":{"origin":8124,"position":3},"title":"What does a dental cleaning at V\u00e9lez &amp; Lozano consist of?","author":"Marina MIll\u00e1n Palomares","date":"10 de September de 2021","format":false,"excerpt":"Qu\u00e9 es una limpieza dental La placa dental, junto a las bacterias, los restos de comida y la saliva, dan lugar a la formaci\u00f3n del sarro o c\u00e1lculo dental, esa sustancia dura y amarillenta (o incluso marr\u00f3n) que se suele acumular entre nuestros dientes, especialmente en el sector inferior. Pese\u2026","rel":"","context":"In &quot;2021&quot;","block_context":{"text":"2021","link":"https:\/\/velezylozano.com\/en\/category\/2021\/"},"img":{"alt_text":"","src":"https:\/\/i0.wp.com\/velezylozano.com\/wp-content\/uploads\/2022\/01\/limpieza-dental-por-ultrasonidos-e1532000434974.jpeg?fit=650%2C406&ssl=1&resize=350%2C200","width":350,"height":200,"srcset":"https:\/\/i0.wp.com\/velezylozano.com\/wp-content\/uploads\/2022\/01\/limpieza-dental-por-ultrasonidos-e1532000434974.jpeg?fit=650%2C406&ssl=1&resize=350%2C200 1x, https:\/\/i0.wp.com\/velezylozano.com\/wp-content\/uploads\/2022\/01\/limpieza-dental-por-ultrasonidos-e1532000434974.jpeg?fit=650%2C406&ssl=1&resize=525%2C300 1.5x"},"classes":[]},{"id":8105,"url":"https:\/\/velezylozano.com\/en\/dental-composites-and-bisphenol-a\/","url_meta":{"origin":8124,"position":4},"title":"Dental composites and bisphenol-a","author":"Comunicaci\u00f3n V&amp;L","date":"22 de July de 2013","format":false,"excerpt":"Recientemente est\u00e1 aumentando el inter\u00e9s de los pacientes de la Regi\u00f3n de Murcia por los componentes de los empastes que se utilizan actualmente en una rutina cl\u00ednica convencional, en un intento de combinar al m\u00e1ximo la interacci\u00f3n entre la preservaci\u00f3n de la salud y una odontolog\u00eda biol\u00f3gica m\u00ednimamente invasiva. En\u2026","rel":"","context":"Similar post","block_context":{"text":"Similar post","link":""},"img":{"alt_text":"","src":"https:\/\/i0.wp.com\/velezylozano.com\/wp-content\/uploads\/2022\/01\/imagen_naturaleza_endodoncia.jpg?fit=1014%2C648&ssl=1&resize=350%2C200","width":350,"height":200,"srcset":"https:\/\/i0.wp.com\/velezylozano.com\/wp-content\/uploads\/2022\/01\/imagen_naturaleza_endodoncia.jpg?fit=1014%2C648&ssl=1&resize=350%2C200 1x, https:\/\/i0.wp.com\/velezylozano.com\/wp-content\/uploads\/2022\/01\/imagen_naturaleza_endodoncia.jpg?fit=1014%2C648&ssl=1&resize=525%2C300 1.5x, https:\/\/i0.wp.com\/velezylozano.com\/wp-content\/uploads\/2022\/01\/imagen_naturaleza_endodoncia.jpg?fit=1014%2C648&ssl=1&resize=700%2C400 2x"},"classes":[]},{"id":8380,"url":"https:\/\/velezylozano.com\/en\/tooth-sensitivity-solution-relieve-symptoms\/","url_meta":{"origin":8124,"position":5},"title":"Dental sensitivity, is there a solution? How to solve and alleviate the symptoms","author":"Comunicaci\u00f3n V&amp;L","date":"20 de May de 2020","format":false,"excerpt":"Tooth sensitivity, or hypersensitivity, is the most common pain. We tell you more about it.","rel":"","context":"Similar post","block_context":{"text":"Similar post","link":""},"img":{"alt_text":"","src":"https:\/\/i0.wp.com\/velezylozano.com\/wp-content\/uploads\/2022\/01\/sensibilidade-nos-dentes-2.jpeg?fit=1200%2C800&ssl=1&resize=350%2C200","width":350,"height":200,"srcset":"https:\/\/i0.wp.com\/velezylozano.com\/wp-content\/uploads\/2022\/01\/sensibilidade-nos-dentes-2.jpeg?fit=1200%2C800&ssl=1&resize=350%2C200 1x, https:\/\/i0.wp.com\/velezylozano.com\/wp-content\/uploads\/2022\/01\/sensibilidade-nos-dentes-2.jpeg?fit=1200%2C800&ssl=1&resize=525%2C300 1.5x, https:\/\/i0.wp.com\/velezylozano.com\/wp-content\/uploads\/2022\/01\/sensibilidade-nos-dentes-2.jpeg?fit=1200%2C800&ssl=1&resize=700%2C400 2x, https:\/\/i0.wp.com\/velezylozano.com\/wp-content\/uploads\/2022\/01\/sensibilidade-nos-dentes-2.jpeg?fit=1200%2C800&ssl=1&resize=1050%2C600 3x"},"classes":[]}],"jetpack_sharing_enabled":true,"_links":{"self":[{"href":"https:\/\/velezylozano.com\/en\/wp-json\/wp\/v2\/posts\/8124","targetHints":{"allow":["GET"]}}],"collection":[{"href":"https:\/\/velezylozano.com\/en\/wp-json\/wp\/v2\/posts"}],"about":[{"href":"https:\/\/velezylozano.com\/en\/wp-json\/wp\/v2\/types\/post"}],"author":[{"embeddable":true,"href":"https:\/\/velezylozano.com\/en\/wp-json\/wp\/v2\/users\/3"}],"replies":[{"embeddable":true,"href":"https:\/\/velezylozano.com\/en\/wp-json\/wp\/v2\/comments?post=8124"}],"version-history":[{"count":0,"href":"https:\/\/velezylozano.com\/en\/wp-json\/wp\/v2\/posts\/8124\/revisions"}],"wp:attachment":[{"href":"https:\/\/velezylozano.com\/en\/wp-json\/wp\/v2\/media?parent=8124"}],"wp:term":[{"taxonomy":"category","embeddable":true,"href":"https:\/\/velezylozano.com\/en\/wp-json\/wp\/v2\/categories?post=8124"},{"taxonomy":"post_tag","embeddable":true,"href":"https:\/\/velezylozano.com\/en\/wp-json\/wp\/v2\/tags?post=8124"}],"curies":[{"name":"wp","href":"https:\/\/api.w.org\/{rel}","templated":true}]}}