{"id":8174,"date":"2014-04-13T20:00:53","date_gmt":"2014-04-13T20:00:53","guid":{"rendered":"https:\/\/velezylozano.com\/como-cepillarme-los-dientes-si-tengo-aparatos-con-brackets-ortodoncia-murcia\/"},"modified":"2014-04-13T20:00:53","modified_gmt":"2014-04-13T20:00:53","slug":"how-to-brush-my-teeth-if-i-have-braces-with-braces-orthodontics-murcia","status":"publish","type":"post","link":"https:\/\/velezylozano.com\/en\/how-to-brush-my-teeth-if-i-have-braces-with-braces-orthodontics-murcia\/","title":{"rendered":"How do I brush my teeth if I have braces? - Orthodontics Murcia"},"content":{"rendered":"<p>One of the most important aspects of wearing braces, whether fixed or removable, is the hygiene of our 'braces' to ensure that food debris does not irritate the gums causing gingivitis or bleeding and decay in the teeth of patients undergoing this type of treatment.<\/p>\n<p>In this regard, it is important to know what kind of products to use in order to remove food debris and ensure that orthodontic treatment can be carried out as quickly, effectively and accurately as possible, helping the patient's dental health. <a href=\"http:\/\/www.velezylozano.com\/es\/equipo\/#equipo-3\">orthodontist<\/a> to ensure that we receive treatment that is appropriate to our needs.<\/p>\n<p><a href=\"https:\/\/i0.wp.com\/www.velezylozano.com\/wp-content\/uploads\/2014\/04\/sonrisa-brackets-chica-ortodoncia-murcia.jpg?ssl=1\"><img data-recalc-dims=\"1\" fetchpriority=\"high\" decoding=\"async\" class=\"aligncenter size-medium wp-image-883\" src=\"https:\/\/i0.wp.com\/www.velezylozano.com\/wp-content\/uploads\/2014\/04\/sonrisa-brackets-chica-ortodoncia-murcia.jpg?resize=300%2C300&#038;ssl=1\" alt=\"Smile-Brackets-Girl-Orthodontics-Murcia\" width=\"300\" height=\"300\"><\/a><\/p>\n<p><strong>&nbsp;<\/strong><strong>How long should I brush my teeth if I have braces?<\/strong><\/p>\n<p>One of the most important aspects is that the time during which the patient cleans his or her mouth should be extended, as the number of items around the teeth and gums is much greater than usual.<\/p>\n<p>That is why, if we normally talk about two minutes of brushing time, in the case of a patient with orthodontics, he or she should dedicate 4 or 5 minutes after each meal, to avoid food remains in our smile, which in addition to being unaesthetic can give off odours when fermenting after a while in areas that are difficult to access.<\/p>\n<p><strong>&nbsp;<\/strong><\/p>\n<figure id=\"attachment_809\" aria-describedby=\"caption-attachment-809\" style=\"width: 300px\" class=\"wp-caption aligncenter\"><a href=\"https:\/\/i0.wp.com\/www.velezylozano.com\/wp-content\/uploads\/2014\/01\/smart-guide-oral-b-powerbrush.jpg?ssl=1\"><img data-recalc-dims=\"1\" decoding=\"async\" class=\"size-medium wp-image-809\" src=\"https:\/\/i0.wp.com\/www.velezylozano.com\/wp-content\/uploads\/2014\/01\/smart-guide-oral-b-powerbrush.jpg?resize=300%2C300&#038;ssl=1\" alt=\"A timer associated with the electric toothbrush improves our average toothbrushing time.\" width=\"300\" height=\"300\"><\/a><figcaption id=\"caption-attachment-809\" class=\"wp-caption-text\">A timer associated with the electric toothbrush improves our average toothbrushing time.<\/figcaption><\/figure>\n<p><strong><a href=\"https:\/\/www.velezylozano.com\/wp-content\/uploads\/2014\/04\/cabezal-ortodoncia-oral-b-cepillo-dientes-electrico.jpg\">&nbsp;<\/a><\/strong><\/p>\n<p><strong>Which toothbrush should I use if I have braces?<\/strong><\/p>\n<p>A patient wearing orthodontics is in a very different situation from the rest of his or her life:<\/p>\n<p>- There are hard-to-reach areas that accumulate food debris.<\/p>\n<p>- The spaces to be cleaned are smaller than usual.<\/p>\n<p>- Orthodontic elements can fall out due to excessive pressure<\/p>\n<p>Scientific evidence supports that the best toothbrushes, for patients with and without orthodontics, are rechargeable electric toothbrushes with rotational oscillating technology.<\/p>\n<p><img data-recalc-dims=\"1\" decoding=\"async\" class=\"aligncenter size-medium wp-image-877\" src=\"https:\/\/i0.wp.com\/www.velezylozano.com\/wp-content\/uploads\/2014\/04\/cabezal-ortodoncia-oral-b-cepillo-dientes-electrico.jpg?resize=191%2C300&#038;ssl=1\" alt=\"Orthodontic-Orthodontic-B-B-Brush-Electric-Tooth-Brush\" width=\"191\" height=\"300\"><\/p>\n<p>Therefore, one of the first steps after getting braces is to buy an electric toothbrush with a specific orthodontic brush head, which adapts to the shape of the brackets and the 'wires' or arches in the best possible way, something that is difficult to do with a manual toothbrush head.<a href=\"https:\/\/i0.wp.com\/www.velezylozano.com\/wp-content\/uploads\/2014\/04\/cabezal-ortodoncia-brackets-cepillo-electrico-oral-b.jpg?ssl=1\"><img data-recalc-dims=\"1\" loading=\"lazy\" decoding=\"async\" class=\"aligncenter size-medium wp-image-878\" src=\"https:\/\/i0.wp.com\/www.velezylozano.com\/wp-content\/uploads\/2014\/04\/cabezal-ortodoncia-brackets-cepillo-electrico-oral-b.jpg?resize=300%2C187&#038;ssl=1\" alt=\"Head-Orthodontic-Brackets-Brush-Electric-Brush-Oral-B\" width=\"300\" height=\"187\"><\/a><\/p>\n<p>In addition, it is necessary that the brush incorporates a pressure sensor, so that we can make sure that we do not use more force than necessary, something that often happens when using manual brushes, which can cause brackets or tubes to fall out of the appliance.<\/p>\n<p><strong>What is the most suitable toothpaste for an orthodontic patient?<\/strong><\/p>\n<p>Orthodontic patients may suffer from various dental pathologies during the course of their treatment, such as:<\/p>\n<p>- Halitosis, or bad mouth odour due to the presence of food debris.<\/p>\n<p>- Gingivitis, due to plaque under the brackets and gums irritating the gums.<\/p>\n<p>- Sensitivity, due to exposure of previously covered areas of the tooth<\/p>\n<p>- Tartar and stains, due to the difficulty of cleaning under orthodontic appliances.<\/p>\n<p>It is therefore advisable to use a toothpaste that addresses all these problems, and that in addition to fluoride salts, as most toothpastes contain, has a bacteriostatic agent, such as tin.<\/p>\n<p>Therefore, to control all these pathologies it is advisable to use a toothpaste such as Oral-B Pro-Expert, the only one available in Spain with stabilised stannous fluoride, which helps us to fight against the most frequent problems in a patient of this type.<\/p>\n<p><strong>Should I use an irrigator to clean under my orthodontic archwire?<\/strong><\/p>\n<p>Yes, it is convenient to have a dental irrigator, which can be purchased in combination with an electric toothbrush in a 'dental centre', so that it will help us to better control our hygiene:<\/p>\n<p>- Removing food leftovers from confined areas<\/p>\n<p>- Controlling the bacteria around the food by supplying a jet of oxygen (patented technology of Oxyjet irrigators, the best performers on the market).<\/p>\n<p>- Applying chlorhexidine or cetylpyridinium chloride mouthwashes, as indicated by the orthodontist in cases of poor plaque control, on a temporary basis.<\/p>\n<p><a href=\"https:\/\/i0.wp.com\/www.velezylozano.com\/wp-content\/uploads\/2014\/04\/oral-b-irrigador-oxyjet.jpg?ssl=1\"><img data-recalc-dims=\"1\" loading=\"lazy\" decoding=\"async\" class=\"aligncenter size-medium wp-image-879\" src=\"https:\/\/i0.wp.com\/www.velezylozano.com\/wp-content\/uploads\/2014\/04\/oral-b-irrigador-oxyjet.jpg?resize=300%2C300&#038;ssl=1\" alt=\"Oral-B-Oxyjet-Orrigator\" width=\"300\" height=\"300\"><\/a><\/p>\n<p>In conclusion, we can say that the orthodontic patient will have to make three new 'friends' on the day he\/she is fitted with braces:<\/p>\n<p>- An oscillating-rotating electric toothbrush with pressure sensor, to remove more plaque and ensure that no items fall out of the appliance due to excessive force.<\/p>\n<p>- A stannous fluoride toothpaste with bacteriostatic capacity complementing the functions of isolated fluoride<\/p>\n<p>- A dental irrigator to help us reach hard-to-reach areas and reduce the effect of bacteria build-up around the 'appliance'.<\/p>","protected":false},"excerpt":{"rendered":"<p>One of the most important aspects of orthodontics with brackets, whether fixed or removable, is the hygiene of our 'appliances', to ensure that food debris does not irritate the gums causing gingivitis or bleeding and decay in the teeth of patients undergoing this type of treatment. In this [...]<\/p>","protected":false},"author":3,"featured_media":8175,"comment_status":"closed","ping_status":"closed","sticky":false,"template":"","format":"standard","meta":{"_jetpack_memberships_contains_paid_content":false,"footnotes":""},"categories":[],"tags":[],"class_list":["post-8174","post","type-post","status-publish","format-standard","has-post-thumbnail","hentry"],"yoast_head":"<!-- This site is optimized with the Yoast SEO plugin v27.4 - https:\/\/yoast.com\/product\/yoast-seo-wordpress\/ -->\n<title>\u00bfC\u00f3mo cepillarme los dientes si tengo aparatos con brackets? \u2013 Ortodoncia Murcia - V\u00e9lez &amp; Lozano<\/title>\n<meta name=\"robots\" content=\"index, follow, max-snippet:-1, max-image-preview:large, max-video-preview:-1\" \/>\n<link rel=\"canonical\" href=\"https:\/\/velezylozano.com\/en\/how-to-brush-my-teeth-if-i-have-braces-with-braces-orthodontics-murcia\/\" \/>\n<meta property=\"og:locale\" content=\"en_GB\" \/>\n<meta property=\"og:type\" content=\"article\" \/>\n<meta property=\"og:title\" content=\"\u00bfC\u00f3mo cepillarme los dientes si tengo aparatos con brackets? \u2013 Ortodoncia Murcia - V\u00e9lez &amp; Lozano\" \/>\n<meta property=\"og:description\" content=\"Una de los aspectos m\u00e1s importantes de lleva ortodoncia con brackets, bien sean estos fijos o removibles, es la higiene de nuestros \u2018aparatos\u2019, para asegurar que los restos de comida no irritan las enc\u00edas produciendo gingivitis o sangrado y caries en los dientes de los pacientes que llevan un tratamiento de este tipo. En este [&hellip;]\" \/>\n<meta property=\"og:url\" content=\"https:\/\/velezylozano.com\/en\/how-to-brush-my-teeth-if-i-have-braces-with-braces-orthodontics-murcia\/\" \/>\n<meta property=\"og:site_name\" content=\"V\u00e9lez &amp; Lozano\" \/>\n<meta property=\"article:published_time\" content=\"2014-04-13T20:00:53+00:00\" \/>\n<meta property=\"og:image\" content=\"https:\/\/i0.wp.com\/velezylozano.com\/wp-content\/uploads\/2022\/01\/cabezal-ortodoncia-brackets-cepillo-electrico-oral-b.jpg?fit=1424%2C888&ssl=1\" \/>\n\t<meta property=\"og:image:width\" content=\"1424\" \/>\n\t<meta property=\"og:image:height\" content=\"888\" \/>\n\t<meta property=\"og:image:type\" content=\"image\/jpeg\" \/>\n<meta name=\"author\" content=\"Comunicaci\u00f3n V&amp;L\" \/>\n<meta name=\"twitter:card\" content=\"summary_large_image\" \/>\n<meta name=\"twitter:label1\" content=\"Written by\" \/>\n\t<meta name=\"twitter:data1\" content=\"Comunicaci\u00f3n V&amp;L\" \/>\n\t<meta name=\"twitter:label2\" content=\"Estimated reading time\" \/>\n\t<meta name=\"twitter:data2\" content=\"5 minutes\" \/>\n<script type=\"application\/ld+json\" class=\"yoast-schema-graph\">{\"@context\":\"https:\\\/\\\/schema.org\",\"@graph\":[{\"@type\":\"Article\",\"@id\":\"https:\\\/\\\/velezylozano.com\\\/como-cepillarme-los-dientes-si-tengo-aparatos-con-brackets-ortodoncia-murcia\\\/#article\",\"isPartOf\":{\"@id\":\"https:\\\/\\\/velezylozano.com\\\/como-cepillarme-los-dientes-si-tengo-aparatos-con-brackets-ortodoncia-murcia\\\/\"},\"author\":{\"name\":\"Comunicaci\u00f3n V&amp;L\",\"@id\":\"https:\\\/\\\/velezylozano.com\\\/#\\\/schema\\\/person\\\/1c56e3cf63dd58194e47c0f52ee1acd5\"},\"headline\":\"\u00bfC\u00f3mo cepillarme los dientes si tengo aparatos con brackets? \u2013 Ortodoncia Murcia\",\"datePublished\":\"2014-04-13T20:00:53+00:00\",\"mainEntityOfPage\":{\"@id\":\"https:\\\/\\\/velezylozano.com\\\/como-cepillarme-los-dientes-si-tengo-aparatos-con-brackets-ortodoncia-murcia\\\/\"},\"wordCount\":979,\"publisher\":{\"@id\":\"https:\\\/\\\/velezylozano.com\\\/#organization\"},\"image\":{\"@id\":\"https:\\\/\\\/velezylozano.com\\\/como-cepillarme-los-dientes-si-tengo-aparatos-con-brackets-ortodoncia-murcia\\\/#primaryimage\"},\"thumbnailUrl\":\"https:\\\/\\\/i0.wp.com\\\/velezylozano.com\\\/wp-content\\\/uploads\\\/2022\\\/01\\\/cabezal-ortodoncia-brackets-cepillo-electrico-oral-b.jpg?fit=1424%2C888&ssl=1\",\"inLanguage\":\"en-GB\"},{\"@type\":\"WebPage\",\"@id\":\"https:\\\/\\\/velezylozano.com\\\/como-cepillarme-los-dientes-si-tengo-aparatos-con-brackets-ortodoncia-murcia\\\/\",\"url\":\"https:\\\/\\\/velezylozano.com\\\/como-cepillarme-los-dientes-si-tengo-aparatos-con-brackets-ortodoncia-murcia\\\/\",\"name\":\"\u00bfC\u00f3mo cepillarme los dientes si tengo aparatos con brackets? \u2013 Ortodoncia Murcia - V\u00e9lez &amp; Lozano\",\"isPartOf\":{\"@id\":\"https:\\\/\\\/velezylozano.com\\\/#website\"},\"primaryImageOfPage\":{\"@id\":\"https:\\\/\\\/velezylozano.com\\\/como-cepillarme-los-dientes-si-tengo-aparatos-con-brackets-ortodoncia-murcia\\\/#primaryimage\"},\"image\":{\"@id\":\"https:\\\/\\\/velezylozano.com\\\/como-cepillarme-los-dientes-si-tengo-aparatos-con-brackets-ortodoncia-murcia\\\/#primaryimage\"},\"thumbnailUrl\":\"https:\\\/\\\/i0.wp.com\\\/velezylozano.com\\\/wp-content\\\/uploads\\\/2022\\\/01\\\/cabezal-ortodoncia-brackets-cepillo-electrico-oral-b.jpg?fit=1424%2C888&ssl=1\",\"datePublished\":\"2014-04-13T20:00:53+00:00\",\"breadcrumb\":{\"@id\":\"https:\\\/\\\/velezylozano.com\\\/como-cepillarme-los-dientes-si-tengo-aparatos-con-brackets-ortodoncia-murcia\\\/#breadcrumb\"},\"inLanguage\":\"en-GB\",\"potentialAction\":[{\"@type\":\"ReadAction\",\"target\":[\"https:\\\/\\\/velezylozano.com\\\/como-cepillarme-los-dientes-si-tengo-aparatos-con-brackets-ortodoncia-murcia\\\/\"]}]},{\"@type\":\"ImageObject\",\"inLanguage\":\"en-GB\",\"@id\":\"https:\\\/\\\/velezylozano.com\\\/como-cepillarme-los-dientes-si-tengo-aparatos-con-brackets-ortodoncia-murcia\\\/#primaryimage\",\"url\":\"https:\\\/\\\/i0.wp.com\\\/velezylozano.com\\\/wp-content\\\/uploads\\\/2022\\\/01\\\/cabezal-ortodoncia-brackets-cepillo-electrico-oral-b.jpg?fit=1424%2C888&ssl=1\",\"contentUrl\":\"https:\\\/\\\/i0.wp.com\\\/velezylozano.com\\\/wp-content\\\/uploads\\\/2022\\\/01\\\/cabezal-ortodoncia-brackets-cepillo-electrico-oral-b.jpg?fit=1424%2C888&ssl=1\",\"width\":1424,\"height\":888},{\"@type\":\"BreadcrumbList\",\"@id\":\"https:\\\/\\\/velezylozano.com\\\/como-cepillarme-los-dientes-si-tengo-aparatos-con-brackets-ortodoncia-murcia\\\/#breadcrumb\",\"itemListElement\":[{\"@type\":\"ListItem\",\"position\":1,\"name\":\"Home\",\"item\":\"https:\\\/\\\/velezylozano.com\\\/\"},{\"@type\":\"ListItem\",\"position\":2,\"name\":\"\u00bfC\u00f3mo cepillarme los dientes si tengo aparatos con brackets? \u2013 Ortodoncia Murcia\"}]},{\"@type\":\"WebSite\",\"@id\":\"https:\\\/\\\/velezylozano.com\\\/#website\",\"url\":\"https:\\\/\\\/velezylozano.com\\\/\",\"name\":\"V\u00e9lez &amp; Lozano\",\"description\":\"Cl\u00ednica dental en Murcia desde 2008\",\"publisher\":{\"@id\":\"https:\\\/\\\/velezylozano.com\\\/#organization\"},\"potentialAction\":[{\"@type\":\"SearchAction\",\"target\":{\"@type\":\"EntryPoint\",\"urlTemplate\":\"https:\\\/\\\/velezylozano.com\\\/?s={search_term_string}\"},\"query-input\":{\"@type\":\"PropertyValueSpecification\",\"valueRequired\":true,\"valueName\":\"search_term_string\"}}],\"inLanguage\":\"en-GB\"},{\"@type\":\"Organization\",\"@id\":\"https:\\\/\\\/velezylozano.com\\\/#organization\",\"name\":\"V\u00e9lez &amp; Lozano\",\"url\":\"https:\\\/\\\/velezylozano.com\\\/\",\"logo\":{\"@type\":\"ImageObject\",\"inLanguage\":\"en-GB\",\"@id\":\"https:\\\/\\\/velezylozano.com\\\/#\\\/schema\\\/logo\\\/image\\\/\",\"url\":\"https:\\\/\\\/velezylozano.com\\\/wp-content\\\/uploads\\\/2021\\\/12\\\/velezlozanologo.svg\",\"contentUrl\":\"https:\\\/\\\/velezylozano.com\\\/wp-content\\\/uploads\\\/2021\\\/12\\\/velezlozanologo.svg\",\"width\":322,\"height\":33,\"caption\":\"V\u00e9lez &amp; Lozano\"},\"image\":{\"@id\":\"https:\\\/\\\/velezylozano.com\\\/#\\\/schema\\\/logo\\\/image\\\/\"}},{\"@type\":\"Person\",\"@id\":\"https:\\\/\\\/velezylozano.com\\\/#\\\/schema\\\/person\\\/1c56e3cf63dd58194e47c0f52ee1acd5\",\"name\":\"Comunicaci\u00f3n V&amp;L\",\"image\":{\"@type\":\"ImageObject\",\"inLanguage\":\"en-GB\",\"@id\":\"https:\\\/\\\/secure.gravatar.com\\\/avatar\\\/c71847bdb2db2b82cf103719836121929bea3f2c1e8f242954e5cc67e1346522?s=96&d=mm&r=g\",\"url\":\"https:\\\/\\\/secure.gravatar.com\\\/avatar\\\/c71847bdb2db2b82cf103719836121929bea3f2c1e8f242954e5cc67e1346522?s=96&d=mm&r=g\",\"contentUrl\":\"https:\\\/\\\/secure.gravatar.com\\\/avatar\\\/c71847bdb2db2b82cf103719836121929bea3f2c1e8f242954e5cc67e1346522?s=96&d=mm&r=g\",\"caption\":\"Comunicaci\u00f3n V&amp;L\"},\"url\":\"https:\\\/\\\/velezylozano.com\\\/en\\\/author\\\/andres\\\/\"}]}<\/script>\n<!-- \/ Yoast SEO plugin. -->","yoast_head_json":{"title":"How do I brush my teeth if I have braces? - Orthodontics Murcia - V\u00e9lez &amp; Lozano","robots":{"index":"index","follow":"follow","max-snippet":"max-snippet:-1","max-image-preview":"max-image-preview:large","max-video-preview":"max-video-preview:-1"},"canonical":"https:\/\/velezylozano.com\/en\/how-to-brush-my-teeth-if-i-have-braces-with-braces-orthodontics-murcia\/","og_locale":"en_GB","og_type":"article","og_title":"\u00bfC\u00f3mo cepillarme los dientes si tengo aparatos con brackets? \u2013 Ortodoncia Murcia - V\u00e9lez &amp; Lozano","og_description":"Una de los aspectos m\u00e1s importantes de lleva ortodoncia con brackets, bien sean estos fijos o removibles, es la higiene de nuestros \u2018aparatos\u2019, para asegurar que los restos de comida no irritan las enc\u00edas produciendo gingivitis o sangrado y caries en los dientes de los pacientes que llevan un tratamiento de este tipo. En este [&hellip;]","og_url":"https:\/\/velezylozano.com\/en\/how-to-brush-my-teeth-if-i-have-braces-with-braces-orthodontics-murcia\/","og_site_name":"V\u00e9lez &amp; Lozano","article_published_time":"2014-04-13T20:00:53+00:00","og_image":[{"width":1424,"height":888,"url":"https:\/\/i0.wp.com\/velezylozano.com\/wp-content\/uploads\/2022\/01\/cabezal-ortodoncia-brackets-cepillo-electrico-oral-b.jpg?fit=1424%2C888&ssl=1","type":"image\/jpeg"}],"author":"Comunicaci\u00f3n V&amp;L","twitter_card":"summary_large_image","twitter_misc":{"Written by":"Comunicaci\u00f3n V&amp;L","Estimated reading time":"5 minutes"},"schema":{"@context":"https:\/\/schema.org","@graph":[{"@type":"Article","@id":"https:\/\/velezylozano.com\/como-cepillarme-los-dientes-si-tengo-aparatos-con-brackets-ortodoncia-murcia\/#article","isPartOf":{"@id":"https:\/\/velezylozano.com\/como-cepillarme-los-dientes-si-tengo-aparatos-con-brackets-ortodoncia-murcia\/"},"author":{"name":"Comunicaci\u00f3n V&amp;L","@id":"https:\/\/velezylozano.com\/#\/schema\/person\/1c56e3cf63dd58194e47c0f52ee1acd5"},"headline":"\u00bfC\u00f3mo cepillarme los dientes si tengo aparatos con brackets? \u2013 Ortodoncia Murcia","datePublished":"2014-04-13T20:00:53+00:00","mainEntityOfPage":{"@id":"https:\/\/velezylozano.com\/como-cepillarme-los-dientes-si-tengo-aparatos-con-brackets-ortodoncia-murcia\/"},"wordCount":979,"publisher":{"@id":"https:\/\/velezylozano.com\/#organization"},"image":{"@id":"https:\/\/velezylozano.com\/como-cepillarme-los-dientes-si-tengo-aparatos-con-brackets-ortodoncia-murcia\/#primaryimage"},"thumbnailUrl":"https:\/\/i0.wp.com\/velezylozano.com\/wp-content\/uploads\/2022\/01\/cabezal-ortodoncia-brackets-cepillo-electrico-oral-b.jpg?fit=1424%2C888&ssl=1","inLanguage":"en-GB"},{"@type":"WebPage","@id":"https:\/\/velezylozano.com\/como-cepillarme-los-dientes-si-tengo-aparatos-con-brackets-ortodoncia-murcia\/","url":"https:\/\/velezylozano.com\/como-cepillarme-los-dientes-si-tengo-aparatos-con-brackets-ortodoncia-murcia\/","name":"How do I brush my teeth if I have braces? - Orthodontics Murcia - V\u00e9lez &amp; Lozano","isPartOf":{"@id":"https:\/\/velezylozano.com\/#website"},"primaryImageOfPage":{"@id":"https:\/\/velezylozano.com\/como-cepillarme-los-dientes-si-tengo-aparatos-con-brackets-ortodoncia-murcia\/#primaryimage"},"image":{"@id":"https:\/\/velezylozano.com\/como-cepillarme-los-dientes-si-tengo-aparatos-con-brackets-ortodoncia-murcia\/#primaryimage"},"thumbnailUrl":"https:\/\/i0.wp.com\/velezylozano.com\/wp-content\/uploads\/2022\/01\/cabezal-ortodoncia-brackets-cepillo-electrico-oral-b.jpg?fit=1424%2C888&ssl=1","datePublished":"2014-04-13T20:00:53+00:00","breadcrumb":{"@id":"https:\/\/velezylozano.com\/como-cepillarme-los-dientes-si-tengo-aparatos-con-brackets-ortodoncia-murcia\/#breadcrumb"},"inLanguage":"en-GB","potentialAction":[{"@type":"ReadAction","target":["https:\/\/velezylozano.com\/como-cepillarme-los-dientes-si-tengo-aparatos-con-brackets-ortodoncia-murcia\/"]}]},{"@type":"ImageObject","inLanguage":"en-GB","@id":"https:\/\/velezylozano.com\/como-cepillarme-los-dientes-si-tengo-aparatos-con-brackets-ortodoncia-murcia\/#primaryimage","url":"https:\/\/i0.wp.com\/velezylozano.com\/wp-content\/uploads\/2022\/01\/cabezal-ortodoncia-brackets-cepillo-electrico-oral-b.jpg?fit=1424%2C888&ssl=1","contentUrl":"https:\/\/i0.wp.com\/velezylozano.com\/wp-content\/uploads\/2022\/01\/cabezal-ortodoncia-brackets-cepillo-electrico-oral-b.jpg?fit=1424%2C888&ssl=1","width":1424,"height":888},{"@type":"BreadcrumbList","@id":"https:\/\/velezylozano.com\/como-cepillarme-los-dientes-si-tengo-aparatos-con-brackets-ortodoncia-murcia\/#breadcrumb","itemListElement":[{"@type":"ListItem","position":1,"name":"Home","item":"https:\/\/velezylozano.com\/"},{"@type":"ListItem","position":2,"name":"\u00bfC\u00f3mo cepillarme los dientes si tengo aparatos con brackets? \u2013 Ortodoncia Murcia"}]},{"@type":"WebSite","@id":"https:\/\/velezylozano.com\/#website","url":"https:\/\/velezylozano.com\/","name":"Velez &amp; Lozano","description":"Dental clinic in Murcia since 2008","publisher":{"@id":"https:\/\/velezylozano.com\/#organization"},"potentialAction":[{"@type":"SearchAction","target":{"@type":"EntryPoint","urlTemplate":"https:\/\/velezylozano.com\/?s={search_term_string}"},"query-input":{"@type":"PropertyValueSpecification","valueRequired":true,"valueName":"search_term_string"}}],"inLanguage":"en-GB"},{"@type":"Organization","@id":"https:\/\/velezylozano.com\/#organization","name":"Velez &amp; Lozano","url":"https:\/\/velezylozano.com\/","logo":{"@type":"ImageObject","inLanguage":"en-GB","@id":"https:\/\/velezylozano.com\/#\/schema\/logo\/image\/","url":"https:\/\/velezylozano.com\/wp-content\/uploads\/2021\/12\/velezlozanologo.svg","contentUrl":"https:\/\/velezylozano.com\/wp-content\/uploads\/2021\/12\/velezlozanologo.svg","width":322,"height":33,"caption":"V\u00e9lez &amp; Lozano"},"image":{"@id":"https:\/\/velezylozano.com\/#\/schema\/logo\/image\/"}},{"@type":"Person","@id":"https:\/\/velezylozano.com\/#\/schema\/person\/1c56e3cf63dd58194e47c0f52ee1acd5","name":"V&amp;L Communication","image":{"@type":"ImageObject","inLanguage":"en-GB","@id":"https:\/\/secure.gravatar.com\/avatar\/c71847bdb2db2b82cf103719836121929bea3f2c1e8f242954e5cc67e1346522?s=96&d=mm&r=g","url":"https:\/\/secure.gravatar.com\/avatar\/c71847bdb2db2b82cf103719836121929bea3f2c1e8f242954e5cc67e1346522?s=96&d=mm&r=g","contentUrl":"https:\/\/secure.gravatar.com\/avatar\/c71847bdb2db2b82cf103719836121929bea3f2c1e8f242954e5cc67e1346522?s=96&d=mm&r=g","caption":"Comunicaci\u00f3n V&amp;L"},"url":"https:\/\/velezylozano.com\/en\/author\/andres\/"}]}},"jetpack_featured_media_url":"https:\/\/i0.wp.com\/velezylozano.com\/wp-content\/uploads\/2022\/01\/cabezal-ortodoncia-brackets-cepillo-electrico-oral-b.jpg?fit=1424%2C888&ssl=1","jetpack-related-posts":[{"id":8512,"url":"https:\/\/velezylozano.com\/en\/types-of-orthodontics\/","url_meta":{"origin":8174,"position":0},"title":"Types of orthodontics: Which one to choose?","author":"Comunicaci\u00f3n V&amp;L","date":"13 de August de 2021","format":false,"excerpt":"\u00bfQu\u00e9 es la ortodoncia? Estamos seguros de que la mayor\u00eda de vosotros sabe lo que es la ortodoncia: la rama de la odontolog\u00eda que trata de mejorar la oclusi\u00f3n y la alineaci\u00f3n de los dientes mediante la prevenci\u00f3n y correcci\u00f3n de las alteraciones en las formas y posici\u00f3n tanto de\u2026","rel":"","context":"In &quot;2021&quot;","block_context":{"text":"2021","link":"https:\/\/velezylozano.com\/en\/category\/2021\/"},"img":{"alt_text":"","src":"https:\/\/i0.wp.com\/velezylozano.com\/wp-content\/uploads\/2022\/01\/alitosis-web.jpg?fit=1195%2C956&ssl=1&resize=350%2C200","width":350,"height":200,"srcset":"https:\/\/i0.wp.com\/velezylozano.com\/wp-content\/uploads\/2022\/01\/alitosis-web.jpg?fit=1195%2C956&ssl=1&resize=350%2C200 1x, https:\/\/i0.wp.com\/velezylozano.com\/wp-content\/uploads\/2022\/01\/alitosis-web.jpg?fit=1195%2C956&ssl=1&resize=525%2C300 1.5x, https:\/\/i0.wp.com\/velezylozano.com\/wp-content\/uploads\/2022\/01\/alitosis-web.jpg?fit=1195%2C956&ssl=1&resize=700%2C400 2x, https:\/\/i0.wp.com\/velezylozano.com\/wp-content\/uploads\/2022\/01\/alitosis-web.jpg?fit=1195%2C956&ssl=1&resize=1050%2C600 3x"},"classes":[]},{"id":8394,"url":"https:\/\/velezylozano.com\/en\/removing-braces\/","url_meta":{"origin":8174,"position":1},"title":"How do you remove an orthodontic appliance?","author":"Comunicaci\u00f3n V&amp;L","date":"23 de June de 2016","format":false,"excerpt":"Una de las mejores noticias para un paciente con aparato de dientes es o\u00edr de manos de su ortodoncista eso de \u201cel pr\u00f3ximo d\u00eda te quitamos los brackets\u201d. Y es que, despu\u00e9s de un tratamiento que, de media, estar\u00e1 en torno a los 18 meses de tiempo, cualquier persona est\u00e1\u2026","rel":"","context":"Similar post","block_context":{"text":"Similar post","link":""},"img":{"alt_text":"","src":"https:\/\/i0.wp.com\/velezylozano.com\/wp-content\/uploads\/2022\/01\/img_6482.jpg?fit=1200%2C800&ssl=1&resize=350%2C200","width":350,"height":200,"srcset":"https:\/\/i0.wp.com\/velezylozano.com\/wp-content\/uploads\/2022\/01\/img_6482.jpg?fit=1200%2C800&ssl=1&resize=350%2C200 1x, https:\/\/i0.wp.com\/velezylozano.com\/wp-content\/uploads\/2022\/01\/img_6482.jpg?fit=1200%2C800&ssl=1&resize=525%2C300 1.5x, https:\/\/i0.wp.com\/velezylozano.com\/wp-content\/uploads\/2022\/01\/img_6482.jpg?fit=1200%2C800&ssl=1&resize=700%2C400 2x, https:\/\/i0.wp.com\/velezylozano.com\/wp-content\/uploads\/2022\/01\/img_6482.jpg?fit=1200%2C800&ssl=1&resize=1050%2C600 3x"},"classes":[]},{"id":9135,"url":"https:\/\/velezylozano.com\/en\/lingual-orthodontics-murcia\/","url_meta":{"origin":8174,"position":2},"title":"Is lingual orthodontics for me?","author":"Ana P\u00e9rez Pardo","date":"28 de January de 2022","format":false,"excerpt":"Ya sea porque has decidido comenzar el a\u00f1o con ortodoncia y te planteas la opci\u00f3n de la lingual o si simplemente te genera curiosidad y quieres saber m\u00e1s sobre ella, \u00a1est\u00e1s en el sitio adecuado! Son muchos los pacientes que nos preguntan por las diferencias entre este tipo de ortodoncia\u2026","rel":"","context":"In &quot;2022&quot;","block_context":{"text":"2022","link":"https:\/\/velezylozano.com\/en\/category\/2022\/"},"img":{"alt_text":"","src":"https:\/\/i0.wp.com\/velezylozano.com\/wp-content\/uploads\/2022\/01\/ortodoncia-lingual.jpeg?fit=1093%2C614&ssl=1&resize=350%2C200","width":350,"height":200,"srcset":"https:\/\/i0.wp.com\/velezylozano.com\/wp-content\/uploads\/2022\/01\/ortodoncia-lingual.jpeg?fit=1093%2C614&ssl=1&resize=350%2C200 1x, https:\/\/i0.wp.com\/velezylozano.com\/wp-content\/uploads\/2022\/01\/ortodoncia-lingual.jpeg?fit=1093%2C614&ssl=1&resize=525%2C300 1.5x, https:\/\/i0.wp.com\/velezylozano.com\/wp-content\/uploads\/2022\/01\/ortodoncia-lingual.jpeg?fit=1093%2C614&ssl=1&resize=700%2C400 2x, https:\/\/i0.wp.com\/velezylozano.com\/wp-content\/uploads\/2022\/01\/ortodoncia-lingual.jpeg?fit=1093%2C614&ssl=1&resize=1050%2C600 3x"},"classes":[]},{"id":8172,"url":"https:\/\/velezylozano.com\/en\/how-the-incognito-lingual-orthodontic-system-works-orthodontic-aesthetics-murcia\/","url_meta":{"origin":8174,"position":3},"title":"How does the Incognito lingual orthodontic system work? - Aesthetic Orthodontics Murcia","author":"Comunicaci\u00f3n V&amp;L","date":"10 de April de 2014","format":false,"excerpt":"La creciente preocupaci\u00f3n de la sociedad por disfrutar de una sonrisa sana, bonita y arm\u00f3nica hace que cada vez sean m\u00e1s los adultos interesados en disfrutar de las ventajas que les aporta un tratamiento de ortodoncia, que trasciende lo sanitario para ayudar incluso en la b\u00fasqueda de pareja sentimental o\u2026","rel":"","context":"Similar post","block_context":{"text":"Similar post","link":""},"img":{"alt_text":"","src":"https:\/\/i0.wp.com\/velezylozano.com\/wp-content\/uploads\/2022\/01\/velez-y-lozano-clinica-dental-murcia-ortodoncia-invisible-invisalign-hilo-dental-3-scaled-1.jpg?fit=1200%2C857&ssl=1&resize=350%2C200","width":350,"height":200,"srcset":"https:\/\/i0.wp.com\/velezylozano.com\/wp-content\/uploads\/2022\/01\/velez-y-lozano-clinica-dental-murcia-ortodoncia-invisible-invisalign-hilo-dental-3-scaled-1.jpg?fit=1200%2C857&ssl=1&resize=350%2C200 1x, https:\/\/i0.wp.com\/velezylozano.com\/wp-content\/uploads\/2022\/01\/velez-y-lozano-clinica-dental-murcia-ortodoncia-invisible-invisalign-hilo-dental-3-scaled-1.jpg?fit=1200%2C857&ssl=1&resize=525%2C300 1.5x, https:\/\/i0.wp.com\/velezylozano.com\/wp-content\/uploads\/2022\/01\/velez-y-lozano-clinica-dental-murcia-ortodoncia-invisible-invisalign-hilo-dental-3-scaled-1.jpg?fit=1200%2C857&ssl=1&resize=700%2C400 2x, https:\/\/i0.wp.com\/velezylozano.com\/wp-content\/uploads\/2022\/01\/velez-y-lozano-clinica-dental-murcia-ortodoncia-invisible-invisalign-hilo-dental-3-scaled-1.jpg?fit=1200%2C857&ssl=1&resize=1050%2C600 3x"},"classes":[]},{"id":8148,"url":"https:\/\/velezylozano.com\/en\/acceledent-the-fastest-orthodontics-in-the-world-at-last-in-murcia\/","url_meta":{"origin":8174,"position":4},"title":"Acceledent: the fastest orthodontics in the world, at last in Murcia","author":"Comunicaci\u00f3n V&amp;L","date":"19 de January de 2014","format":false,"excerpt":"Disfrutar una sonrisa bonita, blanca y alineada es sin lugar a dudas algo m\u00e1s importante para la mayor\u00eda de la poblaci\u00f3n, toda vez que estudios realizados por la Academia Americana de Odontolog\u00eda Est\u00e9tica se\u00f1alan que esto es un factor de importancia para encontrar pareja o ser contratado para un puesto\u2026","rel":"","context":"Similar post","block_context":{"text":"Similar post","link":""},"img":{"alt_text":"","src":"https:\/\/i0.wp.com\/velezylozano.com\/wp-content\/uploads\/2022\/01\/acceledent-invisalign-ortodoncia-comodidad.jpg?fit=1200%2C800&ssl=1&resize=350%2C200","width":350,"height":200,"srcset":"https:\/\/i0.wp.com\/velezylozano.com\/wp-content\/uploads\/2022\/01\/acceledent-invisalign-ortodoncia-comodidad.jpg?fit=1200%2C800&ssl=1&resize=350%2C200 1x, https:\/\/i0.wp.com\/velezylozano.com\/wp-content\/uploads\/2022\/01\/acceledent-invisalign-ortodoncia-comodidad.jpg?fit=1200%2C800&ssl=1&resize=525%2C300 1.5x, https:\/\/i0.wp.com\/velezylozano.com\/wp-content\/uploads\/2022\/01\/acceledent-invisalign-ortodoncia-comodidad.jpg?fit=1200%2C800&ssl=1&resize=700%2C400 2x, https:\/\/i0.wp.com\/velezylozano.com\/wp-content\/uploads\/2022\/01\/acceledent-invisalign-ortodoncia-comodidad.jpg?fit=1200%2C800&ssl=1&resize=1050%2C600 3x"},"classes":[]},{"id":8118,"url":"https:\/\/velezylozano.com\/en\/braces-invisible-to-the-cameras-smile-naturally\/","url_meta":{"origin":8174,"position":5},"title":"Invisible braces for cameras: smile naturally","author":"Comunicaci\u00f3n V&amp;L","date":"25 de August de 2013","format":false,"excerpt":"Uno de los comentarios m\u00e1s frecuentes entre los pacientes que llevan brackets para mejorar su sonrisa y la forma en la que muerden es que les \u2018cuesta\u2019 sonre\u00edr cuando se hacen fotograf\u00edas en actos sociales, en parte por no querer mostrar el aparato que llevan, y en parte por si\u2026","rel":"","context":"Similar post","block_context":{"text":"Similar post","link":""},"img":{"alt_text":"","src":"https:\/\/i0.wp.com\/velezylozano.com\/wp-content\/uploads\/2022\/01\/un-camalec3b3n-consigue-un-efecto-de-camuflaje-como-el-de-click-it.jpg?fit=1024%2C766&ssl=1&resize=350%2C200","width":350,"height":200,"srcset":"https:\/\/i0.wp.com\/velezylozano.com\/wp-content\/uploads\/2022\/01\/un-camalec3b3n-consigue-un-efecto-de-camuflaje-como-el-de-click-it.jpg?fit=1024%2C766&ssl=1&resize=350%2C200 1x, https:\/\/i0.wp.com\/velezylozano.com\/wp-content\/uploads\/2022\/01\/un-camalec3b3n-consigue-un-efecto-de-camuflaje-como-el-de-click-it.jpg?fit=1024%2C766&ssl=1&resize=525%2C300 1.5x, https:\/\/i0.wp.com\/velezylozano.com\/wp-content\/uploads\/2022\/01\/un-camalec3b3n-consigue-un-efecto-de-camuflaje-como-el-de-click-it.jpg?fit=1024%2C766&ssl=1&resize=700%2C400 2x"},"classes":[]}],"jetpack_sharing_enabled":true,"_links":{"self":[{"href":"https:\/\/velezylozano.com\/en\/wp-json\/wp\/v2\/posts\/8174","targetHints":{"allow":["GET"]}}],"collection":[{"href":"https:\/\/velezylozano.com\/en\/wp-json\/wp\/v2\/posts"}],"about":[{"href":"https:\/\/velezylozano.com\/en\/wp-json\/wp\/v2\/types\/post"}],"author":[{"embeddable":true,"href":"https:\/\/velezylozano.com\/en\/wp-json\/wp\/v2\/users\/3"}],"replies":[{"embeddable":true,"href":"https:\/\/velezylozano.com\/en\/wp-json\/wp\/v2\/comments?post=8174"}],"version-history":[{"count":0,"href":"https:\/\/velezylozano.com\/en\/wp-json\/wp\/v2\/posts\/8174\/revisions"}],"wp:featuredmedia":[{"embeddable":true,"href":"https:\/\/velezylozano.com\/en\/wp-json\/wp\/v2\/media\/8175"}],"wp:attachment":[{"href":"https:\/\/velezylozano.com\/en\/wp-json\/wp\/v2\/media?parent=8174"}],"wp:term":[{"taxonomy":"category","embeddable":true,"href":"https:\/\/velezylozano.com\/en\/wp-json\/wp\/v2\/categories?post=8174"},{"taxonomy":"post_tag","embeddable":true,"href":"https:\/\/velezylozano.com\/en\/wp-json\/wp\/v2\/tags?post=8174"}],"curies":[{"name":"wp","href":"https:\/\/api.w.org\/{rel}","templated":true}]}}