{"id":8208,"date":"2014-06-03T07:23:30","date_gmt":"2014-06-03T07:23:30","guid":{"rendered":"https:\/\/velezylozano.com\/tengo-espacios-negros-entre-mis-dientes-puedo-solucionarlo-con-invisalign-ortodoncista-murcia\/"},"modified":"2014-06-03T07:23:30","modified_gmt":"2014-06-03T07:23:30","slug":"i-have-black-spaces-between-my-teeth-can-i-solve-this-with-invisalign-orthodontist-murcia","status":"publish","type":"post","link":"https:\/\/velezylozano.com\/en\/i-have-black-spaces-between-my-teeth-can-i-solve-this-with-invisalign-orthodontist-murcia\/","title":{"rendered":"I have black spaces between my teeth, can I solve it with Invisalign? - Murcia Orthodontist"},"content":{"rendered":"<p>Periodontitis, or <a href=\"http:\/\/www.velezylozano.com\/es\/tratamientos\/cirugia-y-periodoncia\/cai\/\">periodontal disease<\/a>is one of the most common oral pathologies, a consequence of multiple factors, such as poor hygiene, genetic predisposition or the existence of a prolonged smoking habit, the main manifestation of which is the loss of the bone in which the teeth are 'attached'.<\/p>\n<p>This bone loss has two aesthetically important effects:<\/p>\n<p>- When accompanied by gum loss, 'spaces' form between the teeth in the area where the gum is normally located, leaving gaps that appear dark when speaking or smiling, spoiling the aesthetics of the smile.<\/p>\n<p>- Because the teeth have less support, they sometimes 'fan out' and open outwards, producing a characteristic dental protrusion that is often disliked by sufferers.<\/p>\n<p>In such cases, once <a href=\"http:\/\/www.velezylozano.com\/es\/equipo\/\">the periodontist<\/a> has treated the patient with the collaboration of a hygienist who will carry out the follow-up treatments, the patient should know that the initial aesthetics can be restored by orthodontics, either alone or in combination with rehabilitative treatments such as dental veneers.<\/p>\n<p>At this point, many adults decide that they do want to be treated, but... they find that they do not want to be treated with conventional braces, because of the aesthetic impact they have on a personal and professional level, so they look for alternatives that, in many cases, usually come from the hand of <a href=\"http:\/\/www.velezylozano.com\/es\/tratamientos\/ortodoncia\/lingual-estetica\/\">Invisalign<\/a>The most advanced transparent orthodontic system to date.<\/p>\n<p><strong>How does Invisalign work for periodontal patients?<\/strong><\/p>\n<p>As we have indicated, the most important thing is that the periodontist gives the go-ahead for orthodontic treatment, after carrying out the treatments he\/she considers appropriate, after which the orthodontist chosen to carry out the treatment, who must have <a href=\"http:\/\/www.velezylozano.com\/es\/equipo\/#equipo-3\">Invisalign treatment experience<\/a>The patient will undergo a cephalometric study, an analysis of models and an assessment of the patient's facial appearance.<\/p>\n<p>Once this is done, it will take records that will be sent to the US, where they will scan these 'casts' of the patient's mouth and digitise them, allowing the orthodontist to plan treatment to 'close' the black spaces.<\/p>\n<p>Depending on the shape of the teeth, bone loss and other aesthetic considerations, the orthodontist will plan the treatment by performing a 'selective wear' or 'stripping' between the teeth, to allow the contact points between them to be larger, which will allow them to come closer together and, in the upper area, the resulting gum will close the space as much as possible, achieving a significant improvement in aesthetics.<\/p>\n<p>Once this has been done, and depending on the initial planning, the patient may or may not have to have dental veneers fitted to provide them with the highest level of aesthetics that will help them to regain the confidence to smile again as before.<\/p>","protected":false},"excerpt":{"rendered":"<p>Periodontitis, or periodontal disease, is one of the most common oral pathologies, a consequence of multiple factors, such as poor hygiene, genetic predisposition or the existence of a prolonged smoking habit, the main manifestation of which is the loss of the bone in which the teeth are 'attached'. This loss of bone causes [...]<\/p>","protected":false},"author":3,"featured_media":8209,"comment_status":"closed","ping_status":"closed","sticky":false,"template":"","format":"standard","meta":{"_jetpack_memberships_contains_paid_content":false,"footnotes":""},"categories":[],"tags":[],"class_list":["post-8208","post","type-post","status-publish","format-standard","has-post-thumbnail","hentry"],"yoast_head":"<!-- This site is optimized with the Yoast SEO plugin v27.5 - https:\/\/yoast.com\/product\/yoast-seo-wordpress\/ -->\n<title>Tengo espacios negros entre mis dientes, \u00bfpuedo solucionarlo con Invisalign? \u2013 Ortodoncista Murcia - V\u00e9lez &amp; Lozano<\/title>\n<meta name=\"robots\" content=\"index, follow, max-snippet:-1, max-image-preview:large, max-video-preview:-1\" \/>\n<link rel=\"canonical\" href=\"https:\/\/velezylozano.com\/en\/i-have-black-spaces-between-my-teeth-can-i-solve-this-with-invisalign-orthodontist-murcia\/\" \/>\n<meta property=\"og:locale\" content=\"en_GB\" \/>\n<meta property=\"og:type\" content=\"article\" \/>\n<meta property=\"og:title\" content=\"Tengo espacios negros entre mis dientes, \u00bfpuedo solucionarlo con Invisalign? \u2013 Ortodoncista Murcia - V\u00e9lez &amp; Lozano\" \/>\n<meta property=\"og:description\" content=\"La periodontitis, o enfermedad periodontal, es una de las patolog\u00edas m\u00e1s frecuentes a nivel bucodental, consecuencia de m\u00faltiples factores, como una higiene deficiente, predisposici\u00f3n gen\u00e9tica o la existencia de un h\u00e1bito tab\u00e1quico durante tiempo prolongado, cuya principal manifestaci\u00f3n es la p\u00e9rdida del hueso en el que se \u2018sujetan\u2019 los dientes. Esta p\u00e9rdida de hueso produce [&hellip;]\" \/>\n<meta property=\"og:url\" content=\"https:\/\/velezylozano.com\/en\/i-have-black-spaces-between-my-teeth-can-i-solve-this-with-invisalign-orthodontist-murcia\/\" \/>\n<meta property=\"og:site_name\" content=\"V\u00e9lez &amp; Lozano\" \/>\n<meta property=\"article:published_time\" content=\"2014-06-03T07:23:30+00:00\" \/>\n<meta property=\"og:image\" content=\"https:\/\/i0.wp.com\/velezylozano.com\/wp-content\/uploads\/2022\/01\/5a6dbc4b-2dec-464d-83fc-1a543624b2b6.png?fit=510%2C400&ssl=1\" \/>\n\t<meta property=\"og:image:width\" content=\"510\" \/>\n\t<meta property=\"og:image:height\" content=\"400\" \/>\n\t<meta property=\"og:image:type\" content=\"image\/png\" \/>\n<meta name=\"author\" content=\"Comunicaci\u00f3n V&amp;L\" \/>\n<meta name=\"twitter:card\" content=\"summary_large_image\" \/>\n<meta name=\"twitter:label1\" content=\"Written by\" \/>\n\t<meta name=\"twitter:data1\" content=\"Comunicaci\u00f3n V&amp;L\" \/>\n\t<meta name=\"twitter:label2\" content=\"Estimated reading time\" \/>\n\t<meta name=\"twitter:data2\" content=\"2 minutes\" \/>\n<script type=\"application\/ld+json\" class=\"yoast-schema-graph\">{\"@context\":\"https:\\\/\\\/schema.org\",\"@graph\":[{\"@type\":\"Article\",\"@id\":\"https:\\\/\\\/velezylozano.com\\\/tengo-espacios-negros-entre-mis-dientes-puedo-solucionarlo-con-invisalign-ortodoncista-murcia\\\/#article\",\"isPartOf\":{\"@id\":\"https:\\\/\\\/velezylozano.com\\\/tengo-espacios-negros-entre-mis-dientes-puedo-solucionarlo-con-invisalign-ortodoncista-murcia\\\/\"},\"author\":{\"name\":\"Comunicaci\u00f3n V&amp;L\",\"@id\":\"https:\\\/\\\/velezylozano.com\\\/#\\\/schema\\\/person\\\/1c56e3cf63dd58194e47c0f52ee1acd5\"},\"headline\":\"Tengo espacios negros entre mis dientes, \u00bfpuedo solucionarlo con Invisalign? \u2013 Ortodoncista Murcia\",\"datePublished\":\"2014-06-03T07:23:30+00:00\",\"mainEntityOfPage\":{\"@id\":\"https:\\\/\\\/velezylozano.com\\\/tengo-espacios-negros-entre-mis-dientes-puedo-solucionarlo-con-invisalign-ortodoncista-murcia\\\/\"},\"wordCount\":506,\"publisher\":{\"@id\":\"https:\\\/\\\/velezylozano.com\\\/#organization\"},\"image\":{\"@id\":\"https:\\\/\\\/velezylozano.com\\\/tengo-espacios-negros-entre-mis-dientes-puedo-solucionarlo-con-invisalign-ortodoncista-murcia\\\/#primaryimage\"},\"thumbnailUrl\":\"https:\\\/\\\/i0.wp.com\\\/velezylozano.com\\\/wp-content\\\/uploads\\\/2022\\\/01\\\/5a6dbc4b-2dec-464d-83fc-1a543624b2b6.png?fit=510%2C400&ssl=1\",\"inLanguage\":\"en-GB\"},{\"@type\":\"WebPage\",\"@id\":\"https:\\\/\\\/velezylozano.com\\\/tengo-espacios-negros-entre-mis-dientes-puedo-solucionarlo-con-invisalign-ortodoncista-murcia\\\/\",\"url\":\"https:\\\/\\\/velezylozano.com\\\/tengo-espacios-negros-entre-mis-dientes-puedo-solucionarlo-con-invisalign-ortodoncista-murcia\\\/\",\"name\":\"Tengo espacios negros entre mis dientes, \u00bfpuedo solucionarlo con Invisalign? \u2013 Ortodoncista Murcia - V\u00e9lez &amp; Lozano\",\"isPartOf\":{\"@id\":\"https:\\\/\\\/velezylozano.com\\\/#website\"},\"primaryImageOfPage\":{\"@id\":\"https:\\\/\\\/velezylozano.com\\\/tengo-espacios-negros-entre-mis-dientes-puedo-solucionarlo-con-invisalign-ortodoncista-murcia\\\/#primaryimage\"},\"image\":{\"@id\":\"https:\\\/\\\/velezylozano.com\\\/tengo-espacios-negros-entre-mis-dientes-puedo-solucionarlo-con-invisalign-ortodoncista-murcia\\\/#primaryimage\"},\"thumbnailUrl\":\"https:\\\/\\\/i0.wp.com\\\/velezylozano.com\\\/wp-content\\\/uploads\\\/2022\\\/01\\\/5a6dbc4b-2dec-464d-83fc-1a543624b2b6.png?fit=510%2C400&ssl=1\",\"datePublished\":\"2014-06-03T07:23:30+00:00\",\"breadcrumb\":{\"@id\":\"https:\\\/\\\/velezylozano.com\\\/tengo-espacios-negros-entre-mis-dientes-puedo-solucionarlo-con-invisalign-ortodoncista-murcia\\\/#breadcrumb\"},\"inLanguage\":\"en-GB\",\"potentialAction\":[{\"@type\":\"ReadAction\",\"target\":[\"https:\\\/\\\/velezylozano.com\\\/tengo-espacios-negros-entre-mis-dientes-puedo-solucionarlo-con-invisalign-ortodoncista-murcia\\\/\"]}]},{\"@type\":\"ImageObject\",\"inLanguage\":\"en-GB\",\"@id\":\"https:\\\/\\\/velezylozano.com\\\/tengo-espacios-negros-entre-mis-dientes-puedo-solucionarlo-con-invisalign-ortodoncista-murcia\\\/#primaryimage\",\"url\":\"https:\\\/\\\/i0.wp.com\\\/velezylozano.com\\\/wp-content\\\/uploads\\\/2022\\\/01\\\/5a6dbc4b-2dec-464d-83fc-1a543624b2b6.png?fit=510%2C400&ssl=1\",\"contentUrl\":\"https:\\\/\\\/i0.wp.com\\\/velezylozano.com\\\/wp-content\\\/uploads\\\/2022\\\/01\\\/5a6dbc4b-2dec-464d-83fc-1a543624b2b6.png?fit=510%2C400&ssl=1\",\"width\":510,\"height\":400},{\"@type\":\"BreadcrumbList\",\"@id\":\"https:\\\/\\\/velezylozano.com\\\/tengo-espacios-negros-entre-mis-dientes-puedo-solucionarlo-con-invisalign-ortodoncista-murcia\\\/#breadcrumb\",\"itemListElement\":[{\"@type\":\"ListItem\",\"position\":1,\"name\":\"Home\",\"item\":\"https:\\\/\\\/velezylozano.com\\\/\"},{\"@type\":\"ListItem\",\"position\":2,\"name\":\"Tengo espacios negros entre mis dientes, \u00bfpuedo solucionarlo con Invisalign? \u2013 Ortodoncista Murcia\"}]},{\"@type\":\"WebSite\",\"@id\":\"https:\\\/\\\/velezylozano.com\\\/#website\",\"url\":\"https:\\\/\\\/velezylozano.com\\\/\",\"name\":\"V\u00e9lez &amp; Lozano\",\"description\":\"Cl\u00ednica dental en Murcia desde 2008\",\"publisher\":{\"@id\":\"https:\\\/\\\/velezylozano.com\\\/#organization\"},\"potentialAction\":[{\"@type\":\"SearchAction\",\"target\":{\"@type\":\"EntryPoint\",\"urlTemplate\":\"https:\\\/\\\/velezylozano.com\\\/?s={search_term_string}\"},\"query-input\":{\"@type\":\"PropertyValueSpecification\",\"valueRequired\":true,\"valueName\":\"search_term_string\"}}],\"inLanguage\":\"en-GB\"},{\"@type\":\"Organization\",\"@id\":\"https:\\\/\\\/velezylozano.com\\\/#organization\",\"name\":\"V\u00e9lez &amp; Lozano\",\"url\":\"https:\\\/\\\/velezylozano.com\\\/\",\"logo\":{\"@type\":\"ImageObject\",\"inLanguage\":\"en-GB\",\"@id\":\"https:\\\/\\\/velezylozano.com\\\/#\\\/schema\\\/logo\\\/image\\\/\",\"url\":\"https:\\\/\\\/velezylozano.com\\\/wp-content\\\/uploads\\\/2021\\\/12\\\/velezlozanologo.svg\",\"contentUrl\":\"https:\\\/\\\/velezylozano.com\\\/wp-content\\\/uploads\\\/2021\\\/12\\\/velezlozanologo.svg\",\"width\":322,\"height\":33,\"caption\":\"V\u00e9lez &amp; Lozano\"},\"image\":{\"@id\":\"https:\\\/\\\/velezylozano.com\\\/#\\\/schema\\\/logo\\\/image\\\/\"}},{\"@type\":\"Person\",\"@id\":\"https:\\\/\\\/velezylozano.com\\\/#\\\/schema\\\/person\\\/1c56e3cf63dd58194e47c0f52ee1acd5\",\"name\":\"Comunicaci\u00f3n V&amp;L\",\"image\":{\"@type\":\"ImageObject\",\"inLanguage\":\"en-GB\",\"@id\":\"https:\\\/\\\/secure.gravatar.com\\\/avatar\\\/c71847bdb2db2b82cf103719836121929bea3f2c1e8f242954e5cc67e1346522?s=96&d=mm&r=g\",\"url\":\"https:\\\/\\\/secure.gravatar.com\\\/avatar\\\/c71847bdb2db2b82cf103719836121929bea3f2c1e8f242954e5cc67e1346522?s=96&d=mm&r=g\",\"contentUrl\":\"https:\\\/\\\/secure.gravatar.com\\\/avatar\\\/c71847bdb2db2b82cf103719836121929bea3f2c1e8f242954e5cc67e1346522?s=96&d=mm&r=g\",\"caption\":\"Comunicaci\u00f3n V&amp;L\"},\"url\":\"https:\\\/\\\/velezylozano.com\\\/en\\\/author\\\/andres\\\/\"}]}<\/script>\n<!-- \/ Yoast SEO plugin. -->","yoast_head_json":{"title":"I have black spaces between my teeth, can I solve it with Invisalign? - Murcia Orthodontist - V\u00e9lez &amp; Lozano","robots":{"index":"index","follow":"follow","max-snippet":"max-snippet:-1","max-image-preview":"max-image-preview:large","max-video-preview":"max-video-preview:-1"},"canonical":"https:\/\/velezylozano.com\/en\/i-have-black-spaces-between-my-teeth-can-i-solve-this-with-invisalign-orthodontist-murcia\/","og_locale":"en_GB","og_type":"article","og_title":"Tengo espacios negros entre mis dientes, \u00bfpuedo solucionarlo con Invisalign? \u2013 Ortodoncista Murcia - V\u00e9lez &amp; Lozano","og_description":"La periodontitis, o enfermedad periodontal, es una de las patolog\u00edas m\u00e1s frecuentes a nivel bucodental, consecuencia de m\u00faltiples factores, como una higiene deficiente, predisposici\u00f3n gen\u00e9tica o la existencia de un h\u00e1bito tab\u00e1quico durante tiempo prolongado, cuya principal manifestaci\u00f3n es la p\u00e9rdida del hueso en el que se \u2018sujetan\u2019 los dientes. Esta p\u00e9rdida de hueso produce [&hellip;]","og_url":"https:\/\/velezylozano.com\/en\/i-have-black-spaces-between-my-teeth-can-i-solve-this-with-invisalign-orthodontist-murcia\/","og_site_name":"V\u00e9lez &amp; Lozano","article_published_time":"2014-06-03T07:23:30+00:00","og_image":[{"width":510,"height":400,"url":"https:\/\/i0.wp.com\/velezylozano.com\/wp-content\/uploads\/2022\/01\/5a6dbc4b-2dec-464d-83fc-1a543624b2b6.png?fit=510%2C400&ssl=1","type":"image\/png"}],"author":"Comunicaci\u00f3n V&amp;L","twitter_card":"summary_large_image","twitter_misc":{"Written by":"Comunicaci\u00f3n V&amp;L","Estimated reading time":"2 minutes"},"schema":{"@context":"https:\/\/schema.org","@graph":[{"@type":"Article","@id":"https:\/\/velezylozano.com\/tengo-espacios-negros-entre-mis-dientes-puedo-solucionarlo-con-invisalign-ortodoncista-murcia\/#article","isPartOf":{"@id":"https:\/\/velezylozano.com\/tengo-espacios-negros-entre-mis-dientes-puedo-solucionarlo-con-invisalign-ortodoncista-murcia\/"},"author":{"name":"Comunicaci\u00f3n V&amp;L","@id":"https:\/\/velezylozano.com\/#\/schema\/person\/1c56e3cf63dd58194e47c0f52ee1acd5"},"headline":"Tengo espacios negros entre mis dientes, \u00bfpuedo solucionarlo con Invisalign? \u2013 Ortodoncista Murcia","datePublished":"2014-06-03T07:23:30+00:00","mainEntityOfPage":{"@id":"https:\/\/velezylozano.com\/tengo-espacios-negros-entre-mis-dientes-puedo-solucionarlo-con-invisalign-ortodoncista-murcia\/"},"wordCount":506,"publisher":{"@id":"https:\/\/velezylozano.com\/#organization"},"image":{"@id":"https:\/\/velezylozano.com\/tengo-espacios-negros-entre-mis-dientes-puedo-solucionarlo-con-invisalign-ortodoncista-murcia\/#primaryimage"},"thumbnailUrl":"https:\/\/i0.wp.com\/velezylozano.com\/wp-content\/uploads\/2022\/01\/5a6dbc4b-2dec-464d-83fc-1a543624b2b6.png?fit=510%2C400&ssl=1","inLanguage":"en-GB"},{"@type":"WebPage","@id":"https:\/\/velezylozano.com\/tengo-espacios-negros-entre-mis-dientes-puedo-solucionarlo-con-invisalign-ortodoncista-murcia\/","url":"https:\/\/velezylozano.com\/tengo-espacios-negros-entre-mis-dientes-puedo-solucionarlo-con-invisalign-ortodoncista-murcia\/","name":"I have black spaces between my teeth, can I solve it with Invisalign? - Murcia Orthodontist - V\u00e9lez &amp; Lozano","isPartOf":{"@id":"https:\/\/velezylozano.com\/#website"},"primaryImageOfPage":{"@id":"https:\/\/velezylozano.com\/tengo-espacios-negros-entre-mis-dientes-puedo-solucionarlo-con-invisalign-ortodoncista-murcia\/#primaryimage"},"image":{"@id":"https:\/\/velezylozano.com\/tengo-espacios-negros-entre-mis-dientes-puedo-solucionarlo-con-invisalign-ortodoncista-murcia\/#primaryimage"},"thumbnailUrl":"https:\/\/i0.wp.com\/velezylozano.com\/wp-content\/uploads\/2022\/01\/5a6dbc4b-2dec-464d-83fc-1a543624b2b6.png?fit=510%2C400&ssl=1","datePublished":"2014-06-03T07:23:30+00:00","breadcrumb":{"@id":"https:\/\/velezylozano.com\/tengo-espacios-negros-entre-mis-dientes-puedo-solucionarlo-con-invisalign-ortodoncista-murcia\/#breadcrumb"},"inLanguage":"en-GB","potentialAction":[{"@type":"ReadAction","target":["https:\/\/velezylozano.com\/tengo-espacios-negros-entre-mis-dientes-puedo-solucionarlo-con-invisalign-ortodoncista-murcia\/"]}]},{"@type":"ImageObject","inLanguage":"en-GB","@id":"https:\/\/velezylozano.com\/tengo-espacios-negros-entre-mis-dientes-puedo-solucionarlo-con-invisalign-ortodoncista-murcia\/#primaryimage","url":"https:\/\/i0.wp.com\/velezylozano.com\/wp-content\/uploads\/2022\/01\/5a6dbc4b-2dec-464d-83fc-1a543624b2b6.png?fit=510%2C400&ssl=1","contentUrl":"https:\/\/i0.wp.com\/velezylozano.com\/wp-content\/uploads\/2022\/01\/5a6dbc4b-2dec-464d-83fc-1a543624b2b6.png?fit=510%2C400&ssl=1","width":510,"height":400},{"@type":"BreadcrumbList","@id":"https:\/\/velezylozano.com\/tengo-espacios-negros-entre-mis-dientes-puedo-solucionarlo-con-invisalign-ortodoncista-murcia\/#breadcrumb","itemListElement":[{"@type":"ListItem","position":1,"name":"Home","item":"https:\/\/velezylozano.com\/"},{"@type":"ListItem","position":2,"name":"Tengo espacios negros entre mis dientes, \u00bfpuedo solucionarlo con Invisalign? \u2013 Ortodoncista Murcia"}]},{"@type":"WebSite","@id":"https:\/\/velezylozano.com\/#website","url":"https:\/\/velezylozano.com\/","name":"Velez &amp; Lozano","description":"Dental clinic in Murcia since 2008","publisher":{"@id":"https:\/\/velezylozano.com\/#organization"},"potentialAction":[{"@type":"SearchAction","target":{"@type":"EntryPoint","urlTemplate":"https:\/\/velezylozano.com\/?s={search_term_string}"},"query-input":{"@type":"PropertyValueSpecification","valueRequired":true,"valueName":"search_term_string"}}],"inLanguage":"en-GB"},{"@type":"Organization","@id":"https:\/\/velezylozano.com\/#organization","name":"Velez &amp; Lozano","url":"https:\/\/velezylozano.com\/","logo":{"@type":"ImageObject","inLanguage":"en-GB","@id":"https:\/\/velezylozano.com\/#\/schema\/logo\/image\/","url":"https:\/\/velezylozano.com\/wp-content\/uploads\/2021\/12\/velezlozanologo.svg","contentUrl":"https:\/\/velezylozano.com\/wp-content\/uploads\/2021\/12\/velezlozanologo.svg","width":322,"height":33,"caption":"V\u00e9lez &amp; Lozano"},"image":{"@id":"https:\/\/velezylozano.com\/#\/schema\/logo\/image\/"}},{"@type":"Person","@id":"https:\/\/velezylozano.com\/#\/schema\/person\/1c56e3cf63dd58194e47c0f52ee1acd5","name":"V&amp;L Communication","image":{"@type":"ImageObject","inLanguage":"en-GB","@id":"https:\/\/secure.gravatar.com\/avatar\/c71847bdb2db2b82cf103719836121929bea3f2c1e8f242954e5cc67e1346522?s=96&d=mm&r=g","url":"https:\/\/secure.gravatar.com\/avatar\/c71847bdb2db2b82cf103719836121929bea3f2c1e8f242954e5cc67e1346522?s=96&d=mm&r=g","contentUrl":"https:\/\/secure.gravatar.com\/avatar\/c71847bdb2db2b82cf103719836121929bea3f2c1e8f242954e5cc67e1346522?s=96&d=mm&r=g","caption":"Comunicaci\u00f3n V&amp;L"},"url":"https:\/\/velezylozano.com\/en\/author\/andres\/"}]}},"jetpack_featured_media_url":"https:\/\/i0.wp.com\/velezylozano.com\/wp-content\/uploads\/2022\/01\/5a6dbc4b-2dec-464d-83fc-1a543624b2b6.png?fit=510%2C400&ssl=1","jetpack-related-posts":[{"id":8066,"url":"https:\/\/velezylozano.com\/en\/bones-when-i-lose-teeth\/","url_meta":{"origin":8208,"position":0},"title":"What happens to my bones when I lose a tooth?","author":"Comunicaci\u00f3n V&amp;L","date":"17 de February de 2013","format":false,"excerpt":"Perder los dientes conlleva unos cambios en las estructuras cercanas a \u00e9stos, provocando molestias y dificultades masticatorias y, por consiguiente, problemas nutricionales y de salud en general. Estos cambios se ven claramente en los pacientes que han perdido todas sus piezas y se conocen desde la antig\u00fcedad, tal y como\u2026","rel":"","context":"Similar post","block_context":{"text":"Similar post","link":""},"img":{"alt_text":"Los dibujos de da Vinci ya ilustraban los efectos de la p\u00e9rdida de dientes en la est\u00e9tica facial","src":"https:\/\/i0.wp.com\/www.velezylozano.com\/wp-content\/uploads\/2013\/02\/perfil-de-anciano-leonardo-da-vinci.jpg?resize=350%2C200&ssl=1","width":350,"height":200},"classes":[]},{"id":8346,"url":"https:\/\/velezylozano.com\/en\/what-happens-if-we-lose-a-tooth\/","url_meta":{"origin":8208,"position":1},"title":"What happens if we lose a tooth?","author":"Comunicaci\u00f3n V&amp;L","date":"23 de July de 2020","format":false,"excerpt":"Los dientes son un \u00f3rgano importante dentro del sistema digestivo, gracias a ellos somos capaces de cortar, desgarrar o triturar los alimentos para facilitar la digesti\u00f3n y asimilaci\u00f3n de los alimentos. Los dientes tambi\u00e9n influyen en la fonaci\u00f3n y, por qu\u00e9 no, en la est\u00e9tica y las relaciones sociales. Desde\u2026","rel":"","context":"Similar post","block_context":{"text":"Similar post","link":""},"img":{"alt_text":"","src":"https:\/\/i0.wp.com\/velezylozano.com\/wp-content\/uploads\/2022\/01\/velez-y-lozano-clinica-dental-murcia-implantes-dentales-perdida-diente.png?fit=405%2C540&ssl=1&resize=350%2C200","width":350,"height":200},"classes":[]},{"id":8097,"url":"https:\/\/velezylozano.com\/en\/aesthetic-dental-prosthesis-person-profile\/","url_meta":{"origin":8208,"position":2},"title":"How does a dental prosthesis improve a person's aesthetics?","author":"Comunicaci\u00f3n V&amp;L","date":"22 de May de 2013","format":false,"excerpt":"La p\u00e9rdida de los dientes con el paso del tiempo, no solo supone un problema a la hora de masticar, sino tambi\u00e9n a la hora de hablar, tragar, sonre\u00edr y en general, produce una disminuci\u00f3n de la autoestima.\u00a0Hoy sabemos que cerca del 45% de la poblaci\u00f3n es ed\u00e9ntula a los\u2026","rel":"","context":"Similar post","block_context":{"text":"Similar post","link":""},"img":{"alt_text":"","src":"https:\/\/i0.wp.com\/velezylozano.com\/wp-content\/uploads\/2022\/01\/chi-phi-nho-rang-ham-gia-bao-nhieu-tien-09.jpg?fit=500%2C410&ssl=1&resize=350%2C200","width":350,"height":200},"classes":[]},{"id":8032,"url":"https:\/\/velezylozano.com\/en\/why-replace-missing-teeth\/","url_meta":{"origin":8208,"position":3},"title":"Why replace missing teeth?","author":"Comunicaci\u00f3n V&amp;L","date":"27 de October de 2012","format":false,"excerpt":"\u00bfPor qu\u00e9 reponer los dientes perdidos? Los profesionales dentales, dentistas e higienistas, saben que la oclusi\u00f3n y el correcto engranaje de nuestros dientes, tienen una gran importancia para la salud oral de cualquier persona. Perder un diente, supone romper la estabilidad del sistema estomatogn\u00e1tico, y aunque a veces no es\u2026","rel":"","context":"Similar post","block_context":{"text":"Similar post","link":""},"img":{"alt_text":"","src":"https:\/\/i0.wp.com\/velezylozano.com\/wp-content\/uploads\/2022\/01\/dientes-ausentes-1080x675-1.jpg?fit=1080%2C675&ssl=1&resize=350%2C200","width":350,"height":200,"srcset":"https:\/\/i0.wp.com\/velezylozano.com\/wp-content\/uploads\/2022\/01\/dientes-ausentes-1080x675-1.jpg?fit=1080%2C675&ssl=1&resize=350%2C200 1x, https:\/\/i0.wp.com\/velezylozano.com\/wp-content\/uploads\/2022\/01\/dientes-ausentes-1080x675-1.jpg?fit=1080%2C675&ssl=1&resize=525%2C300 1.5x, https:\/\/i0.wp.com\/velezylozano.com\/wp-content\/uploads\/2022\/01\/dientes-ausentes-1080x675-1.jpg?fit=1080%2C675&ssl=1&resize=700%2C400 2x, https:\/\/i0.wp.com\/velezylozano.com\/wp-content\/uploads\/2022\/01\/dientes-ausentes-1080x675-1.jpg?fit=1080%2C675&ssl=1&resize=1050%2C600 3x"},"classes":[]},{"id":11838,"url":"https:\/\/velezylozano.com\/en\/receding-gums-causes-and-solutions\/","url_meta":{"origin":8208,"position":4},"title":"Receding gums: causes and solutions","author":"Francisco S\u00e1nchez-Alcaraz Mart\u00ednez","date":"19 de May de 2023","format":false,"excerpt":"Las enc\u00edas retra\u00eddas son un problema relativamente frecuente en las cl\u00ednicas dentales, sobre todo en pacientes de determinada edad. Dichos pacientes acuden porque notan debilitamiento en el tejido blando que conforma las enc\u00edas y como este ha ido reduci\u00e9ndose, lo que va exponiendo una mayor parte del diente. Esto, adem\u00e1s\u2026","rel":"","context":"In &quot;2023&quot;","block_context":{"text":"2023","link":"https:\/\/velezylozano.com\/en\/category\/2023\/"},"img":{"alt_text":"","src":"https:\/\/i0.wp.com\/velezylozano.com\/wp-content\/uploads\/2023\/05\/Retraccion-de-encias-solucion.webp?fit=1140%2C761&ssl=1&resize=350%2C200","width":350,"height":200,"srcset":"https:\/\/i0.wp.com\/velezylozano.com\/wp-content\/uploads\/2023\/05\/Retraccion-de-encias-solucion.webp?fit=1140%2C761&ssl=1&resize=350%2C200 1x, https:\/\/i0.wp.com\/velezylozano.com\/wp-content\/uploads\/2023\/05\/Retraccion-de-encias-solucion.webp?fit=1140%2C761&ssl=1&resize=525%2C300 1.5x, https:\/\/i0.wp.com\/velezylozano.com\/wp-content\/uploads\/2023\/05\/Retraccion-de-encias-solucion.webp?fit=1140%2C761&ssl=1&resize=700%2C400 2x, https:\/\/i0.wp.com\/velezylozano.com\/wp-content\/uploads\/2023\/05\/Retraccion-de-encias-solucion.webp?fit=1140%2C761&ssl=1&resize=1050%2C600 3x"},"classes":[]},{"id":8406,"url":"https:\/\/velezylozano.com\/en\/what-is-a-dental-implant\/","url_meta":{"origin":8208,"position":5},"title":"What is a dental implant?","author":"Comunicaci\u00f3n V&amp;L","date":"15 de September de 2020","format":false,"excerpt":"At V\u00e9lez y Lozano, Dental Clinic in Murcia, we tell you everything you need to know about implants.","rel":"","context":"In &quot;2020&quot;","block_context":{"text":"2020","link":"https:\/\/velezylozano.com\/en\/category\/2020\/"},"img":{"alt_text":"","src":"https:\/\/i0.wp.com\/velezylozano.com\/wp-content\/uploads\/2022\/01\/implantes-4-scaled-1.jpg?fit=1200%2C857&ssl=1&resize=350%2C200","width":350,"height":200,"srcset":"https:\/\/i0.wp.com\/velezylozano.com\/wp-content\/uploads\/2022\/01\/implantes-4-scaled-1.jpg?fit=1200%2C857&ssl=1&resize=350%2C200 1x, https:\/\/i0.wp.com\/velezylozano.com\/wp-content\/uploads\/2022\/01\/implantes-4-scaled-1.jpg?fit=1200%2C857&ssl=1&resize=525%2C300 1.5x, https:\/\/i0.wp.com\/velezylozano.com\/wp-content\/uploads\/2022\/01\/implantes-4-scaled-1.jpg?fit=1200%2C857&ssl=1&resize=700%2C400 2x, https:\/\/i0.wp.com\/velezylozano.com\/wp-content\/uploads\/2022\/01\/implantes-4-scaled-1.jpg?fit=1200%2C857&ssl=1&resize=1050%2C600 3x"},"classes":[]}],"jetpack_sharing_enabled":true,"_links":{"self":[{"href":"https:\/\/velezylozano.com\/en\/wp-json\/wp\/v2\/posts\/8208","targetHints":{"allow":["GET"]}}],"collection":[{"href":"https:\/\/velezylozano.com\/en\/wp-json\/wp\/v2\/posts"}],"about":[{"href":"https:\/\/velezylozano.com\/en\/wp-json\/wp\/v2\/types\/post"}],"author":[{"embeddable":true,"href":"https:\/\/velezylozano.com\/en\/wp-json\/wp\/v2\/users\/3"}],"replies":[{"embeddable":true,"href":"https:\/\/velezylozano.com\/en\/wp-json\/wp\/v2\/comments?post=8208"}],"version-history":[{"count":0,"href":"https:\/\/velezylozano.com\/en\/wp-json\/wp\/v2\/posts\/8208\/revisions"}],"wp:featuredmedia":[{"embeddable":true,"href":"https:\/\/velezylozano.com\/en\/wp-json\/wp\/v2\/media\/8209"}],"wp:attachment":[{"href":"https:\/\/velezylozano.com\/en\/wp-json\/wp\/v2\/media?parent=8208"}],"wp:term":[{"taxonomy":"category","embeddable":true,"href":"https:\/\/velezylozano.com\/en\/wp-json\/wp\/v2\/categories?post=8208"},{"taxonomy":"post_tag","embeddable":true,"href":"https:\/\/velezylozano.com\/en\/wp-json\/wp\/v2\/tags?post=8208"}],"curies":[{"name":"wp","href":"https:\/\/api.w.org\/{rel}","templated":true}]}}