{"id":8210,"date":"2014-06-10T07:28:31","date_gmt":"2014-06-10T07:28:31","guid":{"rendered":"https:\/\/velezylozano.com\/puedo-tratarme-una-clase-2-dental-con-invisalign-ortodoncia-murcia\/"},"modified":"2014-06-10T07:28:31","modified_gmt":"2014-06-10T07:28:31","slug":"can-i-have-a-class-2-dental-treatment-with-invisalign-orthodontics-murcia","status":"publish","type":"post","link":"https:\/\/velezylozano.com\/en\/can-i-have-a-class-2-dental-treatment-with-invisalign-orthodontics-murcia\/","title":{"rendered":"Can I have a class 2 dental treatment with Invisalign? - Orthodontics Murcia"},"content":{"rendered":"<p>The traditional classification of malocclusions in the anteroposterior direction considers, in basic lines, three types of relationship between the maxilla and the mandible:<\/p>\n<p>- If they are in an appropriate position, we are talking about class I.<\/p>\n<p>- If the jaw is advanced, we speak of class II.<\/p>\n<p>- If the jaw is forward, the jaw is class III.<\/p>\n<p><!--more--><\/p>\n<p>In the <a href=\"http:\/\/www.velezylozano.com\/es\/cita-localizacion\/\">Region of Murcia<\/a> and Spain, the most frequent malocclusion is class II, caused by a protrusion of the maxilla or a delay at the mandibular level, which makes treatment more sophisticated, as it is not only a question of aligning the teeth, but also of achieving a good 'gearing' between the upper and lower teeth.<\/p>\n<p>Until a few years ago, these malocclusions were tackled exclusively with brackets, either metal or aesthetic (ceramic, sapphire, composite...), something that has changed recently because aesthetic orthodontic techniques, such as lingual orthodontics or transparent orthodontics, have evolved enormously.<\/p>\n<p><strong>So, can I have a Class II dental treatment with Invisalign?<\/strong><\/p>\n<p>The answer is that <a href=\"http:\/\/www.velezylozano.com\/es\/tratamientos\/ortodoncia\/lingual-estetica\/\">Invisalign has revolutionised plastic orthodontics in recent years.<\/a> and, to this day, it is possible to treat many Class II cases (not all of them, which is why it is important to have an analysis carried out by an <a href=\"http:\/\/www.velezylozano.com\/es\/equipo\/#equipo-3\">expert orthodontist<\/a>), offering patients with this malocclusion a top-level aesthetic solution that will also provide them with optimum results in terms of chewing, as if they had been treated with braces.<\/p>\n<p><strong>How does Invisalign work with my dental class 2?<\/strong><\/p>\n<p>Depending on the orthodontist's planning, the tooth movement may be:<\/p>\n<p>- Based on distalisation of the upper arch (i.e. the upper teeth go 'backwards'), either individually or in groups<\/p>\n\n<p>- Simulating in clincheck software the effects of the traditional 'elastics' used with braces, which are also used with Invisalign.<\/p>\n\n<p>In this way, we achieve results that were unthinkable a few years ago, thanks to a technique that allows:<\/p>\n<p>- Make selective moves, only of those pieces that we are interested in moving.<\/p>\n<p>- Use intermaxillary 'rubber bands' to improve the relationship between the maxilla and mandible.<\/p>\n<p>- Virtual treatment planning to optimise the results obtained.<\/p>\n<p>So, if you are still thinking about it, we encourage you to consult with an <a href=\"http:\/\/www.velezylozano.com\/es\/equipo\/#equipo-3\">orthodontist experienced in the Invisalign technique<\/a> to assess your case and discuss the possibilities of improving your occlusion and aesthetics, a decision that will surely improve your oral quality of life in a very short time.<\/p>","protected":false},"excerpt":{"rendered":"<p>The traditional classification of malocclusions in the anteroposterior direction considers, in basic lines, three types of relationship between the maxilla and the mandible: - If they are in an adequate position, we speak of class I - If the maxilla is advanced, we speak of class II - If the mandible is advanced, we speak of class III.<\/p>","protected":false},"author":3,"featured_media":8211,"comment_status":"closed","ping_status":"closed","sticky":false,"template":"","format":"standard","meta":{"_jetpack_memberships_contains_paid_content":false,"footnotes":""},"categories":[],"tags":[],"class_list":["post-8210","post","type-post","status-publish","format-standard","has-post-thumbnail","hentry"],"yoast_head":"<!-- This site is optimized with the Yoast SEO plugin v27.4 - https:\/\/yoast.com\/product\/yoast-seo-wordpress\/ -->\n<title>\u00bfPuedo tratarme una clase 2 dental con Invisalign? \u2013 Ortodoncia Murcia - V\u00e9lez &amp; Lozano<\/title>\n<meta name=\"robots\" content=\"index, follow, max-snippet:-1, max-image-preview:large, max-video-preview:-1\" \/>\n<link rel=\"canonical\" href=\"https:\/\/velezylozano.com\/en\/can-i-have-a-class-2-dental-treatment-with-invisalign-orthodontics-murcia\/\" \/>\n<meta property=\"og:locale\" content=\"en_GB\" \/>\n<meta property=\"og:type\" content=\"article\" \/>\n<meta property=\"og:title\" content=\"\u00bfPuedo tratarme una clase 2 dental con Invisalign? \u2013 Ortodoncia Murcia - V\u00e9lez &amp; Lozano\" \/>\n<meta property=\"og:description\" content=\"La clasificaci\u00f3n tradicional de las maloclusiones en sentido anteroposterior considera, en l\u00edneas b\u00e1sicas, tres tipos de relaci\u00f3n entre el maxilar y la mand\u00edbula: &#8211;&nbsp;&nbsp;&nbsp;&nbsp;&nbsp;&nbsp;&nbsp;&nbsp;&nbsp; Si est\u00e1n en una posici\u00f3n adecuada, hablamos de clase I &#8211;&nbsp;&nbsp;&nbsp;&nbsp;&nbsp;&nbsp;&nbsp;&nbsp;&nbsp; Si el maxilar est\u00e1 adelantado, hablamos de clase II &#8211;&nbsp;&nbsp;&nbsp;&nbsp;&nbsp;&nbsp;&nbsp;&nbsp;&nbsp; Si la mand\u00edbula est\u00e1 adelantada, hablamos de clase III\" \/>\n<meta property=\"og:url\" content=\"https:\/\/velezylozano.com\/en\/can-i-have-a-class-2-dental-treatment-with-invisalign-orthodontics-murcia\/\" \/>\n<meta property=\"og:site_name\" content=\"V\u00e9lez &amp; Lozano\" \/>\n<meta property=\"article:published_time\" content=\"2014-06-10T07:28:31+00:00\" \/>\n<meta property=\"og:image\" content=\"https:\/\/i0.wp.com\/velezylozano.com\/wp-content\/uploads\/2022\/01\/velez-y-lozano-yaiza-mascarilla-scaled-1.jpg?fit=2560%2C1829&ssl=1\" \/>\n\t<meta property=\"og:image:width\" content=\"2560\" \/>\n\t<meta property=\"og:image:height\" content=\"1829\" \/>\n\t<meta property=\"og:image:type\" content=\"image\/jpeg\" \/>\n<meta name=\"author\" content=\"Comunicaci\u00f3n V&amp;L\" \/>\n<meta name=\"twitter:card\" content=\"summary_large_image\" \/>\n<meta name=\"twitter:label1\" content=\"Written by\" \/>\n\t<meta name=\"twitter:data1\" content=\"Comunicaci\u00f3n V&amp;L\" \/>\n\t<meta name=\"twitter:label2\" content=\"Estimated reading time\" \/>\n\t<meta name=\"twitter:data2\" content=\"3 minutes\" \/>\n<script type=\"application\/ld+json\" class=\"yoast-schema-graph\">{\"@context\":\"https:\\\/\\\/schema.org\",\"@graph\":[{\"@type\":\"Article\",\"@id\":\"https:\\\/\\\/velezylozano.com\\\/puedo-tratarme-una-clase-2-dental-con-invisalign-ortodoncia-murcia\\\/#article\",\"isPartOf\":{\"@id\":\"https:\\\/\\\/velezylozano.com\\\/puedo-tratarme-una-clase-2-dental-con-invisalign-ortodoncia-murcia\\\/\"},\"author\":{\"name\":\"Comunicaci\u00f3n V&amp;L\",\"@id\":\"https:\\\/\\\/velezylozano.com\\\/#\\\/schema\\\/person\\\/1c56e3cf63dd58194e47c0f52ee1acd5\"},\"headline\":\"\u00bfPuedo tratarme una clase 2 dental con Invisalign? \u2013 Ortodoncia Murcia\",\"datePublished\":\"2014-06-10T07:28:31+00:00\",\"mainEntityOfPage\":{\"@id\":\"https:\\\/\\\/velezylozano.com\\\/puedo-tratarme-una-clase-2-dental-con-invisalign-ortodoncia-murcia\\\/\"},\"wordCount\":647,\"publisher\":{\"@id\":\"https:\\\/\\\/velezylozano.com\\\/#organization\"},\"image\":{\"@id\":\"https:\\\/\\\/velezylozano.com\\\/puedo-tratarme-una-clase-2-dental-con-invisalign-ortodoncia-murcia\\\/#primaryimage\"},\"thumbnailUrl\":\"https:\\\/\\\/i0.wp.com\\\/velezylozano.com\\\/wp-content\\\/uploads\\\/2022\\\/01\\\/velez-y-lozano-yaiza-mascarilla-scaled-1.jpg?fit=2560%2C1829&ssl=1\",\"inLanguage\":\"en-GB\"},{\"@type\":\"WebPage\",\"@id\":\"https:\\\/\\\/velezylozano.com\\\/puedo-tratarme-una-clase-2-dental-con-invisalign-ortodoncia-murcia\\\/\",\"url\":\"https:\\\/\\\/velezylozano.com\\\/puedo-tratarme-una-clase-2-dental-con-invisalign-ortodoncia-murcia\\\/\",\"name\":\"\u00bfPuedo tratarme una clase 2 dental con Invisalign? \u2013 Ortodoncia Murcia - V\u00e9lez &amp; Lozano\",\"isPartOf\":{\"@id\":\"https:\\\/\\\/velezylozano.com\\\/#website\"},\"primaryImageOfPage\":{\"@id\":\"https:\\\/\\\/velezylozano.com\\\/puedo-tratarme-una-clase-2-dental-con-invisalign-ortodoncia-murcia\\\/#primaryimage\"},\"image\":{\"@id\":\"https:\\\/\\\/velezylozano.com\\\/puedo-tratarme-una-clase-2-dental-con-invisalign-ortodoncia-murcia\\\/#primaryimage\"},\"thumbnailUrl\":\"https:\\\/\\\/i0.wp.com\\\/velezylozano.com\\\/wp-content\\\/uploads\\\/2022\\\/01\\\/velez-y-lozano-yaiza-mascarilla-scaled-1.jpg?fit=2560%2C1829&ssl=1\",\"datePublished\":\"2014-06-10T07:28:31+00:00\",\"breadcrumb\":{\"@id\":\"https:\\\/\\\/velezylozano.com\\\/puedo-tratarme-una-clase-2-dental-con-invisalign-ortodoncia-murcia\\\/#breadcrumb\"},\"inLanguage\":\"en-GB\",\"potentialAction\":[{\"@type\":\"ReadAction\",\"target\":[\"https:\\\/\\\/velezylozano.com\\\/puedo-tratarme-una-clase-2-dental-con-invisalign-ortodoncia-murcia\\\/\"]}]},{\"@type\":\"ImageObject\",\"inLanguage\":\"en-GB\",\"@id\":\"https:\\\/\\\/velezylozano.com\\\/puedo-tratarme-una-clase-2-dental-con-invisalign-ortodoncia-murcia\\\/#primaryimage\",\"url\":\"https:\\\/\\\/i0.wp.com\\\/velezylozano.com\\\/wp-content\\\/uploads\\\/2022\\\/01\\\/velez-y-lozano-yaiza-mascarilla-scaled-1.jpg?fit=2560%2C1829&ssl=1\",\"contentUrl\":\"https:\\\/\\\/i0.wp.com\\\/velezylozano.com\\\/wp-content\\\/uploads\\\/2022\\\/01\\\/velez-y-lozano-yaiza-mascarilla-scaled-1.jpg?fit=2560%2C1829&ssl=1\",\"width\":2560,\"height\":1829},{\"@type\":\"BreadcrumbList\",\"@id\":\"https:\\\/\\\/velezylozano.com\\\/puedo-tratarme-una-clase-2-dental-con-invisalign-ortodoncia-murcia\\\/#breadcrumb\",\"itemListElement\":[{\"@type\":\"ListItem\",\"position\":1,\"name\":\"Home\",\"item\":\"https:\\\/\\\/velezylozano.com\\\/\"},{\"@type\":\"ListItem\",\"position\":2,\"name\":\"\u00bfPuedo tratarme una clase 2 dental con Invisalign? \u2013 Ortodoncia Murcia\"}]},{\"@type\":\"WebSite\",\"@id\":\"https:\\\/\\\/velezylozano.com\\\/#website\",\"url\":\"https:\\\/\\\/velezylozano.com\\\/\",\"name\":\"V\u00e9lez &amp; Lozano\",\"description\":\"Cl\u00ednica dental en Murcia desde 2008\",\"publisher\":{\"@id\":\"https:\\\/\\\/velezylozano.com\\\/#organization\"},\"potentialAction\":[{\"@type\":\"SearchAction\",\"target\":{\"@type\":\"EntryPoint\",\"urlTemplate\":\"https:\\\/\\\/velezylozano.com\\\/?s={search_term_string}\"},\"query-input\":{\"@type\":\"PropertyValueSpecification\",\"valueRequired\":true,\"valueName\":\"search_term_string\"}}],\"inLanguage\":\"en-GB\"},{\"@type\":\"Organization\",\"@id\":\"https:\\\/\\\/velezylozano.com\\\/#organization\",\"name\":\"V\u00e9lez &amp; Lozano\",\"url\":\"https:\\\/\\\/velezylozano.com\\\/\",\"logo\":{\"@type\":\"ImageObject\",\"inLanguage\":\"en-GB\",\"@id\":\"https:\\\/\\\/velezylozano.com\\\/#\\\/schema\\\/logo\\\/image\\\/\",\"url\":\"https:\\\/\\\/velezylozano.com\\\/wp-content\\\/uploads\\\/2021\\\/12\\\/velezlozanologo.svg\",\"contentUrl\":\"https:\\\/\\\/velezylozano.com\\\/wp-content\\\/uploads\\\/2021\\\/12\\\/velezlozanologo.svg\",\"width\":322,\"height\":33,\"caption\":\"V\u00e9lez &amp; Lozano\"},\"image\":{\"@id\":\"https:\\\/\\\/velezylozano.com\\\/#\\\/schema\\\/logo\\\/image\\\/\"}},{\"@type\":\"Person\",\"@id\":\"https:\\\/\\\/velezylozano.com\\\/#\\\/schema\\\/person\\\/1c56e3cf63dd58194e47c0f52ee1acd5\",\"name\":\"Comunicaci\u00f3n V&amp;L\",\"image\":{\"@type\":\"ImageObject\",\"inLanguage\":\"en-GB\",\"@id\":\"https:\\\/\\\/secure.gravatar.com\\\/avatar\\\/c71847bdb2db2b82cf103719836121929bea3f2c1e8f242954e5cc67e1346522?s=96&d=mm&r=g\",\"url\":\"https:\\\/\\\/secure.gravatar.com\\\/avatar\\\/c71847bdb2db2b82cf103719836121929bea3f2c1e8f242954e5cc67e1346522?s=96&d=mm&r=g\",\"contentUrl\":\"https:\\\/\\\/secure.gravatar.com\\\/avatar\\\/c71847bdb2db2b82cf103719836121929bea3f2c1e8f242954e5cc67e1346522?s=96&d=mm&r=g\",\"caption\":\"Comunicaci\u00f3n V&amp;L\"},\"url\":\"https:\\\/\\\/velezylozano.com\\\/en\\\/author\\\/andres\\\/\"}]}<\/script>\n<!-- \/ Yoast SEO plugin. -->","yoast_head_json":{"title":"Can I have a class 2 dental treatment with Invisalign? - Orthodontics Murcia - V\u00e9lez &amp; Lozano","robots":{"index":"index","follow":"follow","max-snippet":"max-snippet:-1","max-image-preview":"max-image-preview:large","max-video-preview":"max-video-preview:-1"},"canonical":"https:\/\/velezylozano.com\/en\/can-i-have-a-class-2-dental-treatment-with-invisalign-orthodontics-murcia\/","og_locale":"en_GB","og_type":"article","og_title":"\u00bfPuedo tratarme una clase 2 dental con Invisalign? \u2013 Ortodoncia Murcia - V\u00e9lez &amp; Lozano","og_description":"La clasificaci\u00f3n tradicional de las maloclusiones en sentido anteroposterior considera, en l\u00edneas b\u00e1sicas, tres tipos de relaci\u00f3n entre el maxilar y la mand\u00edbula: &#8211;&nbsp;&nbsp;&nbsp;&nbsp;&nbsp;&nbsp;&nbsp;&nbsp;&nbsp; Si est\u00e1n en una posici\u00f3n adecuada, hablamos de clase I &#8211;&nbsp;&nbsp;&nbsp;&nbsp;&nbsp;&nbsp;&nbsp;&nbsp;&nbsp; Si el maxilar est\u00e1 adelantado, hablamos de clase II &#8211;&nbsp;&nbsp;&nbsp;&nbsp;&nbsp;&nbsp;&nbsp;&nbsp;&nbsp; Si la mand\u00edbula est\u00e1 adelantada, hablamos de clase III","og_url":"https:\/\/velezylozano.com\/en\/can-i-have-a-class-2-dental-treatment-with-invisalign-orthodontics-murcia\/","og_site_name":"V\u00e9lez &amp; Lozano","article_published_time":"2014-06-10T07:28:31+00:00","og_image":[{"width":2560,"height":1829,"url":"https:\/\/i0.wp.com\/velezylozano.com\/wp-content\/uploads\/2022\/01\/velez-y-lozano-yaiza-mascarilla-scaled-1.jpg?fit=2560%2C1829&ssl=1","type":"image\/jpeg"}],"author":"Comunicaci\u00f3n V&amp;L","twitter_card":"summary_large_image","twitter_misc":{"Written by":"Comunicaci\u00f3n V&amp;L","Estimated reading time":"3 minutes"},"schema":{"@context":"https:\/\/schema.org","@graph":[{"@type":"Article","@id":"https:\/\/velezylozano.com\/puedo-tratarme-una-clase-2-dental-con-invisalign-ortodoncia-murcia\/#article","isPartOf":{"@id":"https:\/\/velezylozano.com\/puedo-tratarme-una-clase-2-dental-con-invisalign-ortodoncia-murcia\/"},"author":{"name":"Comunicaci\u00f3n V&amp;L","@id":"https:\/\/velezylozano.com\/#\/schema\/person\/1c56e3cf63dd58194e47c0f52ee1acd5"},"headline":"\u00bfPuedo tratarme una clase 2 dental con Invisalign? \u2013 Ortodoncia Murcia","datePublished":"2014-06-10T07:28:31+00:00","mainEntityOfPage":{"@id":"https:\/\/velezylozano.com\/puedo-tratarme-una-clase-2-dental-con-invisalign-ortodoncia-murcia\/"},"wordCount":647,"publisher":{"@id":"https:\/\/velezylozano.com\/#organization"},"image":{"@id":"https:\/\/velezylozano.com\/puedo-tratarme-una-clase-2-dental-con-invisalign-ortodoncia-murcia\/#primaryimage"},"thumbnailUrl":"https:\/\/i0.wp.com\/velezylozano.com\/wp-content\/uploads\/2022\/01\/velez-y-lozano-yaiza-mascarilla-scaled-1.jpg?fit=2560%2C1829&ssl=1","inLanguage":"en-GB"},{"@type":"WebPage","@id":"https:\/\/velezylozano.com\/puedo-tratarme-una-clase-2-dental-con-invisalign-ortodoncia-murcia\/","url":"https:\/\/velezylozano.com\/puedo-tratarme-una-clase-2-dental-con-invisalign-ortodoncia-murcia\/","name":"Can I have a class 2 dental treatment with Invisalign? - Orthodontics Murcia - V\u00e9lez &amp; Lozano","isPartOf":{"@id":"https:\/\/velezylozano.com\/#website"},"primaryImageOfPage":{"@id":"https:\/\/velezylozano.com\/puedo-tratarme-una-clase-2-dental-con-invisalign-ortodoncia-murcia\/#primaryimage"},"image":{"@id":"https:\/\/velezylozano.com\/puedo-tratarme-una-clase-2-dental-con-invisalign-ortodoncia-murcia\/#primaryimage"},"thumbnailUrl":"https:\/\/i0.wp.com\/velezylozano.com\/wp-content\/uploads\/2022\/01\/velez-y-lozano-yaiza-mascarilla-scaled-1.jpg?fit=2560%2C1829&ssl=1","datePublished":"2014-06-10T07:28:31+00:00","breadcrumb":{"@id":"https:\/\/velezylozano.com\/puedo-tratarme-una-clase-2-dental-con-invisalign-ortodoncia-murcia\/#breadcrumb"},"inLanguage":"en-GB","potentialAction":[{"@type":"ReadAction","target":["https:\/\/velezylozano.com\/puedo-tratarme-una-clase-2-dental-con-invisalign-ortodoncia-murcia\/"]}]},{"@type":"ImageObject","inLanguage":"en-GB","@id":"https:\/\/velezylozano.com\/puedo-tratarme-una-clase-2-dental-con-invisalign-ortodoncia-murcia\/#primaryimage","url":"https:\/\/i0.wp.com\/velezylozano.com\/wp-content\/uploads\/2022\/01\/velez-y-lozano-yaiza-mascarilla-scaled-1.jpg?fit=2560%2C1829&ssl=1","contentUrl":"https:\/\/i0.wp.com\/velezylozano.com\/wp-content\/uploads\/2022\/01\/velez-y-lozano-yaiza-mascarilla-scaled-1.jpg?fit=2560%2C1829&ssl=1","width":2560,"height":1829},{"@type":"BreadcrumbList","@id":"https:\/\/velezylozano.com\/puedo-tratarme-una-clase-2-dental-con-invisalign-ortodoncia-murcia\/#breadcrumb","itemListElement":[{"@type":"ListItem","position":1,"name":"Home","item":"https:\/\/velezylozano.com\/"},{"@type":"ListItem","position":2,"name":"\u00bfPuedo tratarme una clase 2 dental con Invisalign? \u2013 Ortodoncia Murcia"}]},{"@type":"WebSite","@id":"https:\/\/velezylozano.com\/#website","url":"https:\/\/velezylozano.com\/","name":"Velez &amp; Lozano","description":"Dental clinic in Murcia since 2008","publisher":{"@id":"https:\/\/velezylozano.com\/#organization"},"potentialAction":[{"@type":"SearchAction","target":{"@type":"EntryPoint","urlTemplate":"https:\/\/velezylozano.com\/?s={search_term_string}"},"query-input":{"@type":"PropertyValueSpecification","valueRequired":true,"valueName":"search_term_string"}}],"inLanguage":"en-GB"},{"@type":"Organization","@id":"https:\/\/velezylozano.com\/#organization","name":"Velez &amp; Lozano","url":"https:\/\/velezylozano.com\/","logo":{"@type":"ImageObject","inLanguage":"en-GB","@id":"https:\/\/velezylozano.com\/#\/schema\/logo\/image\/","url":"https:\/\/velezylozano.com\/wp-content\/uploads\/2021\/12\/velezlozanologo.svg","contentUrl":"https:\/\/velezylozano.com\/wp-content\/uploads\/2021\/12\/velezlozanologo.svg","width":322,"height":33,"caption":"V\u00e9lez &amp; Lozano"},"image":{"@id":"https:\/\/velezylozano.com\/#\/schema\/logo\/image\/"}},{"@type":"Person","@id":"https:\/\/velezylozano.com\/#\/schema\/person\/1c56e3cf63dd58194e47c0f52ee1acd5","name":"V&amp;L Communication","image":{"@type":"ImageObject","inLanguage":"en-GB","@id":"https:\/\/secure.gravatar.com\/avatar\/c71847bdb2db2b82cf103719836121929bea3f2c1e8f242954e5cc67e1346522?s=96&d=mm&r=g","url":"https:\/\/secure.gravatar.com\/avatar\/c71847bdb2db2b82cf103719836121929bea3f2c1e8f242954e5cc67e1346522?s=96&d=mm&r=g","contentUrl":"https:\/\/secure.gravatar.com\/avatar\/c71847bdb2db2b82cf103719836121929bea3f2c1e8f242954e5cc67e1346522?s=96&d=mm&r=g","caption":"Comunicaci\u00f3n V&amp;L"},"url":"https:\/\/velezylozano.com\/en\/author\/andres\/"}]}},"jetpack_featured_media_url":"https:\/\/i0.wp.com\/velezylozano.com\/wp-content\/uploads\/2022\/01\/velez-y-lozano-yaiza-mascarilla-scaled-1.jpg?fit=2560%2C1829&ssl=1","jetpack-related-posts":[{"id":11070,"url":"https:\/\/velezylozano.com\/en\/what-we-talk-about-if-we-talk-about-class-i-ii-and-iii-in-orthodontics\/","url_meta":{"origin":8210,"position":0},"title":"What we talk about when we talk about Class I, II and III in orthodontics","author":"Raquel Lucas G\u00e1lvez","date":"24 de October de 2022","format":false,"excerpt":"Si alguna vez has tenido una cita de valoraci\u00f3n de ortodoncia, o has mostrado inter\u00e9s por c\u00f3mo funciona (ya sea porque consideras que necesitas tratamiento y has querido informarte previamente, por alguien de tu entorno o simplemente por mera curiosidad), seguramente hayas escuchado hablar de maloclusiones y clases I, II\u2026","rel":"","context":"In &quot;2022&quot;","block_context":{"text":"2022","link":"https:\/\/velezylozano.com\/en\/category\/2022\/"},"img":{"alt_text":"","src":"https:\/\/i0.wp.com\/velezylozano.com\/wp-content\/uploads\/2022\/10\/2022_SQ_Velez-y-Lozano_91.jpg?fit=1200%2C800&ssl=1&resize=350%2C200","width":350,"height":200,"srcset":"https:\/\/i0.wp.com\/velezylozano.com\/wp-content\/uploads\/2022\/10\/2022_SQ_Velez-y-Lozano_91.jpg?fit=1200%2C800&ssl=1&resize=350%2C200 1x, https:\/\/i0.wp.com\/velezylozano.com\/wp-content\/uploads\/2022\/10\/2022_SQ_Velez-y-Lozano_91.jpg?fit=1200%2C800&ssl=1&resize=525%2C300 1.5x, https:\/\/i0.wp.com\/velezylozano.com\/wp-content\/uploads\/2022\/10\/2022_SQ_Velez-y-Lozano_91.jpg?fit=1200%2C800&ssl=1&resize=700%2C400 2x, https:\/\/i0.wp.com\/velezylozano.com\/wp-content\/uploads\/2022\/10\/2022_SQ_Velez-y-Lozano_91.jpg?fit=1200%2C800&ssl=1&resize=1050%2C600 3x"},"classes":[]},{"id":11400,"url":"https:\/\/velezylozano.com\/en\/the-face-mask-why-is-it-used-in-orthodontics\/","url_meta":{"origin":8210,"position":1},"title":"The face mask: why is it used in orthodontics?","author":"Raquel Lucas G\u00e1lvez","date":"27 de January de 2023","format":false,"excerpt":"Si te interesa la ortodoncia y eres seguidor de nuestro blog, es muy probable que hayas le\u00eddo ya nuestro art\u00edculo sobre las diferentes maloclusiones que trata la ortodoncia. Si no, te instamos a hacerlo en este enlace, aunque de todos modos vamos a recapitular un poco para poder abordar el\u2026","rel":"","context":"In &quot;2023&quot;","block_context":{"text":"2023","link":"https:\/\/velezylozano.com\/en\/category\/2023\/"},"img":{"alt_text":"","src":"https:\/\/i0.wp.com\/velezylozano.com\/wp-content\/uploads\/2023\/01\/mascara-facial.png?fit=497%2C889&ssl=1&resize=350%2C200","width":350,"height":200},"classes":[]},{"id":11759,"url":"https:\/\/velezylozano.com\/en\/invisalign-precision-wings-for-mandibular-advancement-in-children\/","url_meta":{"origin":8210,"position":2},"title":"Mandibular advancement for children: Invisalign precision wings","author":"Ana P\u00e9rez Pardo","date":"27 de April de 2023","format":false,"excerpt":"Como ya hemos explicado en anteriores art\u00edculos en este blog, la maloclusi\u00f3n de clase II es aquella que se establece cuando no se muerde de forma correcta porque los dientes de la arcada inferior est\u00e1n en una posici\u00f3n retrasada con respecto a los de la arcada superior. Seg\u00fan nuestras estimaciones,\u2026","rel":"","context":"In &quot;2023&quot;","block_context":{"text":"2023","link":"https:\/\/velezylozano.com\/en\/category\/2023\/"},"img":{"alt_text":"","src":"https:\/\/i0.wp.com\/velezylozano.com\/wp-content\/uploads\/2023\/04\/despues-precision.png?fit=362%2C368&ssl=1&resize=350%2C200","width":350,"height":200},"classes":[]},{"id":9433,"url":"https:\/\/velezylozano.com\/en\/apnoea-hypoapnoea-syndrome-sahs-and-orthodontics\/","url_meta":{"origin":8210,"position":3},"title":"Apnoea-hypopnoea syndrome (SAHS) and orthodontics","author":"Raquel Lucas G\u00e1lvez","date":"18 de February de 2022","format":false,"excerpt":"\u00bfQu\u00e9 es el s\u00edndrome de apnea-hipoapnea del sue\u00f1o? El s\u00edndrome de apnea-hipoapnea del sue\u00f1o (SAHS) es una enfermedad bastante com\u00fan en la poblaci\u00f3n general que consiste en una interrupci\u00f3n completa (apnea) o parcial (hipoapnea) del flujo a\u00e9reo durante el sue\u00f1o debido a una obstrucci\u00f3n de la v\u00eda a\u00e9rea superior. Puede\u2026","rel":"","context":"In &quot;2022&quot;","block_context":{"text":"2022","link":"https:\/\/velezylozano.com\/en\/category\/2022\/"},"img":{"alt_text":"","src":"https:\/\/i0.wp.com\/velezylozano.com\/wp-content\/uploads\/2022\/02\/suen%CC%83o.jpeg?fit=1200%2C675&ssl=1&resize=350%2C200","width":350,"height":200,"srcset":"https:\/\/i0.wp.com\/velezylozano.com\/wp-content\/uploads\/2022\/02\/suen%CC%83o.jpeg?fit=1200%2C675&ssl=1&resize=350%2C200 1x, https:\/\/i0.wp.com\/velezylozano.com\/wp-content\/uploads\/2022\/02\/suen%CC%83o.jpeg?fit=1200%2C675&ssl=1&resize=525%2C300 1.5x, https:\/\/i0.wp.com\/velezylozano.com\/wp-content\/uploads\/2022\/02\/suen%CC%83o.jpeg?fit=1200%2C675&ssl=1&resize=700%2C400 2x, https:\/\/i0.wp.com\/velezylozano.com\/wp-content\/uploads\/2022\/02\/suen%CC%83o.jpeg?fit=1200%2C675&ssl=1&resize=1050%2C600 3x"},"classes":[]},{"id":8120,"url":"https:\/\/velezylozano.com\/en\/what-is-the-most-powerful-bracket-for-correcting-a-class-two-or-three-denture\/","url_meta":{"origin":8210,"position":4},"title":"What is the most powerful bracket for correcting a class two or three denture?","author":"Comunicaci\u00f3n V&amp;L","date":"4 de November de 2013","format":false,"excerpt":"En muchas ocasiones los ciudadanos de la Regi\u00f3n de Murcia acuden a su dentista de confianza a plantearle la posibilidad de llevar un tratamiento de ortodoncia, el cual determinar\u00e1 cu\u00e1les son las necesidades del paciente. En algunos casos, el problema fundamental pueden ser dientes muy api\u00f1ados, por una falta de\u2026","rel":"","context":"Similar post","block_context":{"text":"Similar post","link":""},"img":{"alt_text":"","src":"https:\/\/i0.wp.com\/velezylozano.com\/wp-content\/uploads\/2022\/01\/imagen-del-bracket-con-los-dos-arcos-que-mejoran-la-correccic3b3n-de-clase.jpg?fit=1020%2C600&ssl=1&resize=350%2C200","width":350,"height":200,"srcset":"https:\/\/i0.wp.com\/velezylozano.com\/wp-content\/uploads\/2022\/01\/imagen-del-bracket-con-los-dos-arcos-que-mejoran-la-correccic3b3n-de-clase.jpg?fit=1020%2C600&ssl=1&resize=350%2C200 1x, https:\/\/i0.wp.com\/velezylozano.com\/wp-content\/uploads\/2022\/01\/imagen-del-bracket-con-los-dos-arcos-que-mejoran-la-correccic3b3n-de-clase.jpg?fit=1020%2C600&ssl=1&resize=525%2C300 1.5x, https:\/\/i0.wp.com\/velezylozano.com\/wp-content\/uploads\/2022\/01\/imagen-del-bracket-con-los-dos-arcos-que-mejoran-la-correccic3b3n-de-clase.jpg?fit=1020%2C600&ssl=1&resize=700%2C400 2x"},"classes":[]},{"id":10313,"url":"https:\/\/velezylozano.com\/en\/composite-tracks-as-an-early-solution-to-crossbite\/","url_meta":{"origin":8210,"position":5},"title":"Composite tracks as an early solution to crossbite","author":"Vanesa Rico Carrillo","date":"13 de May de 2022","format":false,"excerpt":"Existen varios factores que pueden contribuir a crear una mala mordida desde que comienzan a aparecer los dientes temporales: la gen\u00e9tica, el uso excesivo del chupete (o chuparse el dedo), la lengua\u2026en estos casos, un diagn\u00f3stico precoz es fundamental y comenzar el tratamiento antes de los 6 a\u00f1os es lo\u2026","rel":"","context":"In &quot;2022&quot;","block_context":{"text":"2022","link":"https:\/\/velezylozano.com\/en\/category\/2022\/"},"img":{"alt_text":"","src":"https:\/\/i0.wp.com\/velezylozano.com\/wp-content\/uploads\/2022\/05\/Blog.jpg?fit=1200%2C800&ssl=1&resize=350%2C200","width":350,"height":200,"srcset":"https:\/\/i0.wp.com\/velezylozano.com\/wp-content\/uploads\/2022\/05\/Blog.jpg?fit=1200%2C800&ssl=1&resize=350%2C200 1x, https:\/\/i0.wp.com\/velezylozano.com\/wp-content\/uploads\/2022\/05\/Blog.jpg?fit=1200%2C800&ssl=1&resize=525%2C300 1.5x, https:\/\/i0.wp.com\/velezylozano.com\/wp-content\/uploads\/2022\/05\/Blog.jpg?fit=1200%2C800&ssl=1&resize=700%2C400 2x, https:\/\/i0.wp.com\/velezylozano.com\/wp-content\/uploads\/2022\/05\/Blog.jpg?fit=1200%2C800&ssl=1&resize=1050%2C600 3x"},"classes":[]}],"jetpack_sharing_enabled":true,"_links":{"self":[{"href":"https:\/\/velezylozano.com\/en\/wp-json\/wp\/v2\/posts\/8210","targetHints":{"allow":["GET"]}}],"collection":[{"href":"https:\/\/velezylozano.com\/en\/wp-json\/wp\/v2\/posts"}],"about":[{"href":"https:\/\/velezylozano.com\/en\/wp-json\/wp\/v2\/types\/post"}],"author":[{"embeddable":true,"href":"https:\/\/velezylozano.com\/en\/wp-json\/wp\/v2\/users\/3"}],"replies":[{"embeddable":true,"href":"https:\/\/velezylozano.com\/en\/wp-json\/wp\/v2\/comments?post=8210"}],"version-history":[{"count":0,"href":"https:\/\/velezylozano.com\/en\/wp-json\/wp\/v2\/posts\/8210\/revisions"}],"wp:featuredmedia":[{"embeddable":true,"href":"https:\/\/velezylozano.com\/en\/wp-json\/wp\/v2\/media\/8211"}],"wp:attachment":[{"href":"https:\/\/velezylozano.com\/en\/wp-json\/wp\/v2\/media?parent=8210"}],"wp:term":[{"taxonomy":"category","embeddable":true,"href":"https:\/\/velezylozano.com\/en\/wp-json\/wp\/v2\/categories?post=8210"},{"taxonomy":"post_tag","embeddable":true,"href":"https:\/\/velezylozano.com\/en\/wp-json\/wp\/v2\/tags?post=8210"}],"curies":[{"name":"wp","href":"https:\/\/api.w.org\/{rel}","templated":true}]}}