{"id":8400,"date":"2020-07-27T09:08:04","date_gmt":"2020-07-27T09:08:04","guid":{"rendered":"https:\/\/velezylozano.com\/te-sangran-las-encias-sientes-movilidad-en-alguno-de-los-dientes-tus-dientes-parecen-mas-largos\/"},"modified":"2020-07-27T09:08:04","modified_gmt":"2020-07-27T09:08:04","slug":"your-gums-bleed-you-feel-mobility-in-some-of-your-teeth-your-teeth-seem-longer","status":"publish","type":"post","link":"https:\/\/velezylozano.com\/en\/your-gums-bleed-you-feel-mobility-in-some-of-your-teeth-your-teeth-seem-longer\/","title":{"rendered":"DO YOUR GUMS BLEED, DO YOU FEEL MOBILITY IN ANY OF YOUR TEETH, DO YOUR TEETH SEEM LONGER?"},"content":{"rendered":"<p>I am Fran S\u00e1nchez-Alcaraz, periodontist at V\u00e9lez y Lozano. If your answer is yes to any of these questions, this article will be of interest to you, because we will review what it consists of, and what its most frequent manifestations are.<\/p>\n\n\n\n<h2 class=\"wp-block-heading\">What is periodontal disease?<\/h2>\n\n\n\n<p>Periodontal disease is the medical term for gum disease. The first stage is gingivitis, which is a milder form, which if left untreated progresses to the more serious pathology of periodontitis, which can lead to gum pain, infection and even tooth loss.<\/p>\n\n\n\n<p>Periodontal disease is one of the ten most common diseases affecting humans and the leading cause of tooth loss among adults, so it is important to be aware of the disease and how it can develop.&nbsp;<\/p>\n\n\n\n<div class=\"wp-block-image\"><figure class=\"aligncenter size-large is-resized\"><img data-recalc-dims=\"1\" fetchpriority=\"high\" decoding=\"async\" src=\"https:\/\/i0.wp.com\/velezylozano.com\/wp-content\/uploads\/2020\/07\/image-1.png?resize=567%2C215&#038;ssl=1\" alt=\"\" class=\"wp-image-3819\" width=\"567\" height=\"215\"\/><\/figure><\/div>\n\n\n\n<p>The&nbsp;<a href=\"https:\/\/www.parodontax.es\/sobre-enfermedad-gingival\/fases\/gingivitis\/\">gum disease<\/a>&nbsp;often does not hurt or cause discomfort, but instead presents as redness, swelling, bleeding or receding gums. This often causes us to overlook it and not seek help as quickly as we should.<\/p>\n\n\n\n<h2 class=\"wp-block-heading\">What are the causes?<\/h2>\n\n\n\n<p>Gum disease or periodontal disease is caused by the action of bacteria that normally live in equilibrium in the mouth. On some occasions, due to incorrect oral hygiene, an overgrowth of these bacteria occurs in spaces that are difficult to access, such as the space between gums and teeth, or between tooth and tooth.<\/p>\n\n\n\n<p>In addition to hygiene, there are other factors that aggravate the disease:<\/p>\n\n\n\n<ul class=\"wp-block-list\"><li><strong>Tobacco, <\/strong>increases the risk of periodontitis by a factor of three.<\/li><li><strong>Stress.<\/strong><\/li><li><strong>Systemic diseases<\/strong>such as diabetes.<\/li><li><strong>Low defences.<\/strong><\/li><li><strong>Hormonal changes<\/strong>such as those that occur during pregnancy or menopause.<\/li><li><strong>Genetic factors.<\/strong><\/li><\/ul>\n\n\n\n<h2 class=\"wp-block-heading\">What are the symptoms of periodontitis?<\/h2>\n\n\n\n<p>I mentioned before that the symptoms are not always very noticeable, and it does not usually hurt very much, so it is important to go to our dentist if we find any of the following discomforts:<\/p>\n\n\n\n<ul class=\"wp-block-list\"><li><strong>Bleeding gums<\/strong>spontaneous or during brushing, and redness.&nbsp;<\/li><li><strong>Bad breath.<\/strong><\/li><li><strong>Hypersensitivity to cold.<\/strong><\/li><li><strong>Loss of gum<\/strong>&nbsp;or perception of longer teeth.<\/li><li><strong>Mobility or separation of teeth.<\/strong><\/li><li><strong>Development of abscesses or phlegmons<\/strong>&nbsp;in the gum.<\/li><\/ul>\n\n\n\n<p>However, in smokers, the disease is usually diagnosed later, as smoking reduces blood flow, so bleeding gums sometimes do not appear until later stages of the disease. Smokers should therefore pay special attention to the health of their gums, in addition to trying to quit smoking.<\/p>\n\n\n\n<div class=\"wp-block-image\"><figure class=\"aligncenter size-large\"><img data-recalc-dims=\"1\" decoding=\"async\" src=\"https:\/\/i0.wp.com\/velezylozano.com\/wp-content\/uploads\/2020\/07\/image-2.png?w=800&#038;ssl=1\" alt=\"\" class=\"wp-image-3821\"\/><\/figure><\/div>\n\n\n\n<h2 class=\"wp-block-heading\">What complications can this entail?<\/h2>\n\n\n\n<p>Periodontitis also affects general health, as there is scientific evidence that periodontitis is associated with increased vascular risk, decompensation of diabetes, respiratory infections and even premature birth.<\/p>\n\n\n\n<ul class=\"wp-block-list\"><li><strong>Diabetes<\/strong>Diabetes and periodontitis have an important bidirectional relationship and if not managed together, can be counterproductive to good health and a better life. Like any other infectious pathology, periodontitis alters the metabolic-endocrine status of people. Thus, diabetic patients are more at risk of suffering from periodontitis and periodontitis can initiate or increase insulin resistance, as shown by multiple scientific studies, complicating or hindering glycaemic control.&nbsp;<\/li><\/ul>\n\n\n\n<ul class=\"wp-block-list\"><li><strong>Cardiovascular disease<\/strong>Periodontitis is a risk factor for the development of arteriosclerotic cardiovascular disease. Atherosclerosis is a fundamentally inflammatory disease and it has been shown that uncontrolled infectious or inflammatory foci, such as those caused by periodontitis, cause it to progress and may even trigger more acute processes, such as severe coronary syndromes. Some of the germs that cause periodontal disease have been found to be present in the atheromatous plaques in blood vessels. This is because, in untreated periodontitis, bacteria, toxins and other inflammatory elements can be released into the bloodstream and can cause problems in other parts of the body. The presence of these elements in the coronary arteries triggers a clogging process, increasing the risk of heart attack.<\/li><\/ul>\n\n\n\n<p>Although periodontitis is a chronic and progressive disease, the good news is that it can be treated, and above all prevented. We will talk about this in my next article.<\/p>","protected":false},"excerpt":{"rendered":"<p>I am Fran S\u00e1nchez-Alcaraz, periodontist at V\u00e9lez y Lozano. If your answer is yes to any of these questions, this article will interest you, because we will review what it consists of, and what its most frequent manifestations are. What is periodontal disease? Periodontal disease is the medical term for gum disease. The [...]<\/p>","protected":false},"author":3,"featured_media":8401,"comment_status":"closed","ping_status":"closed","sticky":false,"template":"","format":"standard","meta":{"_jetpack_memberships_contains_paid_content":false,"footnotes":""},"categories":[],"tags":[],"class_list":["post-8400","post","type-post","status-publish","format-standard","has-post-thumbnail","hentry"],"yoast_head":"<!-- This site is optimized with the Yoast SEO plugin v27.4 - https:\/\/yoast.com\/product\/yoast-seo-wordpress\/ -->\n<title>\u00bfTE SANGRAN LAS ENC\u00cdAS? \u00bfSIENTES MOVILIDAD EN ALGUNO DE LOS DIENTES? \u00bfTUS DIENTES PARECEN M\u00c1S LARGOS? - V\u00e9lez &amp; Lozano<\/title>\n<meta name=\"robots\" content=\"index, follow, max-snippet:-1, max-image-preview:large, max-video-preview:-1\" \/>\n<link rel=\"canonical\" href=\"https:\/\/velezylozano.com\/en\/your-gums-bleed-you-feel-mobility-in-some-of-your-teeth-your-teeth-seem-longer\/\" \/>\n<meta property=\"og:locale\" content=\"en_GB\" \/>\n<meta property=\"og:type\" content=\"article\" \/>\n<meta property=\"og:title\" content=\"\u00bfTE SANGRAN LAS ENC\u00cdAS? \u00bfSIENTES MOVILIDAD EN ALGUNO DE LOS DIENTES? \u00bfTUS DIENTES PARECEN M\u00c1S LARGOS? - V\u00e9lez &amp; Lozano\" \/>\n<meta property=\"og:description\" content=\"Soy Fran S\u00e1nchez-Alcaraz, periodoncista de V\u00e9lez y Lozano. Si tu respuesta es afirmativa a alguna de estas preguntas, este art\u00edculo te interesar\u00e1, porque repasaremos en qu\u00e9 consiste, y cu\u00e1les son sus manifestaciones m\u00e1s frecuentes. \u00bfQu\u00e9 es la enfermedad periodontal? La enfermedad periodontal es el t\u00e9rmino m\u00e9dico para referirse a la enfermedad de las enc\u00edas. La [&hellip;]\" \/>\n<meta property=\"og:url\" content=\"https:\/\/velezylozano.com\/en\/your-gums-bleed-you-feel-mobility-in-some-of-your-teeth-your-teeth-seem-longer\/\" \/>\n<meta property=\"og:site_name\" content=\"V\u00e9lez &amp; Lozano\" \/>\n<meta property=\"article:published_time\" content=\"2020-07-27T09:08:04+00:00\" \/>\n<meta property=\"og:image\" content=\"https:\/\/i0.wp.com\/velezylozano.com\/wp-content\/uploads\/2022\/01\/pawel-czerwinski-DNC3cXM0lMU-unsplash-scaled-1.jpg?fit=2560%2C1707&ssl=1\" \/>\n\t<meta property=\"og:image:width\" content=\"2560\" \/>\n\t<meta property=\"og:image:height\" content=\"1707\" \/>\n\t<meta property=\"og:image:type\" content=\"image\/jpeg\" \/>\n<meta name=\"author\" content=\"Comunicaci\u00f3n V&amp;L\" \/>\n<meta name=\"twitter:card\" content=\"summary_large_image\" \/>\n<meta name=\"twitter:label1\" content=\"Written by\" \/>\n\t<meta name=\"twitter:data1\" content=\"Comunicaci\u00f3n V&amp;L\" \/>\n\t<meta name=\"twitter:label2\" content=\"Estimated reading time\" \/>\n\t<meta name=\"twitter:data2\" content=\"4 minutes\" \/>\n<script type=\"application\/ld+json\" class=\"yoast-schema-graph\">{\"@context\":\"https:\\\/\\\/schema.org\",\"@graph\":[{\"@type\":\"Article\",\"@id\":\"https:\\\/\\\/velezylozano.com\\\/te-sangran-las-encias-sientes-movilidad-en-alguno-de-los-dientes-tus-dientes-parecen-mas-largos\\\/#article\",\"isPartOf\":{\"@id\":\"https:\\\/\\\/velezylozano.com\\\/te-sangran-las-encias-sientes-movilidad-en-alguno-de-los-dientes-tus-dientes-parecen-mas-largos\\\/\"},\"author\":{\"name\":\"Comunicaci\u00f3n V&amp;L\",\"@id\":\"https:\\\/\\\/velezylozano.com\\\/#\\\/schema\\\/person\\\/1c56e3cf63dd58194e47c0f52ee1acd5\"},\"headline\":\"\u00bfTE SANGRAN LAS ENC\u00cdAS? \u00bfSIENTES MOVILIDAD EN ALGUNO DE LOS DIENTES? \u00bfTUS DIENTES PARECEN M\u00c1S LARGOS?\",\"datePublished\":\"2020-07-27T09:08:04+00:00\",\"mainEntityOfPage\":{\"@id\":\"https:\\\/\\\/velezylozano.com\\\/te-sangran-las-encias-sientes-movilidad-en-alguno-de-los-dientes-tus-dientes-parecen-mas-largos\\\/\"},\"wordCount\":803,\"publisher\":{\"@id\":\"https:\\\/\\\/velezylozano.com\\\/#organization\"},\"image\":{\"@id\":\"https:\\\/\\\/velezylozano.com\\\/te-sangran-las-encias-sientes-movilidad-en-alguno-de-los-dientes-tus-dientes-parecen-mas-largos\\\/#primaryimage\"},\"thumbnailUrl\":\"https:\\\/\\\/i0.wp.com\\\/velezylozano.com\\\/wp-content\\\/uploads\\\/2022\\\/01\\\/pawel-czerwinski-DNC3cXM0lMU-unsplash-scaled-1.jpg?fit=2560%2C1707&ssl=1\",\"inLanguage\":\"en-GB\"},{\"@type\":\"WebPage\",\"@id\":\"https:\\\/\\\/velezylozano.com\\\/te-sangran-las-encias-sientes-movilidad-en-alguno-de-los-dientes-tus-dientes-parecen-mas-largos\\\/\",\"url\":\"https:\\\/\\\/velezylozano.com\\\/te-sangran-las-encias-sientes-movilidad-en-alguno-de-los-dientes-tus-dientes-parecen-mas-largos\\\/\",\"name\":\"\u00bfTE SANGRAN LAS ENC\u00cdAS? \u00bfSIENTES MOVILIDAD EN ALGUNO DE LOS DIENTES? \u00bfTUS DIENTES PARECEN M\u00c1S LARGOS? - V\u00e9lez &amp; Lozano\",\"isPartOf\":{\"@id\":\"https:\\\/\\\/velezylozano.com\\\/#website\"},\"primaryImageOfPage\":{\"@id\":\"https:\\\/\\\/velezylozano.com\\\/te-sangran-las-encias-sientes-movilidad-en-alguno-de-los-dientes-tus-dientes-parecen-mas-largos\\\/#primaryimage\"},\"image\":{\"@id\":\"https:\\\/\\\/velezylozano.com\\\/te-sangran-las-encias-sientes-movilidad-en-alguno-de-los-dientes-tus-dientes-parecen-mas-largos\\\/#primaryimage\"},\"thumbnailUrl\":\"https:\\\/\\\/i0.wp.com\\\/velezylozano.com\\\/wp-content\\\/uploads\\\/2022\\\/01\\\/pawel-czerwinski-DNC3cXM0lMU-unsplash-scaled-1.jpg?fit=2560%2C1707&ssl=1\",\"datePublished\":\"2020-07-27T09:08:04+00:00\",\"breadcrumb\":{\"@id\":\"https:\\\/\\\/velezylozano.com\\\/te-sangran-las-encias-sientes-movilidad-en-alguno-de-los-dientes-tus-dientes-parecen-mas-largos\\\/#breadcrumb\"},\"inLanguage\":\"en-GB\",\"potentialAction\":[{\"@type\":\"ReadAction\",\"target\":[\"https:\\\/\\\/velezylozano.com\\\/te-sangran-las-encias-sientes-movilidad-en-alguno-de-los-dientes-tus-dientes-parecen-mas-largos\\\/\"]}]},{\"@type\":\"ImageObject\",\"inLanguage\":\"en-GB\",\"@id\":\"https:\\\/\\\/velezylozano.com\\\/te-sangran-las-encias-sientes-movilidad-en-alguno-de-los-dientes-tus-dientes-parecen-mas-largos\\\/#primaryimage\",\"url\":\"https:\\\/\\\/i0.wp.com\\\/velezylozano.com\\\/wp-content\\\/uploads\\\/2022\\\/01\\\/pawel-czerwinski-DNC3cXM0lMU-unsplash-scaled-1.jpg?fit=2560%2C1707&ssl=1\",\"contentUrl\":\"https:\\\/\\\/i0.wp.com\\\/velezylozano.com\\\/wp-content\\\/uploads\\\/2022\\\/01\\\/pawel-czerwinski-DNC3cXM0lMU-unsplash-scaled-1.jpg?fit=2560%2C1707&ssl=1\",\"width\":2560,\"height\":1707},{\"@type\":\"BreadcrumbList\",\"@id\":\"https:\\\/\\\/velezylozano.com\\\/te-sangran-las-encias-sientes-movilidad-en-alguno-de-los-dientes-tus-dientes-parecen-mas-largos\\\/#breadcrumb\",\"itemListElement\":[{\"@type\":\"ListItem\",\"position\":1,\"name\":\"Home\",\"item\":\"https:\\\/\\\/velezylozano.com\\\/\"},{\"@type\":\"ListItem\",\"position\":2,\"name\":\"\u00bfTE SANGRAN LAS ENC\u00cdAS? \u00bfSIENTES MOVILIDAD EN ALGUNO DE LOS DIENTES? \u00bfTUS DIENTES PARECEN M\u00c1S LARGOS?\"}]},{\"@type\":\"WebSite\",\"@id\":\"https:\\\/\\\/velezylozano.com\\\/#website\",\"url\":\"https:\\\/\\\/velezylozano.com\\\/\",\"name\":\"V\u00e9lez &amp; Lozano\",\"description\":\"Cl\u00ednica dental en Murcia desde 2008\",\"publisher\":{\"@id\":\"https:\\\/\\\/velezylozano.com\\\/#organization\"},\"potentialAction\":[{\"@type\":\"SearchAction\",\"target\":{\"@type\":\"EntryPoint\",\"urlTemplate\":\"https:\\\/\\\/velezylozano.com\\\/?s={search_term_string}\"},\"query-input\":{\"@type\":\"PropertyValueSpecification\",\"valueRequired\":true,\"valueName\":\"search_term_string\"}}],\"inLanguage\":\"en-GB\"},{\"@type\":\"Organization\",\"@id\":\"https:\\\/\\\/velezylozano.com\\\/#organization\",\"name\":\"V\u00e9lez &amp; Lozano\",\"url\":\"https:\\\/\\\/velezylozano.com\\\/\",\"logo\":{\"@type\":\"ImageObject\",\"inLanguage\":\"en-GB\",\"@id\":\"https:\\\/\\\/velezylozano.com\\\/#\\\/schema\\\/logo\\\/image\\\/\",\"url\":\"https:\\\/\\\/velezylozano.com\\\/wp-content\\\/uploads\\\/2021\\\/12\\\/velezlozanologo.svg\",\"contentUrl\":\"https:\\\/\\\/velezylozano.com\\\/wp-content\\\/uploads\\\/2021\\\/12\\\/velezlozanologo.svg\",\"width\":322,\"height\":33,\"caption\":\"V\u00e9lez &amp; Lozano\"},\"image\":{\"@id\":\"https:\\\/\\\/velezylozano.com\\\/#\\\/schema\\\/logo\\\/image\\\/\"}},{\"@type\":\"Person\",\"@id\":\"https:\\\/\\\/velezylozano.com\\\/#\\\/schema\\\/person\\\/1c56e3cf63dd58194e47c0f52ee1acd5\",\"name\":\"Comunicaci\u00f3n V&amp;L\",\"image\":{\"@type\":\"ImageObject\",\"inLanguage\":\"en-GB\",\"@id\":\"https:\\\/\\\/secure.gravatar.com\\\/avatar\\\/c71847bdb2db2b82cf103719836121929bea3f2c1e8f242954e5cc67e1346522?s=96&d=mm&r=g\",\"url\":\"https:\\\/\\\/secure.gravatar.com\\\/avatar\\\/c71847bdb2db2b82cf103719836121929bea3f2c1e8f242954e5cc67e1346522?s=96&d=mm&r=g\",\"contentUrl\":\"https:\\\/\\\/secure.gravatar.com\\\/avatar\\\/c71847bdb2db2b82cf103719836121929bea3f2c1e8f242954e5cc67e1346522?s=96&d=mm&r=g\",\"caption\":\"Comunicaci\u00f3n V&amp;L\"},\"url\":\"https:\\\/\\\/velezylozano.com\\\/en\\\/author\\\/andres\\\/\"}]}<\/script>\n<!-- \/ Yoast SEO plugin. -->","yoast_head_json":{"title":"DO YOUR GUMS BLEED? DO YOU FEEL MOBILITY IN ANY OF YOUR TEETH? DO YOUR TEETH SEEM LONGER? - Velez &amp; Lozano","robots":{"index":"index","follow":"follow","max-snippet":"max-snippet:-1","max-image-preview":"max-image-preview:large","max-video-preview":"max-video-preview:-1"},"canonical":"https:\/\/velezylozano.com\/en\/your-gums-bleed-you-feel-mobility-in-some-of-your-teeth-your-teeth-seem-longer\/","og_locale":"en_GB","og_type":"article","og_title":"\u00bfTE SANGRAN LAS ENC\u00cdAS? \u00bfSIENTES MOVILIDAD EN ALGUNO DE LOS DIENTES? \u00bfTUS DIENTES PARECEN M\u00c1S LARGOS? - V\u00e9lez &amp; Lozano","og_description":"Soy Fran S\u00e1nchez-Alcaraz, periodoncista de V\u00e9lez y Lozano. Si tu respuesta es afirmativa a alguna de estas preguntas, este art\u00edculo te interesar\u00e1, porque repasaremos en qu\u00e9 consiste, y cu\u00e1les son sus manifestaciones m\u00e1s frecuentes. \u00bfQu\u00e9 es la enfermedad periodontal? La enfermedad periodontal es el t\u00e9rmino m\u00e9dico para referirse a la enfermedad de las enc\u00edas. La [&hellip;]","og_url":"https:\/\/velezylozano.com\/en\/your-gums-bleed-you-feel-mobility-in-some-of-your-teeth-your-teeth-seem-longer\/","og_site_name":"V\u00e9lez &amp; Lozano","article_published_time":"2020-07-27T09:08:04+00:00","og_image":[{"width":2560,"height":1707,"url":"https:\/\/i0.wp.com\/velezylozano.com\/wp-content\/uploads\/2022\/01\/pawel-czerwinski-DNC3cXM0lMU-unsplash-scaled-1.jpg?fit=2560%2C1707&ssl=1","type":"image\/jpeg"}],"author":"Comunicaci\u00f3n V&amp;L","twitter_card":"summary_large_image","twitter_misc":{"Written by":"Comunicaci\u00f3n V&amp;L","Estimated reading time":"4 minutes"},"schema":{"@context":"https:\/\/schema.org","@graph":[{"@type":"Article","@id":"https:\/\/velezylozano.com\/te-sangran-las-encias-sientes-movilidad-en-alguno-de-los-dientes-tus-dientes-parecen-mas-largos\/#article","isPartOf":{"@id":"https:\/\/velezylozano.com\/te-sangran-las-encias-sientes-movilidad-en-alguno-de-los-dientes-tus-dientes-parecen-mas-largos\/"},"author":{"name":"Comunicaci\u00f3n V&amp;L","@id":"https:\/\/velezylozano.com\/#\/schema\/person\/1c56e3cf63dd58194e47c0f52ee1acd5"},"headline":"\u00bfTE SANGRAN LAS ENC\u00cdAS? \u00bfSIENTES MOVILIDAD EN ALGUNO DE LOS DIENTES? \u00bfTUS DIENTES PARECEN M\u00c1S LARGOS?","datePublished":"2020-07-27T09:08:04+00:00","mainEntityOfPage":{"@id":"https:\/\/velezylozano.com\/te-sangran-las-encias-sientes-movilidad-en-alguno-de-los-dientes-tus-dientes-parecen-mas-largos\/"},"wordCount":803,"publisher":{"@id":"https:\/\/velezylozano.com\/#organization"},"image":{"@id":"https:\/\/velezylozano.com\/te-sangran-las-encias-sientes-movilidad-en-alguno-de-los-dientes-tus-dientes-parecen-mas-largos\/#primaryimage"},"thumbnailUrl":"https:\/\/i0.wp.com\/velezylozano.com\/wp-content\/uploads\/2022\/01\/pawel-czerwinski-DNC3cXM0lMU-unsplash-scaled-1.jpg?fit=2560%2C1707&ssl=1","inLanguage":"en-GB"},{"@type":"WebPage","@id":"https:\/\/velezylozano.com\/te-sangran-las-encias-sientes-movilidad-en-alguno-de-los-dientes-tus-dientes-parecen-mas-largos\/","url":"https:\/\/velezylozano.com\/te-sangran-las-encias-sientes-movilidad-en-alguno-de-los-dientes-tus-dientes-parecen-mas-largos\/","name":"DO YOUR GUMS BLEED? DO YOU FEEL MOBILITY IN ANY OF YOUR TEETH? DO YOUR TEETH SEEM LONGER? - Velez &amp; Lozano","isPartOf":{"@id":"https:\/\/velezylozano.com\/#website"},"primaryImageOfPage":{"@id":"https:\/\/velezylozano.com\/te-sangran-las-encias-sientes-movilidad-en-alguno-de-los-dientes-tus-dientes-parecen-mas-largos\/#primaryimage"},"image":{"@id":"https:\/\/velezylozano.com\/te-sangran-las-encias-sientes-movilidad-en-alguno-de-los-dientes-tus-dientes-parecen-mas-largos\/#primaryimage"},"thumbnailUrl":"https:\/\/i0.wp.com\/velezylozano.com\/wp-content\/uploads\/2022\/01\/pawel-czerwinski-DNC3cXM0lMU-unsplash-scaled-1.jpg?fit=2560%2C1707&ssl=1","datePublished":"2020-07-27T09:08:04+00:00","breadcrumb":{"@id":"https:\/\/velezylozano.com\/te-sangran-las-encias-sientes-movilidad-en-alguno-de-los-dientes-tus-dientes-parecen-mas-largos\/#breadcrumb"},"inLanguage":"en-GB","potentialAction":[{"@type":"ReadAction","target":["https:\/\/velezylozano.com\/te-sangran-las-encias-sientes-movilidad-en-alguno-de-los-dientes-tus-dientes-parecen-mas-largos\/"]}]},{"@type":"ImageObject","inLanguage":"en-GB","@id":"https:\/\/velezylozano.com\/te-sangran-las-encias-sientes-movilidad-en-alguno-de-los-dientes-tus-dientes-parecen-mas-largos\/#primaryimage","url":"https:\/\/i0.wp.com\/velezylozano.com\/wp-content\/uploads\/2022\/01\/pawel-czerwinski-DNC3cXM0lMU-unsplash-scaled-1.jpg?fit=2560%2C1707&ssl=1","contentUrl":"https:\/\/i0.wp.com\/velezylozano.com\/wp-content\/uploads\/2022\/01\/pawel-czerwinski-DNC3cXM0lMU-unsplash-scaled-1.jpg?fit=2560%2C1707&ssl=1","width":2560,"height":1707},{"@type":"BreadcrumbList","@id":"https:\/\/velezylozano.com\/te-sangran-las-encias-sientes-movilidad-en-alguno-de-los-dientes-tus-dientes-parecen-mas-largos\/#breadcrumb","itemListElement":[{"@type":"ListItem","position":1,"name":"Home","item":"https:\/\/velezylozano.com\/"},{"@type":"ListItem","position":2,"name":"\u00bfTE SANGRAN LAS ENC\u00cdAS? \u00bfSIENTES MOVILIDAD EN ALGUNO DE LOS DIENTES? \u00bfTUS DIENTES PARECEN M\u00c1S LARGOS?"}]},{"@type":"WebSite","@id":"https:\/\/velezylozano.com\/#website","url":"https:\/\/velezylozano.com\/","name":"Velez &amp; Lozano","description":"Dental clinic in Murcia since 2008","publisher":{"@id":"https:\/\/velezylozano.com\/#organization"},"potentialAction":[{"@type":"SearchAction","target":{"@type":"EntryPoint","urlTemplate":"https:\/\/velezylozano.com\/?s={search_term_string}"},"query-input":{"@type":"PropertyValueSpecification","valueRequired":true,"valueName":"search_term_string"}}],"inLanguage":"en-GB"},{"@type":"Organization","@id":"https:\/\/velezylozano.com\/#organization","name":"Velez &amp; Lozano","url":"https:\/\/velezylozano.com\/","logo":{"@type":"ImageObject","inLanguage":"en-GB","@id":"https:\/\/velezylozano.com\/#\/schema\/logo\/image\/","url":"https:\/\/velezylozano.com\/wp-content\/uploads\/2021\/12\/velezlozanologo.svg","contentUrl":"https:\/\/velezylozano.com\/wp-content\/uploads\/2021\/12\/velezlozanologo.svg","width":322,"height":33,"caption":"V\u00e9lez &amp; Lozano"},"image":{"@id":"https:\/\/velezylozano.com\/#\/schema\/logo\/image\/"}},{"@type":"Person","@id":"https:\/\/velezylozano.com\/#\/schema\/person\/1c56e3cf63dd58194e47c0f52ee1acd5","name":"V&amp;L Communication","image":{"@type":"ImageObject","inLanguage":"en-GB","@id":"https:\/\/secure.gravatar.com\/avatar\/c71847bdb2db2b82cf103719836121929bea3f2c1e8f242954e5cc67e1346522?s=96&d=mm&r=g","url":"https:\/\/secure.gravatar.com\/avatar\/c71847bdb2db2b82cf103719836121929bea3f2c1e8f242954e5cc67e1346522?s=96&d=mm&r=g","contentUrl":"https:\/\/secure.gravatar.com\/avatar\/c71847bdb2db2b82cf103719836121929bea3f2c1e8f242954e5cc67e1346522?s=96&d=mm&r=g","caption":"Comunicaci\u00f3n V&amp;L"},"url":"https:\/\/velezylozano.com\/en\/author\/andres\/"}]}},"jetpack_featured_media_url":"https:\/\/i0.wp.com\/velezylozano.com\/wp-content\/uploads\/2022\/01\/pawel-czerwinski-DNC3cXM0lMU-unsplash-scaled-1.jpg?fit=2560%2C1707&ssl=1","jetpack-related-posts":[{"id":8009,"url":"https:\/\/velezylozano.com\/en\/periodontal-maintenance-murcia\/","url_meta":{"origin":8400,"position":0},"title":"Periodontal maintenance in Murcia: keep your teeth for 'forever'.","author":"Comunicaci\u00f3n V&amp;L","date":"27 de November de 2012","format":false,"excerpt":"La enfermedad de las enc\u00edas, antiguamente conocida popularmente como \u201cpiorrea\u201d, se denomina m\u00e9dicamente como \u2018enfermedad periodontal\u2019. Se trata de una patolog\u00eda silente (es decir, que en m\u00e1s de un 90% de los casos no presenta s\u00edntomas), que afecta a los tejidos de soporte del diente, fundamentalmente hueso y enc\u00edas. Los\u2026","rel":"","context":"Similar post","block_context":{"text":"Similar post","link":""},"img":{"alt_text":"","src":"https:\/\/i0.wp.com\/velezylozano.com\/wp-content\/uploads\/2022\/01\/velez-y-lozano-instrumentos-dental-rascador-scaled-1.jpg?fit=1200%2C857&ssl=1&resize=350%2C200","width":350,"height":200,"srcset":"https:\/\/i0.wp.com\/velezylozano.com\/wp-content\/uploads\/2022\/01\/velez-y-lozano-instrumentos-dental-rascador-scaled-1.jpg?fit=1200%2C857&ssl=1&resize=350%2C200 1x, https:\/\/i0.wp.com\/velezylozano.com\/wp-content\/uploads\/2022\/01\/velez-y-lozano-instrumentos-dental-rascador-scaled-1.jpg?fit=1200%2C857&ssl=1&resize=525%2C300 1.5x, https:\/\/i0.wp.com\/velezylozano.com\/wp-content\/uploads\/2022\/01\/velez-y-lozano-instrumentos-dental-rascador-scaled-1.jpg?fit=1200%2C857&ssl=1&resize=700%2C400 2x, https:\/\/i0.wp.com\/velezylozano.com\/wp-content\/uploads\/2022\/01\/velez-y-lozano-instrumentos-dental-rascador-scaled-1.jpg?fit=1200%2C857&ssl=1&resize=1050%2C600 3x"},"classes":[]},{"id":8026,"url":"https:\/\/velezylozano.com\/en\/periodontal-maintenance-of-teeth-and-gums-reduces-diabetes-mellitus-medical-costs\/","url_meta":{"origin":8400,"position":1},"title":"Periodontal maintenance of teeth and gums reduces diabetes mellitus medical costs","author":"Comunicaci\u00f3n V&amp;L","date":"5 de October de 2012","format":false,"excerpt":"Los niveles descontrolados de az\u00facar en el cuerpo afectan al cuerpo\u2026 desde los pies hasta la cabeza, pasando por dientes y enc\u00edas, lo que hace important\u00edsimo que todo paciente diab\u00e9tico acuda con regularidad al dentista. Recientemente, la Asociaci\u00f3n Americana para Investigaci\u00f3n Dental present\u00f3 un estudio en referencia a este tema,\u2026","rel":"","context":"Similar post","block_context":{"text":"Similar post","link":""},"img":{"alt_text":"","src":"https:\/\/i0.wp.com\/velezylozano.com\/wp-content\/uploads\/2022\/01\/velez-y-lozano-clinica-dental-region-murcia-dashboard-septiembre-2-scaled-1.jpg?fit=1200%2C857&ssl=1&resize=350%2C200","width":350,"height":200,"srcset":"https:\/\/i0.wp.com\/velezylozano.com\/wp-content\/uploads\/2022\/01\/velez-y-lozano-clinica-dental-region-murcia-dashboard-septiembre-2-scaled-1.jpg?fit=1200%2C857&ssl=1&resize=350%2C200 1x, https:\/\/i0.wp.com\/velezylozano.com\/wp-content\/uploads\/2022\/01\/velez-y-lozano-clinica-dental-region-murcia-dashboard-septiembre-2-scaled-1.jpg?fit=1200%2C857&ssl=1&resize=525%2C300 1.5x, https:\/\/i0.wp.com\/velezylozano.com\/wp-content\/uploads\/2022\/01\/velez-y-lozano-clinica-dental-region-murcia-dashboard-septiembre-2-scaled-1.jpg?fit=1200%2C857&ssl=1&resize=700%2C400 2x, https:\/\/i0.wp.com\/velezylozano.com\/wp-content\/uploads\/2022\/01\/velez-y-lozano-clinica-dental-region-murcia-dashboard-septiembre-2-scaled-1.jpg?fit=1200%2C857&ssl=1&resize=1050%2C600 3x"},"classes":[]},{"id":10254,"url":"https:\/\/velezylozano.com\/en\/how-we-classify-patients-with-periodontics\/","url_meta":{"origin":8400,"position":2},"title":"How do we classify periodontal patients?","author":"Francisco S\u00e1nchez-Alcaraz Mart\u00ednez","date":"8 de April de 2022","format":false,"excerpt":"Como experto en periodoncia en V\u00e9lez y Lozano, os pod\u00e9is imaginar que son muchas las veces que explico al mes a un paciente qu\u00e9 es lo que le sucede y c\u00f3mo lo s\u00e9, debido a que son muchas las preguntas que le surgen en este sentido. Es decir, cuando le\u2026","rel":"","context":"In &quot;2022&quot;","block_context":{"text":"2022","link":"https:\/\/velezylozano.com\/en\/category\/2022\/"},"img":{"alt_text":"","src":"https:\/\/i0.wp.com\/velezylozano.com\/wp-content\/uploads\/2022\/04\/IMG_6837-scaled.jpg?fit=1200%2C800&ssl=1&resize=350%2C200","width":350,"height":200,"srcset":"https:\/\/i0.wp.com\/velezylozano.com\/wp-content\/uploads\/2022\/04\/IMG_6837-scaled.jpg?fit=1200%2C800&ssl=1&resize=350%2C200 1x, https:\/\/i0.wp.com\/velezylozano.com\/wp-content\/uploads\/2022\/04\/IMG_6837-scaled.jpg?fit=1200%2C800&ssl=1&resize=525%2C300 1.5x, https:\/\/i0.wp.com\/velezylozano.com\/wp-content\/uploads\/2022\/04\/IMG_6837-scaled.jpg?fit=1200%2C800&ssl=1&resize=700%2C400 2x, https:\/\/i0.wp.com\/velezylozano.com\/wp-content\/uploads\/2022\/04\/IMG_6837-scaled.jpg?fit=1200%2C800&ssl=1&resize=1050%2C600 3x"},"classes":[]},{"id":12488,"url":"https:\/\/velezylozano.com\/en\/what-is-dental-scaling-and-when-should-we-do-it\/","url_meta":{"origin":8400,"position":3},"title":"What is dental scaling and when should we do it?","author":"Francisco S\u00e1nchez-Alcaraz Mart\u00ednez","date":"15 de March de 2024","format":false,"excerpt":"Un\u00a0raspado dental es una t\u00e9cnica o tratamiento odontol\u00f3gico que se utiliza para frenar el avance de la periodontitis y estabilizar la enfermedad. Se trata de una t\u00e9nica no quir\u00fargica y m\u00ednimamente invasiva en la que mediante la aplicaci\u00f3n de anestesia local y con instrumentales espec\u00edficos se limpian y desinfectan los\u2026","rel":"","context":"In &quot;2024&quot;","block_context":{"text":"2024","link":"https:\/\/velezylozano.com\/en\/category\/2024\/"},"img":{"alt_text":"","src":"","width":0,"height":0},"classes":[]},{"id":10573,"url":"https:\/\/velezylozano.com\/en\/periodontal-treatments-doctor-what-are-my-options\/","url_meta":{"origin":8400,"position":4},"title":"Periodontal treatment: 'Doctor, what are my options?","author":"Francisco J.","date":"29 de July de 2022","format":false,"excerpt":"En la mayor\u00eda de entradas de este blog en las que abordamos la rama de la periodoncia, siempre lo hacemos desde un punto preventivo, porque, como cualquier otro profesional del sector de la salud, creemos que la prevenci\u00f3n es el mejor tratamiento ante cualquier enfermedad, bucal o no. Sin embargo,\u2026","rel":"","context":"In &quot;2022&quot;","block_context":{"text":"2022","link":"https:\/\/velezylozano.com\/en\/category\/2022\/"},"img":{"alt_text":"","src":"https:\/\/i0.wp.com\/velezylozano.com\/wp-content\/uploads\/2022\/07\/Tratamiento-periodontitis.jpeg?fit=816%2C546&ssl=1&resize=350%2C200","width":350,"height":200,"srcset":"https:\/\/i0.wp.com\/velezylozano.com\/wp-content\/uploads\/2022\/07\/Tratamiento-periodontitis.jpeg?fit=816%2C546&ssl=1&resize=350%2C200 1x, https:\/\/i0.wp.com\/velezylozano.com\/wp-content\/uploads\/2022\/07\/Tratamiento-periodontitis.jpeg?fit=816%2C546&ssl=1&resize=525%2C300 1.5x, https:\/\/i0.wp.com\/velezylozano.com\/wp-content\/uploads\/2022\/07\/Tratamiento-periodontitis.jpeg?fit=816%2C546&ssl=1&resize=700%2C400 2x"},"classes":[]},{"id":12527,"url":"https:\/\/velezylozano.com\/en\/i-have-a-lump-in-my-gum-what-do-i-do-now\/","url_meta":{"origin":8400,"position":5},"title":"I have a lump on my gum, what do I do now?","author":"Francisco J.","date":"12 de April de 2024","format":false,"excerpt":"Es habitual, y bastante normal, recibir a pacientes preocupados porque se han visto (y se tocan con la lengua) un bulto extra\u00f1o en la enc\u00eda que parec\u00eda no estar ah\u00ed ayer. Dependiendo de las caracter\u00edsticas de dicho bulto, podemos saber si es o no preocupante cuando recibimos su llamada telef\u00f3nica,\u2026","rel":"","context":"In &quot;2024&quot;","block_context":{"text":"2024","link":"https:\/\/velezylozano.com\/en\/category\/2024\/"},"img":{"alt_text":"","src":"https:\/\/i0.wp.com\/velezylozano.com\/wp-content\/uploads\/2024\/04\/bulto-encia.webp?fit=600%2C400&ssl=1&resize=350%2C200","width":350,"height":200,"srcset":"https:\/\/i0.wp.com\/velezylozano.com\/wp-content\/uploads\/2024\/04\/bulto-encia.webp?fit=600%2C400&ssl=1&resize=350%2C200 1x, https:\/\/i0.wp.com\/velezylozano.com\/wp-content\/uploads\/2024\/04\/bulto-encia.webp?fit=600%2C400&ssl=1&resize=525%2C300 1.5x"},"classes":[]}],"jetpack_sharing_enabled":true,"_links":{"self":[{"href":"https:\/\/velezylozano.com\/en\/wp-json\/wp\/v2\/posts\/8400","targetHints":{"allow":["GET"]}}],"collection":[{"href":"https:\/\/velezylozano.com\/en\/wp-json\/wp\/v2\/posts"}],"about":[{"href":"https:\/\/velezylozano.com\/en\/wp-json\/wp\/v2\/types\/post"}],"author":[{"embeddable":true,"href":"https:\/\/velezylozano.com\/en\/wp-json\/wp\/v2\/users\/3"}],"replies":[{"embeddable":true,"href":"https:\/\/velezylozano.com\/en\/wp-json\/wp\/v2\/comments?post=8400"}],"version-history":[{"count":0,"href":"https:\/\/velezylozano.com\/en\/wp-json\/wp\/v2\/posts\/8400\/revisions"}],"wp:featuredmedia":[{"embeddable":true,"href":"https:\/\/velezylozano.com\/en\/wp-json\/wp\/v2\/media\/8401"}],"wp:attachment":[{"href":"https:\/\/velezylozano.com\/en\/wp-json\/wp\/v2\/media?parent=8400"}],"wp:term":[{"taxonomy":"category","embeddable":true,"href":"https:\/\/velezylozano.com\/en\/wp-json\/wp\/v2\/categories?post=8400"},{"taxonomy":"post_tag","embeddable":true,"href":"https:\/\/velezylozano.com\/en\/wp-json\/wp\/v2\/tags?post=8400"}],"curies":[{"name":"wp","href":"https:\/\/api.w.org\/{rel}","templated":true}]}}