{"id":8506,"date":"2021-07-23T08:03:00","date_gmt":"2021-07-23T08:03:00","guid":{"rendered":"https:\/\/velezylozano.com\/verano-y-salud-dental\/"},"modified":"2021-07-23T08:03:00","modified_gmt":"2021-07-23T08:03:00","slug":"summer-and-dental-health","status":"publish","type":"post","link":"https:\/\/velezylozano.com\/en\/summer-and-dental-health\/","title":{"rendered":"How does summer affect our teeth?"},"content":{"rendered":"<p>Summer is the time of year when most people go on holiday and take the opportunity to go on short trips, where it is very easy to lose our dental routine. We try to enjoy our rest period so much that we sometimes forget to carry out a minimum of oral hygiene.&nbsp;<\/p>\n\n\n\n<p>From <strong><a href=\"https:\/\/velezylozano.com\/en\/\">Velez &amp; Lozano<\/a><\/strong> we are going to give you some recommendations so that when you return from your holidays you don't notice your gums are swollen, you relapse into a periodontal problem or a cavity or two awaits you.<\/p>\n\n\n\n<h2 class=\"wp-block-heading\">BEACHES AND SWIMMING POOLS<\/h2>\n\n\n\n<figure class=\"wp-block-image size-large\"><img data-recalc-dims=\"1\" height=\"400\" width=\"800\" decoding=\"async\" src=\"https:\/\/i0.wp.com\/velezylozano.com\/wp-content\/uploads\/2021\/07\/1539-scaled-2560x1280-1.jpeg?resize=800%2C400&#038;ssl=1\" alt=\"\" class=\"wp-image-6203\"\/><\/figure>\n\n\n\n<p>Summer is also the time of year when, due to the heat, we make more use of swimming pools, and although in principle it is something that people do not usually take into account, we must be careful with exposure to chlorine and other chemicals when it comes to looking after our dental health. Long exposure to these substances encourages the accumulation of tartar and the appearance of yellowish stains on our teeth, which is why people who practise water sports have more dental plaque.<\/p>\n\n\n\n<figure class=\"wp-block-embed is-type-rich is-provider-gestor-del-servicio wp-block-embed-gestor-del-servicio wp-embed-aspect-16-9 wp-has-aspect-ratio\"><div class=\"wp-block-embed__wrapper\">\n<iframe title=\"Did you know that... - Chlorine and dental plaque\" width=\"800\" height=\"450\" src=\"https:\/\/www.youtube.com\/embed\/5g7EK-178Go?feature=oembed\" frameborder=\"0\" allow=\"accelerometer; autoplay; clipboard-write; encrypted-media; gyroscope; picture-in-picture\" allowfullscreen><\/iframe>\n<\/div><\/figure>\n\n\n\n<p>In addition, diving can cause jaw pain if you do not know how to position the mouthpiece of the air regulator correctly. Diving can also lead to barodontalgia, which causes dental pain because the pulp chamber of the tooth must adjust to the atmospheric pressure it experiences, especially if the diver has large cavities, fillings, inflamed or infected gums.<\/p>\n\n\n\n<h2 class=\"wp-block-heading\">SENSITIVITY<\/h2>\n\n\n\n<figure class=\"wp-block-image size-large\"><img data-recalc-dims=\"1\" decoding=\"async\" src=\"https:\/\/i0.wp.com\/velezylozano.com\/wp-content\/uploads\/2021\/07\/22c5971979da7463f3c6eb49437039a8.jpg?w=800&#038;ssl=1\" alt=\"\" class=\"wp-image-6202\"\/><\/figure>\n\n\n\n<p>Summer is when we consume cold foods such as ice cream, iced coffee, slushies or even water fresh from the fridge. Added to the fact that in summer we consume more acidic foods such as soft drinks, white wine, beer, gazpacho, etc., this usually results in demineralised teeth that favour the appearance of dental sensitivity.<\/p>\n\n\n\n<h2 class=\"wp-block-heading\">HYDRATION AND SALIVA&nbsp;<\/h2>\n\n\n\n<p>Factors such as higher temperatures, increased exposure to the sun and increased social activity and sport cause our bodies to lose more water and have to adapt. This adaptation involves a series of changes in the body in order to maintain adequate levels of hydration and salt concentration.&nbsp;<\/p>\n\n\n\n<p>Dry mouth is often linked to a reduction in the number of teeth in the mouth. <a href=\"https:\/\/www.phb.es\/el-papel-de-la-saliva-en-la-salud-bucal\/\">saliva levels<\/a>which is a vital element for the protection of our teeth. It is therefore essential to maintain constant hydration and an adequate concentration of these salts through a regular intake of water and sugar-free drinks, as well as fruit and vegetables, as these, in addition to containing water, promote greater salivation.<\/p>\n\n\n\n<p>Decreased saliva can lead to the development of what is popularly known as 'cold sores' (angular cheilitis) and creates an ideal environment for the proliferation of bacteria, which increases the risk of caries development, <a href=\"https:\/\/www.phb.es\/que-es-la-gingivitis\/\">gingivitis (inflammation and bleeding of the gums)<\/a>The mouth, problems swallowing, speaking, eating, wearing dentures or even pain, irritation or burning of the tongue can occur. These oral situations, together with halitosis and hypersensitivity, are the most frequent oral problems in summer.<\/p>\n\n\n\n<h2 class=\"wp-block-heading\">FOOD<\/h2>\n\n\n\n<figure class=\"wp-block-image size-large\"><img data-recalc-dims=\"1\" decoding=\"async\" src=\"https:\/\/i0.wp.com\/velezylozano.com\/wp-content\/uploads\/2021\/07\/unnamed.jpeg?w=800&#038;ssl=1\" alt=\"\" class=\"wp-image-6201\"\/><\/figure>\n\n\n\n<p>Summer is also a time when we tend to change our eating habits. We eat foods that we would not normally eat and at times that we are not used to, we increase our consumption of energy drinks, carbonated drinks and sugars in general and, on occasions, we increase our alcohol intake.<\/p>\n\n\n\n<p>All these factors, together with insufficient dental hygiene as a result of the loss of our traditional routine, can cause, among other things, an increase in the possibility of developing caries or suffering from halitosis. Therefore, maintaining our hygiene routine should be our priority when it comes to having a healthy mouth and mitigating the ravages of summer, but we should also take into account other factors that will be of great help, such as prioritising the consumption of one type of food over another, as they will help us to look after our teeth in summer:<\/p>\n\n\n\n<ul class=\"wp-block-list\"><li><strong>Seasonal fruits and vegetables<\/strong>. Watermelon and melon are two of the summer fruits that provide the most nutrients to the body and at the same time help to hydrate our organism, something we have already mentioned their importance.<\/li><li><strong>Fish and seafood<\/strong>. Summer is a great time to eat fish such as sardines, whose fluoride and Omega 3 fatty acid content helps our dental health. Both help to prevent and control both inflammation and bleeding of the gums.<\/li><li><strong>Fresh cheese and dairy products in general. <\/strong>As a great source of calcium, they help keep our teeth strong and hydrate our mouth.<\/li><\/ul>\n\n\n\n<p>Last but not least, <strong>do not use your teeth<\/strong> to open bags, bottles or containers of any kind. It sounds like a very basic tip, but it is something that many people do without even realising it.<\/p>\n\n\n\n<p>Don't neglect your dental health and hygiene in summer, as it is still compatible with enjoying your holidays. And remember that summer is for smiling more than ever. If you want to go to the beach or on a trip with the satisfaction of having 'homework done' and go for a check-up or a cleaning, or even a cosmetic treatment such as whitening, we encourage you to visit our <a href=\"https:\/\/velezylozano.com\/en\/online-appointment\/\">Dental Clinic in Murcia<\/a>where we will be happy to help you in any way we can.<\/p>\n\n\n\n<figure class=\"wp-block-table\"><table><tbody><tr><td><\/td><\/tr><tr><\/tr><\/tbody><\/table><\/figure>\n\n\n\n<p><strong>Author<\/strong>Jacobo Martinez<\/p>","protected":false},"excerpt":{"rendered":"<p>Summer is the time of year when most people go on holiday and take the opportunity to go on short trips, where it is very easy to lose our dental routine. We try to enjoy our rest period so much that we sometimes forget to carry out a minimum amount of oral hygiene.  [...]<\/p>","protected":false},"author":3,"featured_media":8507,"comment_status":"closed","ping_status":"closed","sticky":false,"template":"","format":"standard","meta":{"_jetpack_memberships_contains_paid_content":false,"footnotes":""},"categories":[30],"tags":[],"class_list":["post-8506","post","type-post","status-publish","format-standard","has-post-thumbnail","hentry","category-30"],"yoast_head":"<!-- This site is optimized with the Yoast SEO plugin v27.5 - https:\/\/yoast.com\/product\/yoast-seo-wordpress\/ -->\n<title>\u00bfC\u00f3mo afecta el verano a nuestros dientes? - V\u00e9lez &amp; Lozano<\/title>\n<meta name=\"robots\" content=\"index, follow, max-snippet:-1, max-image-preview:large, max-video-preview:-1\" \/>\n<link rel=\"canonical\" href=\"https:\/\/velezylozano.com\/en\/summer-and-dental-health\/\" \/>\n<meta property=\"og:locale\" content=\"en_GB\" \/>\n<meta property=\"og:type\" content=\"article\" \/>\n<meta property=\"og:title\" content=\"\u00bfC\u00f3mo afecta el verano a nuestros dientes? - V\u00e9lez &amp; Lozano\" \/>\n<meta property=\"og:description\" content=\"El verano es la \u00e9poca del a\u00f1o en la que la mayor\u00eda de personas tienen vacaciones y aprovechan para hacer peque\u00f1os viajes, en los que es muy f\u00e1cil perder la rutina dental. Tratamos de disfrutar tan al m\u00e1ximo de nuestro periodo de descanso que a veces olvidamos llevar a cabo un m\u00ednimo de higiene bucal.&nbsp; [&hellip;]\" \/>\n<meta property=\"og:url\" content=\"https:\/\/velezylozano.com\/en\/summer-and-dental-health\/\" \/>\n<meta property=\"og:site_name\" content=\"V\u00e9lez &amp; Lozano\" \/>\n<meta property=\"article:published_time\" content=\"2021-07-23T08:03:00+00:00\" \/>\n<meta property=\"og:image\" content=\"https:\/\/i0.wp.com\/velezylozano.com\/wp-content\/uploads\/2022\/01\/helado-en-la-dieta.jpeg?fit=1000%2C667&ssl=1\" \/>\n\t<meta property=\"og:image:width\" content=\"1000\" \/>\n\t<meta property=\"og:image:height\" content=\"667\" \/>\n\t<meta property=\"og:image:type\" content=\"image\/jpeg\" \/>\n<meta name=\"author\" content=\"Comunicaci\u00f3n V&amp;L\" \/>\n<meta name=\"twitter:card\" content=\"summary_large_image\" \/>\n<meta name=\"twitter:label1\" content=\"Written by\" \/>\n\t<meta name=\"twitter:data1\" content=\"Comunicaci\u00f3n V&amp;L\" \/>\n\t<meta name=\"twitter:label2\" content=\"Estimated reading time\" \/>\n\t<meta name=\"twitter:data2\" content=\"5 minutes\" \/>\n<script type=\"application\/ld+json\" class=\"yoast-schema-graph\">{\"@context\":\"https:\\\/\\\/schema.org\",\"@graph\":[{\"@type\":\"Article\",\"@id\":\"https:\\\/\\\/velezylozano.com\\\/verano-y-salud-dental\\\/#article\",\"isPartOf\":{\"@id\":\"https:\\\/\\\/velezylozano.com\\\/verano-y-salud-dental\\\/\"},\"author\":{\"name\":\"Comunicaci\u00f3n V&amp;L\",\"@id\":\"https:\\\/\\\/velezylozano.com\\\/#\\\/schema\\\/person\\\/1c56e3cf63dd58194e47c0f52ee1acd5\"},\"headline\":\"\u00bfC\u00f3mo afecta el verano a nuestros dientes?\",\"datePublished\":\"2021-07-23T08:03:00+00:00\",\"mainEntityOfPage\":{\"@id\":\"https:\\\/\\\/velezylozano.com\\\/verano-y-salud-dental\\\/\"},\"wordCount\":994,\"publisher\":{\"@id\":\"https:\\\/\\\/velezylozano.com\\\/#organization\"},\"image\":{\"@id\":\"https:\\\/\\\/velezylozano.com\\\/verano-y-salud-dental\\\/#primaryimage\"},\"thumbnailUrl\":\"https:\\\/\\\/i0.wp.com\\\/velezylozano.com\\\/wp-content\\\/uploads\\\/2022\\\/01\\\/helado-en-la-dieta.jpeg?fit=1000%2C667&ssl=1\",\"articleSection\":[\"2021\"],\"inLanguage\":\"en-GB\"},{\"@type\":\"WebPage\",\"@id\":\"https:\\\/\\\/velezylozano.com\\\/verano-y-salud-dental\\\/\",\"url\":\"https:\\\/\\\/velezylozano.com\\\/verano-y-salud-dental\\\/\",\"name\":\"\u00bfC\u00f3mo afecta el verano a nuestros dientes? - V\u00e9lez &amp; Lozano\",\"isPartOf\":{\"@id\":\"https:\\\/\\\/velezylozano.com\\\/#website\"},\"primaryImageOfPage\":{\"@id\":\"https:\\\/\\\/velezylozano.com\\\/verano-y-salud-dental\\\/#primaryimage\"},\"image\":{\"@id\":\"https:\\\/\\\/velezylozano.com\\\/verano-y-salud-dental\\\/#primaryimage\"},\"thumbnailUrl\":\"https:\\\/\\\/i0.wp.com\\\/velezylozano.com\\\/wp-content\\\/uploads\\\/2022\\\/01\\\/helado-en-la-dieta.jpeg?fit=1000%2C667&ssl=1\",\"datePublished\":\"2021-07-23T08:03:00+00:00\",\"breadcrumb\":{\"@id\":\"https:\\\/\\\/velezylozano.com\\\/verano-y-salud-dental\\\/#breadcrumb\"},\"inLanguage\":\"en-GB\",\"potentialAction\":[{\"@type\":\"ReadAction\",\"target\":[\"https:\\\/\\\/velezylozano.com\\\/verano-y-salud-dental\\\/\"]}]},{\"@type\":\"ImageObject\",\"inLanguage\":\"en-GB\",\"@id\":\"https:\\\/\\\/velezylozano.com\\\/verano-y-salud-dental\\\/#primaryimage\",\"url\":\"https:\\\/\\\/i0.wp.com\\\/velezylozano.com\\\/wp-content\\\/uploads\\\/2022\\\/01\\\/helado-en-la-dieta.jpeg?fit=1000%2C667&ssl=1\",\"contentUrl\":\"https:\\\/\\\/i0.wp.com\\\/velezylozano.com\\\/wp-content\\\/uploads\\\/2022\\\/01\\\/helado-en-la-dieta.jpeg?fit=1000%2C667&ssl=1\",\"width\":1000,\"height\":667},{\"@type\":\"BreadcrumbList\",\"@id\":\"https:\\\/\\\/velezylozano.com\\\/verano-y-salud-dental\\\/#breadcrumb\",\"itemListElement\":[{\"@type\":\"ListItem\",\"position\":1,\"name\":\"Home\",\"item\":\"https:\\\/\\\/velezylozano.com\\\/\"},{\"@type\":\"ListItem\",\"position\":2,\"name\":\"\u00bfC\u00f3mo afecta el verano a nuestros dientes?\"}]},{\"@type\":\"WebSite\",\"@id\":\"https:\\\/\\\/velezylozano.com\\\/#website\",\"url\":\"https:\\\/\\\/velezylozano.com\\\/\",\"name\":\"V\u00e9lez &amp; Lozano\",\"description\":\"Cl\u00ednica dental en Murcia desde 2008\",\"publisher\":{\"@id\":\"https:\\\/\\\/velezylozano.com\\\/#organization\"},\"potentialAction\":[{\"@type\":\"SearchAction\",\"target\":{\"@type\":\"EntryPoint\",\"urlTemplate\":\"https:\\\/\\\/velezylozano.com\\\/?s={search_term_string}\"},\"query-input\":{\"@type\":\"PropertyValueSpecification\",\"valueRequired\":true,\"valueName\":\"search_term_string\"}}],\"inLanguage\":\"en-GB\"},{\"@type\":\"Organization\",\"@id\":\"https:\\\/\\\/velezylozano.com\\\/#organization\",\"name\":\"V\u00e9lez &amp; Lozano\",\"url\":\"https:\\\/\\\/velezylozano.com\\\/\",\"logo\":{\"@type\":\"ImageObject\",\"inLanguage\":\"en-GB\",\"@id\":\"https:\\\/\\\/velezylozano.com\\\/#\\\/schema\\\/logo\\\/image\\\/\",\"url\":\"https:\\\/\\\/velezylozano.com\\\/wp-content\\\/uploads\\\/2021\\\/12\\\/velezlozanologo.svg\",\"contentUrl\":\"https:\\\/\\\/velezylozano.com\\\/wp-content\\\/uploads\\\/2021\\\/12\\\/velezlozanologo.svg\",\"width\":322,\"height\":33,\"caption\":\"V\u00e9lez &amp; Lozano\"},\"image\":{\"@id\":\"https:\\\/\\\/velezylozano.com\\\/#\\\/schema\\\/logo\\\/image\\\/\"}},{\"@type\":\"Person\",\"@id\":\"https:\\\/\\\/velezylozano.com\\\/#\\\/schema\\\/person\\\/1c56e3cf63dd58194e47c0f52ee1acd5\",\"name\":\"Comunicaci\u00f3n V&amp;L\",\"image\":{\"@type\":\"ImageObject\",\"inLanguage\":\"en-GB\",\"@id\":\"https:\\\/\\\/secure.gravatar.com\\\/avatar\\\/c71847bdb2db2b82cf103719836121929bea3f2c1e8f242954e5cc67e1346522?s=96&d=mm&r=g\",\"url\":\"https:\\\/\\\/secure.gravatar.com\\\/avatar\\\/c71847bdb2db2b82cf103719836121929bea3f2c1e8f242954e5cc67e1346522?s=96&d=mm&r=g\",\"contentUrl\":\"https:\\\/\\\/secure.gravatar.com\\\/avatar\\\/c71847bdb2db2b82cf103719836121929bea3f2c1e8f242954e5cc67e1346522?s=96&d=mm&r=g\",\"caption\":\"Comunicaci\u00f3n V&amp;L\"},\"url\":\"https:\\\/\\\/velezylozano.com\\\/en\\\/author\\\/andres\\\/\"}]}<\/script>\n<!-- \/ Yoast SEO plugin. -->","yoast_head_json":{"title":"How does summer affect our teeth? - Velez &amp; Lozano","robots":{"index":"index","follow":"follow","max-snippet":"max-snippet:-1","max-image-preview":"max-image-preview:large","max-video-preview":"max-video-preview:-1"},"canonical":"https:\/\/velezylozano.com\/en\/summer-and-dental-health\/","og_locale":"en_GB","og_type":"article","og_title":"\u00bfC\u00f3mo afecta el verano a nuestros dientes? - V\u00e9lez &amp; Lozano","og_description":"El verano es la \u00e9poca del a\u00f1o en la que la mayor\u00eda de personas tienen vacaciones y aprovechan para hacer peque\u00f1os viajes, en los que es muy f\u00e1cil perder la rutina dental. Tratamos de disfrutar tan al m\u00e1ximo de nuestro periodo de descanso que a veces olvidamos llevar a cabo un m\u00ednimo de higiene bucal.&nbsp; [&hellip;]","og_url":"https:\/\/velezylozano.com\/en\/summer-and-dental-health\/","og_site_name":"V\u00e9lez &amp; Lozano","article_published_time":"2021-07-23T08:03:00+00:00","og_image":[{"width":1000,"height":667,"url":"https:\/\/i0.wp.com\/velezylozano.com\/wp-content\/uploads\/2022\/01\/helado-en-la-dieta.jpeg?fit=1000%2C667&ssl=1","type":"image\/jpeg"}],"author":"Comunicaci\u00f3n V&amp;L","twitter_card":"summary_large_image","twitter_misc":{"Written by":"Comunicaci\u00f3n V&amp;L","Estimated reading time":"5 minutes"},"schema":{"@context":"https:\/\/schema.org","@graph":[{"@type":"Article","@id":"https:\/\/velezylozano.com\/verano-y-salud-dental\/#article","isPartOf":{"@id":"https:\/\/velezylozano.com\/verano-y-salud-dental\/"},"author":{"name":"Comunicaci\u00f3n V&amp;L","@id":"https:\/\/velezylozano.com\/#\/schema\/person\/1c56e3cf63dd58194e47c0f52ee1acd5"},"headline":"\u00bfC\u00f3mo afecta el verano a nuestros dientes?","datePublished":"2021-07-23T08:03:00+00:00","mainEntityOfPage":{"@id":"https:\/\/velezylozano.com\/verano-y-salud-dental\/"},"wordCount":994,"publisher":{"@id":"https:\/\/velezylozano.com\/#organization"},"image":{"@id":"https:\/\/velezylozano.com\/verano-y-salud-dental\/#primaryimage"},"thumbnailUrl":"https:\/\/i0.wp.com\/velezylozano.com\/wp-content\/uploads\/2022\/01\/helado-en-la-dieta.jpeg?fit=1000%2C667&ssl=1","articleSection":["2021"],"inLanguage":"en-GB"},{"@type":"WebPage","@id":"https:\/\/velezylozano.com\/verano-y-salud-dental\/","url":"https:\/\/velezylozano.com\/verano-y-salud-dental\/","name":"How does summer affect our teeth? - Velez &amp; Lozano","isPartOf":{"@id":"https:\/\/velezylozano.com\/#website"},"primaryImageOfPage":{"@id":"https:\/\/velezylozano.com\/verano-y-salud-dental\/#primaryimage"},"image":{"@id":"https:\/\/velezylozano.com\/verano-y-salud-dental\/#primaryimage"},"thumbnailUrl":"https:\/\/i0.wp.com\/velezylozano.com\/wp-content\/uploads\/2022\/01\/helado-en-la-dieta.jpeg?fit=1000%2C667&ssl=1","datePublished":"2021-07-23T08:03:00+00:00","breadcrumb":{"@id":"https:\/\/velezylozano.com\/verano-y-salud-dental\/#breadcrumb"},"inLanguage":"en-GB","potentialAction":[{"@type":"ReadAction","target":["https:\/\/velezylozano.com\/verano-y-salud-dental\/"]}]},{"@type":"ImageObject","inLanguage":"en-GB","@id":"https:\/\/velezylozano.com\/verano-y-salud-dental\/#primaryimage","url":"https:\/\/i0.wp.com\/velezylozano.com\/wp-content\/uploads\/2022\/01\/helado-en-la-dieta.jpeg?fit=1000%2C667&ssl=1","contentUrl":"https:\/\/i0.wp.com\/velezylozano.com\/wp-content\/uploads\/2022\/01\/helado-en-la-dieta.jpeg?fit=1000%2C667&ssl=1","width":1000,"height":667},{"@type":"BreadcrumbList","@id":"https:\/\/velezylozano.com\/verano-y-salud-dental\/#breadcrumb","itemListElement":[{"@type":"ListItem","position":1,"name":"Home","item":"https:\/\/velezylozano.com\/"},{"@type":"ListItem","position":2,"name":"\u00bfC\u00f3mo afecta el verano a nuestros dientes?"}]},{"@type":"WebSite","@id":"https:\/\/velezylozano.com\/#website","url":"https:\/\/velezylozano.com\/","name":"Velez &amp; Lozano","description":"Dental clinic in Murcia since 2008","publisher":{"@id":"https:\/\/velezylozano.com\/#organization"},"potentialAction":[{"@type":"SearchAction","target":{"@type":"EntryPoint","urlTemplate":"https:\/\/velezylozano.com\/?s={search_term_string}"},"query-input":{"@type":"PropertyValueSpecification","valueRequired":true,"valueName":"search_term_string"}}],"inLanguage":"en-GB"},{"@type":"Organization","@id":"https:\/\/velezylozano.com\/#organization","name":"Velez &amp; Lozano","url":"https:\/\/velezylozano.com\/","logo":{"@type":"ImageObject","inLanguage":"en-GB","@id":"https:\/\/velezylozano.com\/#\/schema\/logo\/image\/","url":"https:\/\/velezylozano.com\/wp-content\/uploads\/2021\/12\/velezlozanologo.svg","contentUrl":"https:\/\/velezylozano.com\/wp-content\/uploads\/2021\/12\/velezlozanologo.svg","width":322,"height":33,"caption":"V\u00e9lez &amp; Lozano"},"image":{"@id":"https:\/\/velezylozano.com\/#\/schema\/logo\/image\/"}},{"@type":"Person","@id":"https:\/\/velezylozano.com\/#\/schema\/person\/1c56e3cf63dd58194e47c0f52ee1acd5","name":"V&amp;L Communication","image":{"@type":"ImageObject","inLanguage":"en-GB","@id":"https:\/\/secure.gravatar.com\/avatar\/c71847bdb2db2b82cf103719836121929bea3f2c1e8f242954e5cc67e1346522?s=96&d=mm&r=g","url":"https:\/\/secure.gravatar.com\/avatar\/c71847bdb2db2b82cf103719836121929bea3f2c1e8f242954e5cc67e1346522?s=96&d=mm&r=g","contentUrl":"https:\/\/secure.gravatar.com\/avatar\/c71847bdb2db2b82cf103719836121929bea3f2c1e8f242954e5cc67e1346522?s=96&d=mm&r=g","caption":"Comunicaci\u00f3n V&amp;L"},"url":"https:\/\/velezylozano.com\/en\/author\/andres\/"}]}},"jetpack_featured_media_url":"https:\/\/i0.wp.com\/velezylozano.com\/wp-content\/uploads\/2022\/01\/helado-en-la-dieta.jpeg?fit=1000%2C667&ssl=1","jetpack-related-posts":[{"id":12739,"url":"https:\/\/velezylozano.com\/en\/summer-and-dental-health-some-practical-tips\/","url_meta":{"origin":8506,"position":0},"title":"Summer and dental health: some practical tips","author":"Francisco J.","date":"16 de August de 2024","format":false,"excerpt":"Con la llegada del verano, muchos de nosotros estamos listos para disfrutar del sol, las vacaciones y las actividades al aire libre. Sin embargo, durante esta \u00e9poca es crucial no descuidar nuestra salud dental. En V\u00e9lez & Lozano queremos compartir algunos consejos pr\u00e1cticos -como ya hemos hecho alg\u00fan a\u00f1o que\u2026","rel":"","context":"In &quot;2024&quot;","block_context":{"text":"2024","link":"https:\/\/velezylozano.com\/en\/category\/2024\/"},"img":{"alt_text":"","src":"https:\/\/i0.wp.com\/velezylozano.com\/wp-content\/uploads\/2024\/08\/saluddental-verano.png?fit=900%2C600&ssl=1&resize=350%2C200","width":350,"height":200,"srcset":"https:\/\/i0.wp.com\/velezylozano.com\/wp-content\/uploads\/2024\/08\/saluddental-verano.png?fit=900%2C600&ssl=1&resize=350%2C200 1x, https:\/\/i0.wp.com\/velezylozano.com\/wp-content\/uploads\/2024\/08\/saluddental-verano.png?fit=900%2C600&ssl=1&resize=525%2C300 1.5x, https:\/\/i0.wp.com\/velezylozano.com\/wp-content\/uploads\/2024\/08\/saluddental-verano.png?fit=900%2C600&ssl=1&resize=700%2C400 2x"},"classes":[]},{"id":8292,"url":"https:\/\/velezylozano.com\/en\/dental-tips-if-you-are-travelling-this-summer\/","url_meta":{"origin":8506,"position":1},"title":"Dental tips if you are travelling this summer","author":"Comunicaci\u00f3n V&amp;L","date":"2 de August de 2016","format":false,"excerpt":"Muchos estar\u00e1n disfrutando actualmente de sus merecidas vacaciones. Otros, sin embargo, tendr\u00e1n que esperar un poco m\u00e1s para poder cogerse unos d\u00edas de relax, alejados de las responsabilidades cotidianas. De un modo u otro, el verano es tiempo de vacaciones, viajes, planes con amigos y desconexi\u00f3n de la rutina. Por\u2026","rel":"","context":"Similar post","block_context":{"text":"Similar post","link":""},"img":{"alt_text":"","src":"https:\/\/i0.wp.com\/velezylozano.com\/wp-content\/uploads\/2022\/01\/blanqueamiento-dental-verano-clinica-dental-madrid-luciano-badanelli.jpg?fit=800%2C553&ssl=1&resize=350%2C200","width":350,"height":200,"srcset":"https:\/\/i0.wp.com\/velezylozano.com\/wp-content\/uploads\/2022\/01\/blanqueamiento-dental-verano-clinica-dental-madrid-luciano-badanelli.jpg?fit=800%2C553&ssl=1&resize=350%2C200 1x, https:\/\/i0.wp.com\/velezylozano.com\/wp-content\/uploads\/2022\/01\/blanqueamiento-dental-verano-clinica-dental-madrid-luciano-badanelli.jpg?fit=800%2C553&ssl=1&resize=525%2C300 1.5x, https:\/\/i0.wp.com\/velezylozano.com\/wp-content\/uploads\/2022\/01\/blanqueamiento-dental-verano-clinica-dental-madrid-luciano-badanelli.jpg?fit=800%2C553&ssl=1&resize=700%2C400 2x"},"classes":[]},{"id":10516,"url":"https:\/\/velezylozano.com\/en\/dental-trauma-in-summer-what-do-i-do\/","url_meta":{"origin":8506,"position":2},"title":"Dental trauma in summer: What do I do!","author":"Vanesa Rico Carrillo","date":"5 de August de 2022","format":false,"excerpt":"\u00a1Por fin ha llegado el verano y las ansiadas vacaciones! Esta bonita \u00e9poca de calor, piscina, playa y helados tambi\u00e9n aumenta la incidencia de traumatismos dentales entre los m\u00e1s peque\u00f1os, que sufren ca\u00eddas mientras juegan. Por tanto, \u00bfQu\u00e9\u00a0 debemos hacer si estamos de vacaciones y nuestro hijo sufre un traumatismo\u2026","rel":"","context":"In &quot;2022&quot;","block_context":{"text":"2022","link":"https:\/\/velezylozano.com\/en\/category\/2022\/"},"img":{"alt_text":"","src":"https:\/\/i0.wp.com\/velezylozano.com\/wp-content\/uploads\/2022\/07\/IMG_1020-scaled.jpg?fit=1200%2C800&ssl=1&resize=350%2C200","width":350,"height":200,"srcset":"https:\/\/i0.wp.com\/velezylozano.com\/wp-content\/uploads\/2022\/07\/IMG_1020-scaled.jpg?fit=1200%2C800&ssl=1&resize=350%2C200 1x, https:\/\/i0.wp.com\/velezylozano.com\/wp-content\/uploads\/2022\/07\/IMG_1020-scaled.jpg?fit=1200%2C800&ssl=1&resize=525%2C300 1.5x, https:\/\/i0.wp.com\/velezylozano.com\/wp-content\/uploads\/2022\/07\/IMG_1020-scaled.jpg?fit=1200%2C800&ssl=1&resize=700%2C400 2x, https:\/\/i0.wp.com\/velezylozano.com\/wp-content\/uploads\/2022\/07\/IMG_1020-scaled.jpg?fit=1200%2C800&ssl=1&resize=1050%2C600 3x"},"classes":[]},{"id":8005,"url":"https:\/\/velezylozano.com\/en\/dentist-in-august-in-murcia\/","url_meta":{"origin":8506,"position":3},"title":"Dentist in August in Murcia","author":"Comunicaci\u00f3n V&amp;L","date":"4 de August de 2012","format":false,"excerpt":"\"Murcia se queda vac\u00eda durante el mes de agosto\". Esa frase, hace unos a\u00f1os una realidad repetida hasta la saciedad, se ha visto recientemente sustitu\u00edda por la de \"ya no es lo mismo, antes Murcia se quedaba vac\u00eda en verano\", y es cierto que los h\u00e1bitos de vida de los\u2026","rel":"","context":"Similar post","block_context":{"text":"Similar post","link":""},"img":{"alt_text":"","src":"https:\/\/i0.wp.com\/velezylozano.com\/wp-content\/uploads\/2022\/01\/velez-y-lozano-clinica-dental-murcia-valeria-primavera-scaled-1.jpg?fit=1200%2C862&ssl=1&resize=350%2C200","width":350,"height":200,"srcset":"https:\/\/i0.wp.com\/velezylozano.com\/wp-content\/uploads\/2022\/01\/velez-y-lozano-clinica-dental-murcia-valeria-primavera-scaled-1.jpg?fit=1200%2C862&ssl=1&resize=350%2C200 1x, https:\/\/i0.wp.com\/velezylozano.com\/wp-content\/uploads\/2022\/01\/velez-y-lozano-clinica-dental-murcia-valeria-primavera-scaled-1.jpg?fit=1200%2C862&ssl=1&resize=525%2C300 1.5x, https:\/\/i0.wp.com\/velezylozano.com\/wp-content\/uploads\/2022\/01\/velez-y-lozano-clinica-dental-murcia-valeria-primavera-scaled-1.jpg?fit=1200%2C862&ssl=1&resize=700%2C400 2x, https:\/\/i0.wp.com\/velezylozano.com\/wp-content\/uploads\/2022\/01\/velez-y-lozano-clinica-dental-murcia-valeria-primavera-scaled-1.jpg?fit=1200%2C862&ssl=1&resize=1050%2C600 3x"},"classes":[]},{"id":8107,"url":"https:\/\/velezylozano.com\/en\/the-lips-are-also-part-of-the-mouth\/","url_meta":{"origin":8506,"position":4},"title":"Lips are also part of the mouth!","author":"Comunicaci\u00f3n V&amp;L","date":"22 de July de 2013","format":false,"excerpt":"En estos d\u00edas de verano, sobre todo en zonas como la Regi\u00f3n de Murcia donde hace mucho calor, y donde la exposici\u00f3n solar es frecuentemente elevada durante esta \u00e9poca, tenemos que tener muy en cuenta una parte de la boca de la que s\u00f3lo nos solemos acordar en invierno: nuestros\u2026","rel":"","context":"Similar post","block_context":{"text":"Similar post","link":""},"img":{"alt_text":"","src":"https:\/\/i0.wp.com\/velezylozano.com\/wp-content\/uploads\/2022\/01\/velez-y-lozano-clinica-dental-murcia-carillas-2.jpg?fit=1080%2C1080&ssl=1&resize=350%2C200","width":350,"height":200,"srcset":"https:\/\/i0.wp.com\/velezylozano.com\/wp-content\/uploads\/2022\/01\/velez-y-lozano-clinica-dental-murcia-carillas-2.jpg?fit=1080%2C1080&ssl=1&resize=350%2C200 1x, https:\/\/i0.wp.com\/velezylozano.com\/wp-content\/uploads\/2022\/01\/velez-y-lozano-clinica-dental-murcia-carillas-2.jpg?fit=1080%2C1080&ssl=1&resize=525%2C300 1.5x, https:\/\/i0.wp.com\/velezylozano.com\/wp-content\/uploads\/2022\/01\/velez-y-lozano-clinica-dental-murcia-carillas-2.jpg?fit=1080%2C1080&ssl=1&resize=700%2C400 2x, https:\/\/i0.wp.com\/velezylozano.com\/wp-content\/uploads\/2022\/01\/velez-y-lozano-clinica-dental-murcia-carillas-2.jpg?fit=1080%2C1080&ssl=1&resize=1050%2C600 3x"},"classes":[]},{"id":13169,"url":"https:\/\/velezylozano.com\/en\/the-whitening-bell-is-back\/","url_meta":{"origin":8506,"position":5},"title":"The whitening campaign is back!","author":"Francisco J.","date":"2 de June de 2025","format":false,"excerpt":"Once again this year we are taking advantage of the summer season to launch our whitening campaign with special prices until 15 July. If you are interested in showing off the best version of your smile this summer, ask us about it! \u00a0","rel":"","context":"In &quot;Actualidad&quot;","block_context":{"text":"Actualidad","link":"https:\/\/velezylozano.com\/en\/category\/news-2\/"},"img":{"alt_text":"","src":"https:\/\/i0.wp.com\/velezylozano.com\/wp-content\/uploads\/2025\/06\/Roll-Up-blanqueamiento-e1748857303459.jpg?fit=318%2C743&ssl=1&resize=350%2C200","width":350,"height":200},"classes":[]}],"jetpack_sharing_enabled":true,"_links":{"self":[{"href":"https:\/\/velezylozano.com\/en\/wp-json\/wp\/v2\/posts\/8506","targetHints":{"allow":["GET"]}}],"collection":[{"href":"https:\/\/velezylozano.com\/en\/wp-json\/wp\/v2\/posts"}],"about":[{"href":"https:\/\/velezylozano.com\/en\/wp-json\/wp\/v2\/types\/post"}],"author":[{"embeddable":true,"href":"https:\/\/velezylozano.com\/en\/wp-json\/wp\/v2\/users\/3"}],"replies":[{"embeddable":true,"href":"https:\/\/velezylozano.com\/en\/wp-json\/wp\/v2\/comments?post=8506"}],"version-history":[{"count":0,"href":"https:\/\/velezylozano.com\/en\/wp-json\/wp\/v2\/posts\/8506\/revisions"}],"wp:featuredmedia":[{"embeddable":true,"href":"https:\/\/velezylozano.com\/en\/wp-json\/wp\/v2\/media\/8507"}],"wp:attachment":[{"href":"https:\/\/velezylozano.com\/en\/wp-json\/wp\/v2\/media?parent=8506"}],"wp:term":[{"taxonomy":"category","embeddable":true,"href":"https:\/\/velezylozano.com\/en\/wp-json\/wp\/v2\/categories?post=8506"},{"taxonomy":"post_tag","embeddable":true,"href":"https:\/\/velezylozano.com\/en\/wp-json\/wp\/v2\/tags?post=8506"}],"curies":[{"name":"wp","href":"https:\/\/api.w.org\/{rel}","templated":true}]}}