{"id":9063,"date":"2022-01-20T12:50:07","date_gmt":"2022-01-20T12:50:07","guid":{"rendered":"https:\/\/velezylozano.com\/?p=9063"},"modified":"2022-02-14T14:54:11","modified_gmt":"2022-02-14T14:54:11","slug":"velez-y-lozano-launches-new-website","status":"publish","type":"post","link":"https:\/\/velezylozano.com\/en\/velez-y-lozano-launches-new-website\/","title":{"rendered":"V\u00e9lez y Lozano launches a new website"},"content":{"rendered":"<h2>A state-of-the-art website for a state-of-the-art dental clinic<\/h2>\n<p>As you may have already noticed if you are here, we have a new website! The site has been developed by <a href=\"https:\/\/www.delefant.com\/\"><strong>Delefant <\/strong><\/a>and the design has been carried out by <strong>David Brugarolas<\/strong> from <a href=\"https:\/\/fundacion33.com\/\">F33<\/a>. We hope that this new, more user-friendly design will be to your liking. With your permission, we present it briefly:<\/p>\n<p><strong><a href=\"https:\/\/velezylozano.com\/en\/\">Home<\/a>.<\/strong> We wanted to create a simple home page where it is easy for new visitors to take a look at all sections of the website and get to know the clinic, which is facilitated by the new video of our facilities that has been shot by<a href=\"https:\/\/es-es.facebook.com\/laserenastudio\/\"><strong> La Serena Studio<\/strong> <\/a>and which you can see in full and at higher resolution in our <a href=\"https:\/\/www.youtube.com\/watch?v=dw_ZClwuOVA\">Youtube channel<\/a>.<\/p>\n<p><strong>Treatments<\/strong>. In this section you will be able to see the most popular treatments that we carry out at the clinic and we thought it best to provide as much information as possible about each of them. Because, if someone is thinking about having a <a href=\"https:\/\/velezylozano.com\/en\/treatments\/dental-implants-murcia\/\">dental implant in Murcia<\/a> and you have reached that section, we must resolve as many doubts as we can before you go for an assessment appointment.<\/p>\n<p><a href=\"https:\/\/velezylozano.com\/en\/team\/\"><strong>Team<\/strong><\/a>. In this new section you will be able to meet all of us, and when we say all of us, we mean all of us. There you have us, no more, no less, no catch, no fuss. Each and every one of the little souls that make up this great team that is <strong>V\u00e9lez and Lozano<\/strong>.<\/p>\n<p><strong>Blog and News<\/strong>. You already know these sections, or so we hope. <a href=\"https:\/\/velezylozano.com\/en\/blog\/\">Our blog<\/a>which is published weekly and has a post every Friday, tries to answer questions that you often ask about such as '...', '...', '...', '...', '...' and '...'.<em><a href=\"https:\/\/velezylozano.com\/en\/my-childs-permanent-teeth-are-not-coming-in\/\">Why won't my child's permanent teeth come in?<\/a><\/em>' or the '<em><a href=\"https:\/\/velezylozano.com\/en\/dark-black-gums\/\">Black gums<\/a><\/em>'. At <a href=\"https:\/\/velezylozano.com\/en\/news\/\">News<\/a>For its part, we publish news like this one, in which we try to keep you up to date with what is happening in the clinic.<\/p>\n<p><a href=\"https:\/\/velezylozano.com\/en\/success-stories\/\"><strong>Success stories<\/strong><\/a>. In this new section you will be able to access different testimonials from patients who have already finished their treatment with us. Who knows, maybe one day you will appear in it! Wouldn't that be great?<\/p>\n<p><a href=\"https:\/\/velezylozano.com\/en\/the-clinic\/\"><strong>The Clinic<\/strong><\/a>. Last but not least, in this section, which was already implemented in the old website, we try to explain a little about who we are and what we can do for you, that is, the services we offer. From the <strong>free parking hour<\/strong> to our timetable, via our foundation.<\/p>\n<p>As we have already said, we hope you like it. After all, it is for you.<\/p>","protected":false},"excerpt":{"rendered":"<p>A cutting-edge website for a cutting-edge dental clinic As you may have already noticed if you are here, we have a new website! The site has been developed by Delefant and the design has been done by David Brugarolas from F33. We hope that this new design, more user friendly, will be to your liking. With [...]<\/p>","protected":false},"author":4,"featured_media":9064,"comment_status":"open","ping_status":"open","sticky":false,"template":"","format":"standard","meta":{"_jetpack_memberships_contains_paid_content":false,"footnotes":""},"categories":[15],"tags":[48],"class_list":["post-9063","post","type-post","status-publish","format-standard","has-post-thumbnail","hentry","category-actualidad","tag-novedades"],"yoast_head":"<!-- This site is optimized with the Yoast SEO plugin v27.5 - https:\/\/yoast.com\/product\/yoast-seo-wordpress\/ -->\n<title>V\u00e9lez y Lozano estrena nuevo sitio web - V\u00e9lez &amp; Lozano<\/title>\n<meta name=\"description\" content=\"Esperamos que os guste. Al fin y al cabo es para vosotros.\u00a0\" \/>\n<meta name=\"robots\" content=\"index, follow, max-snippet:-1, max-image-preview:large, max-video-preview:-1\" \/>\n<link rel=\"canonical\" href=\"https:\/\/velezylozano.com\/en\/velez-y-lozano-launches-new-website\/\" \/>\n<meta property=\"og:locale\" content=\"en_GB\" \/>\n<meta property=\"og:type\" content=\"article\" \/>\n<meta property=\"og:title\" content=\"V\u00e9lez y Lozano estrena nuevo sitio web - V\u00e9lez &amp; Lozano\" \/>\n<meta property=\"og:description\" content=\"Esperamos que os guste. Al fin y al cabo es para vosotros.\u00a0\" \/>\n<meta property=\"og:url\" content=\"https:\/\/velezylozano.com\/en\/velez-y-lozano-launches-new-website\/\" \/>\n<meta property=\"og:site_name\" content=\"V\u00e9lez &amp; Lozano\" \/>\n<meta property=\"article:published_time\" content=\"2022-01-20T12:50:07+00:00\" \/>\n<meta property=\"article:modified_time\" content=\"2022-02-14T14:54:11+00:00\" \/>\n<meta property=\"og:image\" content=\"https:\/\/i0.wp.com\/velezylozano.com\/wp-content\/uploads\/2022\/01\/CLINICA-VL-11-scaled.jpg?fit=1707%2C2560&ssl=1\" \/>\n\t<meta property=\"og:image:width\" content=\"1707\" \/>\n\t<meta property=\"og:image:height\" content=\"2560\" \/>\n\t<meta property=\"og:image:type\" content=\"image\/jpeg\" \/>\n<meta name=\"author\" content=\"Francisco J.\" \/>\n<meta name=\"twitter:card\" content=\"summary_large_image\" \/>\n<meta name=\"twitter:label1\" content=\"Written by\" \/>\n\t<meta name=\"twitter:data1\" content=\"Francisco J.\" \/>\n\t<meta name=\"twitter:label2\" content=\"Estimated reading time\" \/>\n\t<meta name=\"twitter:data2\" content=\"2 minutes\" \/>\n<script type=\"application\/ld+json\" class=\"yoast-schema-graph\">{\"@context\":\"https:\\\/\\\/schema.org\",\"@graph\":[{\"@type\":\"Article\",\"@id\":\"https:\\\/\\\/velezylozano.com\\\/velez-y-lozano-estrena-nuevo-sitio-web\\\/#article\",\"isPartOf\":{\"@id\":\"https:\\\/\\\/velezylozano.com\\\/velez-y-lozano-estrena-nuevo-sitio-web\\\/\"},\"author\":{\"name\":\"Francisco J.\",\"@id\":\"https:\\\/\\\/velezylozano.com\\\/#\\\/schema\\\/person\\\/398ff8f7c21db7df8107c871189b1d1e\"},\"headline\":\"V\u00e9lez y Lozano estrena nuevo sitio web\",\"datePublished\":\"2022-01-20T12:50:07+00:00\",\"dateModified\":\"2022-02-14T14:54:11+00:00\",\"mainEntityOfPage\":{\"@id\":\"https:\\\/\\\/velezylozano.com\\\/velez-y-lozano-estrena-nuevo-sitio-web\\\/\"},\"wordCount\":458,\"commentCount\":0,\"publisher\":{\"@id\":\"https:\\\/\\\/velezylozano.com\\\/#organization\"},\"image\":{\"@id\":\"https:\\\/\\\/velezylozano.com\\\/velez-y-lozano-estrena-nuevo-sitio-web\\\/#primaryimage\"},\"thumbnailUrl\":\"https:\\\/\\\/i0.wp.com\\\/velezylozano.com\\\/wp-content\\\/uploads\\\/2022\\\/01\\\/CLINICA-VL-11-scaled.jpg?fit=1707%2C2560&ssl=1\",\"keywords\":[\"novedades\"],\"articleSection\":[\"Actualidad\"],\"inLanguage\":\"en-GB\",\"potentialAction\":[{\"@type\":\"CommentAction\",\"name\":\"Comment\",\"target\":[\"https:\\\/\\\/velezylozano.com\\\/velez-y-lozano-estrena-nuevo-sitio-web\\\/#respond\"]}]},{\"@type\":\"WebPage\",\"@id\":\"https:\\\/\\\/velezylozano.com\\\/velez-y-lozano-estrena-nuevo-sitio-web\\\/\",\"url\":\"https:\\\/\\\/velezylozano.com\\\/velez-y-lozano-estrena-nuevo-sitio-web\\\/\",\"name\":\"V\u00e9lez y Lozano estrena nuevo sitio web - V\u00e9lez &amp; Lozano\",\"isPartOf\":{\"@id\":\"https:\\\/\\\/velezylozano.com\\\/#website\"},\"primaryImageOfPage\":{\"@id\":\"https:\\\/\\\/velezylozano.com\\\/velez-y-lozano-estrena-nuevo-sitio-web\\\/#primaryimage\"},\"image\":{\"@id\":\"https:\\\/\\\/velezylozano.com\\\/velez-y-lozano-estrena-nuevo-sitio-web\\\/#primaryimage\"},\"thumbnailUrl\":\"https:\\\/\\\/i0.wp.com\\\/velezylozano.com\\\/wp-content\\\/uploads\\\/2022\\\/01\\\/CLINICA-VL-11-scaled.jpg?fit=1707%2C2560&ssl=1\",\"datePublished\":\"2022-01-20T12:50:07+00:00\",\"dateModified\":\"2022-02-14T14:54:11+00:00\",\"description\":\"Esperamos que os guste. Al fin y al cabo es para vosotros.\u00a0\",\"breadcrumb\":{\"@id\":\"https:\\\/\\\/velezylozano.com\\\/velez-y-lozano-estrena-nuevo-sitio-web\\\/#breadcrumb\"},\"inLanguage\":\"en-GB\",\"potentialAction\":[{\"@type\":\"ReadAction\",\"target\":[\"https:\\\/\\\/velezylozano.com\\\/velez-y-lozano-estrena-nuevo-sitio-web\\\/\"]}]},{\"@type\":\"ImageObject\",\"inLanguage\":\"en-GB\",\"@id\":\"https:\\\/\\\/velezylozano.com\\\/velez-y-lozano-estrena-nuevo-sitio-web\\\/#primaryimage\",\"url\":\"https:\\\/\\\/i0.wp.com\\\/velezylozano.com\\\/wp-content\\\/uploads\\\/2022\\\/01\\\/CLINICA-VL-11-scaled.jpg?fit=1707%2C2560&ssl=1\",\"contentUrl\":\"https:\\\/\\\/i0.wp.com\\\/velezylozano.com\\\/wp-content\\\/uploads\\\/2022\\\/01\\\/CLINICA-VL-11-scaled.jpg?fit=1707%2C2560&ssl=1\",\"width\":1707,\"height\":2560},{\"@type\":\"BreadcrumbList\",\"@id\":\"https:\\\/\\\/velezylozano.com\\\/velez-y-lozano-estrena-nuevo-sitio-web\\\/#breadcrumb\",\"itemListElement\":[{\"@type\":\"ListItem\",\"position\":1,\"name\":\"Home\",\"item\":\"https:\\\/\\\/velezylozano.com\\\/\"},{\"@type\":\"ListItem\",\"position\":2,\"name\":\"V\u00e9lez y Lozano estrena nuevo sitio web\"}]},{\"@type\":\"WebSite\",\"@id\":\"https:\\\/\\\/velezylozano.com\\\/#website\",\"url\":\"https:\\\/\\\/velezylozano.com\\\/\",\"name\":\"V\u00e9lez &amp; Lozano\",\"description\":\"Cl\u00ednica dental en Murcia desde 2008\",\"publisher\":{\"@id\":\"https:\\\/\\\/velezylozano.com\\\/#organization\"},\"potentialAction\":[{\"@type\":\"SearchAction\",\"target\":{\"@type\":\"EntryPoint\",\"urlTemplate\":\"https:\\\/\\\/velezylozano.com\\\/?s={search_term_string}\"},\"query-input\":{\"@type\":\"PropertyValueSpecification\",\"valueRequired\":true,\"valueName\":\"search_term_string\"}}],\"inLanguage\":\"en-GB\"},{\"@type\":\"Organization\",\"@id\":\"https:\\\/\\\/velezylozano.com\\\/#organization\",\"name\":\"V\u00e9lez &amp; Lozano\",\"url\":\"https:\\\/\\\/velezylozano.com\\\/\",\"logo\":{\"@type\":\"ImageObject\",\"inLanguage\":\"en-GB\",\"@id\":\"https:\\\/\\\/velezylozano.com\\\/#\\\/schema\\\/logo\\\/image\\\/\",\"url\":\"https:\\\/\\\/velezylozano.com\\\/wp-content\\\/uploads\\\/2021\\\/12\\\/velezlozanologo.svg\",\"contentUrl\":\"https:\\\/\\\/velezylozano.com\\\/wp-content\\\/uploads\\\/2021\\\/12\\\/velezlozanologo.svg\",\"width\":322,\"height\":33,\"caption\":\"V\u00e9lez &amp; Lozano\"},\"image\":{\"@id\":\"https:\\\/\\\/velezylozano.com\\\/#\\\/schema\\\/logo\\\/image\\\/\"}},{\"@type\":\"Person\",\"@id\":\"https:\\\/\\\/velezylozano.com\\\/#\\\/schema\\\/person\\\/398ff8f7c21db7df8107c871189b1d1e\",\"name\":\"Francisco J.\",\"image\":{\"@type\":\"ImageObject\",\"inLanguage\":\"en-GB\",\"@id\":\"https:\\\/\\\/secure.gravatar.com\\\/avatar\\\/b056eb0e17a1840d21420e19579ca7ec0a72d573f65fbb56bc8851b1c131d355?s=96&d=mm&r=g\",\"url\":\"https:\\\/\\\/secure.gravatar.com\\\/avatar\\\/b056eb0e17a1840d21420e19579ca7ec0a72d573f65fbb56bc8851b1c131d355?s=96&d=mm&r=g\",\"contentUrl\":\"https:\\\/\\\/secure.gravatar.com\\\/avatar\\\/b056eb0e17a1840d21420e19579ca7ec0a72d573f65fbb56bc8851b1c131d355?s=96&d=mm&r=g\",\"caption\":\"Francisco J.\"},\"url\":\"https:\\\/\\\/velezylozano.com\\\/en\\\/author\\\/fran\\\/\"}]}<\/script>\n<!-- \/ Yoast SEO plugin. -->","yoast_head_json":{"title":"V\u00e9lez y Lozano launches new website - V\u00e9lez &amp; Lozano","description":"We hope you like it. After all, it is for you.\u00a0","robots":{"index":"index","follow":"follow","max-snippet":"max-snippet:-1","max-image-preview":"max-image-preview:large","max-video-preview":"max-video-preview:-1"},"canonical":"https:\/\/velezylozano.com\/en\/velez-y-lozano-launches-new-website\/","og_locale":"en_GB","og_type":"article","og_title":"V\u00e9lez y Lozano estrena nuevo sitio web - V\u00e9lez &amp; Lozano","og_description":"Esperamos que os guste. Al fin y al cabo es para vosotros.\u00a0","og_url":"https:\/\/velezylozano.com\/en\/velez-y-lozano-launches-new-website\/","og_site_name":"V\u00e9lez &amp; Lozano","article_published_time":"2022-01-20T12:50:07+00:00","article_modified_time":"2022-02-14T14:54:11+00:00","og_image":[{"width":1707,"height":2560,"url":"https:\/\/i0.wp.com\/velezylozano.com\/wp-content\/uploads\/2022\/01\/CLINICA-VL-11-scaled.jpg?fit=1707%2C2560&ssl=1","type":"image\/jpeg"}],"author":"Francisco J.","twitter_card":"summary_large_image","twitter_misc":{"Written by":"Francisco J.","Estimated reading time":"2 minutes"},"schema":{"@context":"https:\/\/schema.org","@graph":[{"@type":"Article","@id":"https:\/\/velezylozano.com\/velez-y-lozano-estrena-nuevo-sitio-web\/#article","isPartOf":{"@id":"https:\/\/velezylozano.com\/velez-y-lozano-estrena-nuevo-sitio-web\/"},"author":{"name":"Francisco J.","@id":"https:\/\/velezylozano.com\/#\/schema\/person\/398ff8f7c21db7df8107c871189b1d1e"},"headline":"V\u00e9lez y Lozano estrena nuevo sitio web","datePublished":"2022-01-20T12:50:07+00:00","dateModified":"2022-02-14T14:54:11+00:00","mainEntityOfPage":{"@id":"https:\/\/velezylozano.com\/velez-y-lozano-estrena-nuevo-sitio-web\/"},"wordCount":458,"commentCount":0,"publisher":{"@id":"https:\/\/velezylozano.com\/#organization"},"image":{"@id":"https:\/\/velezylozano.com\/velez-y-lozano-estrena-nuevo-sitio-web\/#primaryimage"},"thumbnailUrl":"https:\/\/i0.wp.com\/velezylozano.com\/wp-content\/uploads\/2022\/01\/CLINICA-VL-11-scaled.jpg?fit=1707%2C2560&ssl=1","keywords":["novedades"],"articleSection":["Actualidad"],"inLanguage":"en-GB","potentialAction":[{"@type":"CommentAction","name":"Comment","target":["https:\/\/velezylozano.com\/velez-y-lozano-estrena-nuevo-sitio-web\/#respond"]}]},{"@type":"WebPage","@id":"https:\/\/velezylozano.com\/velez-y-lozano-estrena-nuevo-sitio-web\/","url":"https:\/\/velezylozano.com\/velez-y-lozano-estrena-nuevo-sitio-web\/","name":"V\u00e9lez y Lozano launches new website - V\u00e9lez &amp; Lozano","isPartOf":{"@id":"https:\/\/velezylozano.com\/#website"},"primaryImageOfPage":{"@id":"https:\/\/velezylozano.com\/velez-y-lozano-estrena-nuevo-sitio-web\/#primaryimage"},"image":{"@id":"https:\/\/velezylozano.com\/velez-y-lozano-estrena-nuevo-sitio-web\/#primaryimage"},"thumbnailUrl":"https:\/\/i0.wp.com\/velezylozano.com\/wp-content\/uploads\/2022\/01\/CLINICA-VL-11-scaled.jpg?fit=1707%2C2560&ssl=1","datePublished":"2022-01-20T12:50:07+00:00","dateModified":"2022-02-14T14:54:11+00:00","description":"We hope you like it. After all, it is for you.\u00a0","breadcrumb":{"@id":"https:\/\/velezylozano.com\/velez-y-lozano-estrena-nuevo-sitio-web\/#breadcrumb"},"inLanguage":"en-GB","potentialAction":[{"@type":"ReadAction","target":["https:\/\/velezylozano.com\/velez-y-lozano-estrena-nuevo-sitio-web\/"]}]},{"@type":"ImageObject","inLanguage":"en-GB","@id":"https:\/\/velezylozano.com\/velez-y-lozano-estrena-nuevo-sitio-web\/#primaryimage","url":"https:\/\/i0.wp.com\/velezylozano.com\/wp-content\/uploads\/2022\/01\/CLINICA-VL-11-scaled.jpg?fit=1707%2C2560&ssl=1","contentUrl":"https:\/\/i0.wp.com\/velezylozano.com\/wp-content\/uploads\/2022\/01\/CLINICA-VL-11-scaled.jpg?fit=1707%2C2560&ssl=1","width":1707,"height":2560},{"@type":"BreadcrumbList","@id":"https:\/\/velezylozano.com\/velez-y-lozano-estrena-nuevo-sitio-web\/#breadcrumb","itemListElement":[{"@type":"ListItem","position":1,"name":"Home","item":"https:\/\/velezylozano.com\/"},{"@type":"ListItem","position":2,"name":"V\u00e9lez y Lozano estrena nuevo sitio web"}]},{"@type":"WebSite","@id":"https:\/\/velezylozano.com\/#website","url":"https:\/\/velezylozano.com\/","name":"Velez &amp; Lozano","description":"Dental clinic in Murcia since 2008","publisher":{"@id":"https:\/\/velezylozano.com\/#organization"},"potentialAction":[{"@type":"SearchAction","target":{"@type":"EntryPoint","urlTemplate":"https:\/\/velezylozano.com\/?s={search_term_string}"},"query-input":{"@type":"PropertyValueSpecification","valueRequired":true,"valueName":"search_term_string"}}],"inLanguage":"en-GB"},{"@type":"Organization","@id":"https:\/\/velezylozano.com\/#organization","name":"Velez &amp; Lozano","url":"https:\/\/velezylozano.com\/","logo":{"@type":"ImageObject","inLanguage":"en-GB","@id":"https:\/\/velezylozano.com\/#\/schema\/logo\/image\/","url":"https:\/\/velezylozano.com\/wp-content\/uploads\/2021\/12\/velezlozanologo.svg","contentUrl":"https:\/\/velezylozano.com\/wp-content\/uploads\/2021\/12\/velezlozanologo.svg","width":322,"height":33,"caption":"V\u00e9lez &amp; Lozano"},"image":{"@id":"https:\/\/velezylozano.com\/#\/schema\/logo\/image\/"}},{"@type":"Person","@id":"https:\/\/velezylozano.com\/#\/schema\/person\/398ff8f7c21db7df8107c871189b1d1e","name":"Francisco J.","image":{"@type":"ImageObject","inLanguage":"en-GB","@id":"https:\/\/secure.gravatar.com\/avatar\/b056eb0e17a1840d21420e19579ca7ec0a72d573f65fbb56bc8851b1c131d355?s=96&d=mm&r=g","url":"https:\/\/secure.gravatar.com\/avatar\/b056eb0e17a1840d21420e19579ca7ec0a72d573f65fbb56bc8851b1c131d355?s=96&d=mm&r=g","contentUrl":"https:\/\/secure.gravatar.com\/avatar\/b056eb0e17a1840d21420e19579ca7ec0a72d573f65fbb56bc8851b1c131d355?s=96&d=mm&r=g","caption":"Francisco J."},"url":"https:\/\/velezylozano.com\/en\/author\/fran\/"}]}},"jetpack_featured_media_url":"https:\/\/i0.wp.com\/velezylozano.com\/wp-content\/uploads\/2022\/01\/CLINICA-VL-11-scaled.jpg?fit=1707%2C2560&ssl=1","jetpack-related-posts":[{"id":12160,"url":"https:\/\/velezylozano.com\/en\/velez-lozano-collaborates-in-the-xxi-national-open-air-painting-competition-of-santa-maria-de-gracia\/","url_meta":{"origin":9063,"position":0},"title":"V\u00e9lez &amp; Lozano collaborates in the XXI National Open Air Painting Competition of Santa Mar\u00eda de Gracia","author":"Francisco J.","date":"25 de October de 2023","format":false,"excerpt":"Este pasado fin de semana, en concreto el domingo 22 de octubre, tuvo lugar el XXI Certamen Nacional de Pintura al Aire Libre, organizado por la Asociaci\u00f3n Cultural Amigos del Arte Santa Mar\u00eda de Gracia, en la que fuimos invitados a colaborar por el p\u00e1rroco local. Como entre nuestros valores\u2026","rel":"","context":"In &quot;Actualidad&quot;","block_context":{"text":"Actualidad","link":"https:\/\/velezylozano.com\/en\/category\/news-2\/"},"img":{"alt_text":"","src":"https:\/\/i0.wp.com\/velezylozano.com\/wp-content\/uploads\/2023\/10\/IMG_8261-scaled-e1698233142366.jpg?fit=733%2C1200&ssl=1&resize=350%2C200","width":350,"height":200,"srcset":"https:\/\/i0.wp.com\/velezylozano.com\/wp-content\/uploads\/2023\/10\/IMG_8261-scaled-e1698233142366.jpg?fit=733%2C1200&ssl=1&resize=350%2C200 1x, https:\/\/i0.wp.com\/velezylozano.com\/wp-content\/uploads\/2023\/10\/IMG_8261-scaled-e1698233142366.jpg?fit=733%2C1200&ssl=1&resize=525%2C300 1.5x, https:\/\/i0.wp.com\/velezylozano.com\/wp-content\/uploads\/2023\/10\/IMG_8261-scaled-e1698233142366.jpg?fit=733%2C1200&ssl=1&resize=700%2C400 2x"},"classes":[]},{"id":8430,"url":"https:\/\/velezylozano.com\/en\/quality-service-dental-clinic-murcia\/","url_meta":{"origin":9063,"position":1},"title":"BETTER SERVICE, BETTER QUALITY WITHIN EVERYONE'S REACH","author":"Comunicaci\u00f3n V&amp;L","date":"11 de November de 2020","format":false,"excerpt":"En los \u00faltimos a\u00f1os, la odontolog\u00eda ha experimentado avances gigantescos. Los \u00faltimos adelantos en la odontolog\u00eda actual se han producido en la cirug\u00eda e implantolog\u00eda inmediata, en la rama de la ortodoncia invisible y en la rama de est\u00e9tica dental con nuevos sistemas adhesivos y porcelanas ultrafinas de alta est\u00e9tica\u2026","rel":"","context":"In &quot;2020&quot;","block_context":{"text":"2020","link":"https:\/\/velezylozano.com\/en\/category\/2020\/"},"img":{"alt_text":"","src":"https:\/\/i0.wp.com\/velezylozano.com\/wp-content\/uploads\/2022\/01\/recepcion.jpg?fit=1200%2C675&ssl=1&resize=350%2C200","width":350,"height":200,"srcset":"https:\/\/i0.wp.com\/velezylozano.com\/wp-content\/uploads\/2022\/01\/recepcion.jpg?fit=1200%2C675&ssl=1&resize=350%2C200 1x, https:\/\/i0.wp.com\/velezylozano.com\/wp-content\/uploads\/2022\/01\/recepcion.jpg?fit=1200%2C675&ssl=1&resize=525%2C300 1.5x, https:\/\/i0.wp.com\/velezylozano.com\/wp-content\/uploads\/2022\/01\/recepcion.jpg?fit=1200%2C675&ssl=1&resize=700%2C400 2x, https:\/\/i0.wp.com\/velezylozano.com\/wp-content\/uploads\/2022\/01\/recepcion.jpg?fit=1200%2C675&ssl=1&resize=1050%2C600 3x"},"classes":[]},{"id":11721,"url":"https:\/\/velezylozano.com\/en\/get-to-know-velez-lozano-our-company-philosophy\/","url_meta":{"origin":9063,"position":2},"title":"Get to know V\u00e9lez &amp; Lozano: our company philosophy","author":"Francisco J.","date":"14 de April de 2023","format":false,"excerpt":"Desde que creamos este blog, su intenci\u00f3n ha sido mayormente divulgativa, ofreciendo contenidos de diversa \u00edndole pero siempre con la intenci\u00f3n de educar sobre odontolog\u00eda a nivel paciente. Sin embargo, alguna vez, las menos, nos hemos desviado de esta l\u00ednea con alg\u00fan contenido especial, como el que hoy pretendemos ofreceros.\u2026","rel":"","context":"In &quot;2023&quot;","block_context":{"text":"2023","link":"https:\/\/velezylozano.com\/en\/category\/2023\/"},"img":{"alt_text":"","src":"https:\/\/i0.wp.com\/velezylozano.com\/wp-content\/uploads\/2023\/04\/CLINICA-VL-6-scaled.jpg?fit=1200%2C800&ssl=1&resize=350%2C200","width":350,"height":200,"srcset":"https:\/\/i0.wp.com\/velezylozano.com\/wp-content\/uploads\/2023\/04\/CLINICA-VL-6-scaled.jpg?fit=1200%2C800&ssl=1&resize=350%2C200 1x, https:\/\/i0.wp.com\/velezylozano.com\/wp-content\/uploads\/2023\/04\/CLINICA-VL-6-scaled.jpg?fit=1200%2C800&ssl=1&resize=525%2C300 1.5x, https:\/\/i0.wp.com\/velezylozano.com\/wp-content\/uploads\/2023\/04\/CLINICA-VL-6-scaled.jpg?fit=1200%2C800&ssl=1&resize=700%2C400 2x, https:\/\/i0.wp.com\/velezylozano.com\/wp-content\/uploads\/2023\/04\/CLINICA-VL-6-scaled.jpg?fit=1200%2C800&ssl=1&resize=1050%2C600 3x"},"classes":[]},{"id":8350,"url":"https:\/\/velezylozano.com\/en\/dental-holidays\/","url_meta":{"origin":9063,"position":3},"title":"Dental holidays?","author":"Comunicaci\u00f3n V&amp;L","date":"1 de March de 2018","format":false,"excerpt":"Perhaps you have never heard of the concept of dental tourism or it seems strange to relate these two words, however it is currently a growing phenomenon that moves millions of people from all over the world. But what exactly is a dental holiday? Numerous patients from all over the world travel to dental tourism in order to...","rel":"","context":"Similar post","block_context":{"text":"Similar post","link":""},"img":{"alt_text":"","src":"https:\/\/i0.wp.com\/velezylozano.com\/wp-content\/uploads\/2022\/01\/velez-y-lozano-clinica-dental-region-murcia-reunion-sala-multiusos-risas-felicidad-vacaciones.jpg?fit=1200%2C800&ssl=1&resize=350%2C200","width":350,"height":200,"srcset":"https:\/\/i0.wp.com\/velezylozano.com\/wp-content\/uploads\/2022\/01\/velez-y-lozano-clinica-dental-region-murcia-reunion-sala-multiusos-risas-felicidad-vacaciones.jpg?fit=1200%2C800&ssl=1&resize=350%2C200 1x, https:\/\/i0.wp.com\/velezylozano.com\/wp-content\/uploads\/2022\/01\/velez-y-lozano-clinica-dental-region-murcia-reunion-sala-multiusos-risas-felicidad-vacaciones.jpg?fit=1200%2C800&ssl=1&resize=525%2C300 1.5x, https:\/\/i0.wp.com\/velezylozano.com\/wp-content\/uploads\/2022\/01\/velez-y-lozano-clinica-dental-region-murcia-reunion-sala-multiusos-risas-felicidad-vacaciones.jpg?fit=1200%2C800&ssl=1&resize=700%2C400 2x, https:\/\/i0.wp.com\/velezylozano.com\/wp-content\/uploads\/2022\/01\/velez-y-lozano-clinica-dental-region-murcia-reunion-sala-multiusos-risas-felicidad-vacaciones.jpg?fit=1200%2C800&ssl=1&resize=1050%2C600 3x"},"classes":[]},{"id":12611,"url":"https:\/\/velezylozano.com\/en\/we-are-launching-a-new-temporary-access\/","url_meta":{"origin":9063,"position":4},"title":"New temporary access for the first time","author":"Francisco J.","date":"10 de May de 2024","format":false,"excerpt":"Era un secreto a voces:\u00a0estamos ampliando nuestra cl\u00ednica dental en Murcia para ofreceros un mejor servicio a todos vosotros. \u00a0 No pod\u00edamos seguir mordi\u00e9ndonos las u\u00f1as, ten\u00edamos que contarlo. Ahora ya sin remedio, adem\u00e1s, porque mientras prosiguen las obras de ampliaci\u00f3n nos vemos en la obligaci\u00f3n de estrenar un nuevo\u00a0acceso\u2026","rel":"","context":"In &quot;Actualidad&quot;","block_context":{"text":"Actualidad","link":"https:\/\/velezylozano.com\/en\/category\/news-2\/"},"img":{"alt_text":"","src":"https:\/\/i0.wp.com\/velezylozano.com\/wp-content\/uploads\/2024\/05\/Feed-7May.png?fit=1080%2C1080&ssl=1&resize=350%2C200","width":350,"height":200,"srcset":"https:\/\/i0.wp.com\/velezylozano.com\/wp-content\/uploads\/2024\/05\/Feed-7May.png?fit=1080%2C1080&ssl=1&resize=350%2C200 1x, https:\/\/i0.wp.com\/velezylozano.com\/wp-content\/uploads\/2024\/05\/Feed-7May.png?fit=1080%2C1080&ssl=1&resize=525%2C300 1.5x, https:\/\/i0.wp.com\/velezylozano.com\/wp-content\/uploads\/2024\/05\/Feed-7May.png?fit=1080%2C1080&ssl=1&resize=700%2C400 2x, https:\/\/i0.wp.com\/velezylozano.com\/wp-content\/uploads\/2024\/05\/Feed-7May.png?fit=1080%2C1080&ssl=1&resize=1050%2C600 3x"},"classes":[]},{"id":11145,"url":"https:\/\/velezylozano.com\/en\/orthodontist-ana-perez-expands-her-training-on-the-spark-invisible-aligner-system\/","url_meta":{"origin":9063,"position":5},"title":"Orthodontist Ana Perez expands her training on Spark's invisible aligner system","author":"Francisco J.","date":"2 de November de 2022","format":false,"excerpt":"La ortodoncista Ana P\u00e9rez Pardo, que lidera nuestro equipo de ortodoncia, asisti\u00f3 el pasado 22 de octubre a una nueva formaci\u00f3n relacionada con la ortodoncia invisible, esta vez con el sistema de alineadores invisibles Spark. La formaci\u00f3n corri\u00f3 a cargo del doctor \u00c1ngel Navarro Morcillo, uno de los mayores exponentes\u2026","rel":"","context":"In &quot;Actualidad&quot;","block_context":{"text":"Actualidad","link":"https:\/\/velezylozano.com\/en\/category\/news-2\/"},"img":{"alt_text":"","src":"https:\/\/i0.wp.com\/velezylozano.com\/wp-content\/uploads\/2022\/11\/WhatsApp-Image-2022-11-02-at-3.32.33-PM.jpeg?fit=900%2C1200&ssl=1&resize=350%2C200","width":350,"height":200,"srcset":"https:\/\/i0.wp.com\/velezylozano.com\/wp-content\/uploads\/2022\/11\/WhatsApp-Image-2022-11-02-at-3.32.33-PM.jpeg?fit=900%2C1200&ssl=1&resize=350%2C200 1x, https:\/\/i0.wp.com\/velezylozano.com\/wp-content\/uploads\/2022\/11\/WhatsApp-Image-2022-11-02-at-3.32.33-PM.jpeg?fit=900%2C1200&ssl=1&resize=525%2C300 1.5x, https:\/\/i0.wp.com\/velezylozano.com\/wp-content\/uploads\/2022\/11\/WhatsApp-Image-2022-11-02-at-3.32.33-PM.jpeg?fit=900%2C1200&ssl=1&resize=700%2C400 2x"},"classes":[]}],"jetpack_sharing_enabled":true,"_links":{"self":[{"href":"https:\/\/velezylozano.com\/en\/wp-json\/wp\/v2\/posts\/9063","targetHints":{"allow":["GET"]}}],"collection":[{"href":"https:\/\/velezylozano.com\/en\/wp-json\/wp\/v2\/posts"}],"about":[{"href":"https:\/\/velezylozano.com\/en\/wp-json\/wp\/v2\/types\/post"}],"author":[{"embeddable":true,"href":"https:\/\/velezylozano.com\/en\/wp-json\/wp\/v2\/users\/4"}],"replies":[{"embeddable":true,"href":"https:\/\/velezylozano.com\/en\/wp-json\/wp\/v2\/comments?post=9063"}],"version-history":[{"count":1,"href":"https:\/\/velezylozano.com\/en\/wp-json\/wp\/v2\/posts\/9063\/revisions"}],"predecessor-version":[{"id":9065,"href":"https:\/\/velezylozano.com\/en\/wp-json\/wp\/v2\/posts\/9063\/revisions\/9065"}],"wp:featuredmedia":[{"embeddable":true,"href":"https:\/\/velezylozano.com\/en\/wp-json\/wp\/v2\/media\/9064"}],"wp:attachment":[{"href":"https:\/\/velezylozano.com\/en\/wp-json\/wp\/v2\/media?parent=9063"}],"wp:term":[{"taxonomy":"category","embeddable":true,"href":"https:\/\/velezylozano.com\/en\/wp-json\/wp\/v2\/categories?post=9063"},{"taxonomy":"post_tag","embeddable":true,"href":"https:\/\/velezylozano.com\/en\/wp-json\/wp\/v2\/tags?post=9063"}],"curies":[{"name":"wp","href":"https:\/\/api.w.org\/{rel}","templated":true}]}}